{"id":920319,"date":"2024-01-16T10:26:42","date_gmt":"2024-01-16T13:26:42","guid":{"rendered":"https:\/\/www.pm.pb.gov.br\/portal\/?p=920319"},"modified":"2024-01-16T10:26:46","modified_gmt":"2024-01-16T13:26:46","slug":"policia-militar-apreende-arma-carro-clonado-e-moto-roubada-no-sertao","status":"publish","type":"post","link":"https:\/\/www.pm.pb.gov.br\/portal\/2024\/01\/16\/policia-militar-apreende-arma-carro-clonado-e-moto-roubada-no-sertao\/","title":{"rendered":"Pol\u00edcia Militar apreende arma, carro clonado e moto roubada no Sert\u00e3o"},"content":{"rendered":"\n\n\n<p>Em uma mesma blitz da Opera\u00e7\u00e3o For\u00e7a Total, policiais do 13\u00ba Batalh\u00e3o apreenderam uma pistola, um carro com placas clonadas e uma moto com restri\u00e7\u00e3o de roubo, na manh\u00e3 desta ter\u00e7a-feira (16), na cidade de Itaporanga, no Sert\u00e3o da Para\u00edba. Dois acusados foram presos em flagrante.<\/p>\n<p>O primeiro estava em um carro, que, segundo ele, foi comprado atrav\u00e9s de uma rede social, no Estado de S\u00e3o Paulo. As placas do ve\u00edculo estavam clonadas. Com ele, foi apreendida ainda uma pistola.<\/p>\n<p>O segundo preso foi abordado em uma moto, que tinha registro de roubo.<\/p>\n<p>Os dois casos foram levados para a Delegacia de Pol\u00edcia, em Itaporanga.<\/p>\n","protected":false},"excerpt":{"rendered":"<p>Em uma mesma blitz da Opera\u00e7\u00e3o For\u00e7a Total, policiais do 13\u00ba Batalh\u00e3o apreenderam uma pistola, um carro com placas clonadas<\/p>\n","protected":false},"author":12,"featured_media":920320,"comment_status":"closed","ping_status":"closed","sticky":false,"template":"","format":"standard","meta":{"_exactmetrics_skip_tracking":false,"_exactmetrics_sitenote_active":false,"_exactmetrics_sitenote_note":"","_exactmetrics_sitenote_category":0,"footnotes":""},"categories":[4],"tags":[],"yoast_head":"<!-- This site is optimized with the Yoast SEO plugin v22.0 - https:\/\/yoast.com\/wordpress\/plugins\/seo\/ -->\n<title>Pol\u00edcia Militar apreende arma, carro clonado e moto roubada no Sert\u00e3o - Pol\u00edcia Militar da Para\u00edba<\/title>\n<meta name=\"description\" content=\"A\u00e7\u00f5es acontecem durante Opera\u00e7\u00e3o For\u00e7a Total, que envolve todas as Pol\u00edcias Militares do pa\u00eds nesta ter\u00e7a-feira (16)\" \/>\n<meta name=\"robots\" content=\"index, follow, max-snippet:-1, max-image-preview:large, max-video-preview:-1\" \/>\n<link rel=\"canonical\" href=\"https:\/\/www.pm.pb.gov.br\/portal\/2024\/01\/16\/policia-militar-apreende-arma-carro-clonado-e-moto-roubada-no-sertao\/\" \/>\n<meta property=\"og:locale\" content=\"pt_BR\" \/>\n<meta property=\"og:type\" content=\"article\" \/>\n<meta property=\"og:title\" content=\"Pol\u00edcia Militar apreende arma, carro clonado e moto roubada no Sert\u00e3o - Pol\u00edcia Militar da Para\u00edba\" \/>\n<meta property=\"og:description\" content=\"A\u00e7\u00f5es acontecem durante Opera\u00e7\u00e3o For\u00e7a Total, que envolve todas as Pol\u00edcias Militares do pa\u00eds nesta ter\u00e7a-feira (16)\" \/>\n<meta property=\"og:url\" content=\"https:\/\/www.pm.pb.gov.br\/portal\/2024\/01\/16\/policia-militar-apreende-arma-carro-clonado-e-moto-roubada-no-sertao\/\" \/>\n<meta property=\"og:site_name\" content=\"Pol\u00edcia Militar da Para\u00edba\" \/>\n<meta property=\"article:published_time\" content=\"2024-01-16T13:26:42+00:00\" \/>\n<meta property=\"article:modified_time\" content=\"2024-01-16T13:26:46+00:00\" \/>\n<meta property=\"og:image\" content=\"http:\/\/www.pm.pb.gov.br\/portal\/wp-content\/uploads\/2024\/01\/IMG-20240116-WA0009.jpg\" \/>\n\t<meta property=\"og:image:width\" content=\"1280\" \/>\n\t<meta property=\"og:image:height\" content=\"576\" \/>\n\t<meta property=\"og:image:type\" content=\"image\/jpeg\" \/>\n<meta name=\"author\" content=\"Tarcisio Oliveira\" \/>\n<meta name=\"twitter:card\" content=\"summary_large_image\" \/>\n<meta name=\"twitter:label1\" content=\"Escrito por\" \/>\n\t<meta name=\"twitter:data1\" content=\"Tarcisio Oliveira\" \/>\n\t<meta name=\"twitter:label2\" content=\"Est. tempo de leitura\" \/>\n\t<meta name=\"twitter:data2\" content=\"1 minuto\" \/>\n<script type=\"application\/ld+json\" class=\"yoast-schema-graph\">{\"@context\":\"https:\/\/schema.org\",\"@graph\":[{\"@type\":\"Article\",\"@id\":\"https:\/\/www.pm.pb.gov.br\/portal\/2024\/01\/16\/policia-militar-apreende-arma-carro-clonado-e-moto-roubada-no-sertao\/#article\",\"isPartOf\":{\"@id\":\"https:\/\/www.pm.pb.gov.br\/portal\/2024\/01\/16\/policia-militar-apreende-arma-carro-clonado-e-moto-roubada-no-sertao\/\"},\"author\":{\"name\":\"Tarcisio Oliveira\",\"@id\":\"https:\/\/www.pm.pb.gov.br\/portal\/#\/schema\/person\/f84f56dcc78ce4357054da888b8247fd\"},\"headline\":\"Pol\u00edcia Militar apreende arma, carro clonado e moto roubada no Sert\u00e3o\",\"datePublished\":\"2024-01-16T13:26:42+00:00\",\"dateModified\":\"2024-01-16T13:26:46+00:00\",\"mainEntityOfPage\":{\"@id\":\"https:\/\/www.pm.pb.gov.br\/portal\/2024\/01\/16\/policia-militar-apreende-arma-carro-clonado-e-moto-roubada-no-sertao\/\"},\"wordCount\":127,\"publisher\":{\"@id\":\"https:\/\/www.pm.pb.gov.br\/portal\/#organization\"},\"articleSection\":[\"A\u00e7\u00f5es Policiais\"],\"inLanguage\":\"pt-BR\"},{\"@type\":\"WebPage\",\"@id\":\"https:\/\/www.pm.pb.gov.br\/portal\/2024\/01\/16\/policia-militar-apreende-arma-carro-clonado-e-moto-roubada-no-sertao\/\",\"url\":\"https:\/\/www.pm.pb.gov.br\/portal\/2024\/01\/16\/policia-militar-apreende-arma-carro-clonado-e-moto-roubada-no-sertao\/\",\"name\":\"Pol\u00edcia Militar apreende arma, carro clonado e moto roubada no Sert\u00e3o - Pol\u00edcia Militar da Para\u00edba\",\"isPartOf\":{\"@id\":\"https:\/\/www.pm.pb.gov.br\/portal\/#website\"},\"datePublished\":\"2024-01-16T13:26:42+00:00\",\"dateModified\":\"2024-01-16T13:26:46+00:00\",\"description\":\"A\u00e7\u00f5es acontecem durante Opera\u00e7\u00e3o For\u00e7a Total, que envolve todas as Pol\u00edcias Militares do pa\u00eds nesta ter\u00e7a-feira (16)\",\"breadcrumb\":{\"@id\":\"https:\/\/www.pm.pb.gov.br\/portal\/2024\/01\/16\/policia-militar-apreende-arma-carro-clonado-e-moto-roubada-no-sertao\/#breadcrumb\"},\"inLanguage\":\"pt-BR\",\"potentialAction\":[{\"@type\":\"ReadAction\",\"target\":[\"https:\/\/www.pm.pb.gov.br\/portal\/2024\/01\/16\/policia-militar-apreende-arma-carro-clonado-e-moto-roubada-no-sertao\/\"]}]},{\"@type\":\"BreadcrumbList\",\"@id\":\"https:\/\/www.pm.pb.gov.br\/portal\/2024\/01\/16\/policia-militar-apreende-arma-carro-clonado-e-moto-roubada-no-sertao\/#breadcrumb\",\"itemListElement\":[{\"@type\":\"ListItem\",\"position\":1,\"name\":\"In\u00edcio\",\"item\":\"https:\/\/www.pm.pb.gov.br\/portal\/\"},{\"@type\":\"ListItem\",\"position\":2,\"name\":\"Pol\u00edcia Militar apreende arma, carro clonado e moto roubada no Sert\u00e3o\"}]},{\"@type\":\"WebSite\",\"@id\":\"https:\/\/www.pm.pb.gov.br\/portal\/#website\",\"url\":\"https:\/\/www.pm.pb.gov.br\/portal\/\",\"name\":\"Pol\u00edcia Militar da Para\u00edba\",\"description\":\"\",\"publisher\":{\"@id\":\"https:\/\/www.pm.pb.gov.br\/portal\/#organization\"},\"potentialAction\":[{\"@type\":\"SearchAction\",\"target\":{\"@type\":\"EntryPoint\",\"urlTemplate\":\"https:\/\/www.pm.pb.gov.br\/portal\/?s={search_term_string}\"},\"query-input\":\"required name=search_term_string\"}],\"inLanguage\":\"pt-BR\"},{\"@type\":\"Organization\",\"@id\":\"https:\/\/www.pm.pb.gov.br\/portal\/#organization\",\"name\":\"Pol\u00edcia Militar da Para\u00edba\",\"url\":\"https:\/\/www.pm.pb.gov.br\/portal\/\",\"logo\":{\"@type\":\"ImageObject\",\"inLanguage\":\"pt-BR\",\"@id\":\"https:\/\/www.pm.pb.gov.br\/portal\/#\/schema\/logo\/image\/\",\"url\":\"https:\/\/www.pm.pb.gov.br\/portal\/wp-content\/uploads\/2025\/03\/cropped-logo-site-mag2-1.png\",\"contentUrl\":\"https:\/\/www.pm.pb.gov.br\/portal\/wp-content\/uploads\/2025\/03\/cropped-logo-site-mag2-1.png\",\"width\":320,\"height\":90,\"caption\":\"Pol\u00edcia Militar da Para\u00edba\"},\"image\":{\"@id\":\"https:\/\/www.pm.pb.gov.br\/portal\/#\/schema\/logo\/image\/\"}},{\"@type\":\"Person\",\"@id\":\"https:\/\/www.pm.pb.gov.br\/portal\/#\/schema\/person\/f84f56dcc78ce4357054da888b8247fd\",\"name\":\"Tarcisio Oliveira\",\"image\":{\"@type\":\"ImageObject\",\"inLanguage\":\"pt-BR\",\"@id\":\"https:\/\/www.pm.pb.gov.br\/portal\/#\/schema\/person\/image\/\",\"url\":\"https:\/\/secure.gravatar.com\/avatar\/72917b630b69d31cd0297507f34bac97?s=96&d=mm&r=g\",\"contentUrl\":\"https:\/\/secure.gravatar.com\/avatar\/72917b630b69d31cd0297507f34bac97?s=96&d=mm&r=g\",\"caption\":\"Tarcisio Oliveira\"},\"url\":\"https:\/\/www.pm.pb.gov.br\/portal\/author\/tarcisio\/\"}]}<\/script>\n<!-- \/ Yoast SEO plugin. -->","yoast_head_json":{"title":"Pol\u00edcia Militar apreende arma, carro clonado e moto roubada no Sert\u00e3o - Pol\u00edcia Militar da Para\u00edba","description":"A\u00e7\u00f5es acontecem durante Opera\u00e7\u00e3o For\u00e7a Total, que envolve todas as Pol\u00edcias Militares do pa\u00eds nesta ter\u00e7a-feira (16)","robots":{"index":"index","follow":"follow","max-snippet":"max-snippet:-1","max-image-preview":"max-image-preview:large","max-video-preview":"max-video-preview:-1"},"canonical":"https:\/\/www.pm.pb.gov.br\/portal\/2024\/01\/16\/policia-militar-apreende-arma-carro-clonado-e-moto-roubada-no-sertao\/","og_locale":"pt_BR","og_type":"article","og_title":"Pol\u00edcia Militar apreende arma, carro clonado e moto roubada no Sert\u00e3o - Pol\u00edcia Militar da Para\u00edba","og_description":"A\u00e7\u00f5es acontecem durante Opera\u00e7\u00e3o For\u00e7a Total, que envolve todas as Pol\u00edcias Militares do pa\u00eds nesta ter\u00e7a-feira (16)","og_url":"https:\/\/www.pm.pb.gov.br\/portal\/2024\/01\/16\/policia-militar-apreende-arma-carro-clonado-e-moto-roubada-no-sertao\/","og_site_name":"Pol\u00edcia Militar da Para\u00edba","article_published_time":"2024-01-16T13:26:42+00:00","article_modified_time":"2024-01-16T13:26:46+00:00","og_image":[{"width":1280,"height":576,"url":"http:\/\/www.pm.pb.gov.br\/portal\/wp-content\/uploads\/2024\/01\/IMG-20240116-WA0009.jpg","type":"image\/jpeg"}],"author":"Tarcisio Oliveira","twitter_card":"summary_large_image","twitter_misc":{"Escrito por":"Tarcisio Oliveira","Est. tempo de leitura":"1 minuto"},"schema":{"@context":"https:\/\/schema.org","@graph":[{"@type":"Article","@id":"https:\/\/www.pm.pb.gov.br\/portal\/2024\/01\/16\/policia-militar-apreende-arma-carro-clonado-e-moto-roubada-no-sertao\/#article","isPartOf":{"@id":"https:\/\/www.pm.pb.gov.br\/portal\/2024\/01\/16\/policia-militar-apreende-arma-carro-clonado-e-moto-roubada-no-sertao\/"},"author":{"name":"Tarcisio Oliveira","@id":"https:\/\/www.pm.pb.gov.br\/portal\/#\/schema\/person\/f84f56dcc78ce4357054da888b8247fd"},"headline":"Pol\u00edcia Militar apreende arma, carro clonado e moto roubada no Sert\u00e3o","datePublished":"2024-01-16T13:26:42+00:00","dateModified":"2024-01-16T13:26:46+00:00","mainEntityOfPage":{"@id":"https:\/\/www.pm.pb.gov.br\/portal\/2024\/01\/16\/policia-militar-apreende-arma-carro-clonado-e-moto-roubada-no-sertao\/"},"wordCount":127,"publisher":{"@id":"https:\/\/www.pm.pb.gov.br\/portal\/#organization"},"articleSection":["A\u00e7\u00f5es Policiais"],"inLanguage":"pt-BR"},{"@type":"WebPage","@id":"https:\/\/www.pm.pb.gov.br\/portal\/2024\/01\/16\/policia-militar-apreende-arma-carro-clonado-e-moto-roubada-no-sertao\/","url":"https:\/\/www.pm.pb.gov.br\/portal\/2024\/01\/16\/policia-militar-apreende-arma-carro-clonado-e-moto-roubada-no-sertao\/","name":"Pol\u00edcia Militar apreende arma, carro clonado e moto roubada no Sert\u00e3o - Pol\u00edcia Militar da Para\u00edba","isPartOf":{"@id":"https:\/\/www.pm.pb.gov.br\/portal\/#website"},"datePublished":"2024-01-16T13:26:42+00:00","dateModified":"2024-01-16T13:26:46+00:00","description":"A\u00e7\u00f5es acontecem durante Opera\u00e7\u00e3o For\u00e7a Total, que envolve todas as Pol\u00edcias Militares do pa\u00eds nesta ter\u00e7a-feira (16)","breadcrumb":{"@id":"https:\/\/www.pm.pb.gov.br\/portal\/2024\/01\/16\/policia-militar-apreende-arma-carro-clonado-e-moto-roubada-no-sertao\/#breadcrumb"},"inLanguage":"pt-BR","potentialAction":[{"@type":"ReadAction","target":["https:\/\/www.pm.pb.gov.br\/portal\/2024\/01\/16\/policia-militar-apreende-arma-carro-clonado-e-moto-roubada-no-sertao\/"]}]},{"@type":"BreadcrumbList","@id":"https:\/\/www.pm.pb.gov.br\/portal\/2024\/01\/16\/policia-militar-apreende-arma-carro-clonado-e-moto-roubada-no-sertao\/#breadcrumb","itemListElement":[{"@type":"ListItem","position":1,"name":"In\u00edcio","item":"https:\/\/www.pm.pb.gov.br\/portal\/"},{"@type":"ListItem","position":2,"name":"Pol\u00edcia Militar apreende arma, carro clonado e moto roubada no Sert\u00e3o"}]},{"@type":"WebSite","@id":"https:\/\/www.pm.pb.gov.br\/portal\/#website","url":"https:\/\/www.pm.pb.gov.br\/portal\/","name":"Pol\u00edcia Militar da Para\u00edba","description":"","publisher":{"@id":"https:\/\/www.pm.pb.gov.br\/portal\/#organization"},"potentialAction":[{"@type":"SearchAction","target":{"@type":"EntryPoint","urlTemplate":"https:\/\/www.pm.pb.gov.br\/portal\/?s={search_term_string}"},"query-input":"required name=search_term_string"}],"inLanguage":"pt-BR"},{"@type":"Organization","@id":"https:\/\/www.pm.pb.gov.br\/portal\/#organization","name":"Pol\u00edcia Militar da Para\u00edba","url":"https:\/\/www.pm.pb.gov.br\/portal\/","logo":{"@type":"ImageObject","inLanguage":"pt-BR","@id":"https:\/\/www.pm.pb.gov.br\/portal\/#\/schema\/logo\/image\/","url":"https:\/\/www.pm.pb.gov.br\/portal\/wp-content\/uploads\/2025\/03\/cropped-logo-site-mag2-1.png","contentUrl":"https:\/\/www.pm.pb.gov.br\/portal\/wp-content\/uploads\/2025\/03\/cropped-logo-site-mag2-1.png","width":320,"height":90,"caption":"Pol\u00edcia Militar da Para\u00edba"},"image":{"@id":"https:\/\/www.pm.pb.gov.br\/portal\/#\/schema\/logo\/image\/"}},{"@type":"Person","@id":"https:\/\/www.pm.pb.gov.br\/portal\/#\/schema\/person\/f84f56dcc78ce4357054da888b8247fd","name":"Tarcisio Oliveira","image":{"@type":"ImageObject","inLanguage":"pt-BR","@id":"https:\/\/www.pm.pb.gov.br\/portal\/#\/schema\/person\/image\/","url":"https:\/\/secure.gravatar.com\/avatar\/72917b630b69d31cd0297507f34bac97?s=96&d=mm&r=g","contentUrl":"https:\/\/secure.gravatar.com\/avatar\/72917b630b69d31cd0297507f34bac97?s=96&d=mm&r=g","caption":"Tarcisio Oliveira"},"url":"https:\/\/www.pm.pb.gov.br\/portal\/author\/tarcisio\/"}]}},"_links":{"self":[{"href":"https:\/\/www.pm.pb.gov.br\/portal\/wp-json\/wp\/v2\/posts\/920319"}],"collection":[{"href":"https:\/\/www.pm.pb.gov.br\/portal\/wp-json\/wp\/v2\/posts"}],"about":[{"href":"https:\/\/www.pm.pb.gov.br\/portal\/wp-json\/wp\/v2\/types\/post"}],"author":[{"embeddable":true,"href":"https:\/\/www.pm.pb.gov.br\/portal\/wp-json\/wp\/v2\/users\/12"}],"replies":[{"embeddable":true,"href":"https:\/\/www.pm.pb.gov.br\/portal\/wp-json\/wp\/v2\/comments?post=920319"}],"version-history":[{"count":1,"href":"https:\/\/www.pm.pb.gov.br\/portal\/wp-json\/wp\/v2\/posts\/920319\/revisions"}],"predecessor-version":[{"id":920321,"href":"https:\/\/www.pm.pb.gov.br\/portal\/wp-json\/wp\/v2\/posts\/920319\/revisions\/920321"}],"wp:featuredmedia":[{"embeddable":true,"href":"https:\/\/www.pm.pb.gov.br\/portal\/wp-json\/wp\/v2\/media\/920320"}],"wp:attachment":[{"href":"https:\/\/www.pm.pb.gov.br\/portal\/wp-json\/wp\/v2\/media?parent=920319"}],"wp:term":[{"taxonomy":"category","embeddable":true,"href":"https:\/\/www.pm.pb.gov.br\/portal\/wp-json\/wp\/v2\/categories?post=920319"},{"taxonomy":"post_tag","embeddable":true,"href":"https:\/\/www.pm.pb.gov.br\/portal\/wp-json\/wp\/v2\/tags?post=920319"}],"curies":[{"name":"wp","href":"https:\/\/api.w.org\/{rel}","templated":true}]}}