{"id":920304,"date":"2024-01-15T17:11:47","date_gmt":"2024-01-15T20:11:47","guid":{"rendered":"https:\/\/www.pm.pb.gov.br\/portal\/?p=920304"},"modified":"2024-01-15T17:11:49","modified_gmt":"2024-01-15T20:11:49","slug":"capturados-acao-conjunta-prende-acusados-de-agredir-e-escalpelar-mulher-no-brejo-paraibano","status":"publish","type":"post","link":"https:\/\/www.pm.pb.gov.br\/portal\/2024\/01\/15\/capturados-acao-conjunta-prende-acusados-de-agredir-e-escalpelar-mulher-no-brejo-paraibano\/","title":{"rendered":"CAPTURADOS: A\u00e7\u00e3o conjunta prende acusados de agredir e escalpelar mulher no brejo paraibano"},"content":{"rendered":"\n<p>Uma a\u00e7\u00e3o conjunta das Pol\u00edcias Militar e Civil capturou os acusados de agredirem uma jovem e de arrancarem o couro cabeludo da v\u00edtima, no \u00faltimo final de semana, no brejo paraibano (foto acima ilustrativa). A pris\u00e3o dos acusados, que s\u00e3o pai e filho, aconteceu na tarde desta segunda-feira (15), em Bananeiras.<\/p>\n<p>De acordo com o comando da 7\u00aa Companhia Independente, os agressores foram presos em uma comunidade, pr\u00f3ximo ao t\u00fanel da cidade de Bananeiras. \u201cDesde o cometimento do crime, as For\u00e7as de Seguran\u00e7a na regi\u00e3o se empenharam e conseguiram, na tarde de hoje, localizar tanto o pai quanto o filho, que s\u00e3o apontados pela agress\u00e3o contra a jovem, no \u00faltimo s\u00e1bado\u201d, disse o capit\u00e3o Allan Jones, comandante da 7\u00aa CIPM.<\/p>\n<p>De acordo com o oficial, a dupla confessou o crime. \u201cEssa parceria entre a PM e a PC tem sido frut\u00edfera na regi\u00e3o, proporcionando a\u00e7\u00f5es mais exitosas para a sociedade\u201d, disse o capit\u00e3o. A pris\u00e3o foi realizada em conjunto com a Pol\u00edcia Civil, que j\u00e1 havia solicitado \u00e0 Justi\u00e7a a pris\u00e3o preventiva dos acusados. Eles foram presos em um cerco montado pela PM e pelos policiais das Delegacias de Sol\u00e2nea e de Homic\u00eddios.<\/p>\n<p>Os homens presos foram apresentados na Delegacia Seccional de Sol\u00e2nea. O caso segue sendo apurado.<\/p>\n","protected":false},"excerpt":{"rendered":"<p>Uma a\u00e7\u00e3o conjunta das Pol\u00edcias Militar e Civil capturou os acusados de agredirem uma jovem e de arrancarem o couro<\/p>\n","protected":false},"author":12,"featured_media":916513,"comment_status":"closed","ping_status":"closed","sticky":false,"template":"","format":"standard","meta":{"_exactmetrics_skip_tracking":false,"_exactmetrics_sitenote_active":false,"_exactmetrics_sitenote_note":"","_exactmetrics_sitenote_category":0,"footnotes":""},"categories":[4],"tags":[],"yoast_head":"<!-- This site is optimized with the Yoast SEO plugin v22.0 - https:\/\/yoast.com\/wordpress\/plugins\/seo\/ -->\n<title>CAPTURADOS: A\u00e7\u00e3o conjunta prende acusados de agredir e escalpelar mulher no brejo paraibano - Pol\u00edcia Militar da Para\u00edba<\/title>\n<meta name=\"robots\" content=\"index, follow, max-snippet:-1, max-image-preview:large, max-video-preview:-1\" \/>\n<link rel=\"canonical\" href=\"https:\/\/www.pm.pb.gov.br\/portal\/2024\/01\/15\/capturados-acao-conjunta-prende-acusados-de-agredir-e-escalpelar-mulher-no-brejo-paraibano\/\" \/>\n<meta property=\"og:locale\" content=\"pt_BR\" \/>\n<meta property=\"og:type\" content=\"article\" \/>\n<meta property=\"og:title\" content=\"CAPTURADOS: A\u00e7\u00e3o conjunta prende acusados de agredir e escalpelar mulher no brejo paraibano - Pol\u00edcia Militar da Para\u00edba\" \/>\n<meta property=\"og:description\" content=\"Uma a\u00e7\u00e3o conjunta das Pol\u00edcias Militar e Civil capturou os acusados de agredirem uma jovem e de arrancarem o couro\" \/>\n<meta property=\"og:url\" content=\"https:\/\/www.pm.pb.gov.br\/portal\/2024\/01\/15\/capturados-acao-conjunta-prende-acusados-de-agredir-e-escalpelar-mulher-no-brejo-paraibano\/\" \/>\n<meta property=\"og:site_name\" content=\"Pol\u00edcia Militar da Para\u00edba\" \/>\n<meta property=\"article:published_time\" content=\"2024-01-15T20:11:47+00:00\" \/>\n<meta property=\"article:modified_time\" content=\"2024-01-15T20:11:49+00:00\" \/>\n<meta property=\"og:image\" content=\"http:\/\/www.pm.pb.gov.br\/portal\/wp-content\/uploads\/2023\/05\/ilustrativa-2.jpeg\" \/>\n\t<meta property=\"og:image:width\" content=\"800\" \/>\n\t<meta property=\"og:image:height\" content=\"445\" \/>\n\t<meta property=\"og:image:type\" content=\"image\/jpeg\" \/>\n<meta name=\"author\" content=\"Tarcisio Oliveira\" \/>\n<meta name=\"twitter:card\" content=\"summary_large_image\" \/>\n<meta name=\"twitter:label1\" content=\"Escrito por\" \/>\n\t<meta name=\"twitter:data1\" content=\"Tarcisio Oliveira\" \/>\n\t<meta name=\"twitter:label2\" content=\"Est. tempo de leitura\" \/>\n\t<meta name=\"twitter:data2\" content=\"2 minutos\" \/>\n<script type=\"application\/ld+json\" class=\"yoast-schema-graph\">{\"@context\":\"https:\/\/schema.org\",\"@graph\":[{\"@type\":\"Article\",\"@id\":\"https:\/\/www.pm.pb.gov.br\/portal\/2024\/01\/15\/capturados-acao-conjunta-prende-acusados-de-agredir-e-escalpelar-mulher-no-brejo-paraibano\/#article\",\"isPartOf\":{\"@id\":\"https:\/\/www.pm.pb.gov.br\/portal\/2024\/01\/15\/capturados-acao-conjunta-prende-acusados-de-agredir-e-escalpelar-mulher-no-brejo-paraibano\/\"},\"author\":{\"name\":\"Tarcisio Oliveira\",\"@id\":\"https:\/\/www.pm.pb.gov.br\/portal\/#\/schema\/person\/f84f56dcc78ce4357054da888b8247fd\"},\"headline\":\"CAPTURADOS: A\u00e7\u00e3o conjunta prende acusados de agredir e escalpelar mulher no brejo paraibano\",\"datePublished\":\"2024-01-15T20:11:47+00:00\",\"dateModified\":\"2024-01-15T20:11:49+00:00\",\"mainEntityOfPage\":{\"@id\":\"https:\/\/www.pm.pb.gov.br\/portal\/2024\/01\/15\/capturados-acao-conjunta-prende-acusados-de-agredir-e-escalpelar-mulher-no-brejo-paraibano\/\"},\"wordCount\":243,\"publisher\":{\"@id\":\"https:\/\/www.pm.pb.gov.br\/portal\/#organization\"},\"articleSection\":[\"A\u00e7\u00f5es Policiais\"],\"inLanguage\":\"pt-BR\"},{\"@type\":\"WebPage\",\"@id\":\"https:\/\/www.pm.pb.gov.br\/portal\/2024\/01\/15\/capturados-acao-conjunta-prende-acusados-de-agredir-e-escalpelar-mulher-no-brejo-paraibano\/\",\"url\":\"https:\/\/www.pm.pb.gov.br\/portal\/2024\/01\/15\/capturados-acao-conjunta-prende-acusados-de-agredir-e-escalpelar-mulher-no-brejo-paraibano\/\",\"name\":\"CAPTURADOS: A\u00e7\u00e3o conjunta prende acusados de agredir e escalpelar mulher no brejo paraibano - Pol\u00edcia Militar da Para\u00edba\",\"isPartOf\":{\"@id\":\"https:\/\/www.pm.pb.gov.br\/portal\/#website\"},\"datePublished\":\"2024-01-15T20:11:47+00:00\",\"dateModified\":\"2024-01-15T20:11:49+00:00\",\"breadcrumb\":{\"@id\":\"https:\/\/www.pm.pb.gov.br\/portal\/2024\/01\/15\/capturados-acao-conjunta-prende-acusados-de-agredir-e-escalpelar-mulher-no-brejo-paraibano\/#breadcrumb\"},\"inLanguage\":\"pt-BR\",\"potentialAction\":[{\"@type\":\"ReadAction\",\"target\":[\"https:\/\/www.pm.pb.gov.br\/portal\/2024\/01\/15\/capturados-acao-conjunta-prende-acusados-de-agredir-e-escalpelar-mulher-no-brejo-paraibano\/\"]}]},{\"@type\":\"BreadcrumbList\",\"@id\":\"https:\/\/www.pm.pb.gov.br\/portal\/2024\/01\/15\/capturados-acao-conjunta-prende-acusados-de-agredir-e-escalpelar-mulher-no-brejo-paraibano\/#breadcrumb\",\"itemListElement\":[{\"@type\":\"ListItem\",\"position\":1,\"name\":\"In\u00edcio\",\"item\":\"https:\/\/www.pm.pb.gov.br\/portal\/\"},{\"@type\":\"ListItem\",\"position\":2,\"name\":\"CAPTURADOS: A\u00e7\u00e3o conjunta prende acusados de agredir e escalpelar mulher no brejo paraibano\"}]},{\"@type\":\"WebSite\",\"@id\":\"https:\/\/www.pm.pb.gov.br\/portal\/#website\",\"url\":\"https:\/\/www.pm.pb.gov.br\/portal\/\",\"name\":\"Pol\u00edcia Militar da Para\u00edba\",\"description\":\"\",\"publisher\":{\"@id\":\"https:\/\/www.pm.pb.gov.br\/portal\/#organization\"},\"potentialAction\":[{\"@type\":\"SearchAction\",\"target\":{\"@type\":\"EntryPoint\",\"urlTemplate\":\"https:\/\/www.pm.pb.gov.br\/portal\/?s={search_term_string}\"},\"query-input\":\"required name=search_term_string\"}],\"inLanguage\":\"pt-BR\"},{\"@type\":\"Organization\",\"@id\":\"https:\/\/www.pm.pb.gov.br\/portal\/#organization\",\"name\":\"Pol\u00edcia Militar da Para\u00edba\",\"url\":\"https:\/\/www.pm.pb.gov.br\/portal\/\",\"logo\":{\"@type\":\"ImageObject\",\"inLanguage\":\"pt-BR\",\"@id\":\"https:\/\/www.pm.pb.gov.br\/portal\/#\/schema\/logo\/image\/\",\"url\":\"https:\/\/www.pm.pb.gov.br\/portal\/wp-content\/uploads\/2025\/03\/cropped-logo-site-mag2-1.png\",\"contentUrl\":\"https:\/\/www.pm.pb.gov.br\/portal\/wp-content\/uploads\/2025\/03\/cropped-logo-site-mag2-1.png\",\"width\":320,\"height\":90,\"caption\":\"Pol\u00edcia Militar da Para\u00edba\"},\"image\":{\"@id\":\"https:\/\/www.pm.pb.gov.br\/portal\/#\/schema\/logo\/image\/\"}},{\"@type\":\"Person\",\"@id\":\"https:\/\/www.pm.pb.gov.br\/portal\/#\/schema\/person\/f84f56dcc78ce4357054da888b8247fd\",\"name\":\"Tarcisio Oliveira\",\"image\":{\"@type\":\"ImageObject\",\"inLanguage\":\"pt-BR\",\"@id\":\"https:\/\/www.pm.pb.gov.br\/portal\/#\/schema\/person\/image\/\",\"url\":\"https:\/\/secure.gravatar.com\/avatar\/72917b630b69d31cd0297507f34bac97?s=96&d=mm&r=g\",\"contentUrl\":\"https:\/\/secure.gravatar.com\/avatar\/72917b630b69d31cd0297507f34bac97?s=96&d=mm&r=g\",\"caption\":\"Tarcisio Oliveira\"},\"url\":\"https:\/\/www.pm.pb.gov.br\/portal\/author\/tarcisio\/\"}]}<\/script>\n<!-- \/ Yoast SEO plugin. -->","yoast_head_json":{"title":"CAPTURADOS: A\u00e7\u00e3o conjunta prende acusados de agredir e escalpelar mulher no brejo paraibano - Pol\u00edcia Militar da Para\u00edba","robots":{"index":"index","follow":"follow","max-snippet":"max-snippet:-1","max-image-preview":"max-image-preview:large","max-video-preview":"max-video-preview:-1"},"canonical":"https:\/\/www.pm.pb.gov.br\/portal\/2024\/01\/15\/capturados-acao-conjunta-prende-acusados-de-agredir-e-escalpelar-mulher-no-brejo-paraibano\/","og_locale":"pt_BR","og_type":"article","og_title":"CAPTURADOS: A\u00e7\u00e3o conjunta prende acusados de agredir e escalpelar mulher no brejo paraibano - Pol\u00edcia Militar da Para\u00edba","og_description":"Uma a\u00e7\u00e3o conjunta das Pol\u00edcias Militar e Civil capturou os acusados de agredirem uma jovem e de arrancarem o couro","og_url":"https:\/\/www.pm.pb.gov.br\/portal\/2024\/01\/15\/capturados-acao-conjunta-prende-acusados-de-agredir-e-escalpelar-mulher-no-brejo-paraibano\/","og_site_name":"Pol\u00edcia Militar da Para\u00edba","article_published_time":"2024-01-15T20:11:47+00:00","article_modified_time":"2024-01-15T20:11:49+00:00","og_image":[{"width":800,"height":445,"url":"http:\/\/www.pm.pb.gov.br\/portal\/wp-content\/uploads\/2023\/05\/ilustrativa-2.jpeg","type":"image\/jpeg"}],"author":"Tarcisio Oliveira","twitter_card":"summary_large_image","twitter_misc":{"Escrito por":"Tarcisio Oliveira","Est. tempo de leitura":"2 minutos"},"schema":{"@context":"https:\/\/schema.org","@graph":[{"@type":"Article","@id":"https:\/\/www.pm.pb.gov.br\/portal\/2024\/01\/15\/capturados-acao-conjunta-prende-acusados-de-agredir-e-escalpelar-mulher-no-brejo-paraibano\/#article","isPartOf":{"@id":"https:\/\/www.pm.pb.gov.br\/portal\/2024\/01\/15\/capturados-acao-conjunta-prende-acusados-de-agredir-e-escalpelar-mulher-no-brejo-paraibano\/"},"author":{"name":"Tarcisio Oliveira","@id":"https:\/\/www.pm.pb.gov.br\/portal\/#\/schema\/person\/f84f56dcc78ce4357054da888b8247fd"},"headline":"CAPTURADOS: A\u00e7\u00e3o conjunta prende acusados de agredir e escalpelar mulher no brejo paraibano","datePublished":"2024-01-15T20:11:47+00:00","dateModified":"2024-01-15T20:11:49+00:00","mainEntityOfPage":{"@id":"https:\/\/www.pm.pb.gov.br\/portal\/2024\/01\/15\/capturados-acao-conjunta-prende-acusados-de-agredir-e-escalpelar-mulher-no-brejo-paraibano\/"},"wordCount":243,"publisher":{"@id":"https:\/\/www.pm.pb.gov.br\/portal\/#organization"},"articleSection":["A\u00e7\u00f5es Policiais"],"inLanguage":"pt-BR"},{"@type":"WebPage","@id":"https:\/\/www.pm.pb.gov.br\/portal\/2024\/01\/15\/capturados-acao-conjunta-prende-acusados-de-agredir-e-escalpelar-mulher-no-brejo-paraibano\/","url":"https:\/\/www.pm.pb.gov.br\/portal\/2024\/01\/15\/capturados-acao-conjunta-prende-acusados-de-agredir-e-escalpelar-mulher-no-brejo-paraibano\/","name":"CAPTURADOS: A\u00e7\u00e3o conjunta prende acusados de agredir e escalpelar mulher no brejo paraibano - Pol\u00edcia Militar da Para\u00edba","isPartOf":{"@id":"https:\/\/www.pm.pb.gov.br\/portal\/#website"},"datePublished":"2024-01-15T20:11:47+00:00","dateModified":"2024-01-15T20:11:49+00:00","breadcrumb":{"@id":"https:\/\/www.pm.pb.gov.br\/portal\/2024\/01\/15\/capturados-acao-conjunta-prende-acusados-de-agredir-e-escalpelar-mulher-no-brejo-paraibano\/#breadcrumb"},"inLanguage":"pt-BR","potentialAction":[{"@type":"ReadAction","target":["https:\/\/www.pm.pb.gov.br\/portal\/2024\/01\/15\/capturados-acao-conjunta-prende-acusados-de-agredir-e-escalpelar-mulher-no-brejo-paraibano\/"]}]},{"@type":"BreadcrumbList","@id":"https:\/\/www.pm.pb.gov.br\/portal\/2024\/01\/15\/capturados-acao-conjunta-prende-acusados-de-agredir-e-escalpelar-mulher-no-brejo-paraibano\/#breadcrumb","itemListElement":[{"@type":"ListItem","position":1,"name":"In\u00edcio","item":"https:\/\/www.pm.pb.gov.br\/portal\/"},{"@type":"ListItem","position":2,"name":"CAPTURADOS: A\u00e7\u00e3o conjunta prende acusados de agredir e escalpelar mulher no brejo paraibano"}]},{"@type":"WebSite","@id":"https:\/\/www.pm.pb.gov.br\/portal\/#website","url":"https:\/\/www.pm.pb.gov.br\/portal\/","name":"Pol\u00edcia Militar da Para\u00edba","description":"","publisher":{"@id":"https:\/\/www.pm.pb.gov.br\/portal\/#organization"},"potentialAction":[{"@type":"SearchAction","target":{"@type":"EntryPoint","urlTemplate":"https:\/\/www.pm.pb.gov.br\/portal\/?s={search_term_string}"},"query-input":"required name=search_term_string"}],"inLanguage":"pt-BR"},{"@type":"Organization","@id":"https:\/\/www.pm.pb.gov.br\/portal\/#organization","name":"Pol\u00edcia Militar da Para\u00edba","url":"https:\/\/www.pm.pb.gov.br\/portal\/","logo":{"@type":"ImageObject","inLanguage":"pt-BR","@id":"https:\/\/www.pm.pb.gov.br\/portal\/#\/schema\/logo\/image\/","url":"https:\/\/www.pm.pb.gov.br\/portal\/wp-content\/uploads\/2025\/03\/cropped-logo-site-mag2-1.png","contentUrl":"https:\/\/www.pm.pb.gov.br\/portal\/wp-content\/uploads\/2025\/03\/cropped-logo-site-mag2-1.png","width":320,"height":90,"caption":"Pol\u00edcia Militar da Para\u00edba"},"image":{"@id":"https:\/\/www.pm.pb.gov.br\/portal\/#\/schema\/logo\/image\/"}},{"@type":"Person","@id":"https:\/\/www.pm.pb.gov.br\/portal\/#\/schema\/person\/f84f56dcc78ce4357054da888b8247fd","name":"Tarcisio Oliveira","image":{"@type":"ImageObject","inLanguage":"pt-BR","@id":"https:\/\/www.pm.pb.gov.br\/portal\/#\/schema\/person\/image\/","url":"https:\/\/secure.gravatar.com\/avatar\/72917b630b69d31cd0297507f34bac97?s=96&d=mm&r=g","contentUrl":"https:\/\/secure.gravatar.com\/avatar\/72917b630b69d31cd0297507f34bac97?s=96&d=mm&r=g","caption":"Tarcisio Oliveira"},"url":"https:\/\/www.pm.pb.gov.br\/portal\/author\/tarcisio\/"}]}},"_links":{"self":[{"href":"https:\/\/www.pm.pb.gov.br\/portal\/wp-json\/wp\/v2\/posts\/920304"}],"collection":[{"href":"https:\/\/www.pm.pb.gov.br\/portal\/wp-json\/wp\/v2\/posts"}],"about":[{"href":"https:\/\/www.pm.pb.gov.br\/portal\/wp-json\/wp\/v2\/types\/post"}],"author":[{"embeddable":true,"href":"https:\/\/www.pm.pb.gov.br\/portal\/wp-json\/wp\/v2\/users\/12"}],"replies":[{"embeddable":true,"href":"https:\/\/www.pm.pb.gov.br\/portal\/wp-json\/wp\/v2\/comments?post=920304"}],"version-history":[{"count":2,"href":"https:\/\/www.pm.pb.gov.br\/portal\/wp-json\/wp\/v2\/posts\/920304\/revisions"}],"predecessor-version":[{"id":920311,"href":"https:\/\/www.pm.pb.gov.br\/portal\/wp-json\/wp\/v2\/posts\/920304\/revisions\/920311"}],"wp:featuredmedia":[{"embeddable":true,"href":"https:\/\/www.pm.pb.gov.br\/portal\/wp-json\/wp\/v2\/media\/916513"}],"wp:attachment":[{"href":"https:\/\/www.pm.pb.gov.br\/portal\/wp-json\/wp\/v2\/media?parent=920304"}],"wp:term":[{"taxonomy":"category","embeddable":true,"href":"https:\/\/www.pm.pb.gov.br\/portal\/wp-json\/wp\/v2\/categories?post=920304"},{"taxonomy":"post_tag","embeddable":true,"href":"https:\/\/www.pm.pb.gov.br\/portal\/wp-json\/wp\/v2\/tags?post=920304"}],"curies":[{"name":"wp","href":"https:\/\/api.w.org\/{rel}","templated":true}]}}