{"id":920302,"date":"2024-01-15T16:00:40","date_gmt":"2024-01-15T19:00:40","guid":{"rendered":"https:\/\/www.pm.pb.gov.br\/portal\/?p=920302"},"modified":"2024-01-15T16:00:41","modified_gmt":"2024-01-15T19:00:41","slug":"mais-um-policia-militar-captura-acusado-de-roubo-durante-operacao-verao","status":"publish","type":"post","link":"https:\/\/www.pm.pb.gov.br\/portal\/2024\/01\/15\/mais-um-policia-militar-captura-acusado-de-roubo-durante-operacao-verao\/","title":{"rendered":"MAIS UM: Pol\u00edcia Militar captura acusado de roubo durante Opera\u00e7\u00e3o Ver\u00e3o"},"content":{"rendered":"\n<p>A Pol\u00edcia Militar segue com a\u00e7\u00f5es preventivas e ostensivas intensificadas neste per\u00edodo de Ver\u00e3o na Para\u00edba. Na tarde desta segunda-feira (15) mais um foragido da Justi\u00e7a foi preso na regi\u00e3o da orla de Jo\u00e3o Pessoa, durante a Opera\u00e7\u00e3o Ver\u00e3o (foto acima ilustrativa).<\/p>\n<p>Dessa vez o acusado preso estava sendo procurado pelo crime de roubo e estava com um mandado de pris\u00e3o em aberto. A captura foi realizada pelos policiais do Batalh\u00e3o Especializado em Policiamento Tur\u00edstico (BEPTur). De acordo com o comando da unidade, o foragido foi abordado pelos policiais e, durante a identifica\u00e7\u00e3o, foi constatado a pend\u00eancia na Justi\u00e7a.<\/p>\n<p>O caso foi apresentado na delegacia para os procedimentos cab\u00edveis.<\/p>\n<p><strong>Dados &#8211;<\/strong> No \u00faltimo final de semana, entre a sexta-feira at\u00e9 o domingo, mais de 200 suspeitos de diversos delitos foram presos pela PM em todo a Para\u00edba. As a\u00e7\u00f5es resultaram em 24 armas de fogo retiradas das ruas e cerca de 35 quilos de drogas apreendidas, a maioria delas em uma \u00fanica ocorr\u00eancia no bairro do Bessa, tamb\u00e9m na Capital.<\/p>\n\n\n","protected":false},"excerpt":{"rendered":"<p>A Pol\u00edcia Militar segue com a\u00e7\u00f5es preventivas e ostensivas intensificadas neste per\u00edodo de Ver\u00e3o na Para\u00edba. Na tarde desta segunda-feira<\/p>\n","protected":false},"author":12,"featured_media":905174,"comment_status":"closed","ping_status":"closed","sticky":false,"template":"","format":"standard","meta":{"_exactmetrics_skip_tracking":false,"_exactmetrics_sitenote_active":false,"_exactmetrics_sitenote_note":"","_exactmetrics_sitenote_category":0,"footnotes":""},"categories":[4],"tags":[],"yoast_head":"<!-- This site is optimized with the Yoast SEO plugin v22.0 - https:\/\/yoast.com\/wordpress\/plugins\/seo\/ -->\n<title>MAIS UM: Pol\u00edcia Militar captura acusado de roubo durante Opera\u00e7\u00e3o Ver\u00e3o - Pol\u00edcia Militar da Para\u00edba<\/title>\n<meta name=\"description\" content=\"No \u00faltimo final de semana, mais de 200 suspeitos de diversos delitos foram presos pela PM em todo a Para\u00edba.\" \/>\n<meta name=\"robots\" content=\"index, follow, max-snippet:-1, max-image-preview:large, max-video-preview:-1\" \/>\n<link rel=\"canonical\" href=\"https:\/\/www.pm.pb.gov.br\/portal\/2024\/01\/15\/mais-um-policia-militar-captura-acusado-de-roubo-durante-operacao-verao\/\" \/>\n<meta property=\"og:locale\" content=\"pt_BR\" \/>\n<meta property=\"og:type\" content=\"article\" \/>\n<meta property=\"og:title\" content=\"MAIS UM: Pol\u00edcia Militar captura acusado de roubo durante Opera\u00e7\u00e3o Ver\u00e3o - Pol\u00edcia Militar da Para\u00edba\" \/>\n<meta property=\"og:description\" content=\"No \u00faltimo final de semana, mais de 200 suspeitos de diversos delitos foram presos pela PM em todo a Para\u00edba.\" \/>\n<meta property=\"og:url\" content=\"https:\/\/www.pm.pb.gov.br\/portal\/2024\/01\/15\/mais-um-policia-militar-captura-acusado-de-roubo-durante-operacao-verao\/\" \/>\n<meta property=\"og:site_name\" content=\"Pol\u00edcia Militar da Para\u00edba\" \/>\n<meta property=\"article:published_time\" content=\"2024-01-15T19:00:40+00:00\" \/>\n<meta property=\"article:modified_time\" content=\"2024-01-15T19:00:41+00:00\" \/>\n<meta property=\"og:image\" content=\"http:\/\/www.pm.pb.gov.br\/portal\/wp-content\/uploads\/2020\/05\/ceatur-1.jpeg\" \/>\n\t<meta property=\"og:image:width\" content=\"800\" \/>\n\t<meta property=\"og:image:height\" content=\"445\" \/>\n\t<meta property=\"og:image:type\" content=\"image\/jpeg\" \/>\n<meta name=\"author\" content=\"Tarcisio Oliveira\" \/>\n<meta name=\"twitter:card\" content=\"summary_large_image\" \/>\n<meta name=\"twitter:label1\" content=\"Escrito por\" \/>\n\t<meta name=\"twitter:data1\" content=\"Tarcisio Oliveira\" \/>\n\t<meta name=\"twitter:label2\" content=\"Est. tempo de leitura\" \/>\n\t<meta name=\"twitter:data2\" content=\"1 minuto\" \/>\n<script type=\"application\/ld+json\" class=\"yoast-schema-graph\">{\"@context\":\"https:\/\/schema.org\",\"@graph\":[{\"@type\":\"Article\",\"@id\":\"https:\/\/www.pm.pb.gov.br\/portal\/2024\/01\/15\/mais-um-policia-militar-captura-acusado-de-roubo-durante-operacao-verao\/#article\",\"isPartOf\":{\"@id\":\"https:\/\/www.pm.pb.gov.br\/portal\/2024\/01\/15\/mais-um-policia-militar-captura-acusado-de-roubo-durante-operacao-verao\/\"},\"author\":{\"name\":\"Tarcisio Oliveira\",\"@id\":\"https:\/\/www.pm.pb.gov.br\/portal\/#\/schema\/person\/f84f56dcc78ce4357054da888b8247fd\"},\"headline\":\"MAIS UM: Pol\u00edcia Militar captura acusado de roubo durante Opera\u00e7\u00e3o Ver\u00e3o\",\"datePublished\":\"2024-01-15T19:00:40+00:00\",\"dateModified\":\"2024-01-15T19:00:41+00:00\",\"mainEntityOfPage\":{\"@id\":\"https:\/\/www.pm.pb.gov.br\/portal\/2024\/01\/15\/mais-um-policia-militar-captura-acusado-de-roubo-durante-operacao-verao\/\"},\"wordCount\":201,\"publisher\":{\"@id\":\"https:\/\/www.pm.pb.gov.br\/portal\/#organization\"},\"articleSection\":[\"A\u00e7\u00f5es Policiais\"],\"inLanguage\":\"pt-BR\"},{\"@type\":\"WebPage\",\"@id\":\"https:\/\/www.pm.pb.gov.br\/portal\/2024\/01\/15\/mais-um-policia-militar-captura-acusado-de-roubo-durante-operacao-verao\/\",\"url\":\"https:\/\/www.pm.pb.gov.br\/portal\/2024\/01\/15\/mais-um-policia-militar-captura-acusado-de-roubo-durante-operacao-verao\/\",\"name\":\"MAIS UM: Pol\u00edcia Militar captura acusado de roubo durante Opera\u00e7\u00e3o Ver\u00e3o - Pol\u00edcia Militar da Para\u00edba\",\"isPartOf\":{\"@id\":\"https:\/\/www.pm.pb.gov.br\/portal\/#website\"},\"datePublished\":\"2024-01-15T19:00:40+00:00\",\"dateModified\":\"2024-01-15T19:00:41+00:00\",\"description\":\"No \u00faltimo final de semana, mais de 200 suspeitos de diversos delitos foram presos pela PM em todo a Para\u00edba.\",\"breadcrumb\":{\"@id\":\"https:\/\/www.pm.pb.gov.br\/portal\/2024\/01\/15\/mais-um-policia-militar-captura-acusado-de-roubo-durante-operacao-verao\/#breadcrumb\"},\"inLanguage\":\"pt-BR\",\"potentialAction\":[{\"@type\":\"ReadAction\",\"target\":[\"https:\/\/www.pm.pb.gov.br\/portal\/2024\/01\/15\/mais-um-policia-militar-captura-acusado-de-roubo-durante-operacao-verao\/\"]}]},{\"@type\":\"BreadcrumbList\",\"@id\":\"https:\/\/www.pm.pb.gov.br\/portal\/2024\/01\/15\/mais-um-policia-militar-captura-acusado-de-roubo-durante-operacao-verao\/#breadcrumb\",\"itemListElement\":[{\"@type\":\"ListItem\",\"position\":1,\"name\":\"In\u00edcio\",\"item\":\"https:\/\/www.pm.pb.gov.br\/portal\/\"},{\"@type\":\"ListItem\",\"position\":2,\"name\":\"MAIS UM: Pol\u00edcia Militar captura acusado de roubo durante Opera\u00e7\u00e3o Ver\u00e3o\"}]},{\"@type\":\"WebSite\",\"@id\":\"https:\/\/www.pm.pb.gov.br\/portal\/#website\",\"url\":\"https:\/\/www.pm.pb.gov.br\/portal\/\",\"name\":\"Pol\u00edcia Militar da Para\u00edba\",\"description\":\"\",\"publisher\":{\"@id\":\"https:\/\/www.pm.pb.gov.br\/portal\/#organization\"},\"potentialAction\":[{\"@type\":\"SearchAction\",\"target\":{\"@type\":\"EntryPoint\",\"urlTemplate\":\"https:\/\/www.pm.pb.gov.br\/portal\/?s={search_term_string}\"},\"query-input\":\"required name=search_term_string\"}],\"inLanguage\":\"pt-BR\"},{\"@type\":\"Organization\",\"@id\":\"https:\/\/www.pm.pb.gov.br\/portal\/#organization\",\"name\":\"Pol\u00edcia Militar da Para\u00edba\",\"url\":\"https:\/\/www.pm.pb.gov.br\/portal\/\",\"logo\":{\"@type\":\"ImageObject\",\"inLanguage\":\"pt-BR\",\"@id\":\"https:\/\/www.pm.pb.gov.br\/portal\/#\/schema\/logo\/image\/\",\"url\":\"https:\/\/www.pm.pb.gov.br\/portal\/wp-content\/uploads\/2025\/03\/cropped-logo-site-mag2-1.png\",\"contentUrl\":\"https:\/\/www.pm.pb.gov.br\/portal\/wp-content\/uploads\/2025\/03\/cropped-logo-site-mag2-1.png\",\"width\":320,\"height\":90,\"caption\":\"Pol\u00edcia Militar da Para\u00edba\"},\"image\":{\"@id\":\"https:\/\/www.pm.pb.gov.br\/portal\/#\/schema\/logo\/image\/\"}},{\"@type\":\"Person\",\"@id\":\"https:\/\/www.pm.pb.gov.br\/portal\/#\/schema\/person\/f84f56dcc78ce4357054da888b8247fd\",\"name\":\"Tarcisio Oliveira\",\"image\":{\"@type\":\"ImageObject\",\"inLanguage\":\"pt-BR\",\"@id\":\"https:\/\/www.pm.pb.gov.br\/portal\/#\/schema\/person\/image\/\",\"url\":\"https:\/\/secure.gravatar.com\/avatar\/72917b630b69d31cd0297507f34bac97?s=96&d=mm&r=g\",\"contentUrl\":\"https:\/\/secure.gravatar.com\/avatar\/72917b630b69d31cd0297507f34bac97?s=96&d=mm&r=g\",\"caption\":\"Tarcisio Oliveira\"},\"url\":\"https:\/\/www.pm.pb.gov.br\/portal\/author\/tarcisio\/\"}]}<\/script>\n<!-- \/ Yoast SEO plugin. -->","yoast_head_json":{"title":"MAIS UM: Pol\u00edcia Militar captura acusado de roubo durante Opera\u00e7\u00e3o Ver\u00e3o - Pol\u00edcia Militar da Para\u00edba","description":"No \u00faltimo final de semana, mais de 200 suspeitos de diversos delitos foram presos pela PM em todo a Para\u00edba.","robots":{"index":"index","follow":"follow","max-snippet":"max-snippet:-1","max-image-preview":"max-image-preview:large","max-video-preview":"max-video-preview:-1"},"canonical":"https:\/\/www.pm.pb.gov.br\/portal\/2024\/01\/15\/mais-um-policia-militar-captura-acusado-de-roubo-durante-operacao-verao\/","og_locale":"pt_BR","og_type":"article","og_title":"MAIS UM: Pol\u00edcia Militar captura acusado de roubo durante Opera\u00e7\u00e3o Ver\u00e3o - Pol\u00edcia Militar da Para\u00edba","og_description":"No \u00faltimo final de semana, mais de 200 suspeitos de diversos delitos foram presos pela PM em todo a Para\u00edba.","og_url":"https:\/\/www.pm.pb.gov.br\/portal\/2024\/01\/15\/mais-um-policia-militar-captura-acusado-de-roubo-durante-operacao-verao\/","og_site_name":"Pol\u00edcia Militar da Para\u00edba","article_published_time":"2024-01-15T19:00:40+00:00","article_modified_time":"2024-01-15T19:00:41+00:00","og_image":[{"width":800,"height":445,"url":"http:\/\/www.pm.pb.gov.br\/portal\/wp-content\/uploads\/2020\/05\/ceatur-1.jpeg","type":"image\/jpeg"}],"author":"Tarcisio Oliveira","twitter_card":"summary_large_image","twitter_misc":{"Escrito por":"Tarcisio Oliveira","Est. tempo de leitura":"1 minuto"},"schema":{"@context":"https:\/\/schema.org","@graph":[{"@type":"Article","@id":"https:\/\/www.pm.pb.gov.br\/portal\/2024\/01\/15\/mais-um-policia-militar-captura-acusado-de-roubo-durante-operacao-verao\/#article","isPartOf":{"@id":"https:\/\/www.pm.pb.gov.br\/portal\/2024\/01\/15\/mais-um-policia-militar-captura-acusado-de-roubo-durante-operacao-verao\/"},"author":{"name":"Tarcisio Oliveira","@id":"https:\/\/www.pm.pb.gov.br\/portal\/#\/schema\/person\/f84f56dcc78ce4357054da888b8247fd"},"headline":"MAIS UM: Pol\u00edcia Militar captura acusado de roubo durante Opera\u00e7\u00e3o Ver\u00e3o","datePublished":"2024-01-15T19:00:40+00:00","dateModified":"2024-01-15T19:00:41+00:00","mainEntityOfPage":{"@id":"https:\/\/www.pm.pb.gov.br\/portal\/2024\/01\/15\/mais-um-policia-militar-captura-acusado-de-roubo-durante-operacao-verao\/"},"wordCount":201,"publisher":{"@id":"https:\/\/www.pm.pb.gov.br\/portal\/#organization"},"articleSection":["A\u00e7\u00f5es Policiais"],"inLanguage":"pt-BR"},{"@type":"WebPage","@id":"https:\/\/www.pm.pb.gov.br\/portal\/2024\/01\/15\/mais-um-policia-militar-captura-acusado-de-roubo-durante-operacao-verao\/","url":"https:\/\/www.pm.pb.gov.br\/portal\/2024\/01\/15\/mais-um-policia-militar-captura-acusado-de-roubo-durante-operacao-verao\/","name":"MAIS UM: Pol\u00edcia Militar captura acusado de roubo durante Opera\u00e7\u00e3o Ver\u00e3o - Pol\u00edcia Militar da Para\u00edba","isPartOf":{"@id":"https:\/\/www.pm.pb.gov.br\/portal\/#website"},"datePublished":"2024-01-15T19:00:40+00:00","dateModified":"2024-01-15T19:00:41+00:00","description":"No \u00faltimo final de semana, mais de 200 suspeitos de diversos delitos foram presos pela PM em todo a Para\u00edba.","breadcrumb":{"@id":"https:\/\/www.pm.pb.gov.br\/portal\/2024\/01\/15\/mais-um-policia-militar-captura-acusado-de-roubo-durante-operacao-verao\/#breadcrumb"},"inLanguage":"pt-BR","potentialAction":[{"@type":"ReadAction","target":["https:\/\/www.pm.pb.gov.br\/portal\/2024\/01\/15\/mais-um-policia-militar-captura-acusado-de-roubo-durante-operacao-verao\/"]}]},{"@type":"BreadcrumbList","@id":"https:\/\/www.pm.pb.gov.br\/portal\/2024\/01\/15\/mais-um-policia-militar-captura-acusado-de-roubo-durante-operacao-verao\/#breadcrumb","itemListElement":[{"@type":"ListItem","position":1,"name":"In\u00edcio","item":"https:\/\/www.pm.pb.gov.br\/portal\/"},{"@type":"ListItem","position":2,"name":"MAIS UM: Pol\u00edcia Militar captura acusado de roubo durante Opera\u00e7\u00e3o Ver\u00e3o"}]},{"@type":"WebSite","@id":"https:\/\/www.pm.pb.gov.br\/portal\/#website","url":"https:\/\/www.pm.pb.gov.br\/portal\/","name":"Pol\u00edcia Militar da Para\u00edba","description":"","publisher":{"@id":"https:\/\/www.pm.pb.gov.br\/portal\/#organization"},"potentialAction":[{"@type":"SearchAction","target":{"@type":"EntryPoint","urlTemplate":"https:\/\/www.pm.pb.gov.br\/portal\/?s={search_term_string}"},"query-input":"required name=search_term_string"}],"inLanguage":"pt-BR"},{"@type":"Organization","@id":"https:\/\/www.pm.pb.gov.br\/portal\/#organization","name":"Pol\u00edcia Militar da Para\u00edba","url":"https:\/\/www.pm.pb.gov.br\/portal\/","logo":{"@type":"ImageObject","inLanguage":"pt-BR","@id":"https:\/\/www.pm.pb.gov.br\/portal\/#\/schema\/logo\/image\/","url":"https:\/\/www.pm.pb.gov.br\/portal\/wp-content\/uploads\/2025\/03\/cropped-logo-site-mag2-1.png","contentUrl":"https:\/\/www.pm.pb.gov.br\/portal\/wp-content\/uploads\/2025\/03\/cropped-logo-site-mag2-1.png","width":320,"height":90,"caption":"Pol\u00edcia Militar da Para\u00edba"},"image":{"@id":"https:\/\/www.pm.pb.gov.br\/portal\/#\/schema\/logo\/image\/"}},{"@type":"Person","@id":"https:\/\/www.pm.pb.gov.br\/portal\/#\/schema\/person\/f84f56dcc78ce4357054da888b8247fd","name":"Tarcisio Oliveira","image":{"@type":"ImageObject","inLanguage":"pt-BR","@id":"https:\/\/www.pm.pb.gov.br\/portal\/#\/schema\/person\/image\/","url":"https:\/\/secure.gravatar.com\/avatar\/72917b630b69d31cd0297507f34bac97?s=96&d=mm&r=g","contentUrl":"https:\/\/secure.gravatar.com\/avatar\/72917b630b69d31cd0297507f34bac97?s=96&d=mm&r=g","caption":"Tarcisio Oliveira"},"url":"https:\/\/www.pm.pb.gov.br\/portal\/author\/tarcisio\/"}]}},"_links":{"self":[{"href":"https:\/\/www.pm.pb.gov.br\/portal\/wp-json\/wp\/v2\/posts\/920302"}],"collection":[{"href":"https:\/\/www.pm.pb.gov.br\/portal\/wp-json\/wp\/v2\/posts"}],"about":[{"href":"https:\/\/www.pm.pb.gov.br\/portal\/wp-json\/wp\/v2\/types\/post"}],"author":[{"embeddable":true,"href":"https:\/\/www.pm.pb.gov.br\/portal\/wp-json\/wp\/v2\/users\/12"}],"replies":[{"embeddable":true,"href":"https:\/\/www.pm.pb.gov.br\/portal\/wp-json\/wp\/v2\/comments?post=920302"}],"version-history":[{"count":1,"href":"https:\/\/www.pm.pb.gov.br\/portal\/wp-json\/wp\/v2\/posts\/920302\/revisions"}],"predecessor-version":[{"id":920303,"href":"https:\/\/www.pm.pb.gov.br\/portal\/wp-json\/wp\/v2\/posts\/920302\/revisions\/920303"}],"wp:featuredmedia":[{"embeddable":true,"href":"https:\/\/www.pm.pb.gov.br\/portal\/wp-json\/wp\/v2\/media\/905174"}],"wp:attachment":[{"href":"https:\/\/www.pm.pb.gov.br\/portal\/wp-json\/wp\/v2\/media?parent=920302"}],"wp:term":[{"taxonomy":"category","embeddable":true,"href":"https:\/\/www.pm.pb.gov.br\/portal\/wp-json\/wp\/v2\/categories?post=920302"},{"taxonomy":"post_tag","embeddable":true,"href":"https:\/\/www.pm.pb.gov.br\/portal\/wp-json\/wp\/v2\/tags?post=920302"}],"curies":[{"name":"wp","href":"https:\/\/api.w.org\/{rel}","templated":true}]}}