{"id":920298,"date":"2024-01-12T00:10:00","date_gmt":"2024-01-12T03:10:00","guid":{"rendered":"https:\/\/www.pm.pb.gov.br\/portal\/?p=920298"},"modified":"2024-01-15T15:15:58","modified_gmt":"2024-01-15T18:15:58","slug":"policia-militar-apreende-12-armas-de-fogo-nesta-quinta-feira-11-na-paraiba","status":"publish","type":"post","link":"https:\/\/www.pm.pb.gov.br\/portal\/2024\/01\/12\/policia-militar-apreende-12-armas-de-fogo-nesta-quinta-feira-11-na-paraiba\/","title":{"rendered":"Pol\u00edcia Militar apreende 12 armas de fogo nesta quinta-feira (11) na Para\u00edba"},"content":{"rendered":"\n<p>Doze armas de fogo foram apreendidas pela Pol\u00edcia Militar somente nesta quinta-feira (11) na Para\u00edba. As informa\u00e7\u00f5es foram repassadas pelas pr\u00f3prias Unidades de \u00e1rea, policiamento preventivo e especializadas, que t\u00eam combatido o porte e a posse ilegal de armamento. As ocorr\u00eancias tamb\u00e9m se relacionam a crimes de tr\u00e1fico de drogas, amea\u00e7as, roubos e crimes contra a vida.<\/p>\n<p>Entre as cidades em que se registraram as apreens\u00f5es est\u00e3o: Jo\u00e3o Pessoa (4), Bayeux (2), Itapororoca (1), Campina Grande (2) e Teixeira (3). Na Capital, um homem acusado de amea\u00e7ar moradores do bairro Mangabeira 2 e integrantes da pr\u00f3pria fam\u00edlia foi preso com nove facas de diversos tamanhos, al\u00e9m de tr\u00eas armas de fogo de fabrica\u00e7\u00e3o caseira de diversos calibres (foto abaixo). Em Colinas do Sul, outra arma foi apreendida ainda pela madrugada.<\/p>\n<p><img loading=\"lazy\" decoding=\"async\" class=\" wp-image-920217 aligncenter\" src=\"http:\/\/www.pm.pb.gov.br\/portal\/wp-content\/uploads\/2024\/01\/mangabeira2.jpeg\" alt=\"\" width=\"602\" height=\"335\" srcset=\"https:\/\/www.pm.pb.gov.br\/portal\/wp-content\/uploads\/2024\/01\/mangabeira2.jpeg 800w, https:\/\/www.pm.pb.gov.br\/portal\/wp-content\/uploads\/2024\/01\/mangabeira2-245x136.jpeg 245w, https:\/\/www.pm.pb.gov.br\/portal\/wp-content\/uploads\/2024\/01\/mangabeira2-768x427.jpeg 768w\" sizes=\"(max-width: 602px) 100vw, 602px\" \/><\/p>\n<p>Em Campina Grande, um homem acusado de realizar um roubo em um posto de sa\u00fade na cidade, no bairro Jardim Paulistano, foi preso com duas armas de fogo (foto abaixo). Os bens roubados e um ve\u00edculo foram recuperados.<\/p>\n<p><img loading=\"lazy\" decoding=\"async\" class=\" wp-image-920213 aligncenter\" src=\"http:\/\/www.pm.pb.gov.br\/portal\/wp-content\/uploads\/2024\/01\/WhatsApp-Image-2024-01-11-at-14.58.05-593x445.jpeg\" alt=\"\" width=\"546\" height=\"410\" srcset=\"https:\/\/www.pm.pb.gov.br\/portal\/wp-content\/uploads\/2024\/01\/WhatsApp-Image-2024-01-11-at-14.58.05-593x445.jpeg 593w, https:\/\/www.pm.pb.gov.br\/portal\/wp-content\/uploads\/2024\/01\/WhatsApp-Image-2024-01-11-at-14.58.05-760x570.jpeg 760w, https:\/\/www.pm.pb.gov.br\/portal\/wp-content\/uploads\/2024\/01\/WhatsApp-Image-2024-01-11-at-14.58.05-768x576.jpeg 768w, https:\/\/www.pm.pb.gov.br\/portal\/wp-content\/uploads\/2024\/01\/WhatsApp-Image-2024-01-11-at-14.58.05.jpeg 1024w\" sizes=\"(max-width: 546px) 100vw, 546px\" \/><\/p>\n<p>Mais tr\u00eas armas de fogo, sendo duas espingardas de calibre indefinido e uma espingarda calibre 12, foram apreendidas na cidade de Teixeira. Outra arma de fogo, pistola 9 mil\u00edmetros, foi apreendida em Itapororoca. As armas foram encontradas abandonadas ap\u00f3s averigua\u00e7\u00e3o de atitude suspeita e den\u00fancia de conflito interpessoal.<\/p>\n<p>Em fiscaliza\u00e7\u00e3o de tr\u00e2nsito, os policiais apreenderam uma pistola, um rifle calibre 22 e 208 muni\u00e7\u00f5es, na Avenida Liberdade, em Bayeux.<\/p>\n\n\n","protected":false},"excerpt":{"rendered":"<p>Doze armas de fogo foram apreendidas pela Pol\u00edcia Militar somente nesta quinta-feira (11) na Para\u00edba. As informa\u00e7\u00f5es foram repassadas pelas<\/p>\n","protected":false},"author":12,"featured_media":920197,"comment_status":"closed","ping_status":"closed","sticky":false,"template":"","format":"standard","meta":{"_exactmetrics_skip_tracking":false,"_exactmetrics_sitenote_active":false,"_exactmetrics_sitenote_note":"","_exactmetrics_sitenote_category":0,"footnotes":""},"categories":[4],"tags":[],"yoast_head":"<!-- This site is optimized with the Yoast SEO plugin v22.0 - https:\/\/yoast.com\/wordpress\/plugins\/seo\/ -->\n<title>Pol\u00edcia Militar apreende 12 armas de fogo nesta quinta-feira (11) na Para\u00edba - Pol\u00edcia Militar da Para\u00edba<\/title>\n<meta name=\"description\" content=\"A\u00e7\u00f5es aconteceram nos munic\u00edpios da Grande Jo\u00e3o Pessoa, Itapororoca, Campina Grande, e Teixeira.\" \/>\n<meta name=\"robots\" content=\"index, follow, max-snippet:-1, max-image-preview:large, max-video-preview:-1\" \/>\n<link rel=\"canonical\" href=\"https:\/\/www.pm.pb.gov.br\/portal\/2024\/01\/12\/policia-militar-apreende-12-armas-de-fogo-nesta-quinta-feira-11-na-paraiba\/\" \/>\n<meta property=\"og:locale\" content=\"pt_BR\" \/>\n<meta property=\"og:type\" content=\"article\" \/>\n<meta property=\"og:title\" content=\"Pol\u00edcia Militar apreende 12 armas de fogo nesta quinta-feira (11) na Para\u00edba - Pol\u00edcia Militar da Para\u00edba\" \/>\n<meta property=\"og:description\" content=\"A\u00e7\u00f5es aconteceram nos munic\u00edpios da Grande Jo\u00e3o Pessoa, Itapororoca, Campina Grande, e Teixeira.\" \/>\n<meta property=\"og:url\" content=\"https:\/\/www.pm.pb.gov.br\/portal\/2024\/01\/12\/policia-militar-apreende-12-armas-de-fogo-nesta-quinta-feira-11-na-paraiba\/\" \/>\n<meta property=\"og:site_name\" content=\"Pol\u00edcia Militar da Para\u00edba\" \/>\n<meta property=\"article:published_time\" content=\"2024-01-12T03:10:00+00:00\" \/>\n<meta property=\"article:modified_time\" content=\"2024-01-15T18:15:58+00:00\" \/>\n<meta property=\"og:image\" content=\"http:\/\/www.pm.pb.gov.br\/portal\/wp-content\/uploads\/2024\/01\/WhatsApp-Image-2024-01-11-at-8.24.57-AM.jpeg\" \/>\n\t<meta property=\"og:image:width\" content=\"1178\" \/>\n\t<meta property=\"og:image:height\" content=\"693\" \/>\n\t<meta property=\"og:image:type\" content=\"image\/jpeg\" \/>\n<meta name=\"author\" content=\"Tarcisio Oliveira\" \/>\n<meta name=\"twitter:card\" content=\"summary_large_image\" \/>\n<meta name=\"twitter:label1\" content=\"Escrito por\" \/>\n\t<meta name=\"twitter:data1\" content=\"Tarcisio Oliveira\" \/>\n\t<meta name=\"twitter:label2\" content=\"Est. tempo de leitura\" \/>\n\t<meta name=\"twitter:data2\" content=\"2 minutos\" \/>\n<script type=\"application\/ld+json\" class=\"yoast-schema-graph\">{\"@context\":\"https:\/\/schema.org\",\"@graph\":[{\"@type\":\"Article\",\"@id\":\"https:\/\/www.pm.pb.gov.br\/portal\/2024\/01\/12\/policia-militar-apreende-12-armas-de-fogo-nesta-quinta-feira-11-na-paraiba\/#article\",\"isPartOf\":{\"@id\":\"https:\/\/www.pm.pb.gov.br\/portal\/2024\/01\/12\/policia-militar-apreende-12-armas-de-fogo-nesta-quinta-feira-11-na-paraiba\/\"},\"author\":{\"name\":\"Tarcisio Oliveira\",\"@id\":\"https:\/\/www.pm.pb.gov.br\/portal\/#\/schema\/person\/f84f56dcc78ce4357054da888b8247fd\"},\"headline\":\"Pol\u00edcia Militar apreende 12 armas de fogo nesta quinta-feira (11) na Para\u00edba\",\"datePublished\":\"2024-01-12T03:10:00+00:00\",\"dateModified\":\"2024-01-15T18:15:58+00:00\",\"mainEntityOfPage\":{\"@id\":\"https:\/\/www.pm.pb.gov.br\/portal\/2024\/01\/12\/policia-militar-apreende-12-armas-de-fogo-nesta-quinta-feira-11-na-paraiba\/\"},\"wordCount\":266,\"publisher\":{\"@id\":\"https:\/\/www.pm.pb.gov.br\/portal\/#organization\"},\"articleSection\":[\"A\u00e7\u00f5es Policiais\"],\"inLanguage\":\"pt-BR\"},{\"@type\":\"WebPage\",\"@id\":\"https:\/\/www.pm.pb.gov.br\/portal\/2024\/01\/12\/policia-militar-apreende-12-armas-de-fogo-nesta-quinta-feira-11-na-paraiba\/\",\"url\":\"https:\/\/www.pm.pb.gov.br\/portal\/2024\/01\/12\/policia-militar-apreende-12-armas-de-fogo-nesta-quinta-feira-11-na-paraiba\/\",\"name\":\"Pol\u00edcia Militar apreende 12 armas de fogo nesta quinta-feira (11) na Para\u00edba - Pol\u00edcia Militar da Para\u00edba\",\"isPartOf\":{\"@id\":\"https:\/\/www.pm.pb.gov.br\/portal\/#website\"},\"datePublished\":\"2024-01-12T03:10:00+00:00\",\"dateModified\":\"2024-01-15T18:15:58+00:00\",\"description\":\"A\u00e7\u00f5es aconteceram nos munic\u00edpios da Grande Jo\u00e3o Pessoa, Itapororoca, Campina Grande, e Teixeira.\",\"breadcrumb\":{\"@id\":\"https:\/\/www.pm.pb.gov.br\/portal\/2024\/01\/12\/policia-militar-apreende-12-armas-de-fogo-nesta-quinta-feira-11-na-paraiba\/#breadcrumb\"},\"inLanguage\":\"pt-BR\",\"potentialAction\":[{\"@type\":\"ReadAction\",\"target\":[\"https:\/\/www.pm.pb.gov.br\/portal\/2024\/01\/12\/policia-militar-apreende-12-armas-de-fogo-nesta-quinta-feira-11-na-paraiba\/\"]}]},{\"@type\":\"BreadcrumbList\",\"@id\":\"https:\/\/www.pm.pb.gov.br\/portal\/2024\/01\/12\/policia-militar-apreende-12-armas-de-fogo-nesta-quinta-feira-11-na-paraiba\/#breadcrumb\",\"itemListElement\":[{\"@type\":\"ListItem\",\"position\":1,\"name\":\"In\u00edcio\",\"item\":\"https:\/\/www.pm.pb.gov.br\/portal\/\"},{\"@type\":\"ListItem\",\"position\":2,\"name\":\"Pol\u00edcia Militar apreende 12 armas de fogo nesta quinta-feira (11) na Para\u00edba\"}]},{\"@type\":\"WebSite\",\"@id\":\"https:\/\/www.pm.pb.gov.br\/portal\/#website\",\"url\":\"https:\/\/www.pm.pb.gov.br\/portal\/\",\"name\":\"Pol\u00edcia Militar da Para\u00edba\",\"description\":\"\",\"publisher\":{\"@id\":\"https:\/\/www.pm.pb.gov.br\/portal\/#organization\"},\"potentialAction\":[{\"@type\":\"SearchAction\",\"target\":{\"@type\":\"EntryPoint\",\"urlTemplate\":\"https:\/\/www.pm.pb.gov.br\/portal\/?s={search_term_string}\"},\"query-input\":\"required name=search_term_string\"}],\"inLanguage\":\"pt-BR\"},{\"@type\":\"Organization\",\"@id\":\"https:\/\/www.pm.pb.gov.br\/portal\/#organization\",\"name\":\"Pol\u00edcia Militar da Para\u00edba\",\"url\":\"https:\/\/www.pm.pb.gov.br\/portal\/\",\"logo\":{\"@type\":\"ImageObject\",\"inLanguage\":\"pt-BR\",\"@id\":\"https:\/\/www.pm.pb.gov.br\/portal\/#\/schema\/logo\/image\/\",\"url\":\"https:\/\/www.pm.pb.gov.br\/portal\/wp-content\/uploads\/2025\/03\/cropped-logo-site-mag2-1.png\",\"contentUrl\":\"https:\/\/www.pm.pb.gov.br\/portal\/wp-content\/uploads\/2025\/03\/cropped-logo-site-mag2-1.png\",\"width\":320,\"height\":90,\"caption\":\"Pol\u00edcia Militar da Para\u00edba\"},\"image\":{\"@id\":\"https:\/\/www.pm.pb.gov.br\/portal\/#\/schema\/logo\/image\/\"}},{\"@type\":\"Person\",\"@id\":\"https:\/\/www.pm.pb.gov.br\/portal\/#\/schema\/person\/f84f56dcc78ce4357054da888b8247fd\",\"name\":\"Tarcisio Oliveira\",\"image\":{\"@type\":\"ImageObject\",\"inLanguage\":\"pt-BR\",\"@id\":\"https:\/\/www.pm.pb.gov.br\/portal\/#\/schema\/person\/image\/\",\"url\":\"https:\/\/secure.gravatar.com\/avatar\/72917b630b69d31cd0297507f34bac97?s=96&d=mm&r=g\",\"contentUrl\":\"https:\/\/secure.gravatar.com\/avatar\/72917b630b69d31cd0297507f34bac97?s=96&d=mm&r=g\",\"caption\":\"Tarcisio Oliveira\"},\"url\":\"https:\/\/www.pm.pb.gov.br\/portal\/author\/tarcisio\/\"}]}<\/script>\n<!-- \/ Yoast SEO plugin. -->","yoast_head_json":{"title":"Pol\u00edcia Militar apreende 12 armas de fogo nesta quinta-feira (11) na Para\u00edba - Pol\u00edcia Militar da Para\u00edba","description":"A\u00e7\u00f5es aconteceram nos munic\u00edpios da Grande Jo\u00e3o Pessoa, Itapororoca, Campina Grande, e Teixeira.","robots":{"index":"index","follow":"follow","max-snippet":"max-snippet:-1","max-image-preview":"max-image-preview:large","max-video-preview":"max-video-preview:-1"},"canonical":"https:\/\/www.pm.pb.gov.br\/portal\/2024\/01\/12\/policia-militar-apreende-12-armas-de-fogo-nesta-quinta-feira-11-na-paraiba\/","og_locale":"pt_BR","og_type":"article","og_title":"Pol\u00edcia Militar apreende 12 armas de fogo nesta quinta-feira (11) na Para\u00edba - Pol\u00edcia Militar da Para\u00edba","og_description":"A\u00e7\u00f5es aconteceram nos munic\u00edpios da Grande Jo\u00e3o Pessoa, Itapororoca, Campina Grande, e Teixeira.","og_url":"https:\/\/www.pm.pb.gov.br\/portal\/2024\/01\/12\/policia-militar-apreende-12-armas-de-fogo-nesta-quinta-feira-11-na-paraiba\/","og_site_name":"Pol\u00edcia Militar da Para\u00edba","article_published_time":"2024-01-12T03:10:00+00:00","article_modified_time":"2024-01-15T18:15:58+00:00","og_image":[{"width":1178,"height":693,"url":"http:\/\/www.pm.pb.gov.br\/portal\/wp-content\/uploads\/2024\/01\/WhatsApp-Image-2024-01-11-at-8.24.57-AM.jpeg","type":"image\/jpeg"}],"author":"Tarcisio Oliveira","twitter_card":"summary_large_image","twitter_misc":{"Escrito por":"Tarcisio Oliveira","Est. tempo de leitura":"2 minutos"},"schema":{"@context":"https:\/\/schema.org","@graph":[{"@type":"Article","@id":"https:\/\/www.pm.pb.gov.br\/portal\/2024\/01\/12\/policia-militar-apreende-12-armas-de-fogo-nesta-quinta-feira-11-na-paraiba\/#article","isPartOf":{"@id":"https:\/\/www.pm.pb.gov.br\/portal\/2024\/01\/12\/policia-militar-apreende-12-armas-de-fogo-nesta-quinta-feira-11-na-paraiba\/"},"author":{"name":"Tarcisio Oliveira","@id":"https:\/\/www.pm.pb.gov.br\/portal\/#\/schema\/person\/f84f56dcc78ce4357054da888b8247fd"},"headline":"Pol\u00edcia Militar apreende 12 armas de fogo nesta quinta-feira (11) na Para\u00edba","datePublished":"2024-01-12T03:10:00+00:00","dateModified":"2024-01-15T18:15:58+00:00","mainEntityOfPage":{"@id":"https:\/\/www.pm.pb.gov.br\/portal\/2024\/01\/12\/policia-militar-apreende-12-armas-de-fogo-nesta-quinta-feira-11-na-paraiba\/"},"wordCount":266,"publisher":{"@id":"https:\/\/www.pm.pb.gov.br\/portal\/#organization"},"articleSection":["A\u00e7\u00f5es Policiais"],"inLanguage":"pt-BR"},{"@type":"WebPage","@id":"https:\/\/www.pm.pb.gov.br\/portal\/2024\/01\/12\/policia-militar-apreende-12-armas-de-fogo-nesta-quinta-feira-11-na-paraiba\/","url":"https:\/\/www.pm.pb.gov.br\/portal\/2024\/01\/12\/policia-militar-apreende-12-armas-de-fogo-nesta-quinta-feira-11-na-paraiba\/","name":"Pol\u00edcia Militar apreende 12 armas de fogo nesta quinta-feira (11) na Para\u00edba - Pol\u00edcia Militar da Para\u00edba","isPartOf":{"@id":"https:\/\/www.pm.pb.gov.br\/portal\/#website"},"datePublished":"2024-01-12T03:10:00+00:00","dateModified":"2024-01-15T18:15:58+00:00","description":"A\u00e7\u00f5es aconteceram nos munic\u00edpios da Grande Jo\u00e3o Pessoa, Itapororoca, Campina Grande, e Teixeira.","breadcrumb":{"@id":"https:\/\/www.pm.pb.gov.br\/portal\/2024\/01\/12\/policia-militar-apreende-12-armas-de-fogo-nesta-quinta-feira-11-na-paraiba\/#breadcrumb"},"inLanguage":"pt-BR","potentialAction":[{"@type":"ReadAction","target":["https:\/\/www.pm.pb.gov.br\/portal\/2024\/01\/12\/policia-militar-apreende-12-armas-de-fogo-nesta-quinta-feira-11-na-paraiba\/"]}]},{"@type":"BreadcrumbList","@id":"https:\/\/www.pm.pb.gov.br\/portal\/2024\/01\/12\/policia-militar-apreende-12-armas-de-fogo-nesta-quinta-feira-11-na-paraiba\/#breadcrumb","itemListElement":[{"@type":"ListItem","position":1,"name":"In\u00edcio","item":"https:\/\/www.pm.pb.gov.br\/portal\/"},{"@type":"ListItem","position":2,"name":"Pol\u00edcia Militar apreende 12 armas de fogo nesta quinta-feira (11) na Para\u00edba"}]},{"@type":"WebSite","@id":"https:\/\/www.pm.pb.gov.br\/portal\/#website","url":"https:\/\/www.pm.pb.gov.br\/portal\/","name":"Pol\u00edcia Militar da Para\u00edba","description":"","publisher":{"@id":"https:\/\/www.pm.pb.gov.br\/portal\/#organization"},"potentialAction":[{"@type":"SearchAction","target":{"@type":"EntryPoint","urlTemplate":"https:\/\/www.pm.pb.gov.br\/portal\/?s={search_term_string}"},"query-input":"required name=search_term_string"}],"inLanguage":"pt-BR"},{"@type":"Organization","@id":"https:\/\/www.pm.pb.gov.br\/portal\/#organization","name":"Pol\u00edcia Militar da Para\u00edba","url":"https:\/\/www.pm.pb.gov.br\/portal\/","logo":{"@type":"ImageObject","inLanguage":"pt-BR","@id":"https:\/\/www.pm.pb.gov.br\/portal\/#\/schema\/logo\/image\/","url":"https:\/\/www.pm.pb.gov.br\/portal\/wp-content\/uploads\/2025\/03\/cropped-logo-site-mag2-1.png","contentUrl":"https:\/\/www.pm.pb.gov.br\/portal\/wp-content\/uploads\/2025\/03\/cropped-logo-site-mag2-1.png","width":320,"height":90,"caption":"Pol\u00edcia Militar da Para\u00edba"},"image":{"@id":"https:\/\/www.pm.pb.gov.br\/portal\/#\/schema\/logo\/image\/"}},{"@type":"Person","@id":"https:\/\/www.pm.pb.gov.br\/portal\/#\/schema\/person\/f84f56dcc78ce4357054da888b8247fd","name":"Tarcisio Oliveira","image":{"@type":"ImageObject","inLanguage":"pt-BR","@id":"https:\/\/www.pm.pb.gov.br\/portal\/#\/schema\/person\/image\/","url":"https:\/\/secure.gravatar.com\/avatar\/72917b630b69d31cd0297507f34bac97?s=96&d=mm&r=g","contentUrl":"https:\/\/secure.gravatar.com\/avatar\/72917b630b69d31cd0297507f34bac97?s=96&d=mm&r=g","caption":"Tarcisio Oliveira"},"url":"https:\/\/www.pm.pb.gov.br\/portal\/author\/tarcisio\/"}]}},"_links":{"self":[{"href":"https:\/\/www.pm.pb.gov.br\/portal\/wp-json\/wp\/v2\/posts\/920298"}],"collection":[{"href":"https:\/\/www.pm.pb.gov.br\/portal\/wp-json\/wp\/v2\/posts"}],"about":[{"href":"https:\/\/www.pm.pb.gov.br\/portal\/wp-json\/wp\/v2\/types\/post"}],"author":[{"embeddable":true,"href":"https:\/\/www.pm.pb.gov.br\/portal\/wp-json\/wp\/v2\/users\/12"}],"replies":[{"embeddable":true,"href":"https:\/\/www.pm.pb.gov.br\/portal\/wp-json\/wp\/v2\/comments?post=920298"}],"version-history":[{"count":1,"href":"https:\/\/www.pm.pb.gov.br\/portal\/wp-json\/wp\/v2\/posts\/920298\/revisions"}],"predecessor-version":[{"id":920299,"href":"https:\/\/www.pm.pb.gov.br\/portal\/wp-json\/wp\/v2\/posts\/920298\/revisions\/920299"}],"wp:featuredmedia":[{"embeddable":true,"href":"https:\/\/www.pm.pb.gov.br\/portal\/wp-json\/wp\/v2\/media\/920197"}],"wp:attachment":[{"href":"https:\/\/www.pm.pb.gov.br\/portal\/wp-json\/wp\/v2\/media?parent=920298"}],"wp:term":[{"taxonomy":"category","embeddable":true,"href":"https:\/\/www.pm.pb.gov.br\/portal\/wp-json\/wp\/v2\/categories?post=920298"},{"taxonomy":"post_tag","embeddable":true,"href":"https:\/\/www.pm.pb.gov.br\/portal\/wp-json\/wp\/v2\/tags?post=920298"}],"curies":[{"name":"wp","href":"https:\/\/api.w.org\/{rel}","templated":true}]}}