{"id":920247,"date":"2024-01-15T09:42:24","date_gmt":"2024-01-15T12:42:24","guid":{"rendered":"https:\/\/www.pm.pb.gov.br\/portal\/?p=920247"},"modified":"2024-01-15T09:42:27","modified_gmt":"2024-01-15T12:42:27","slug":"fim-de-semana-termina-com-210-suspeitos-detidos-24-armas-apreendidas-e-mais-de-35kg-de-drogas","status":"publish","type":"post","link":"https:\/\/www.pm.pb.gov.br\/portal\/2024\/01\/15\/fim-de-semana-termina-com-210-suspeitos-detidos-24-armas-apreendidas-e-mais-de-35kg-de-drogas\/","title":{"rendered":"Fim de semana termina com 210 suspeitos detidos, 24 armas apreendidas e mais de 35kg de drogas"},"content":{"rendered":"\n<p>A Pol\u00edcia Militar conduziu 210 suspeitos de crimes at\u00e9 as delegacias, da sexta-feira (12) at\u00e9 o domingo (14), durante as atividades da Opera\u00e7\u00e3o Ver\u00e3o, na Para\u00edba. No per\u00edodo, foram apreendidas mais de 35 kg de drogas, 24 armas de fogo e recuperados 22 ve\u00edculos com registros de roubos ou furtos.<br><br>A Opera\u00e7\u00e3o Ver\u00e3o contou com o trabalho de 3.376 policiais militares e o aparato de 1.336 viaturas, al\u00e9m de tecnologia de c\u00e2meras e drones, nesse segundo fim de semana de janeiro. Houve refor\u00e7o da seguran\u00e7a em locais de eventos e grande movimenta\u00e7\u00e3o de pessoas, bem como a continuidade das a\u00e7\u00f5es de combate ao crime em locais indicados pela estat\u00edstica e intelig\u00eancia, em v\u00e1rias cidades paraibanas. <br><br>Entre as estrat\u00e9gias adotadas, est\u00e1 o aumento do n\u00famero de abordagens a ve\u00edculos, que teve quase 4 mil carros e motos parados e revistados pelos policiais nos 308 pontos de bloqueio realizados, conforme relat\u00f3rio do Estado-Maior Estrat\u00e9gico.<br><br>Reincid\u00eancia no crime \u2013 Grande parte dos presos j\u00e1 tinham passagem pela pol\u00edcia anteriormente, com destaque para uma pris\u00e3o em Cabedelo, na madrugada do s\u00e1bado (13), onde um suspeito de atuar no tr\u00e1fico estava sendo preso pela 4\u00aa vez. <br><\/p>\n","protected":false},"excerpt":{"rendered":"<p>A Pol\u00edcia Militar conduziu 210 suspeitos de crimes at\u00e9 as delegacias, da sexta-feira (12) at\u00e9 o domingo (14), durante as<\/p>\n","protected":false},"author":5,"featured_media":920294,"comment_status":"closed","ping_status":"closed","sticky":false,"template":"","format":"standard","meta":{"_exactmetrics_skip_tracking":false,"_exactmetrics_sitenote_active":false,"_exactmetrics_sitenote_note":"","_exactmetrics_sitenote_category":0,"footnotes":""},"categories":[4],"tags":[],"yoast_head":"<!-- This site is optimized with the Yoast SEO plugin v22.0 - https:\/\/yoast.com\/wordpress\/plugins\/seo\/ -->\n<title>Fim de semana termina com 210 suspeitos detidos, 24 armas apreendidas e mais de 35kg de drogas - Pol\u00edcia Militar da Para\u00edba<\/title>\n<meta name=\"robots\" content=\"index, follow, max-snippet:-1, max-image-preview:large, max-video-preview:-1\" \/>\n<link rel=\"canonical\" href=\"https:\/\/www.pm.pb.gov.br\/portal\/2024\/01\/15\/fim-de-semana-termina-com-210-suspeitos-detidos-24-armas-apreendidas-e-mais-de-35kg-de-drogas\/\" \/>\n<meta property=\"og:locale\" content=\"pt_BR\" \/>\n<meta property=\"og:type\" content=\"article\" \/>\n<meta property=\"og:title\" content=\"Fim de semana termina com 210 suspeitos detidos, 24 armas apreendidas e mais de 35kg de drogas - Pol\u00edcia Militar da Para\u00edba\" \/>\n<meta property=\"og:description\" content=\"A Pol\u00edcia Militar conduziu 210 suspeitos de crimes at\u00e9 as delegacias, da sexta-feira (12) at\u00e9 o domingo (14), durante as\" \/>\n<meta property=\"og:url\" content=\"https:\/\/www.pm.pb.gov.br\/portal\/2024\/01\/15\/fim-de-semana-termina-com-210-suspeitos-detidos-24-armas-apreendidas-e-mais-de-35kg-de-drogas\/\" \/>\n<meta property=\"og:site_name\" content=\"Pol\u00edcia Militar da Para\u00edba\" \/>\n<meta property=\"article:published_time\" content=\"2024-01-15T12:42:24+00:00\" \/>\n<meta property=\"article:modified_time\" content=\"2024-01-15T12:42:27+00:00\" \/>\n<meta property=\"og:image\" content=\"http:\/\/www.pm.pb.gov.br\/portal\/wp-content\/uploads\/2024\/01\/WhatsApp-Image-2024-01-15-at-10.01.01-AM.jpeg\" \/>\n\t<meta property=\"og:image:width\" content=\"1024\" \/>\n\t<meta property=\"og:image:height\" content=\"1020\" \/>\n\t<meta property=\"og:image:type\" content=\"image\/jpeg\" \/>\n<meta name=\"author\" content=\"Assessoria de Imprensa da PMPB\" \/>\n<meta name=\"twitter:card\" content=\"summary_large_image\" \/>\n<meta name=\"twitter:label1\" content=\"Escrito por\" \/>\n\t<meta name=\"twitter:data1\" content=\"Assessoria de Imprensa da PMPB\" \/>\n\t<meta name=\"twitter:label2\" content=\"Est. tempo de leitura\" \/>\n\t<meta name=\"twitter:data2\" content=\"2 minutos\" \/>\n<script type=\"application\/ld+json\" class=\"yoast-schema-graph\">{\"@context\":\"https:\/\/schema.org\",\"@graph\":[{\"@type\":\"Article\",\"@id\":\"https:\/\/www.pm.pb.gov.br\/portal\/2024\/01\/15\/fim-de-semana-termina-com-210-suspeitos-detidos-24-armas-apreendidas-e-mais-de-35kg-de-drogas\/#article\",\"isPartOf\":{\"@id\":\"https:\/\/www.pm.pb.gov.br\/portal\/2024\/01\/15\/fim-de-semana-termina-com-210-suspeitos-detidos-24-armas-apreendidas-e-mais-de-35kg-de-drogas\/\"},\"author\":{\"name\":\"Assessoria de Imprensa da PMPB\",\"@id\":\"https:\/\/www.pm.pb.gov.br\/portal\/#\/schema\/person\/e8454f46651c3ecf0e1ba3c1666d9947\"},\"headline\":\"Fim de semana termina com 210 suspeitos detidos, 24 armas apreendidas e mais de 35kg de drogas\",\"datePublished\":\"2024-01-15T12:42:24+00:00\",\"dateModified\":\"2024-01-15T12:42:27+00:00\",\"mainEntityOfPage\":{\"@id\":\"https:\/\/www.pm.pb.gov.br\/portal\/2024\/01\/15\/fim-de-semana-termina-com-210-suspeitos-detidos-24-armas-apreendidas-e-mais-de-35kg-de-drogas\/\"},\"wordCount\":220,\"publisher\":{\"@id\":\"https:\/\/www.pm.pb.gov.br\/portal\/#organization\"},\"articleSection\":[\"A\u00e7\u00f5es Policiais\"],\"inLanguage\":\"pt-BR\"},{\"@type\":\"WebPage\",\"@id\":\"https:\/\/www.pm.pb.gov.br\/portal\/2024\/01\/15\/fim-de-semana-termina-com-210-suspeitos-detidos-24-armas-apreendidas-e-mais-de-35kg-de-drogas\/\",\"url\":\"https:\/\/www.pm.pb.gov.br\/portal\/2024\/01\/15\/fim-de-semana-termina-com-210-suspeitos-detidos-24-armas-apreendidas-e-mais-de-35kg-de-drogas\/\",\"name\":\"Fim de semana termina com 210 suspeitos detidos, 24 armas apreendidas e mais de 35kg de drogas - Pol\u00edcia Militar da Para\u00edba\",\"isPartOf\":{\"@id\":\"https:\/\/www.pm.pb.gov.br\/portal\/#website\"},\"datePublished\":\"2024-01-15T12:42:24+00:00\",\"dateModified\":\"2024-01-15T12:42:27+00:00\",\"breadcrumb\":{\"@id\":\"https:\/\/www.pm.pb.gov.br\/portal\/2024\/01\/15\/fim-de-semana-termina-com-210-suspeitos-detidos-24-armas-apreendidas-e-mais-de-35kg-de-drogas\/#breadcrumb\"},\"inLanguage\":\"pt-BR\",\"potentialAction\":[{\"@type\":\"ReadAction\",\"target\":[\"https:\/\/www.pm.pb.gov.br\/portal\/2024\/01\/15\/fim-de-semana-termina-com-210-suspeitos-detidos-24-armas-apreendidas-e-mais-de-35kg-de-drogas\/\"]}]},{\"@type\":\"BreadcrumbList\",\"@id\":\"https:\/\/www.pm.pb.gov.br\/portal\/2024\/01\/15\/fim-de-semana-termina-com-210-suspeitos-detidos-24-armas-apreendidas-e-mais-de-35kg-de-drogas\/#breadcrumb\",\"itemListElement\":[{\"@type\":\"ListItem\",\"position\":1,\"name\":\"In\u00edcio\",\"item\":\"https:\/\/www.pm.pb.gov.br\/portal\/\"},{\"@type\":\"ListItem\",\"position\":2,\"name\":\"Fim de semana termina com 210 suspeitos detidos, 24 armas apreendidas e mais de 35kg de drogas\"}]},{\"@type\":\"WebSite\",\"@id\":\"https:\/\/www.pm.pb.gov.br\/portal\/#website\",\"url\":\"https:\/\/www.pm.pb.gov.br\/portal\/\",\"name\":\"Pol\u00edcia Militar da Para\u00edba\",\"description\":\"\",\"publisher\":{\"@id\":\"https:\/\/www.pm.pb.gov.br\/portal\/#organization\"},\"potentialAction\":[{\"@type\":\"SearchAction\",\"target\":{\"@type\":\"EntryPoint\",\"urlTemplate\":\"https:\/\/www.pm.pb.gov.br\/portal\/?s={search_term_string}\"},\"query-input\":\"required name=search_term_string\"}],\"inLanguage\":\"pt-BR\"},{\"@type\":\"Organization\",\"@id\":\"https:\/\/www.pm.pb.gov.br\/portal\/#organization\",\"name\":\"Pol\u00edcia Militar da Para\u00edba\",\"url\":\"https:\/\/www.pm.pb.gov.br\/portal\/\",\"logo\":{\"@type\":\"ImageObject\",\"inLanguage\":\"pt-BR\",\"@id\":\"https:\/\/www.pm.pb.gov.br\/portal\/#\/schema\/logo\/image\/\",\"url\":\"https:\/\/www.pm.pb.gov.br\/portal\/wp-content\/uploads\/2025\/03\/cropped-logo-site-mag2-1.png\",\"contentUrl\":\"https:\/\/www.pm.pb.gov.br\/portal\/wp-content\/uploads\/2025\/03\/cropped-logo-site-mag2-1.png\",\"width\":320,\"height\":90,\"caption\":\"Pol\u00edcia Militar da Para\u00edba\"},\"image\":{\"@id\":\"https:\/\/www.pm.pb.gov.br\/portal\/#\/schema\/logo\/image\/\"}},{\"@type\":\"Person\",\"@id\":\"https:\/\/www.pm.pb.gov.br\/portal\/#\/schema\/person\/e8454f46651c3ecf0e1ba3c1666d9947\",\"name\":\"Assessoria de Imprensa da PMPB\",\"image\":{\"@type\":\"ImageObject\",\"inLanguage\":\"pt-BR\",\"@id\":\"https:\/\/www.pm.pb.gov.br\/portal\/#\/schema\/person\/image\/\",\"url\":\"https:\/\/secure.gravatar.com\/avatar\/2efe197438265d1e90bd98c4c8e1acf8?s=96&d=mm&r=g\",\"contentUrl\":\"https:\/\/secure.gravatar.com\/avatar\/2efe197438265d1e90bd98c4c8e1acf8?s=96&d=mm&r=g\",\"caption\":\"Assessoria de Imprensa da PMPB\"},\"url\":\"https:\/\/www.pm.pb.gov.br\/portal\/author\/assessoria\/\"}]}<\/script>\n<!-- \/ Yoast SEO plugin. -->","yoast_head_json":{"title":"Fim de semana termina com 210 suspeitos detidos, 24 armas apreendidas e mais de 35kg de drogas - Pol\u00edcia Militar da Para\u00edba","robots":{"index":"index","follow":"follow","max-snippet":"max-snippet:-1","max-image-preview":"max-image-preview:large","max-video-preview":"max-video-preview:-1"},"canonical":"https:\/\/www.pm.pb.gov.br\/portal\/2024\/01\/15\/fim-de-semana-termina-com-210-suspeitos-detidos-24-armas-apreendidas-e-mais-de-35kg-de-drogas\/","og_locale":"pt_BR","og_type":"article","og_title":"Fim de semana termina com 210 suspeitos detidos, 24 armas apreendidas e mais de 35kg de drogas - Pol\u00edcia Militar da Para\u00edba","og_description":"A Pol\u00edcia Militar conduziu 210 suspeitos de crimes at\u00e9 as delegacias, da sexta-feira (12) at\u00e9 o domingo (14), durante as","og_url":"https:\/\/www.pm.pb.gov.br\/portal\/2024\/01\/15\/fim-de-semana-termina-com-210-suspeitos-detidos-24-armas-apreendidas-e-mais-de-35kg-de-drogas\/","og_site_name":"Pol\u00edcia Militar da Para\u00edba","article_published_time":"2024-01-15T12:42:24+00:00","article_modified_time":"2024-01-15T12:42:27+00:00","og_image":[{"width":1024,"height":1020,"url":"http:\/\/www.pm.pb.gov.br\/portal\/wp-content\/uploads\/2024\/01\/WhatsApp-Image-2024-01-15-at-10.01.01-AM.jpeg","type":"image\/jpeg"}],"author":"Assessoria de Imprensa da PMPB","twitter_card":"summary_large_image","twitter_misc":{"Escrito por":"Assessoria de Imprensa da PMPB","Est. tempo de leitura":"2 minutos"},"schema":{"@context":"https:\/\/schema.org","@graph":[{"@type":"Article","@id":"https:\/\/www.pm.pb.gov.br\/portal\/2024\/01\/15\/fim-de-semana-termina-com-210-suspeitos-detidos-24-armas-apreendidas-e-mais-de-35kg-de-drogas\/#article","isPartOf":{"@id":"https:\/\/www.pm.pb.gov.br\/portal\/2024\/01\/15\/fim-de-semana-termina-com-210-suspeitos-detidos-24-armas-apreendidas-e-mais-de-35kg-de-drogas\/"},"author":{"name":"Assessoria de Imprensa da PMPB","@id":"https:\/\/www.pm.pb.gov.br\/portal\/#\/schema\/person\/e8454f46651c3ecf0e1ba3c1666d9947"},"headline":"Fim de semana termina com 210 suspeitos detidos, 24 armas apreendidas e mais de 35kg de drogas","datePublished":"2024-01-15T12:42:24+00:00","dateModified":"2024-01-15T12:42:27+00:00","mainEntityOfPage":{"@id":"https:\/\/www.pm.pb.gov.br\/portal\/2024\/01\/15\/fim-de-semana-termina-com-210-suspeitos-detidos-24-armas-apreendidas-e-mais-de-35kg-de-drogas\/"},"wordCount":220,"publisher":{"@id":"https:\/\/www.pm.pb.gov.br\/portal\/#organization"},"articleSection":["A\u00e7\u00f5es Policiais"],"inLanguage":"pt-BR"},{"@type":"WebPage","@id":"https:\/\/www.pm.pb.gov.br\/portal\/2024\/01\/15\/fim-de-semana-termina-com-210-suspeitos-detidos-24-armas-apreendidas-e-mais-de-35kg-de-drogas\/","url":"https:\/\/www.pm.pb.gov.br\/portal\/2024\/01\/15\/fim-de-semana-termina-com-210-suspeitos-detidos-24-armas-apreendidas-e-mais-de-35kg-de-drogas\/","name":"Fim de semana termina com 210 suspeitos detidos, 24 armas apreendidas e mais de 35kg de drogas - Pol\u00edcia Militar da Para\u00edba","isPartOf":{"@id":"https:\/\/www.pm.pb.gov.br\/portal\/#website"},"datePublished":"2024-01-15T12:42:24+00:00","dateModified":"2024-01-15T12:42:27+00:00","breadcrumb":{"@id":"https:\/\/www.pm.pb.gov.br\/portal\/2024\/01\/15\/fim-de-semana-termina-com-210-suspeitos-detidos-24-armas-apreendidas-e-mais-de-35kg-de-drogas\/#breadcrumb"},"inLanguage":"pt-BR","potentialAction":[{"@type":"ReadAction","target":["https:\/\/www.pm.pb.gov.br\/portal\/2024\/01\/15\/fim-de-semana-termina-com-210-suspeitos-detidos-24-armas-apreendidas-e-mais-de-35kg-de-drogas\/"]}]},{"@type":"BreadcrumbList","@id":"https:\/\/www.pm.pb.gov.br\/portal\/2024\/01\/15\/fim-de-semana-termina-com-210-suspeitos-detidos-24-armas-apreendidas-e-mais-de-35kg-de-drogas\/#breadcrumb","itemListElement":[{"@type":"ListItem","position":1,"name":"In\u00edcio","item":"https:\/\/www.pm.pb.gov.br\/portal\/"},{"@type":"ListItem","position":2,"name":"Fim de semana termina com 210 suspeitos detidos, 24 armas apreendidas e mais de 35kg de drogas"}]},{"@type":"WebSite","@id":"https:\/\/www.pm.pb.gov.br\/portal\/#website","url":"https:\/\/www.pm.pb.gov.br\/portal\/","name":"Pol\u00edcia Militar da Para\u00edba","description":"","publisher":{"@id":"https:\/\/www.pm.pb.gov.br\/portal\/#organization"},"potentialAction":[{"@type":"SearchAction","target":{"@type":"EntryPoint","urlTemplate":"https:\/\/www.pm.pb.gov.br\/portal\/?s={search_term_string}"},"query-input":"required name=search_term_string"}],"inLanguage":"pt-BR"},{"@type":"Organization","@id":"https:\/\/www.pm.pb.gov.br\/portal\/#organization","name":"Pol\u00edcia Militar da Para\u00edba","url":"https:\/\/www.pm.pb.gov.br\/portal\/","logo":{"@type":"ImageObject","inLanguage":"pt-BR","@id":"https:\/\/www.pm.pb.gov.br\/portal\/#\/schema\/logo\/image\/","url":"https:\/\/www.pm.pb.gov.br\/portal\/wp-content\/uploads\/2025\/03\/cropped-logo-site-mag2-1.png","contentUrl":"https:\/\/www.pm.pb.gov.br\/portal\/wp-content\/uploads\/2025\/03\/cropped-logo-site-mag2-1.png","width":320,"height":90,"caption":"Pol\u00edcia Militar da Para\u00edba"},"image":{"@id":"https:\/\/www.pm.pb.gov.br\/portal\/#\/schema\/logo\/image\/"}},{"@type":"Person","@id":"https:\/\/www.pm.pb.gov.br\/portal\/#\/schema\/person\/e8454f46651c3ecf0e1ba3c1666d9947","name":"Assessoria de Imprensa da PMPB","image":{"@type":"ImageObject","inLanguage":"pt-BR","@id":"https:\/\/www.pm.pb.gov.br\/portal\/#\/schema\/person\/image\/","url":"https:\/\/secure.gravatar.com\/avatar\/2efe197438265d1e90bd98c4c8e1acf8?s=96&d=mm&r=g","contentUrl":"https:\/\/secure.gravatar.com\/avatar\/2efe197438265d1e90bd98c4c8e1acf8?s=96&d=mm&r=g","caption":"Assessoria de Imprensa da PMPB"},"url":"https:\/\/www.pm.pb.gov.br\/portal\/author\/assessoria\/"}]}},"_links":{"self":[{"href":"https:\/\/www.pm.pb.gov.br\/portal\/wp-json\/wp\/v2\/posts\/920247"}],"collection":[{"href":"https:\/\/www.pm.pb.gov.br\/portal\/wp-json\/wp\/v2\/posts"}],"about":[{"href":"https:\/\/www.pm.pb.gov.br\/portal\/wp-json\/wp\/v2\/types\/post"}],"author":[{"embeddable":true,"href":"https:\/\/www.pm.pb.gov.br\/portal\/wp-json\/wp\/v2\/users\/5"}],"replies":[{"embeddable":true,"href":"https:\/\/www.pm.pb.gov.br\/portal\/wp-json\/wp\/v2\/comments?post=920247"}],"version-history":[{"count":2,"href":"https:\/\/www.pm.pb.gov.br\/portal\/wp-json\/wp\/v2\/posts\/920247\/revisions"}],"predecessor-version":[{"id":920295,"href":"https:\/\/www.pm.pb.gov.br\/portal\/wp-json\/wp\/v2\/posts\/920247\/revisions\/920295"}],"wp:featuredmedia":[{"embeddable":true,"href":"https:\/\/www.pm.pb.gov.br\/portal\/wp-json\/wp\/v2\/media\/920294"}],"wp:attachment":[{"href":"https:\/\/www.pm.pb.gov.br\/portal\/wp-json\/wp\/v2\/media?parent=920247"}],"wp:term":[{"taxonomy":"category","embeddable":true,"href":"https:\/\/www.pm.pb.gov.br\/portal\/wp-json\/wp\/v2\/categories?post=920247"},{"taxonomy":"post_tag","embeddable":true,"href":"https:\/\/www.pm.pb.gov.br\/portal\/wp-json\/wp\/v2\/tags?post=920247"}],"curies":[{"name":"wp","href":"https:\/\/api.w.org\/{rel}","templated":true}]}}