{"id":920241,"date":"2024-01-12T17:16:28","date_gmt":"2024-01-12T20:16:28","guid":{"rendered":"https:\/\/www.pm.pb.gov.br\/portal\/?p=920241"},"modified":"2024-01-12T17:16:31","modified_gmt":"2024-01-12T20:16:31","slug":"acao-conjunta-da-pm-intercepta-carga-de-cigarro-sem-nota-fiscal-e-apreende-mais-de-200-pacotes-no-sertao","status":"publish","type":"post","link":"https:\/\/www.pm.pb.gov.br\/portal\/2024\/01\/12\/acao-conjunta-da-pm-intercepta-carga-de-cigarro-sem-nota-fiscal-e-apreende-mais-de-200-pacotes-no-sertao\/","title":{"rendered":"A\u00e7\u00e3o conjunta da PM intercepta carga de cigarro sem nota fiscal e apreende mais de 200 pacotes no Sert\u00e3o"},"content":{"rendered":"\n<p>A Pol\u00edcia Militar interceptou um carregamento de cigarros nacionais e importados, sem nota fiscal, entre as cidades de S\u00e3o Francisco e Santa Cruz, no sert\u00e3o paraibano. A a\u00e7\u00e3o aconteceu no fim da manh\u00e3 desta sexta-feira (12) durante a Opera\u00e7\u00e3o Ver\u00e3o.<\/p>\n<p>Um carro Prisma transportava seis caixas contendo 208 pacotes de cigarros (foto acima). O carregamento foi apreendido durante um checkpoint que estava sendo realizado por equipes do 14\u00ba Batalh\u00e3o e do 2\u00ba Pelot\u00e3o da 5\u00aa Companhia de Tr\u00e2nsito.<\/p>\n<p><img loading=\"lazy\" decoding=\"async\" class=\" wp-image-920243 aligncenter\" src=\"http:\/\/www.pm.pb.gov.br\/portal\/wp-content\/uploads\/2024\/01\/WhatsApp-Image-2024-01-12-at-16.47.48-800x374.jpeg\" alt=\"\" width=\"787\" height=\"368\" srcset=\"https:\/\/www.pm.pb.gov.br\/portal\/wp-content\/uploads\/2024\/01\/WhatsApp-Image-2024-01-12-at-16.47.48-800x374.jpeg 800w, https:\/\/www.pm.pb.gov.br\/portal\/wp-content\/uploads\/2024\/01\/WhatsApp-Image-2024-01-12-at-16.47.48-1024x478.jpeg 1024w, https:\/\/www.pm.pb.gov.br\/portal\/wp-content\/uploads\/2024\/01\/WhatsApp-Image-2024-01-12-at-16.47.48-768x359.jpeg 768w, https:\/\/www.pm.pb.gov.br\/portal\/wp-content\/uploads\/2024\/01\/WhatsApp-Image-2024-01-12-at-16.47.48-1536x717.jpeg 1536w, https:\/\/www.pm.pb.gov.br\/portal\/wp-content\/uploads\/2024\/01\/WhatsApp-Image-2024-01-12-at-16.47.48.jpeg 1600w\" sizes=\"(max-width: 787px) 100vw, 787px\" \/><\/p>\n<p>De acordo com o 14\u00ba BPM, o condutor do ve\u00edculo assumiu que comercializava os ma\u00e7os de cigarros. Cerca de R$ 4.800 em dinheiro tamb\u00e9m foram apreendidos. O homem, o ve\u00edculo e todo o material foram conduzidos \u00e0 Delegacia de Pol\u00edcia Federal de Patos para a devida investiga\u00e7\u00e3o.<\/p>\n<p>A Opera\u00e7\u00e3o Ver\u00e3o segue intensificando o policiamento em toda a \u00e1rea do 14\u00ba Batalh\u00e3o, visando coibir pr\u00e1ticas criminosas e garantir a seguran\u00e7a nas zonas urbana, rural e tamb\u00e9m nas rodovias estaduais.<\/p>\n<p><img loading=\"lazy\" decoding=\"async\" class=\"size-medium wp-image-920244 aligncenter\" src=\"http:\/\/www.pm.pb.gov.br\/portal\/wp-content\/uploads\/2024\/01\/WhatsApp-Image-2024-01-12-at-16.45.42-208x445.jpeg\" alt=\"\" width=\"208\" height=\"445\" srcset=\"https:\/\/www.pm.pb.gov.br\/portal\/wp-content\/uploads\/2024\/01\/WhatsApp-Image-2024-01-12-at-16.45.42-208x445.jpeg 208w, https:\/\/www.pm.pb.gov.br\/portal\/wp-content\/uploads\/2024\/01\/WhatsApp-Image-2024-01-12-at-16.45.42-266x570.jpeg 266w, https:\/\/www.pm.pb.gov.br\/portal\/wp-content\/uploads\/2024\/01\/WhatsApp-Image-2024-01-12-at-16.45.42-717x1536.jpeg 717w, https:\/\/www.pm.pb.gov.br\/portal\/wp-content\/uploads\/2024\/01\/WhatsApp-Image-2024-01-12-at-16.45.42.jpeg 747w\" sizes=\"(max-width: 208px) 100vw, 208px\" \/><\/p>\n\n\n","protected":false},"excerpt":{"rendered":"<p>A Pol\u00edcia Militar interceptou um carregamento de cigarros nacionais e importados, sem nota fiscal, entre as cidades de S\u00e3o Francisco<\/p>\n","protected":false},"author":12,"featured_media":920242,"comment_status":"closed","ping_status":"closed","sticky":false,"template":"","format":"standard","meta":{"_exactmetrics_skip_tracking":false,"_exactmetrics_sitenote_active":false,"_exactmetrics_sitenote_note":"","_exactmetrics_sitenote_category":0,"footnotes":""},"categories":[4],"tags":[],"yoast_head":"<!-- This site is optimized with the Yoast SEO plugin v22.0 - https:\/\/yoast.com\/wordpress\/plugins\/seo\/ -->\n<title>A\u00e7\u00e3o conjunta da PM intercepta carga de cigarro sem nota fiscal e apreende mais de 200 pacotes no Sert\u00e3o - Pol\u00edcia Militar da Para\u00edba<\/title>\n<meta name=\"description\" content=\"A Opera\u00e7\u00e3o Ver\u00e3o segue intensificando o policiamento em toda a \u00e1rea do 14\u00ba BPM, visando coibir pr\u00e1ticas criminosas e garantir a seguran\u00e7a.\" \/>\n<meta name=\"robots\" content=\"index, follow, max-snippet:-1, max-image-preview:large, max-video-preview:-1\" \/>\n<link rel=\"canonical\" href=\"https:\/\/www.pm.pb.gov.br\/portal\/2024\/01\/12\/acao-conjunta-da-pm-intercepta-carga-de-cigarro-sem-nota-fiscal-e-apreende-mais-de-200-pacotes-no-sertao\/\" \/>\n<meta property=\"og:locale\" content=\"pt_BR\" \/>\n<meta property=\"og:type\" content=\"article\" \/>\n<meta property=\"og:title\" content=\"A\u00e7\u00e3o conjunta da PM intercepta carga de cigarro sem nota fiscal e apreende mais de 200 pacotes no Sert\u00e3o - Pol\u00edcia Militar da Para\u00edba\" \/>\n<meta property=\"og:description\" content=\"A Opera\u00e7\u00e3o Ver\u00e3o segue intensificando o policiamento em toda a \u00e1rea do 14\u00ba BPM, visando coibir pr\u00e1ticas criminosas e garantir a seguran\u00e7a.\" \/>\n<meta property=\"og:url\" content=\"https:\/\/www.pm.pb.gov.br\/portal\/2024\/01\/12\/acao-conjunta-da-pm-intercepta-carga-de-cigarro-sem-nota-fiscal-e-apreende-mais-de-200-pacotes-no-sertao\/\" \/>\n<meta property=\"og:site_name\" content=\"Pol\u00edcia Militar da Para\u00edba\" \/>\n<meta property=\"article:published_time\" content=\"2024-01-12T20:16:28+00:00\" \/>\n<meta property=\"article:modified_time\" content=\"2024-01-12T20:16:31+00:00\" \/>\n<meta property=\"og:image\" content=\"http:\/\/www.pm.pb.gov.br\/portal\/wp-content\/uploads\/2024\/01\/WhatsApp-Image-2024-01-12-at-16.45.53.jpeg\" \/>\n\t<meta property=\"og:image:width\" content=\"800\" \/>\n\t<meta property=\"og:image:height\" content=\"445\" \/>\n\t<meta property=\"og:image:type\" content=\"image\/jpeg\" \/>\n<meta name=\"author\" content=\"Tarcisio Oliveira\" \/>\n<meta name=\"twitter:card\" content=\"summary_large_image\" \/>\n<meta name=\"twitter:label1\" content=\"Escrito por\" \/>\n\t<meta name=\"twitter:data1\" content=\"Tarcisio Oliveira\" \/>\n\t<meta name=\"twitter:label2\" content=\"Est. tempo de leitura\" \/>\n\t<meta name=\"twitter:data2\" content=\"2 minutos\" \/>\n<script type=\"application\/ld+json\" class=\"yoast-schema-graph\">{\"@context\":\"https:\/\/schema.org\",\"@graph\":[{\"@type\":\"Article\",\"@id\":\"https:\/\/www.pm.pb.gov.br\/portal\/2024\/01\/12\/acao-conjunta-da-pm-intercepta-carga-de-cigarro-sem-nota-fiscal-e-apreende-mais-de-200-pacotes-no-sertao\/#article\",\"isPartOf\":{\"@id\":\"https:\/\/www.pm.pb.gov.br\/portal\/2024\/01\/12\/acao-conjunta-da-pm-intercepta-carga-de-cigarro-sem-nota-fiscal-e-apreende-mais-de-200-pacotes-no-sertao\/\"},\"author\":{\"name\":\"Tarcisio Oliveira\",\"@id\":\"https:\/\/www.pm.pb.gov.br\/portal\/#\/schema\/person\/f84f56dcc78ce4357054da888b8247fd\"},\"headline\":\"A\u00e7\u00e3o conjunta da PM intercepta carga de cigarro sem nota fiscal e apreende mais de 200 pacotes no Sert\u00e3o\",\"datePublished\":\"2024-01-12T20:16:28+00:00\",\"dateModified\":\"2024-01-12T20:16:31+00:00\",\"mainEntityOfPage\":{\"@id\":\"https:\/\/www.pm.pb.gov.br\/portal\/2024\/01\/12\/acao-conjunta-da-pm-intercepta-carga-de-cigarro-sem-nota-fiscal-e-apreende-mais-de-200-pacotes-no-sertao\/\"},\"wordCount\":188,\"publisher\":{\"@id\":\"https:\/\/www.pm.pb.gov.br\/portal\/#organization\"},\"articleSection\":[\"A\u00e7\u00f5es Policiais\"],\"inLanguage\":\"pt-BR\"},{\"@type\":\"WebPage\",\"@id\":\"https:\/\/www.pm.pb.gov.br\/portal\/2024\/01\/12\/acao-conjunta-da-pm-intercepta-carga-de-cigarro-sem-nota-fiscal-e-apreende-mais-de-200-pacotes-no-sertao\/\",\"url\":\"https:\/\/www.pm.pb.gov.br\/portal\/2024\/01\/12\/acao-conjunta-da-pm-intercepta-carga-de-cigarro-sem-nota-fiscal-e-apreende-mais-de-200-pacotes-no-sertao\/\",\"name\":\"A\u00e7\u00e3o conjunta da PM intercepta carga de cigarro sem nota fiscal e apreende mais de 200 pacotes no Sert\u00e3o - Pol\u00edcia Militar da Para\u00edba\",\"isPartOf\":{\"@id\":\"https:\/\/www.pm.pb.gov.br\/portal\/#website\"},\"datePublished\":\"2024-01-12T20:16:28+00:00\",\"dateModified\":\"2024-01-12T20:16:31+00:00\",\"description\":\"A Opera\u00e7\u00e3o Ver\u00e3o segue intensificando o policiamento em toda a \u00e1rea do 14\u00ba BPM, visando coibir pr\u00e1ticas criminosas e garantir a seguran\u00e7a.\",\"breadcrumb\":{\"@id\":\"https:\/\/www.pm.pb.gov.br\/portal\/2024\/01\/12\/acao-conjunta-da-pm-intercepta-carga-de-cigarro-sem-nota-fiscal-e-apreende-mais-de-200-pacotes-no-sertao\/#breadcrumb\"},\"inLanguage\":\"pt-BR\",\"potentialAction\":[{\"@type\":\"ReadAction\",\"target\":[\"https:\/\/www.pm.pb.gov.br\/portal\/2024\/01\/12\/acao-conjunta-da-pm-intercepta-carga-de-cigarro-sem-nota-fiscal-e-apreende-mais-de-200-pacotes-no-sertao\/\"]}]},{\"@type\":\"BreadcrumbList\",\"@id\":\"https:\/\/www.pm.pb.gov.br\/portal\/2024\/01\/12\/acao-conjunta-da-pm-intercepta-carga-de-cigarro-sem-nota-fiscal-e-apreende-mais-de-200-pacotes-no-sertao\/#breadcrumb\",\"itemListElement\":[{\"@type\":\"ListItem\",\"position\":1,\"name\":\"In\u00edcio\",\"item\":\"https:\/\/www.pm.pb.gov.br\/portal\/\"},{\"@type\":\"ListItem\",\"position\":2,\"name\":\"A\u00e7\u00e3o conjunta da PM intercepta carga de cigarro sem nota fiscal e apreende mais de 200 pacotes no Sert\u00e3o\"}]},{\"@type\":\"WebSite\",\"@id\":\"https:\/\/www.pm.pb.gov.br\/portal\/#website\",\"url\":\"https:\/\/www.pm.pb.gov.br\/portal\/\",\"name\":\"Pol\u00edcia Militar da Para\u00edba\",\"description\":\"\",\"publisher\":{\"@id\":\"https:\/\/www.pm.pb.gov.br\/portal\/#organization\"},\"potentialAction\":[{\"@type\":\"SearchAction\",\"target\":{\"@type\":\"EntryPoint\",\"urlTemplate\":\"https:\/\/www.pm.pb.gov.br\/portal\/?s={search_term_string}\"},\"query-input\":\"required name=search_term_string\"}],\"inLanguage\":\"pt-BR\"},{\"@type\":\"Organization\",\"@id\":\"https:\/\/www.pm.pb.gov.br\/portal\/#organization\",\"name\":\"Pol\u00edcia Militar da Para\u00edba\",\"url\":\"https:\/\/www.pm.pb.gov.br\/portal\/\",\"logo\":{\"@type\":\"ImageObject\",\"inLanguage\":\"pt-BR\",\"@id\":\"https:\/\/www.pm.pb.gov.br\/portal\/#\/schema\/logo\/image\/\",\"url\":\"https:\/\/www.pm.pb.gov.br\/portal\/wp-content\/uploads\/2025\/03\/cropped-logo-site-mag2-1.png\",\"contentUrl\":\"https:\/\/www.pm.pb.gov.br\/portal\/wp-content\/uploads\/2025\/03\/cropped-logo-site-mag2-1.png\",\"width\":320,\"height\":90,\"caption\":\"Pol\u00edcia Militar da Para\u00edba\"},\"image\":{\"@id\":\"https:\/\/www.pm.pb.gov.br\/portal\/#\/schema\/logo\/image\/\"}},{\"@type\":\"Person\",\"@id\":\"https:\/\/www.pm.pb.gov.br\/portal\/#\/schema\/person\/f84f56dcc78ce4357054da888b8247fd\",\"name\":\"Tarcisio Oliveira\",\"image\":{\"@type\":\"ImageObject\",\"inLanguage\":\"pt-BR\",\"@id\":\"https:\/\/www.pm.pb.gov.br\/portal\/#\/schema\/person\/image\/\",\"url\":\"https:\/\/secure.gravatar.com\/avatar\/72917b630b69d31cd0297507f34bac97?s=96&d=mm&r=g\",\"contentUrl\":\"https:\/\/secure.gravatar.com\/avatar\/72917b630b69d31cd0297507f34bac97?s=96&d=mm&r=g\",\"caption\":\"Tarcisio Oliveira\"},\"url\":\"https:\/\/www.pm.pb.gov.br\/portal\/author\/tarcisio\/\"}]}<\/script>\n<!-- \/ Yoast SEO plugin. -->","yoast_head_json":{"title":"A\u00e7\u00e3o conjunta da PM intercepta carga de cigarro sem nota fiscal e apreende mais de 200 pacotes no Sert\u00e3o - Pol\u00edcia Militar da Para\u00edba","description":"A Opera\u00e7\u00e3o Ver\u00e3o segue intensificando o policiamento em toda a \u00e1rea do 14\u00ba BPM, visando coibir pr\u00e1ticas criminosas e garantir a seguran\u00e7a.","robots":{"index":"index","follow":"follow","max-snippet":"max-snippet:-1","max-image-preview":"max-image-preview:large","max-video-preview":"max-video-preview:-1"},"canonical":"https:\/\/www.pm.pb.gov.br\/portal\/2024\/01\/12\/acao-conjunta-da-pm-intercepta-carga-de-cigarro-sem-nota-fiscal-e-apreende-mais-de-200-pacotes-no-sertao\/","og_locale":"pt_BR","og_type":"article","og_title":"A\u00e7\u00e3o conjunta da PM intercepta carga de cigarro sem nota fiscal e apreende mais de 200 pacotes no Sert\u00e3o - Pol\u00edcia Militar da Para\u00edba","og_description":"A Opera\u00e7\u00e3o Ver\u00e3o segue intensificando o policiamento em toda a \u00e1rea do 14\u00ba BPM, visando coibir pr\u00e1ticas criminosas e garantir a seguran\u00e7a.","og_url":"https:\/\/www.pm.pb.gov.br\/portal\/2024\/01\/12\/acao-conjunta-da-pm-intercepta-carga-de-cigarro-sem-nota-fiscal-e-apreende-mais-de-200-pacotes-no-sertao\/","og_site_name":"Pol\u00edcia Militar da Para\u00edba","article_published_time":"2024-01-12T20:16:28+00:00","article_modified_time":"2024-01-12T20:16:31+00:00","og_image":[{"width":800,"height":445,"url":"http:\/\/www.pm.pb.gov.br\/portal\/wp-content\/uploads\/2024\/01\/WhatsApp-Image-2024-01-12-at-16.45.53.jpeg","type":"image\/jpeg"}],"author":"Tarcisio Oliveira","twitter_card":"summary_large_image","twitter_misc":{"Escrito por":"Tarcisio Oliveira","Est. tempo de leitura":"2 minutos"},"schema":{"@context":"https:\/\/schema.org","@graph":[{"@type":"Article","@id":"https:\/\/www.pm.pb.gov.br\/portal\/2024\/01\/12\/acao-conjunta-da-pm-intercepta-carga-de-cigarro-sem-nota-fiscal-e-apreende-mais-de-200-pacotes-no-sertao\/#article","isPartOf":{"@id":"https:\/\/www.pm.pb.gov.br\/portal\/2024\/01\/12\/acao-conjunta-da-pm-intercepta-carga-de-cigarro-sem-nota-fiscal-e-apreende-mais-de-200-pacotes-no-sertao\/"},"author":{"name":"Tarcisio Oliveira","@id":"https:\/\/www.pm.pb.gov.br\/portal\/#\/schema\/person\/f84f56dcc78ce4357054da888b8247fd"},"headline":"A\u00e7\u00e3o conjunta da PM intercepta carga de cigarro sem nota fiscal e apreende mais de 200 pacotes no Sert\u00e3o","datePublished":"2024-01-12T20:16:28+00:00","dateModified":"2024-01-12T20:16:31+00:00","mainEntityOfPage":{"@id":"https:\/\/www.pm.pb.gov.br\/portal\/2024\/01\/12\/acao-conjunta-da-pm-intercepta-carga-de-cigarro-sem-nota-fiscal-e-apreende-mais-de-200-pacotes-no-sertao\/"},"wordCount":188,"publisher":{"@id":"https:\/\/www.pm.pb.gov.br\/portal\/#organization"},"articleSection":["A\u00e7\u00f5es Policiais"],"inLanguage":"pt-BR"},{"@type":"WebPage","@id":"https:\/\/www.pm.pb.gov.br\/portal\/2024\/01\/12\/acao-conjunta-da-pm-intercepta-carga-de-cigarro-sem-nota-fiscal-e-apreende-mais-de-200-pacotes-no-sertao\/","url":"https:\/\/www.pm.pb.gov.br\/portal\/2024\/01\/12\/acao-conjunta-da-pm-intercepta-carga-de-cigarro-sem-nota-fiscal-e-apreende-mais-de-200-pacotes-no-sertao\/","name":"A\u00e7\u00e3o conjunta da PM intercepta carga de cigarro sem nota fiscal e apreende mais de 200 pacotes no Sert\u00e3o - Pol\u00edcia Militar da Para\u00edba","isPartOf":{"@id":"https:\/\/www.pm.pb.gov.br\/portal\/#website"},"datePublished":"2024-01-12T20:16:28+00:00","dateModified":"2024-01-12T20:16:31+00:00","description":"A Opera\u00e7\u00e3o Ver\u00e3o segue intensificando o policiamento em toda a \u00e1rea do 14\u00ba BPM, visando coibir pr\u00e1ticas criminosas e garantir a seguran\u00e7a.","breadcrumb":{"@id":"https:\/\/www.pm.pb.gov.br\/portal\/2024\/01\/12\/acao-conjunta-da-pm-intercepta-carga-de-cigarro-sem-nota-fiscal-e-apreende-mais-de-200-pacotes-no-sertao\/#breadcrumb"},"inLanguage":"pt-BR","potentialAction":[{"@type":"ReadAction","target":["https:\/\/www.pm.pb.gov.br\/portal\/2024\/01\/12\/acao-conjunta-da-pm-intercepta-carga-de-cigarro-sem-nota-fiscal-e-apreende-mais-de-200-pacotes-no-sertao\/"]}]},{"@type":"BreadcrumbList","@id":"https:\/\/www.pm.pb.gov.br\/portal\/2024\/01\/12\/acao-conjunta-da-pm-intercepta-carga-de-cigarro-sem-nota-fiscal-e-apreende-mais-de-200-pacotes-no-sertao\/#breadcrumb","itemListElement":[{"@type":"ListItem","position":1,"name":"In\u00edcio","item":"https:\/\/www.pm.pb.gov.br\/portal\/"},{"@type":"ListItem","position":2,"name":"A\u00e7\u00e3o conjunta da PM intercepta carga de cigarro sem nota fiscal e apreende mais de 200 pacotes no Sert\u00e3o"}]},{"@type":"WebSite","@id":"https:\/\/www.pm.pb.gov.br\/portal\/#website","url":"https:\/\/www.pm.pb.gov.br\/portal\/","name":"Pol\u00edcia Militar da Para\u00edba","description":"","publisher":{"@id":"https:\/\/www.pm.pb.gov.br\/portal\/#organization"},"potentialAction":[{"@type":"SearchAction","target":{"@type":"EntryPoint","urlTemplate":"https:\/\/www.pm.pb.gov.br\/portal\/?s={search_term_string}"},"query-input":"required name=search_term_string"}],"inLanguage":"pt-BR"},{"@type":"Organization","@id":"https:\/\/www.pm.pb.gov.br\/portal\/#organization","name":"Pol\u00edcia Militar da Para\u00edba","url":"https:\/\/www.pm.pb.gov.br\/portal\/","logo":{"@type":"ImageObject","inLanguage":"pt-BR","@id":"https:\/\/www.pm.pb.gov.br\/portal\/#\/schema\/logo\/image\/","url":"https:\/\/www.pm.pb.gov.br\/portal\/wp-content\/uploads\/2025\/03\/cropped-logo-site-mag2-1.png","contentUrl":"https:\/\/www.pm.pb.gov.br\/portal\/wp-content\/uploads\/2025\/03\/cropped-logo-site-mag2-1.png","width":320,"height":90,"caption":"Pol\u00edcia Militar da Para\u00edba"},"image":{"@id":"https:\/\/www.pm.pb.gov.br\/portal\/#\/schema\/logo\/image\/"}},{"@type":"Person","@id":"https:\/\/www.pm.pb.gov.br\/portal\/#\/schema\/person\/f84f56dcc78ce4357054da888b8247fd","name":"Tarcisio Oliveira","image":{"@type":"ImageObject","inLanguage":"pt-BR","@id":"https:\/\/www.pm.pb.gov.br\/portal\/#\/schema\/person\/image\/","url":"https:\/\/secure.gravatar.com\/avatar\/72917b630b69d31cd0297507f34bac97?s=96&d=mm&r=g","contentUrl":"https:\/\/secure.gravatar.com\/avatar\/72917b630b69d31cd0297507f34bac97?s=96&d=mm&r=g","caption":"Tarcisio Oliveira"},"url":"https:\/\/www.pm.pb.gov.br\/portal\/author\/tarcisio\/"}]}},"_links":{"self":[{"href":"https:\/\/www.pm.pb.gov.br\/portal\/wp-json\/wp\/v2\/posts\/920241"}],"collection":[{"href":"https:\/\/www.pm.pb.gov.br\/portal\/wp-json\/wp\/v2\/posts"}],"about":[{"href":"https:\/\/www.pm.pb.gov.br\/portal\/wp-json\/wp\/v2\/types\/post"}],"author":[{"embeddable":true,"href":"https:\/\/www.pm.pb.gov.br\/portal\/wp-json\/wp\/v2\/users\/12"}],"replies":[{"embeddable":true,"href":"https:\/\/www.pm.pb.gov.br\/portal\/wp-json\/wp\/v2\/comments?post=920241"}],"version-history":[{"count":1,"href":"https:\/\/www.pm.pb.gov.br\/portal\/wp-json\/wp\/v2\/posts\/920241\/revisions"}],"predecessor-version":[{"id":920245,"href":"https:\/\/www.pm.pb.gov.br\/portal\/wp-json\/wp\/v2\/posts\/920241\/revisions\/920245"}],"wp:featuredmedia":[{"embeddable":true,"href":"https:\/\/www.pm.pb.gov.br\/portal\/wp-json\/wp\/v2\/media\/920242"}],"wp:attachment":[{"href":"https:\/\/www.pm.pb.gov.br\/portal\/wp-json\/wp\/v2\/media?parent=920241"}],"wp:term":[{"taxonomy":"category","embeddable":true,"href":"https:\/\/www.pm.pb.gov.br\/portal\/wp-json\/wp\/v2\/categories?post=920241"},{"taxonomy":"post_tag","embeddable":true,"href":"https:\/\/www.pm.pb.gov.br\/portal\/wp-json\/wp\/v2\/tags?post=920241"}],"curies":[{"name":"wp","href":"https:\/\/api.w.org\/{rel}","templated":true}]}}