{"id":920207,"date":"2024-01-12T08:30:06","date_gmt":"2024-01-12T11:30:06","guid":{"rendered":"https:\/\/www.pm.pb.gov.br\/portal\/?p=920207"},"modified":"2024-01-12T08:30:08","modified_gmt":"2024-01-12T11:30:08","slug":"policia-militar-prende-vizinhos-que-atuavam-em-conjunto-no-trafico-de-drogas-na-cidade-de-bayeux","status":"publish","type":"post","link":"https:\/\/www.pm.pb.gov.br\/portal\/2024\/01\/12\/policia-militar-prende-vizinhos-que-atuavam-em-conjunto-no-trafico-de-drogas-na-cidade-de-bayeux\/","title":{"rendered":"Pol\u00edcia Militar prende vizinhos que atuavam em conjunto no tr\u00e1fico de drogas na cidade de Bayeux"},"content":{"rendered":"\n<p>A Pol\u00edcia Militar prendeu, na noite dessa quinta-feira (11), uma mulher e um homem que estariam atuando no tr\u00e1fico de drogas, na Comunidade do Centro Comunit\u00e1rio, no bairro M\u00e1rio Andreazza, em Bayeux. Os dois eram vizinhos em uma vila. Na a\u00e7\u00e3o, foram apreendidas mais de 705 embalagens com coca\u00edna, maconha e crack, uma pistola, carregadores de arma de fogo e 20 muni\u00e7\u00f5es.<br><br>Equipes da 4\u00aa Companhia Independente da PM (4\u00aa CIPM) realizavam rondas no bairro quando os policiais renderam uma mulher que tentou se desfazer de uma sacola, ao perceber a presen\u00e7a das viaturas. Na sacola estavam v\u00e1rias por\u00e7\u00f5es de drogas. No decorrer das buscas, foi preso o comparsa dela, que era seu vizinho, e com ele foi apreendido o restante do material.<br><br>Os dois foram apresentados na 6\u00aa Delegacia Distrital, em Santa Rita.<\/p>\n","protected":false},"excerpt":{"rendered":"<p>A Pol\u00edcia Militar prendeu, na noite dessa quinta-feira (11), uma mulher e um homem que estariam atuando no tr\u00e1fico de<\/p>\n","protected":false},"author":5,"featured_media":920221,"comment_status":"closed","ping_status":"closed","sticky":false,"template":"","format":"standard","meta":{"_exactmetrics_skip_tracking":false,"_exactmetrics_sitenote_active":false,"_exactmetrics_sitenote_note":"","_exactmetrics_sitenote_category":0,"footnotes":""},"categories":[4],"tags":[],"yoast_head":"<!-- This site is optimized with the Yoast SEO plugin v22.0 - https:\/\/yoast.com\/wordpress\/plugins\/seo\/ -->\n<title>Pol\u00edcia Militar prende vizinhos que atuavam em conjunto no tr\u00e1fico de drogas na cidade de Bayeux - Pol\u00edcia Militar da Para\u00edba<\/title>\n<meta name=\"robots\" content=\"index, follow, max-snippet:-1, max-image-preview:large, max-video-preview:-1\" \/>\n<link rel=\"canonical\" href=\"https:\/\/www.pm.pb.gov.br\/portal\/2024\/01\/12\/policia-militar-prende-vizinhos-que-atuavam-em-conjunto-no-trafico-de-drogas-na-cidade-de-bayeux\/\" \/>\n<meta property=\"og:locale\" content=\"pt_BR\" \/>\n<meta property=\"og:type\" content=\"article\" \/>\n<meta property=\"og:title\" content=\"Pol\u00edcia Militar prende vizinhos que atuavam em conjunto no tr\u00e1fico de drogas na cidade de Bayeux - Pol\u00edcia Militar da Para\u00edba\" \/>\n<meta property=\"og:description\" content=\"A Pol\u00edcia Militar prendeu, na noite dessa quinta-feira (11), uma mulher e um homem que estariam atuando no tr\u00e1fico de\" \/>\n<meta property=\"og:url\" content=\"https:\/\/www.pm.pb.gov.br\/portal\/2024\/01\/12\/policia-militar-prende-vizinhos-que-atuavam-em-conjunto-no-trafico-de-drogas-na-cidade-de-bayeux\/\" \/>\n<meta property=\"og:site_name\" content=\"Pol\u00edcia Militar da Para\u00edba\" \/>\n<meta property=\"article:published_time\" content=\"2024-01-12T11:30:06+00:00\" \/>\n<meta property=\"article:modified_time\" content=\"2024-01-12T11:30:08+00:00\" \/>\n<meta property=\"og:image\" content=\"http:\/\/www.pm.pb.gov.br\/portal\/wp-content\/uploads\/2024\/01\/WhatsApp-Image-2024-01-12-at-8.47.28-AM.jpeg\" \/>\n\t<meta property=\"og:image:width\" content=\"1280\" \/>\n\t<meta property=\"og:image:height\" content=\"960\" \/>\n\t<meta property=\"og:image:type\" content=\"image\/jpeg\" \/>\n<meta name=\"author\" content=\"Assessoria de Imprensa da PMPB\" \/>\n<meta name=\"twitter:card\" content=\"summary_large_image\" \/>\n<meta name=\"twitter:label1\" content=\"Escrito por\" \/>\n\t<meta name=\"twitter:data1\" content=\"Assessoria de Imprensa da PMPB\" \/>\n\t<meta name=\"twitter:label2\" content=\"Est. tempo de leitura\" \/>\n\t<meta name=\"twitter:data2\" content=\"1 minuto\" \/>\n<script type=\"application\/ld+json\" class=\"yoast-schema-graph\">{\"@context\":\"https:\/\/schema.org\",\"@graph\":[{\"@type\":\"Article\",\"@id\":\"https:\/\/www.pm.pb.gov.br\/portal\/2024\/01\/12\/policia-militar-prende-vizinhos-que-atuavam-em-conjunto-no-trafico-de-drogas-na-cidade-de-bayeux\/#article\",\"isPartOf\":{\"@id\":\"https:\/\/www.pm.pb.gov.br\/portal\/2024\/01\/12\/policia-militar-prende-vizinhos-que-atuavam-em-conjunto-no-trafico-de-drogas-na-cidade-de-bayeux\/\"},\"author\":{\"name\":\"Assessoria de Imprensa da PMPB\",\"@id\":\"https:\/\/www.pm.pb.gov.br\/portal\/#\/schema\/person\/e8454f46651c3ecf0e1ba3c1666d9947\"},\"headline\":\"Pol\u00edcia Militar prende vizinhos que atuavam em conjunto no tr\u00e1fico de drogas na cidade de Bayeux\",\"datePublished\":\"2024-01-12T11:30:06+00:00\",\"dateModified\":\"2024-01-12T11:30:08+00:00\",\"mainEntityOfPage\":{\"@id\":\"https:\/\/www.pm.pb.gov.br\/portal\/2024\/01\/12\/policia-militar-prende-vizinhos-que-atuavam-em-conjunto-no-trafico-de-drogas-na-cidade-de-bayeux\/\"},\"wordCount\":156,\"publisher\":{\"@id\":\"https:\/\/www.pm.pb.gov.br\/portal\/#organization\"},\"articleSection\":[\"A\u00e7\u00f5es Policiais\"],\"inLanguage\":\"pt-BR\"},{\"@type\":\"WebPage\",\"@id\":\"https:\/\/www.pm.pb.gov.br\/portal\/2024\/01\/12\/policia-militar-prende-vizinhos-que-atuavam-em-conjunto-no-trafico-de-drogas-na-cidade-de-bayeux\/\",\"url\":\"https:\/\/www.pm.pb.gov.br\/portal\/2024\/01\/12\/policia-militar-prende-vizinhos-que-atuavam-em-conjunto-no-trafico-de-drogas-na-cidade-de-bayeux\/\",\"name\":\"Pol\u00edcia Militar prende vizinhos que atuavam em conjunto no tr\u00e1fico de drogas na cidade de Bayeux - Pol\u00edcia Militar da Para\u00edba\",\"isPartOf\":{\"@id\":\"https:\/\/www.pm.pb.gov.br\/portal\/#website\"},\"datePublished\":\"2024-01-12T11:30:06+00:00\",\"dateModified\":\"2024-01-12T11:30:08+00:00\",\"breadcrumb\":{\"@id\":\"https:\/\/www.pm.pb.gov.br\/portal\/2024\/01\/12\/policia-militar-prende-vizinhos-que-atuavam-em-conjunto-no-trafico-de-drogas-na-cidade-de-bayeux\/#breadcrumb\"},\"inLanguage\":\"pt-BR\",\"potentialAction\":[{\"@type\":\"ReadAction\",\"target\":[\"https:\/\/www.pm.pb.gov.br\/portal\/2024\/01\/12\/policia-militar-prende-vizinhos-que-atuavam-em-conjunto-no-trafico-de-drogas-na-cidade-de-bayeux\/\"]}]},{\"@type\":\"BreadcrumbList\",\"@id\":\"https:\/\/www.pm.pb.gov.br\/portal\/2024\/01\/12\/policia-militar-prende-vizinhos-que-atuavam-em-conjunto-no-trafico-de-drogas-na-cidade-de-bayeux\/#breadcrumb\",\"itemListElement\":[{\"@type\":\"ListItem\",\"position\":1,\"name\":\"In\u00edcio\",\"item\":\"https:\/\/www.pm.pb.gov.br\/portal\/\"},{\"@type\":\"ListItem\",\"position\":2,\"name\":\"Pol\u00edcia Militar prende vizinhos que atuavam em conjunto no tr\u00e1fico de drogas na cidade de Bayeux\"}]},{\"@type\":\"WebSite\",\"@id\":\"https:\/\/www.pm.pb.gov.br\/portal\/#website\",\"url\":\"https:\/\/www.pm.pb.gov.br\/portal\/\",\"name\":\"Pol\u00edcia Militar da Para\u00edba\",\"description\":\"\",\"publisher\":{\"@id\":\"https:\/\/www.pm.pb.gov.br\/portal\/#organization\"},\"potentialAction\":[{\"@type\":\"SearchAction\",\"target\":{\"@type\":\"EntryPoint\",\"urlTemplate\":\"https:\/\/www.pm.pb.gov.br\/portal\/?s={search_term_string}\"},\"query-input\":\"required name=search_term_string\"}],\"inLanguage\":\"pt-BR\"},{\"@type\":\"Organization\",\"@id\":\"https:\/\/www.pm.pb.gov.br\/portal\/#organization\",\"name\":\"Pol\u00edcia Militar da Para\u00edba\",\"url\":\"https:\/\/www.pm.pb.gov.br\/portal\/\",\"logo\":{\"@type\":\"ImageObject\",\"inLanguage\":\"pt-BR\",\"@id\":\"https:\/\/www.pm.pb.gov.br\/portal\/#\/schema\/logo\/image\/\",\"url\":\"https:\/\/www.pm.pb.gov.br\/portal\/wp-content\/uploads\/2025\/03\/cropped-logo-site-mag2-1.png\",\"contentUrl\":\"https:\/\/www.pm.pb.gov.br\/portal\/wp-content\/uploads\/2025\/03\/cropped-logo-site-mag2-1.png\",\"width\":320,\"height\":90,\"caption\":\"Pol\u00edcia Militar da Para\u00edba\"},\"image\":{\"@id\":\"https:\/\/www.pm.pb.gov.br\/portal\/#\/schema\/logo\/image\/\"}},{\"@type\":\"Person\",\"@id\":\"https:\/\/www.pm.pb.gov.br\/portal\/#\/schema\/person\/e8454f46651c3ecf0e1ba3c1666d9947\",\"name\":\"Assessoria de Imprensa da PMPB\",\"image\":{\"@type\":\"ImageObject\",\"inLanguage\":\"pt-BR\",\"@id\":\"https:\/\/www.pm.pb.gov.br\/portal\/#\/schema\/person\/image\/\",\"url\":\"https:\/\/secure.gravatar.com\/avatar\/2efe197438265d1e90bd98c4c8e1acf8?s=96&d=mm&r=g\",\"contentUrl\":\"https:\/\/secure.gravatar.com\/avatar\/2efe197438265d1e90bd98c4c8e1acf8?s=96&d=mm&r=g\",\"caption\":\"Assessoria de Imprensa da PMPB\"},\"url\":\"https:\/\/www.pm.pb.gov.br\/portal\/author\/assessoria\/\"}]}<\/script>\n<!-- \/ Yoast SEO plugin. -->","yoast_head_json":{"title":"Pol\u00edcia Militar prende vizinhos que atuavam em conjunto no tr\u00e1fico de drogas na cidade de Bayeux - Pol\u00edcia Militar da Para\u00edba","robots":{"index":"index","follow":"follow","max-snippet":"max-snippet:-1","max-image-preview":"max-image-preview:large","max-video-preview":"max-video-preview:-1"},"canonical":"https:\/\/www.pm.pb.gov.br\/portal\/2024\/01\/12\/policia-militar-prende-vizinhos-que-atuavam-em-conjunto-no-trafico-de-drogas-na-cidade-de-bayeux\/","og_locale":"pt_BR","og_type":"article","og_title":"Pol\u00edcia Militar prende vizinhos que atuavam em conjunto no tr\u00e1fico de drogas na cidade de Bayeux - Pol\u00edcia Militar da Para\u00edba","og_description":"A Pol\u00edcia Militar prendeu, na noite dessa quinta-feira (11), uma mulher e um homem que estariam atuando no tr\u00e1fico de","og_url":"https:\/\/www.pm.pb.gov.br\/portal\/2024\/01\/12\/policia-militar-prende-vizinhos-que-atuavam-em-conjunto-no-trafico-de-drogas-na-cidade-de-bayeux\/","og_site_name":"Pol\u00edcia Militar da Para\u00edba","article_published_time":"2024-01-12T11:30:06+00:00","article_modified_time":"2024-01-12T11:30:08+00:00","og_image":[{"width":1280,"height":960,"url":"http:\/\/www.pm.pb.gov.br\/portal\/wp-content\/uploads\/2024\/01\/WhatsApp-Image-2024-01-12-at-8.47.28-AM.jpeg","type":"image\/jpeg"}],"author":"Assessoria de Imprensa da PMPB","twitter_card":"summary_large_image","twitter_misc":{"Escrito por":"Assessoria de Imprensa da PMPB","Est. tempo de leitura":"1 minuto"},"schema":{"@context":"https:\/\/schema.org","@graph":[{"@type":"Article","@id":"https:\/\/www.pm.pb.gov.br\/portal\/2024\/01\/12\/policia-militar-prende-vizinhos-que-atuavam-em-conjunto-no-trafico-de-drogas-na-cidade-de-bayeux\/#article","isPartOf":{"@id":"https:\/\/www.pm.pb.gov.br\/portal\/2024\/01\/12\/policia-militar-prende-vizinhos-que-atuavam-em-conjunto-no-trafico-de-drogas-na-cidade-de-bayeux\/"},"author":{"name":"Assessoria de Imprensa da PMPB","@id":"https:\/\/www.pm.pb.gov.br\/portal\/#\/schema\/person\/e8454f46651c3ecf0e1ba3c1666d9947"},"headline":"Pol\u00edcia Militar prende vizinhos que atuavam em conjunto no tr\u00e1fico de drogas na cidade de Bayeux","datePublished":"2024-01-12T11:30:06+00:00","dateModified":"2024-01-12T11:30:08+00:00","mainEntityOfPage":{"@id":"https:\/\/www.pm.pb.gov.br\/portal\/2024\/01\/12\/policia-militar-prende-vizinhos-que-atuavam-em-conjunto-no-trafico-de-drogas-na-cidade-de-bayeux\/"},"wordCount":156,"publisher":{"@id":"https:\/\/www.pm.pb.gov.br\/portal\/#organization"},"articleSection":["A\u00e7\u00f5es Policiais"],"inLanguage":"pt-BR"},{"@type":"WebPage","@id":"https:\/\/www.pm.pb.gov.br\/portal\/2024\/01\/12\/policia-militar-prende-vizinhos-que-atuavam-em-conjunto-no-trafico-de-drogas-na-cidade-de-bayeux\/","url":"https:\/\/www.pm.pb.gov.br\/portal\/2024\/01\/12\/policia-militar-prende-vizinhos-que-atuavam-em-conjunto-no-trafico-de-drogas-na-cidade-de-bayeux\/","name":"Pol\u00edcia Militar prende vizinhos que atuavam em conjunto no tr\u00e1fico de drogas na cidade de Bayeux - Pol\u00edcia Militar da Para\u00edba","isPartOf":{"@id":"https:\/\/www.pm.pb.gov.br\/portal\/#website"},"datePublished":"2024-01-12T11:30:06+00:00","dateModified":"2024-01-12T11:30:08+00:00","breadcrumb":{"@id":"https:\/\/www.pm.pb.gov.br\/portal\/2024\/01\/12\/policia-militar-prende-vizinhos-que-atuavam-em-conjunto-no-trafico-de-drogas-na-cidade-de-bayeux\/#breadcrumb"},"inLanguage":"pt-BR","potentialAction":[{"@type":"ReadAction","target":["https:\/\/www.pm.pb.gov.br\/portal\/2024\/01\/12\/policia-militar-prende-vizinhos-que-atuavam-em-conjunto-no-trafico-de-drogas-na-cidade-de-bayeux\/"]}]},{"@type":"BreadcrumbList","@id":"https:\/\/www.pm.pb.gov.br\/portal\/2024\/01\/12\/policia-militar-prende-vizinhos-que-atuavam-em-conjunto-no-trafico-de-drogas-na-cidade-de-bayeux\/#breadcrumb","itemListElement":[{"@type":"ListItem","position":1,"name":"In\u00edcio","item":"https:\/\/www.pm.pb.gov.br\/portal\/"},{"@type":"ListItem","position":2,"name":"Pol\u00edcia Militar prende vizinhos que atuavam em conjunto no tr\u00e1fico de drogas na cidade de Bayeux"}]},{"@type":"WebSite","@id":"https:\/\/www.pm.pb.gov.br\/portal\/#website","url":"https:\/\/www.pm.pb.gov.br\/portal\/","name":"Pol\u00edcia Militar da Para\u00edba","description":"","publisher":{"@id":"https:\/\/www.pm.pb.gov.br\/portal\/#organization"},"potentialAction":[{"@type":"SearchAction","target":{"@type":"EntryPoint","urlTemplate":"https:\/\/www.pm.pb.gov.br\/portal\/?s={search_term_string}"},"query-input":"required name=search_term_string"}],"inLanguage":"pt-BR"},{"@type":"Organization","@id":"https:\/\/www.pm.pb.gov.br\/portal\/#organization","name":"Pol\u00edcia Militar da Para\u00edba","url":"https:\/\/www.pm.pb.gov.br\/portal\/","logo":{"@type":"ImageObject","inLanguage":"pt-BR","@id":"https:\/\/www.pm.pb.gov.br\/portal\/#\/schema\/logo\/image\/","url":"https:\/\/www.pm.pb.gov.br\/portal\/wp-content\/uploads\/2025\/03\/cropped-logo-site-mag2-1.png","contentUrl":"https:\/\/www.pm.pb.gov.br\/portal\/wp-content\/uploads\/2025\/03\/cropped-logo-site-mag2-1.png","width":320,"height":90,"caption":"Pol\u00edcia Militar da Para\u00edba"},"image":{"@id":"https:\/\/www.pm.pb.gov.br\/portal\/#\/schema\/logo\/image\/"}},{"@type":"Person","@id":"https:\/\/www.pm.pb.gov.br\/portal\/#\/schema\/person\/e8454f46651c3ecf0e1ba3c1666d9947","name":"Assessoria de Imprensa da PMPB","image":{"@type":"ImageObject","inLanguage":"pt-BR","@id":"https:\/\/www.pm.pb.gov.br\/portal\/#\/schema\/person\/image\/","url":"https:\/\/secure.gravatar.com\/avatar\/2efe197438265d1e90bd98c4c8e1acf8?s=96&d=mm&r=g","contentUrl":"https:\/\/secure.gravatar.com\/avatar\/2efe197438265d1e90bd98c4c8e1acf8?s=96&d=mm&r=g","caption":"Assessoria de Imprensa da PMPB"},"url":"https:\/\/www.pm.pb.gov.br\/portal\/author\/assessoria\/"}]}},"_links":{"self":[{"href":"https:\/\/www.pm.pb.gov.br\/portal\/wp-json\/wp\/v2\/posts\/920207"}],"collection":[{"href":"https:\/\/www.pm.pb.gov.br\/portal\/wp-json\/wp\/v2\/posts"}],"about":[{"href":"https:\/\/www.pm.pb.gov.br\/portal\/wp-json\/wp\/v2\/types\/post"}],"author":[{"embeddable":true,"href":"https:\/\/www.pm.pb.gov.br\/portal\/wp-json\/wp\/v2\/users\/5"}],"replies":[{"embeddable":true,"href":"https:\/\/www.pm.pb.gov.br\/portal\/wp-json\/wp\/v2\/comments?post=920207"}],"version-history":[{"count":2,"href":"https:\/\/www.pm.pb.gov.br\/portal\/wp-json\/wp\/v2\/posts\/920207\/revisions"}],"predecessor-version":[{"id":920222,"href":"https:\/\/www.pm.pb.gov.br\/portal\/wp-json\/wp\/v2\/posts\/920207\/revisions\/920222"}],"wp:featuredmedia":[{"embeddable":true,"href":"https:\/\/www.pm.pb.gov.br\/portal\/wp-json\/wp\/v2\/media\/920221"}],"wp:attachment":[{"href":"https:\/\/www.pm.pb.gov.br\/portal\/wp-json\/wp\/v2\/media?parent=920207"}],"wp:term":[{"taxonomy":"category","embeddable":true,"href":"https:\/\/www.pm.pb.gov.br\/portal\/wp-json\/wp\/v2\/categories?post=920207"},{"taxonomy":"post_tag","embeddable":true,"href":"https:\/\/www.pm.pb.gov.br\/portal\/wp-json\/wp\/v2\/tags?post=920207"}],"curies":[{"name":"wp","href":"https:\/\/api.w.org\/{rel}","templated":true}]}}