{"id":920204,"date":"2024-01-11T10:27:49","date_gmt":"2024-01-11T13:27:49","guid":{"rendered":"https:\/\/www.pm.pb.gov.br\/portal\/?p=920204"},"modified":"2024-01-11T10:31:07","modified_gmt":"2024-01-11T13:31:07","slug":"operacao-verao-apreende-arma-e-conduz-tres-suspeitos-para-a-delegacia-no-litoral-sul-da-pb","status":"publish","type":"post","link":"https:\/\/www.pm.pb.gov.br\/portal\/2024\/01\/11\/operacao-verao-apreende-arma-e-conduz-tres-suspeitos-para-a-delegacia-no-litoral-sul-da-pb\/","title":{"rendered":"Opera\u00e7\u00e3o Ver\u00e3o apreende arma e conduz tr\u00eas suspeitos para a delegacia no litoral sul da PB"},"content":{"rendered":"\n<p>Policiais da 1\u00aa Companhia Independente da PM (1\u00aa CIPM) apreenderam um rev\u00f3lver e conduziram tr\u00eas pessoas at\u00e9 a delegacia, nessa quarta-feira (10), durante a Opera\u00e7\u00e3o Ver\u00e3o, na cidade de Caapor\u00e3, litoral sul da Para\u00edba. <br><br>A apreens\u00e3o aconteceu depois que os policiais receberam uma informa\u00e7\u00e3o sobre suspeitos que estariam realizando disparos na rua, em Caapor\u00e3. Ao fazer buscas no local da den\u00fancia, os tr\u00eas foram encontrados com a arma. O caso foi registrado na Delegacia de Pol\u00edcia, em Alhandra.<br><\/p>\n","protected":false},"excerpt":{"rendered":"<p>Policiais da 1\u00aa Companhia Independente da PM (1\u00aa CIPM) apreenderam um rev\u00f3lver e conduziram tr\u00eas pessoas at\u00e9 a delegacia, nessa<\/p>\n","protected":false},"author":5,"featured_media":920208,"comment_status":"closed","ping_status":"closed","sticky":false,"template":"","format":"standard","meta":{"_exactmetrics_skip_tracking":false,"_exactmetrics_sitenote_active":false,"_exactmetrics_sitenote_note":"","_exactmetrics_sitenote_category":0,"footnotes":""},"categories":[4],"tags":[],"yoast_head":"<!-- This site is optimized with the Yoast SEO plugin v22.0 - https:\/\/yoast.com\/wordpress\/plugins\/seo\/ -->\n<title>Opera\u00e7\u00e3o Ver\u00e3o apreende arma e conduz tr\u00eas suspeitos para a delegacia no litoral sul da PB - Pol\u00edcia Militar da Para\u00edba<\/title>\n<meta name=\"robots\" content=\"index, follow, max-snippet:-1, max-image-preview:large, max-video-preview:-1\" \/>\n<link rel=\"canonical\" href=\"https:\/\/www.pm.pb.gov.br\/portal\/2024\/01\/11\/operacao-verao-apreende-arma-e-conduz-tres-suspeitos-para-a-delegacia-no-litoral-sul-da-pb\/\" \/>\n<meta property=\"og:locale\" content=\"pt_BR\" \/>\n<meta property=\"og:type\" content=\"article\" \/>\n<meta property=\"og:title\" content=\"Opera\u00e7\u00e3o Ver\u00e3o apreende arma e conduz tr\u00eas suspeitos para a delegacia no litoral sul da PB - Pol\u00edcia Militar da Para\u00edba\" \/>\n<meta property=\"og:description\" content=\"Policiais da 1\u00aa Companhia Independente da PM (1\u00aa CIPM) apreenderam um rev\u00f3lver e conduziram tr\u00eas pessoas at\u00e9 a delegacia, nessa\" \/>\n<meta property=\"og:url\" content=\"https:\/\/www.pm.pb.gov.br\/portal\/2024\/01\/11\/operacao-verao-apreende-arma-e-conduz-tres-suspeitos-para-a-delegacia-no-litoral-sul-da-pb\/\" \/>\n<meta property=\"og:site_name\" content=\"Pol\u00edcia Militar da Para\u00edba\" \/>\n<meta property=\"article:published_time\" content=\"2024-01-11T13:27:49+00:00\" \/>\n<meta property=\"article:modified_time\" content=\"2024-01-11T13:31:07+00:00\" \/>\n<meta property=\"og:image\" content=\"http:\/\/www.pm.pb.gov.br\/portal\/wp-content\/uploads\/2024\/01\/WhatsApp-Image-2024-01-11-at-10.14.06-AM-1.jpeg\" \/>\n\t<meta property=\"og:image:width\" content=\"768\" \/>\n\t<meta property=\"og:image:height\" content=\"1024\" \/>\n\t<meta property=\"og:image:type\" content=\"image\/jpeg\" \/>\n<meta name=\"author\" content=\"Assessoria de Imprensa da PMPB\" \/>\n<meta name=\"twitter:card\" content=\"summary_large_image\" \/>\n<meta name=\"twitter:label1\" content=\"Escrito por\" \/>\n\t<meta name=\"twitter:data1\" content=\"Assessoria de Imprensa da PMPB\" \/>\n\t<meta name=\"twitter:label2\" content=\"Est. tempo de leitura\" \/>\n\t<meta name=\"twitter:data2\" content=\"1 minuto\" \/>\n<script type=\"application\/ld+json\" class=\"yoast-schema-graph\">{\"@context\":\"https:\/\/schema.org\",\"@graph\":[{\"@type\":\"Article\",\"@id\":\"https:\/\/www.pm.pb.gov.br\/portal\/2024\/01\/11\/operacao-verao-apreende-arma-e-conduz-tres-suspeitos-para-a-delegacia-no-litoral-sul-da-pb\/#article\",\"isPartOf\":{\"@id\":\"https:\/\/www.pm.pb.gov.br\/portal\/2024\/01\/11\/operacao-verao-apreende-arma-e-conduz-tres-suspeitos-para-a-delegacia-no-litoral-sul-da-pb\/\"},\"author\":{\"name\":\"Assessoria de Imprensa da PMPB\",\"@id\":\"https:\/\/www.pm.pb.gov.br\/portal\/#\/schema\/person\/e8454f46651c3ecf0e1ba3c1666d9947\"},\"headline\":\"Opera\u00e7\u00e3o Ver\u00e3o apreende arma e conduz tr\u00eas suspeitos para a delegacia no litoral sul da PB\",\"datePublished\":\"2024-01-11T13:27:49+00:00\",\"dateModified\":\"2024-01-11T13:31:07+00:00\",\"mainEntityOfPage\":{\"@id\":\"https:\/\/www.pm.pb.gov.br\/portal\/2024\/01\/11\/operacao-verao-apreende-arma-e-conduz-tres-suspeitos-para-a-delegacia-no-litoral-sul-da-pb\/\"},\"wordCount\":104,\"publisher\":{\"@id\":\"https:\/\/www.pm.pb.gov.br\/portal\/#organization\"},\"articleSection\":[\"A\u00e7\u00f5es Policiais\"],\"inLanguage\":\"pt-BR\"},{\"@type\":\"WebPage\",\"@id\":\"https:\/\/www.pm.pb.gov.br\/portal\/2024\/01\/11\/operacao-verao-apreende-arma-e-conduz-tres-suspeitos-para-a-delegacia-no-litoral-sul-da-pb\/\",\"url\":\"https:\/\/www.pm.pb.gov.br\/portal\/2024\/01\/11\/operacao-verao-apreende-arma-e-conduz-tres-suspeitos-para-a-delegacia-no-litoral-sul-da-pb\/\",\"name\":\"Opera\u00e7\u00e3o Ver\u00e3o apreende arma e conduz tr\u00eas suspeitos para a delegacia no litoral sul da PB - Pol\u00edcia Militar da Para\u00edba\",\"isPartOf\":{\"@id\":\"https:\/\/www.pm.pb.gov.br\/portal\/#website\"},\"datePublished\":\"2024-01-11T13:27:49+00:00\",\"dateModified\":\"2024-01-11T13:31:07+00:00\",\"breadcrumb\":{\"@id\":\"https:\/\/www.pm.pb.gov.br\/portal\/2024\/01\/11\/operacao-verao-apreende-arma-e-conduz-tres-suspeitos-para-a-delegacia-no-litoral-sul-da-pb\/#breadcrumb\"},\"inLanguage\":\"pt-BR\",\"potentialAction\":[{\"@type\":\"ReadAction\",\"target\":[\"https:\/\/www.pm.pb.gov.br\/portal\/2024\/01\/11\/operacao-verao-apreende-arma-e-conduz-tres-suspeitos-para-a-delegacia-no-litoral-sul-da-pb\/\"]}]},{\"@type\":\"BreadcrumbList\",\"@id\":\"https:\/\/www.pm.pb.gov.br\/portal\/2024\/01\/11\/operacao-verao-apreende-arma-e-conduz-tres-suspeitos-para-a-delegacia-no-litoral-sul-da-pb\/#breadcrumb\",\"itemListElement\":[{\"@type\":\"ListItem\",\"position\":1,\"name\":\"In\u00edcio\",\"item\":\"https:\/\/www.pm.pb.gov.br\/portal\/\"},{\"@type\":\"ListItem\",\"position\":2,\"name\":\"Opera\u00e7\u00e3o Ver\u00e3o apreende arma e conduz tr\u00eas suspeitos para a delegacia no litoral sul da PB\"}]},{\"@type\":\"WebSite\",\"@id\":\"https:\/\/www.pm.pb.gov.br\/portal\/#website\",\"url\":\"https:\/\/www.pm.pb.gov.br\/portal\/\",\"name\":\"Pol\u00edcia Militar da Para\u00edba\",\"description\":\"\",\"publisher\":{\"@id\":\"https:\/\/www.pm.pb.gov.br\/portal\/#organization\"},\"potentialAction\":[{\"@type\":\"SearchAction\",\"target\":{\"@type\":\"EntryPoint\",\"urlTemplate\":\"https:\/\/www.pm.pb.gov.br\/portal\/?s={search_term_string}\"},\"query-input\":\"required name=search_term_string\"}],\"inLanguage\":\"pt-BR\"},{\"@type\":\"Organization\",\"@id\":\"https:\/\/www.pm.pb.gov.br\/portal\/#organization\",\"name\":\"Pol\u00edcia Militar da Para\u00edba\",\"url\":\"https:\/\/www.pm.pb.gov.br\/portal\/\",\"logo\":{\"@type\":\"ImageObject\",\"inLanguage\":\"pt-BR\",\"@id\":\"https:\/\/www.pm.pb.gov.br\/portal\/#\/schema\/logo\/image\/\",\"url\":\"https:\/\/www.pm.pb.gov.br\/portal\/wp-content\/uploads\/2025\/03\/cropped-logo-site-mag2-1.png\",\"contentUrl\":\"https:\/\/www.pm.pb.gov.br\/portal\/wp-content\/uploads\/2025\/03\/cropped-logo-site-mag2-1.png\",\"width\":320,\"height\":90,\"caption\":\"Pol\u00edcia Militar da Para\u00edba\"},\"image\":{\"@id\":\"https:\/\/www.pm.pb.gov.br\/portal\/#\/schema\/logo\/image\/\"}},{\"@type\":\"Person\",\"@id\":\"https:\/\/www.pm.pb.gov.br\/portal\/#\/schema\/person\/e8454f46651c3ecf0e1ba3c1666d9947\",\"name\":\"Assessoria de Imprensa da PMPB\",\"image\":{\"@type\":\"ImageObject\",\"inLanguage\":\"pt-BR\",\"@id\":\"https:\/\/www.pm.pb.gov.br\/portal\/#\/schema\/person\/image\/\",\"url\":\"https:\/\/secure.gravatar.com\/avatar\/2efe197438265d1e90bd98c4c8e1acf8?s=96&d=mm&r=g\",\"contentUrl\":\"https:\/\/secure.gravatar.com\/avatar\/2efe197438265d1e90bd98c4c8e1acf8?s=96&d=mm&r=g\",\"caption\":\"Assessoria de Imprensa da PMPB\"},\"url\":\"https:\/\/www.pm.pb.gov.br\/portal\/author\/assessoria\/\"}]}<\/script>\n<!-- \/ Yoast SEO plugin. -->","yoast_head_json":{"title":"Opera\u00e7\u00e3o Ver\u00e3o apreende arma e conduz tr\u00eas suspeitos para a delegacia no litoral sul da PB - Pol\u00edcia Militar da Para\u00edba","robots":{"index":"index","follow":"follow","max-snippet":"max-snippet:-1","max-image-preview":"max-image-preview:large","max-video-preview":"max-video-preview:-1"},"canonical":"https:\/\/www.pm.pb.gov.br\/portal\/2024\/01\/11\/operacao-verao-apreende-arma-e-conduz-tres-suspeitos-para-a-delegacia-no-litoral-sul-da-pb\/","og_locale":"pt_BR","og_type":"article","og_title":"Opera\u00e7\u00e3o Ver\u00e3o apreende arma e conduz tr\u00eas suspeitos para a delegacia no litoral sul da PB - Pol\u00edcia Militar da Para\u00edba","og_description":"Policiais da 1\u00aa Companhia Independente da PM (1\u00aa CIPM) apreenderam um rev\u00f3lver e conduziram tr\u00eas pessoas at\u00e9 a delegacia, nessa","og_url":"https:\/\/www.pm.pb.gov.br\/portal\/2024\/01\/11\/operacao-verao-apreende-arma-e-conduz-tres-suspeitos-para-a-delegacia-no-litoral-sul-da-pb\/","og_site_name":"Pol\u00edcia Militar da Para\u00edba","article_published_time":"2024-01-11T13:27:49+00:00","article_modified_time":"2024-01-11T13:31:07+00:00","og_image":[{"width":768,"height":1024,"url":"http:\/\/www.pm.pb.gov.br\/portal\/wp-content\/uploads\/2024\/01\/WhatsApp-Image-2024-01-11-at-10.14.06-AM-1.jpeg","type":"image\/jpeg"}],"author":"Assessoria de Imprensa da PMPB","twitter_card":"summary_large_image","twitter_misc":{"Escrito por":"Assessoria de Imprensa da PMPB","Est. tempo de leitura":"1 minuto"},"schema":{"@context":"https:\/\/schema.org","@graph":[{"@type":"Article","@id":"https:\/\/www.pm.pb.gov.br\/portal\/2024\/01\/11\/operacao-verao-apreende-arma-e-conduz-tres-suspeitos-para-a-delegacia-no-litoral-sul-da-pb\/#article","isPartOf":{"@id":"https:\/\/www.pm.pb.gov.br\/portal\/2024\/01\/11\/operacao-verao-apreende-arma-e-conduz-tres-suspeitos-para-a-delegacia-no-litoral-sul-da-pb\/"},"author":{"name":"Assessoria de Imprensa da PMPB","@id":"https:\/\/www.pm.pb.gov.br\/portal\/#\/schema\/person\/e8454f46651c3ecf0e1ba3c1666d9947"},"headline":"Opera\u00e7\u00e3o Ver\u00e3o apreende arma e conduz tr\u00eas suspeitos para a delegacia no litoral sul da PB","datePublished":"2024-01-11T13:27:49+00:00","dateModified":"2024-01-11T13:31:07+00:00","mainEntityOfPage":{"@id":"https:\/\/www.pm.pb.gov.br\/portal\/2024\/01\/11\/operacao-verao-apreende-arma-e-conduz-tres-suspeitos-para-a-delegacia-no-litoral-sul-da-pb\/"},"wordCount":104,"publisher":{"@id":"https:\/\/www.pm.pb.gov.br\/portal\/#organization"},"articleSection":["A\u00e7\u00f5es Policiais"],"inLanguage":"pt-BR"},{"@type":"WebPage","@id":"https:\/\/www.pm.pb.gov.br\/portal\/2024\/01\/11\/operacao-verao-apreende-arma-e-conduz-tres-suspeitos-para-a-delegacia-no-litoral-sul-da-pb\/","url":"https:\/\/www.pm.pb.gov.br\/portal\/2024\/01\/11\/operacao-verao-apreende-arma-e-conduz-tres-suspeitos-para-a-delegacia-no-litoral-sul-da-pb\/","name":"Opera\u00e7\u00e3o Ver\u00e3o apreende arma e conduz tr\u00eas suspeitos para a delegacia no litoral sul da PB - Pol\u00edcia Militar da Para\u00edba","isPartOf":{"@id":"https:\/\/www.pm.pb.gov.br\/portal\/#website"},"datePublished":"2024-01-11T13:27:49+00:00","dateModified":"2024-01-11T13:31:07+00:00","breadcrumb":{"@id":"https:\/\/www.pm.pb.gov.br\/portal\/2024\/01\/11\/operacao-verao-apreende-arma-e-conduz-tres-suspeitos-para-a-delegacia-no-litoral-sul-da-pb\/#breadcrumb"},"inLanguage":"pt-BR","potentialAction":[{"@type":"ReadAction","target":["https:\/\/www.pm.pb.gov.br\/portal\/2024\/01\/11\/operacao-verao-apreende-arma-e-conduz-tres-suspeitos-para-a-delegacia-no-litoral-sul-da-pb\/"]}]},{"@type":"BreadcrumbList","@id":"https:\/\/www.pm.pb.gov.br\/portal\/2024\/01\/11\/operacao-verao-apreende-arma-e-conduz-tres-suspeitos-para-a-delegacia-no-litoral-sul-da-pb\/#breadcrumb","itemListElement":[{"@type":"ListItem","position":1,"name":"In\u00edcio","item":"https:\/\/www.pm.pb.gov.br\/portal\/"},{"@type":"ListItem","position":2,"name":"Opera\u00e7\u00e3o Ver\u00e3o apreende arma e conduz tr\u00eas suspeitos para a delegacia no litoral sul da PB"}]},{"@type":"WebSite","@id":"https:\/\/www.pm.pb.gov.br\/portal\/#website","url":"https:\/\/www.pm.pb.gov.br\/portal\/","name":"Pol\u00edcia Militar da Para\u00edba","description":"","publisher":{"@id":"https:\/\/www.pm.pb.gov.br\/portal\/#organization"},"potentialAction":[{"@type":"SearchAction","target":{"@type":"EntryPoint","urlTemplate":"https:\/\/www.pm.pb.gov.br\/portal\/?s={search_term_string}"},"query-input":"required name=search_term_string"}],"inLanguage":"pt-BR"},{"@type":"Organization","@id":"https:\/\/www.pm.pb.gov.br\/portal\/#organization","name":"Pol\u00edcia Militar da Para\u00edba","url":"https:\/\/www.pm.pb.gov.br\/portal\/","logo":{"@type":"ImageObject","inLanguage":"pt-BR","@id":"https:\/\/www.pm.pb.gov.br\/portal\/#\/schema\/logo\/image\/","url":"https:\/\/www.pm.pb.gov.br\/portal\/wp-content\/uploads\/2025\/03\/cropped-logo-site-mag2-1.png","contentUrl":"https:\/\/www.pm.pb.gov.br\/portal\/wp-content\/uploads\/2025\/03\/cropped-logo-site-mag2-1.png","width":320,"height":90,"caption":"Pol\u00edcia Militar da Para\u00edba"},"image":{"@id":"https:\/\/www.pm.pb.gov.br\/portal\/#\/schema\/logo\/image\/"}},{"@type":"Person","@id":"https:\/\/www.pm.pb.gov.br\/portal\/#\/schema\/person\/e8454f46651c3ecf0e1ba3c1666d9947","name":"Assessoria de Imprensa da PMPB","image":{"@type":"ImageObject","inLanguage":"pt-BR","@id":"https:\/\/www.pm.pb.gov.br\/portal\/#\/schema\/person\/image\/","url":"https:\/\/secure.gravatar.com\/avatar\/2efe197438265d1e90bd98c4c8e1acf8?s=96&d=mm&r=g","contentUrl":"https:\/\/secure.gravatar.com\/avatar\/2efe197438265d1e90bd98c4c8e1acf8?s=96&d=mm&r=g","caption":"Assessoria de Imprensa da PMPB"},"url":"https:\/\/www.pm.pb.gov.br\/portal\/author\/assessoria\/"}]}},"_links":{"self":[{"href":"https:\/\/www.pm.pb.gov.br\/portal\/wp-json\/wp\/v2\/posts\/920204"}],"collection":[{"href":"https:\/\/www.pm.pb.gov.br\/portal\/wp-json\/wp\/v2\/posts"}],"about":[{"href":"https:\/\/www.pm.pb.gov.br\/portal\/wp-json\/wp\/v2\/types\/post"}],"author":[{"embeddable":true,"href":"https:\/\/www.pm.pb.gov.br\/portal\/wp-json\/wp\/v2\/users\/5"}],"replies":[{"embeddable":true,"href":"https:\/\/www.pm.pb.gov.br\/portal\/wp-json\/wp\/v2\/comments?post=920204"}],"version-history":[{"count":2,"href":"https:\/\/www.pm.pb.gov.br\/portal\/wp-json\/wp\/v2\/posts\/920204\/revisions"}],"predecessor-version":[{"id":920209,"href":"https:\/\/www.pm.pb.gov.br\/portal\/wp-json\/wp\/v2\/posts\/920204\/revisions\/920209"}],"wp:featuredmedia":[{"embeddable":true,"href":"https:\/\/www.pm.pb.gov.br\/portal\/wp-json\/wp\/v2\/media\/920208"}],"wp:attachment":[{"href":"https:\/\/www.pm.pb.gov.br\/portal\/wp-json\/wp\/v2\/media?parent=920204"}],"wp:term":[{"taxonomy":"category","embeddable":true,"href":"https:\/\/www.pm.pb.gov.br\/portal\/wp-json\/wp\/v2\/categories?post=920204"},{"taxonomy":"post_tag","embeddable":true,"href":"https:\/\/www.pm.pb.gov.br\/portal\/wp-json\/wp\/v2\/tags?post=920204"}],"curies":[{"name":"wp","href":"https:\/\/api.w.org\/{rel}","templated":true}]}}