{"id":920176,"date":"2024-01-10T13:15:00","date_gmt":"2024-01-10T16:15:00","guid":{"rendered":"https:\/\/www.pm.pb.gov.br\/portal\/?p=920176"},"modified":"2024-01-10T17:07:29","modified_gmt":"2024-01-10T20:07:29","slug":"vice-governador-lucas-ribeiro-homenageia-veteranos-e-entrega-atos-de-promocao-na-policia-militar","status":"publish","type":"post","link":"https:\/\/www.pm.pb.gov.br\/portal\/2024\/01\/10\/vice-governador-lucas-ribeiro-homenageia-veteranos-e-entrega-atos-de-promocao-na-policia-militar\/","title":{"rendered":"Vice-governador Lucas Ribeiro homenageia veteranos e entrega atos de promo\u00e7\u00e3o na Pol\u00edcia Militar"},"content":{"rendered":"\n<p>Em solenidade realizada nesta quarta-feira (10) no Teatro Paulo Pontes, em Jo\u00e3o Pessoa, o vice-governador Lucas Ribeiro entregou mais de 120 atos de promo\u00e7\u00e3o a oficiais da Pol\u00edcia Militar, promovidos recentemente pelo governador Jo\u00e3o Azev\u00eado. A cerim\u00f4nia tamb\u00e9m prestou homenagem a veteranos da corpora\u00e7\u00e3o, com mais de 30 anos de servi\u00e7os prestados.<br \/><br \/>&#8220;Este \u00e9 um momento de celebra\u00e7\u00e3o para a Pol\u00edcia Militar e para a Para\u00edba. Ao promover esses oficiais e homenagear nossos valorosos veteranos, reconhecemos o servi\u00e7o daqueles que dedicam e dedicaram suas vidas \u00e0 prote\u00e7\u00e3o dos cidad\u00e3os paraibanos. Essas promo\u00e7\u00f5es tamb\u00e9m refletem o compromisso do nosso governo com a estrutura e efic\u00e1cia da Pol\u00edcia Militar, assegurando que ela continue a ser uma for\u00e7a moderna, bem equipada e altamente capacitada, pronta para atender \u00e0s necessidades de seguran\u00e7a da popula\u00e7\u00e3o&#8221;, ressaltou o vice-governador.<\/p>\n<p><img loading=\"lazy\" decoding=\"async\" class=\"size-medium wp-image-920179 aligncenter\" src=\"http:\/\/www.pm.pb.gov.br\/portal\/wp-content\/uploads\/2024\/01\/DSC04146-667x445.jpg\" alt=\"\" width=\"667\" height=\"445\" srcset=\"https:\/\/www.pm.pb.gov.br\/portal\/wp-content\/uploads\/2024\/01\/DSC04146-667x445.jpg 667w, https:\/\/www.pm.pb.gov.br\/portal\/wp-content\/uploads\/2024\/01\/DSC04146-855x570.jpg 855w, https:\/\/www.pm.pb.gov.br\/portal\/wp-content\/uploads\/2024\/01\/DSC04146-768x512.jpg 768w, https:\/\/www.pm.pb.gov.br\/portal\/wp-content\/uploads\/2024\/01\/DSC04146-272x182.jpg 272w, https:\/\/www.pm.pb.gov.br\/portal\/wp-content\/uploads\/2024\/01\/DSC04146.jpg 1024w\" sizes=\"(max-width: 667px) 100vw, 667px\" \/><\/p>\n<p><img loading=\"lazy\" decoding=\"async\" class=\"size-medium wp-image-920180 aligncenter\" src=\"http:\/\/www.pm.pb.gov.br\/portal\/wp-content\/uploads\/2024\/01\/DSC02476-667x445.jpg\" alt=\"\" width=\"667\" height=\"445\" srcset=\"https:\/\/www.pm.pb.gov.br\/portal\/wp-content\/uploads\/2024\/01\/DSC02476-667x445.jpg 667w, https:\/\/www.pm.pb.gov.br\/portal\/wp-content\/uploads\/2024\/01\/DSC02476-855x570.jpg 855w, https:\/\/www.pm.pb.gov.br\/portal\/wp-content\/uploads\/2024\/01\/DSC02476-768x512.jpg 768w, https:\/\/www.pm.pb.gov.br\/portal\/wp-content\/uploads\/2024\/01\/DSC02476-272x182.jpg 272w, https:\/\/www.pm.pb.gov.br\/portal\/wp-content\/uploads\/2024\/01\/DSC02476.jpg 1024w\" sizes=\"(max-width: 667px) 100vw, 667px\" \/><br \/>Trinta veteranos foram condecorados com medalhas (foto principal acima) ap\u00f3s a Banda de M\u00fasica da PM tocar o &#8220;Ex\u00f3rdio do Veterano&#8221;, uma composi\u00e7\u00e3o que passar\u00e1 a ser utilizada em eventos oficiais em homenagem aos militares veteranos.<\/p>\n<p>O comandante-geral da PMPB, coronel S\u00e9rgio Fonseca, tamb\u00e9m destacou a import\u00e2ncia do ato. \u201cPara n\u00f3s da Pol\u00edcia Militar, a promo\u00e7\u00e3o de policiais da ativa e a homenagem aos policiais veteranos \u00e9 uma forma de reconhecimento que chega em todas as fases da vida militar, por isso quero aqui deixar meu agradecimento ao governador Jo\u00e3o Azev\u00eado e ao vice-governador Lucas Ribeiro por proporcionar um come\u00e7o de ano com um momento importante como esse.&#8221;<br \/><img loading=\"lazy\" decoding=\"async\" class=\" wp-image-920181 aligncenter\" src=\"http:\/\/www.pm.pb.gov.br\/portal\/wp-content\/uploads\/2024\/01\/DSC02456-667x445.jpg\" alt=\"\" width=\"606\" height=\"404\" srcset=\"https:\/\/www.pm.pb.gov.br\/portal\/wp-content\/uploads\/2024\/01\/DSC02456-667x445.jpg 667w, https:\/\/www.pm.pb.gov.br\/portal\/wp-content\/uploads\/2024\/01\/DSC02456-855x570.jpg 855w, https:\/\/www.pm.pb.gov.br\/portal\/wp-content\/uploads\/2024\/01\/DSC02456-768x512.jpg 768w, https:\/\/www.pm.pb.gov.br\/portal\/wp-content\/uploads\/2024\/01\/DSC02456-272x182.jpg 272w, https:\/\/www.pm.pb.gov.br\/portal\/wp-content\/uploads\/2024\/01\/DSC02456.jpg 1024w\" sizes=\"(max-width: 606px) 100vw, 606px\" \/><\/p>\n<p><img loading=\"lazy\" decoding=\"async\" class=\" wp-image-920182 aligncenter\" src=\"http:\/\/www.pm.pb.gov.br\/portal\/wp-content\/uploads\/2024\/01\/DSC04153-667x445.jpg\" alt=\"\" width=\"611\" height=\"407\" srcset=\"https:\/\/www.pm.pb.gov.br\/portal\/wp-content\/uploads\/2024\/01\/DSC04153-667x445.jpg 667w, https:\/\/www.pm.pb.gov.br\/portal\/wp-content\/uploads\/2024\/01\/DSC04153-855x570.jpg 855w, https:\/\/www.pm.pb.gov.br\/portal\/wp-content\/uploads\/2024\/01\/DSC04153-768x512.jpg 768w, https:\/\/www.pm.pb.gov.br\/portal\/wp-content\/uploads\/2024\/01\/DSC04153-272x182.jpg 272w, https:\/\/www.pm.pb.gov.br\/portal\/wp-content\/uploads\/2024\/01\/DSC04153.jpg 1024w\" sizes=\"(max-width: 611px) 100vw, 611px\" \/><\/p>\n<p><img loading=\"lazy\" decoding=\"async\" class=\" wp-image-920185 aligncenter\" src=\"http:\/\/www.pm.pb.gov.br\/portal\/wp-content\/uploads\/2024\/01\/WhatsApp-Image-2024-01-10-at-12.05.07-665x445.jpeg\" alt=\"\" width=\"609\" height=\"407\" srcset=\"https:\/\/www.pm.pb.gov.br\/portal\/wp-content\/uploads\/2024\/01\/WhatsApp-Image-2024-01-10-at-12.05.07-665x445.jpeg 665w, https:\/\/www.pm.pb.gov.br\/portal\/wp-content\/uploads\/2024\/01\/WhatsApp-Image-2024-01-10-at-12.05.07-852x570.jpeg 852w, https:\/\/www.pm.pb.gov.br\/portal\/wp-content\/uploads\/2024\/01\/WhatsApp-Image-2024-01-10-at-12.05.07-768x514.jpeg 768w, https:\/\/www.pm.pb.gov.br\/portal\/wp-content\/uploads\/2024\/01\/WhatsApp-Image-2024-01-10-at-12.05.07-272x182.jpeg 272w, https:\/\/www.pm.pb.gov.br\/portal\/wp-content\/uploads\/2024\/01\/WhatsApp-Image-2024-01-10-at-12.05.07.jpeg 1280w\" sizes=\"(max-width: 609px) 100vw, 609px\" \/><br \/>As promo\u00e7\u00f5es, referentes a dezembro, foram oficializadas por meio de publica\u00e7\u00e3o no Di\u00e1rio Oficial, edi\u00e7\u00e3o n\u00ba 18.011. Oficiais foram promovidos a todos os postos hier\u00e1rquicos da corpora\u00e7\u00e3o, incluindo o \u00faltimo posto, que \u00e9 o de coronel (foto abaixo), respeitando crit\u00e9rios de antiguidade e merecimento.<\/p>\n<p><img loading=\"lazy\" decoding=\"async\" class=\" wp-image-920186 aligncenter\" src=\"http:\/\/www.pm.pb.gov.br\/portal\/wp-content\/uploads\/2024\/01\/WhatsApp-Image-2024-01-10-at-12.05.08-665x445.jpeg\" alt=\"\" width=\"640\" height=\"429\" srcset=\"https:\/\/www.pm.pb.gov.br\/portal\/wp-content\/uploads\/2024\/01\/WhatsApp-Image-2024-01-10-at-12.05.08-665x445.jpeg 665w, https:\/\/www.pm.pb.gov.br\/portal\/wp-content\/uploads\/2024\/01\/WhatsApp-Image-2024-01-10-at-12.05.08-852x570.jpeg 852w, https:\/\/www.pm.pb.gov.br\/portal\/wp-content\/uploads\/2024\/01\/WhatsApp-Image-2024-01-10-at-12.05.08-768x514.jpeg 768w, https:\/\/www.pm.pb.gov.br\/portal\/wp-content\/uploads\/2024\/01\/WhatsApp-Image-2024-01-10-at-12.05.08-272x182.jpeg 272w, https:\/\/www.pm.pb.gov.br\/portal\/wp-content\/uploads\/2024\/01\/WhatsApp-Image-2024-01-10-at-12.05.08.jpeg 1280w\" sizes=\"(max-width: 640px) 100vw, 640px\" \/><\/p>\n<p><img loading=\"lazy\" decoding=\"async\" class=\"size-medium wp-image-920178 aligncenter\" src=\"http:\/\/www.pm.pb.gov.br\/portal\/wp-content\/uploads\/2024\/01\/DSC02645-667x445.jpg\" alt=\"\" width=\"667\" height=\"445\" srcset=\"https:\/\/www.pm.pb.gov.br\/portal\/wp-content\/uploads\/2024\/01\/DSC02645-667x445.jpg 667w, https:\/\/www.pm.pb.gov.br\/portal\/wp-content\/uploads\/2024\/01\/DSC02645-855x570.jpg 855w, https:\/\/www.pm.pb.gov.br\/portal\/wp-content\/uploads\/2024\/01\/DSC02645-768x512.jpg 768w, https:\/\/www.pm.pb.gov.br\/portal\/wp-content\/uploads\/2024\/01\/DSC02645-272x182.jpg 272w, https:\/\/www.pm.pb.gov.br\/portal\/wp-content\/uploads\/2024\/01\/DSC02645.jpg 1024w\" sizes=\"(max-width: 667px) 100vw, 667px\" \/><\/p>\n<p><img loading=\"lazy\" decoding=\"async\" class=\"size-medium wp-image-920183 aligncenter\" src=\"http:\/\/www.pm.pb.gov.br\/portal\/wp-content\/uploads\/2024\/01\/DSC04104-667x445.jpg\" alt=\"\" width=\"667\" height=\"445\" srcset=\"https:\/\/www.pm.pb.gov.br\/portal\/wp-content\/uploads\/2024\/01\/DSC04104-667x445.jpg 667w, https:\/\/www.pm.pb.gov.br\/portal\/wp-content\/uploads\/2024\/01\/DSC04104-855x570.jpg 855w, https:\/\/www.pm.pb.gov.br\/portal\/wp-content\/uploads\/2024\/01\/DSC04104-768x512.jpg 768w, https:\/\/www.pm.pb.gov.br\/portal\/wp-content\/uploads\/2024\/01\/DSC04104-272x182.jpg 272w, https:\/\/www.pm.pb.gov.br\/portal\/wp-content\/uploads\/2024\/01\/DSC04104.jpg 1024w\" sizes=\"(max-width: 667px) 100vw, 667px\" \/><\/p>\n<p><img loading=\"lazy\" decoding=\"async\" class=\"size-medium wp-image-920184 aligncenter\" src=\"http:\/\/www.pm.pb.gov.br\/portal\/wp-content\/uploads\/2024\/01\/DSC04102-667x445.jpg\" alt=\"\" width=\"667\" height=\"445\" srcset=\"https:\/\/www.pm.pb.gov.br\/portal\/wp-content\/uploads\/2024\/01\/DSC04102-667x445.jpg 667w, https:\/\/www.pm.pb.gov.br\/portal\/wp-content\/uploads\/2024\/01\/DSC04102-855x570.jpg 855w, https:\/\/www.pm.pb.gov.br\/portal\/wp-content\/uploads\/2024\/01\/DSC04102-768x512.jpg 768w, https:\/\/www.pm.pb.gov.br\/portal\/wp-content\/uploads\/2024\/01\/DSC04102-272x182.jpg 272w, https:\/\/www.pm.pb.gov.br\/portal\/wp-content\/uploads\/2024\/01\/DSC04102.jpg 1024w\" sizes=\"(max-width: 667px) 100vw, 667px\" \/><\/p>\n<p>Texto: Secom; Fotos: Coordenadoria de Comunica\u00e7\u00e3o da PMPB (EM\/5).<\/p>\n\n\n","protected":false},"excerpt":{"rendered":"<p>Em solenidade realizada nesta quarta-feira (10) no Teatro Paulo Pontes, em Jo\u00e3o Pessoa, o vice-governador Lucas Ribeiro entregou mais de<\/p>\n","protected":false},"author":12,"featured_media":920177,"comment_status":"closed","ping_status":"closed","sticky":false,"template":"","format":"standard","meta":{"_exactmetrics_skip_tracking":false,"_exactmetrics_sitenote_active":false,"_exactmetrics_sitenote_note":"","_exactmetrics_sitenote_category":0,"footnotes":""},"categories":[9],"tags":[],"yoast_head":"<!-- This site is optimized with the Yoast SEO plugin v22.0 - https:\/\/yoast.com\/wordpress\/plugins\/seo\/ -->\n<title>Vice-governador Lucas Ribeiro homenageia veteranos e entrega atos de promo\u00e7\u00e3o na Pol\u00edcia Militar - Pol\u00edcia Militar da Para\u00edba<\/title>\n<meta name=\"description\" content=\"As promo\u00e7\u00f5es, referentes a dezembro, foram oficializadas por meio do Di\u00e1rio Oficial. Oficiais foram promovidos a todos os postos hier\u00e1rquicos da corpora\u00e7\u00e3o, incluindo o \u00faltimo posto, que \u00e9 o de coronel.\" \/>\n<meta name=\"robots\" content=\"index, follow, max-snippet:-1, max-image-preview:large, max-video-preview:-1\" \/>\n<link rel=\"canonical\" href=\"https:\/\/www.pm.pb.gov.br\/portal\/2024\/01\/10\/vice-governador-lucas-ribeiro-homenageia-veteranos-e-entrega-atos-de-promocao-na-policia-militar\/\" \/>\n<meta property=\"og:locale\" content=\"pt_BR\" \/>\n<meta property=\"og:type\" content=\"article\" \/>\n<meta property=\"og:title\" content=\"Vice-governador Lucas Ribeiro homenageia veteranos e entrega atos de promo\u00e7\u00e3o na Pol\u00edcia Militar - Pol\u00edcia Militar da Para\u00edba\" \/>\n<meta property=\"og:description\" content=\"As promo\u00e7\u00f5es, referentes a dezembro, foram oficializadas por meio do Di\u00e1rio Oficial. Oficiais foram promovidos a todos os postos hier\u00e1rquicos da corpora\u00e7\u00e3o, incluindo o \u00faltimo posto, que \u00e9 o de coronel.\" \/>\n<meta property=\"og:url\" content=\"https:\/\/www.pm.pb.gov.br\/portal\/2024\/01\/10\/vice-governador-lucas-ribeiro-homenageia-veteranos-e-entrega-atos-de-promocao-na-policia-militar\/\" \/>\n<meta property=\"og:site_name\" content=\"Pol\u00edcia Militar da Para\u00edba\" \/>\n<meta property=\"article:published_time\" content=\"2024-01-10T16:15:00+00:00\" \/>\n<meta property=\"article:modified_time\" content=\"2024-01-10T20:07:29+00:00\" \/>\n<meta property=\"og:image\" content=\"http:\/\/www.pm.pb.gov.br\/portal\/wp-content\/uploads\/2024\/01\/DSC03956.jpg\" \/>\n\t<meta property=\"og:image:width\" content=\"800\" \/>\n\t<meta property=\"og:image:height\" content=\"445\" \/>\n\t<meta property=\"og:image:type\" content=\"image\/jpeg\" \/>\n<meta name=\"author\" content=\"Tarcisio Oliveira\" \/>\n<meta name=\"twitter:card\" content=\"summary_large_image\" \/>\n<meta name=\"twitter:label1\" content=\"Escrito por\" \/>\n\t<meta name=\"twitter:data1\" content=\"Tarcisio Oliveira\" \/>\n\t<meta name=\"twitter:label2\" content=\"Est. tempo de leitura\" \/>\n\t<meta name=\"twitter:data2\" content=\"4 minutos\" \/>\n<script type=\"application\/ld+json\" class=\"yoast-schema-graph\">{\"@context\":\"https:\/\/schema.org\",\"@graph\":[{\"@type\":\"Article\",\"@id\":\"https:\/\/www.pm.pb.gov.br\/portal\/2024\/01\/10\/vice-governador-lucas-ribeiro-homenageia-veteranos-e-entrega-atos-de-promocao-na-policia-militar\/#article\",\"isPartOf\":{\"@id\":\"https:\/\/www.pm.pb.gov.br\/portal\/2024\/01\/10\/vice-governador-lucas-ribeiro-homenageia-veteranos-e-entrega-atos-de-promocao-na-policia-militar\/\"},\"author\":{\"name\":\"Tarcisio Oliveira\",\"@id\":\"https:\/\/www.pm.pb.gov.br\/portal\/#\/schema\/person\/f84f56dcc78ce4357054da888b8247fd\"},\"headline\":\"Vice-governador Lucas Ribeiro homenageia veteranos e entrega atos de promo\u00e7\u00e3o na Pol\u00edcia Militar\",\"datePublished\":\"2024-01-10T16:15:00+00:00\",\"dateModified\":\"2024-01-10T20:07:29+00:00\",\"mainEntityOfPage\":{\"@id\":\"https:\/\/www.pm.pb.gov.br\/portal\/2024\/01\/10\/vice-governador-lucas-ribeiro-homenageia-veteranos-e-entrega-atos-de-promocao-na-policia-militar\/\"},\"wordCount\":344,\"publisher\":{\"@id\":\"https:\/\/www.pm.pb.gov.br\/portal\/#organization\"},\"articleSection\":[\"Eventos\"],\"inLanguage\":\"pt-BR\"},{\"@type\":\"WebPage\",\"@id\":\"https:\/\/www.pm.pb.gov.br\/portal\/2024\/01\/10\/vice-governador-lucas-ribeiro-homenageia-veteranos-e-entrega-atos-de-promocao-na-policia-militar\/\",\"url\":\"https:\/\/www.pm.pb.gov.br\/portal\/2024\/01\/10\/vice-governador-lucas-ribeiro-homenageia-veteranos-e-entrega-atos-de-promocao-na-policia-militar\/\",\"name\":\"Vice-governador Lucas Ribeiro homenageia veteranos e entrega atos de promo\u00e7\u00e3o na Pol\u00edcia Militar - Pol\u00edcia Militar da Para\u00edba\",\"isPartOf\":{\"@id\":\"https:\/\/www.pm.pb.gov.br\/portal\/#website\"},\"datePublished\":\"2024-01-10T16:15:00+00:00\",\"dateModified\":\"2024-01-10T20:07:29+00:00\",\"description\":\"As promo\u00e7\u00f5es, referentes a dezembro, foram oficializadas por meio do Di\u00e1rio Oficial. Oficiais foram promovidos a todos os postos hier\u00e1rquicos da corpora\u00e7\u00e3o, incluindo o \u00faltimo posto, que \u00e9 o de coronel.\",\"breadcrumb\":{\"@id\":\"https:\/\/www.pm.pb.gov.br\/portal\/2024\/01\/10\/vice-governador-lucas-ribeiro-homenageia-veteranos-e-entrega-atos-de-promocao-na-policia-militar\/#breadcrumb\"},\"inLanguage\":\"pt-BR\",\"potentialAction\":[{\"@type\":\"ReadAction\",\"target\":[\"https:\/\/www.pm.pb.gov.br\/portal\/2024\/01\/10\/vice-governador-lucas-ribeiro-homenageia-veteranos-e-entrega-atos-de-promocao-na-policia-militar\/\"]}]},{\"@type\":\"BreadcrumbList\",\"@id\":\"https:\/\/www.pm.pb.gov.br\/portal\/2024\/01\/10\/vice-governador-lucas-ribeiro-homenageia-veteranos-e-entrega-atos-de-promocao-na-policia-militar\/#breadcrumb\",\"itemListElement\":[{\"@type\":\"ListItem\",\"position\":1,\"name\":\"In\u00edcio\",\"item\":\"https:\/\/www.pm.pb.gov.br\/portal\/\"},{\"@type\":\"ListItem\",\"position\":2,\"name\":\"Vice-governador Lucas Ribeiro homenageia veteranos e entrega atos de promo\u00e7\u00e3o na Pol\u00edcia Militar\"}]},{\"@type\":\"WebSite\",\"@id\":\"https:\/\/www.pm.pb.gov.br\/portal\/#website\",\"url\":\"https:\/\/www.pm.pb.gov.br\/portal\/\",\"name\":\"Pol\u00edcia Militar da Para\u00edba\",\"description\":\"\",\"publisher\":{\"@id\":\"https:\/\/www.pm.pb.gov.br\/portal\/#organization\"},\"potentialAction\":[{\"@type\":\"SearchAction\",\"target\":{\"@type\":\"EntryPoint\",\"urlTemplate\":\"https:\/\/www.pm.pb.gov.br\/portal\/?s={search_term_string}\"},\"query-input\":\"required name=search_term_string\"}],\"inLanguage\":\"pt-BR\"},{\"@type\":\"Organization\",\"@id\":\"https:\/\/www.pm.pb.gov.br\/portal\/#organization\",\"name\":\"Pol\u00edcia Militar da Para\u00edba\",\"url\":\"https:\/\/www.pm.pb.gov.br\/portal\/\",\"logo\":{\"@type\":\"ImageObject\",\"inLanguage\":\"pt-BR\",\"@id\":\"https:\/\/www.pm.pb.gov.br\/portal\/#\/schema\/logo\/image\/\",\"url\":\"https:\/\/www.pm.pb.gov.br\/portal\/wp-content\/uploads\/2025\/03\/cropped-logo-site-mag2-1.png\",\"contentUrl\":\"https:\/\/www.pm.pb.gov.br\/portal\/wp-content\/uploads\/2025\/03\/cropped-logo-site-mag2-1.png\",\"width\":320,\"height\":90,\"caption\":\"Pol\u00edcia Militar da Para\u00edba\"},\"image\":{\"@id\":\"https:\/\/www.pm.pb.gov.br\/portal\/#\/schema\/logo\/image\/\"}},{\"@type\":\"Person\",\"@id\":\"https:\/\/www.pm.pb.gov.br\/portal\/#\/schema\/person\/f84f56dcc78ce4357054da888b8247fd\",\"name\":\"Tarcisio Oliveira\",\"image\":{\"@type\":\"ImageObject\",\"inLanguage\":\"pt-BR\",\"@id\":\"https:\/\/www.pm.pb.gov.br\/portal\/#\/schema\/person\/image\/\",\"url\":\"https:\/\/secure.gravatar.com\/avatar\/72917b630b69d31cd0297507f34bac97?s=96&d=mm&r=g\",\"contentUrl\":\"https:\/\/secure.gravatar.com\/avatar\/72917b630b69d31cd0297507f34bac97?s=96&d=mm&r=g\",\"caption\":\"Tarcisio Oliveira\"},\"url\":\"https:\/\/www.pm.pb.gov.br\/portal\/author\/tarcisio\/\"}]}<\/script>\n<!-- \/ Yoast SEO plugin. -->","yoast_head_json":{"title":"Vice-governador Lucas Ribeiro homenageia veteranos e entrega atos de promo\u00e7\u00e3o na Pol\u00edcia Militar - Pol\u00edcia Militar da Para\u00edba","description":"As promo\u00e7\u00f5es, referentes a dezembro, foram oficializadas por meio do Di\u00e1rio Oficial. Oficiais foram promovidos a todos os postos hier\u00e1rquicos da corpora\u00e7\u00e3o, incluindo o \u00faltimo posto, que \u00e9 o de coronel.","robots":{"index":"index","follow":"follow","max-snippet":"max-snippet:-1","max-image-preview":"max-image-preview:large","max-video-preview":"max-video-preview:-1"},"canonical":"https:\/\/www.pm.pb.gov.br\/portal\/2024\/01\/10\/vice-governador-lucas-ribeiro-homenageia-veteranos-e-entrega-atos-de-promocao-na-policia-militar\/","og_locale":"pt_BR","og_type":"article","og_title":"Vice-governador Lucas Ribeiro homenageia veteranos e entrega atos de promo\u00e7\u00e3o na Pol\u00edcia Militar - Pol\u00edcia Militar da Para\u00edba","og_description":"As promo\u00e7\u00f5es, referentes a dezembro, foram oficializadas por meio do Di\u00e1rio Oficial. Oficiais foram promovidos a todos os postos hier\u00e1rquicos da corpora\u00e7\u00e3o, incluindo o \u00faltimo posto, que \u00e9 o de coronel.","og_url":"https:\/\/www.pm.pb.gov.br\/portal\/2024\/01\/10\/vice-governador-lucas-ribeiro-homenageia-veteranos-e-entrega-atos-de-promocao-na-policia-militar\/","og_site_name":"Pol\u00edcia Militar da Para\u00edba","article_published_time":"2024-01-10T16:15:00+00:00","article_modified_time":"2024-01-10T20:07:29+00:00","og_image":[{"width":800,"height":445,"url":"http:\/\/www.pm.pb.gov.br\/portal\/wp-content\/uploads\/2024\/01\/DSC03956.jpg","type":"image\/jpeg"}],"author":"Tarcisio Oliveira","twitter_card":"summary_large_image","twitter_misc":{"Escrito por":"Tarcisio Oliveira","Est. tempo de leitura":"4 minutos"},"schema":{"@context":"https:\/\/schema.org","@graph":[{"@type":"Article","@id":"https:\/\/www.pm.pb.gov.br\/portal\/2024\/01\/10\/vice-governador-lucas-ribeiro-homenageia-veteranos-e-entrega-atos-de-promocao-na-policia-militar\/#article","isPartOf":{"@id":"https:\/\/www.pm.pb.gov.br\/portal\/2024\/01\/10\/vice-governador-lucas-ribeiro-homenageia-veteranos-e-entrega-atos-de-promocao-na-policia-militar\/"},"author":{"name":"Tarcisio Oliveira","@id":"https:\/\/www.pm.pb.gov.br\/portal\/#\/schema\/person\/f84f56dcc78ce4357054da888b8247fd"},"headline":"Vice-governador Lucas Ribeiro homenageia veteranos e entrega atos de promo\u00e7\u00e3o na Pol\u00edcia Militar","datePublished":"2024-01-10T16:15:00+00:00","dateModified":"2024-01-10T20:07:29+00:00","mainEntityOfPage":{"@id":"https:\/\/www.pm.pb.gov.br\/portal\/2024\/01\/10\/vice-governador-lucas-ribeiro-homenageia-veteranos-e-entrega-atos-de-promocao-na-policia-militar\/"},"wordCount":344,"publisher":{"@id":"https:\/\/www.pm.pb.gov.br\/portal\/#organization"},"articleSection":["Eventos"],"inLanguage":"pt-BR"},{"@type":"WebPage","@id":"https:\/\/www.pm.pb.gov.br\/portal\/2024\/01\/10\/vice-governador-lucas-ribeiro-homenageia-veteranos-e-entrega-atos-de-promocao-na-policia-militar\/","url":"https:\/\/www.pm.pb.gov.br\/portal\/2024\/01\/10\/vice-governador-lucas-ribeiro-homenageia-veteranos-e-entrega-atos-de-promocao-na-policia-militar\/","name":"Vice-governador Lucas Ribeiro homenageia veteranos e entrega atos de promo\u00e7\u00e3o na Pol\u00edcia Militar - Pol\u00edcia Militar da Para\u00edba","isPartOf":{"@id":"https:\/\/www.pm.pb.gov.br\/portal\/#website"},"datePublished":"2024-01-10T16:15:00+00:00","dateModified":"2024-01-10T20:07:29+00:00","description":"As promo\u00e7\u00f5es, referentes a dezembro, foram oficializadas por meio do Di\u00e1rio Oficial. Oficiais foram promovidos a todos os postos hier\u00e1rquicos da corpora\u00e7\u00e3o, incluindo o \u00faltimo posto, que \u00e9 o de coronel.","breadcrumb":{"@id":"https:\/\/www.pm.pb.gov.br\/portal\/2024\/01\/10\/vice-governador-lucas-ribeiro-homenageia-veteranos-e-entrega-atos-de-promocao-na-policia-militar\/#breadcrumb"},"inLanguage":"pt-BR","potentialAction":[{"@type":"ReadAction","target":["https:\/\/www.pm.pb.gov.br\/portal\/2024\/01\/10\/vice-governador-lucas-ribeiro-homenageia-veteranos-e-entrega-atos-de-promocao-na-policia-militar\/"]}]},{"@type":"BreadcrumbList","@id":"https:\/\/www.pm.pb.gov.br\/portal\/2024\/01\/10\/vice-governador-lucas-ribeiro-homenageia-veteranos-e-entrega-atos-de-promocao-na-policia-militar\/#breadcrumb","itemListElement":[{"@type":"ListItem","position":1,"name":"In\u00edcio","item":"https:\/\/www.pm.pb.gov.br\/portal\/"},{"@type":"ListItem","position":2,"name":"Vice-governador Lucas Ribeiro homenageia veteranos e entrega atos de promo\u00e7\u00e3o na Pol\u00edcia Militar"}]},{"@type":"WebSite","@id":"https:\/\/www.pm.pb.gov.br\/portal\/#website","url":"https:\/\/www.pm.pb.gov.br\/portal\/","name":"Pol\u00edcia Militar da Para\u00edba","description":"","publisher":{"@id":"https:\/\/www.pm.pb.gov.br\/portal\/#organization"},"potentialAction":[{"@type":"SearchAction","target":{"@type":"EntryPoint","urlTemplate":"https:\/\/www.pm.pb.gov.br\/portal\/?s={search_term_string}"},"query-input":"required name=search_term_string"}],"inLanguage":"pt-BR"},{"@type":"Organization","@id":"https:\/\/www.pm.pb.gov.br\/portal\/#organization","name":"Pol\u00edcia Militar da Para\u00edba","url":"https:\/\/www.pm.pb.gov.br\/portal\/","logo":{"@type":"ImageObject","inLanguage":"pt-BR","@id":"https:\/\/www.pm.pb.gov.br\/portal\/#\/schema\/logo\/image\/","url":"https:\/\/www.pm.pb.gov.br\/portal\/wp-content\/uploads\/2025\/03\/cropped-logo-site-mag2-1.png","contentUrl":"https:\/\/www.pm.pb.gov.br\/portal\/wp-content\/uploads\/2025\/03\/cropped-logo-site-mag2-1.png","width":320,"height":90,"caption":"Pol\u00edcia Militar da Para\u00edba"},"image":{"@id":"https:\/\/www.pm.pb.gov.br\/portal\/#\/schema\/logo\/image\/"}},{"@type":"Person","@id":"https:\/\/www.pm.pb.gov.br\/portal\/#\/schema\/person\/f84f56dcc78ce4357054da888b8247fd","name":"Tarcisio Oliveira","image":{"@type":"ImageObject","inLanguage":"pt-BR","@id":"https:\/\/www.pm.pb.gov.br\/portal\/#\/schema\/person\/image\/","url":"https:\/\/secure.gravatar.com\/avatar\/72917b630b69d31cd0297507f34bac97?s=96&d=mm&r=g","contentUrl":"https:\/\/secure.gravatar.com\/avatar\/72917b630b69d31cd0297507f34bac97?s=96&d=mm&r=g","caption":"Tarcisio Oliveira"},"url":"https:\/\/www.pm.pb.gov.br\/portal\/author\/tarcisio\/"}]}},"_links":{"self":[{"href":"https:\/\/www.pm.pb.gov.br\/portal\/wp-json\/wp\/v2\/posts\/920176"}],"collection":[{"href":"https:\/\/www.pm.pb.gov.br\/portal\/wp-json\/wp\/v2\/posts"}],"about":[{"href":"https:\/\/www.pm.pb.gov.br\/portal\/wp-json\/wp\/v2\/types\/post"}],"author":[{"embeddable":true,"href":"https:\/\/www.pm.pb.gov.br\/portal\/wp-json\/wp\/v2\/users\/12"}],"replies":[{"embeddable":true,"href":"https:\/\/www.pm.pb.gov.br\/portal\/wp-json\/wp\/v2\/comments?post=920176"}],"version-history":[{"count":1,"href":"https:\/\/www.pm.pb.gov.br\/portal\/wp-json\/wp\/v2\/posts\/920176\/revisions"}],"predecessor-version":[{"id":920187,"href":"https:\/\/www.pm.pb.gov.br\/portal\/wp-json\/wp\/v2\/posts\/920176\/revisions\/920187"}],"wp:featuredmedia":[{"embeddable":true,"href":"https:\/\/www.pm.pb.gov.br\/portal\/wp-json\/wp\/v2\/media\/920177"}],"wp:attachment":[{"href":"https:\/\/www.pm.pb.gov.br\/portal\/wp-json\/wp\/v2\/media?parent=920176"}],"wp:term":[{"taxonomy":"category","embeddable":true,"href":"https:\/\/www.pm.pb.gov.br\/portal\/wp-json\/wp\/v2\/categories?post=920176"},{"taxonomy":"post_tag","embeddable":true,"href":"https:\/\/www.pm.pb.gov.br\/portal\/wp-json\/wp\/v2\/tags?post=920176"}],"curies":[{"name":"wp","href":"https:\/\/api.w.org\/{rel}","templated":true}]}}