{"id":920104,"date":"2024-01-08T11:06:28","date_gmt":"2024-01-08T14:06:28","guid":{"rendered":"https:\/\/www.pm.pb.gov.br\/portal\/?p=920104"},"modified":"2024-01-08T11:06:29","modified_gmt":"2024-01-08T14:06:29","slug":"homem-com-sintomas-de-embriaguez-e-preso-em-lanchonete-com-arma-na-cintura-em-catole-do-rocha","status":"publish","type":"post","link":"https:\/\/www.pm.pb.gov.br\/portal\/2024\/01\/08\/homem-com-sintomas-de-embriaguez-e-preso-em-lanchonete-com-arma-na-cintura-em-catole-do-rocha\/","title":{"rendered":"Homem com sintomas de embriaguez \u00e9 preso em lanchonete com arma na cintura em Catol\u00e9 do Rocha"},"content":{"rendered":"\n<p>Policiais militares do 12\u00ba Batalh\u00e3o prenderam um homem que estava em uma lanchonete, na noite desse domingo (7), com uma pistola calibre 380 na cintura, na cidade de Catol\u00e9 do Rocha, Sert\u00e3o da Para\u00edba. O acusado estava com sintomas de embriaguez.<br><br>A arma encontrada com o suspeito estava com 17 muni\u00e7\u00f5es intactas (prontas para o uso). Ele foi apresentado na Delegacia de Pol\u00edcia, em Catol\u00e9 do Rocha.<br><\/p>\n","protected":false},"excerpt":{"rendered":"<p>Policiais militares do 12\u00ba Batalh\u00e3o prenderam um homem que estava em uma lanchonete, na noite desse domingo (7), com uma<\/p>\n","protected":false},"author":5,"featured_media":920109,"comment_status":"closed","ping_status":"closed","sticky":false,"template":"","format":"standard","meta":{"_exactmetrics_skip_tracking":false,"_exactmetrics_sitenote_active":false,"_exactmetrics_sitenote_note":"","_exactmetrics_sitenote_category":0,"footnotes":""},"categories":[4],"tags":[],"yoast_head":"<!-- This site is optimized with the Yoast SEO plugin v22.0 - https:\/\/yoast.com\/wordpress\/plugins\/seo\/ -->\n<title>Homem com sintomas de embriaguez \u00e9 preso em lanchonete com arma na cintura em Catol\u00e9 do Rocha - Pol\u00edcia Militar da Para\u00edba<\/title>\n<meta name=\"robots\" content=\"index, follow, max-snippet:-1, max-image-preview:large, max-video-preview:-1\" \/>\n<link rel=\"canonical\" href=\"https:\/\/www.pm.pb.gov.br\/portal\/2024\/01\/08\/homem-com-sintomas-de-embriaguez-e-preso-em-lanchonete-com-arma-na-cintura-em-catole-do-rocha\/\" \/>\n<meta property=\"og:locale\" content=\"pt_BR\" \/>\n<meta property=\"og:type\" content=\"article\" \/>\n<meta property=\"og:title\" content=\"Homem com sintomas de embriaguez \u00e9 preso em lanchonete com arma na cintura em Catol\u00e9 do Rocha - Pol\u00edcia Militar da Para\u00edba\" \/>\n<meta property=\"og:description\" content=\"Policiais militares do 12\u00ba Batalh\u00e3o prenderam um homem que estava em uma lanchonete, na noite desse domingo (7), com uma\" \/>\n<meta property=\"og:url\" content=\"https:\/\/www.pm.pb.gov.br\/portal\/2024\/01\/08\/homem-com-sintomas-de-embriaguez-e-preso-em-lanchonete-com-arma-na-cintura-em-catole-do-rocha\/\" \/>\n<meta property=\"og:site_name\" content=\"Pol\u00edcia Militar da Para\u00edba\" \/>\n<meta property=\"article:published_time\" content=\"2024-01-08T14:06:28+00:00\" \/>\n<meta property=\"article:modified_time\" content=\"2024-01-08T14:06:29+00:00\" \/>\n<meta property=\"og:image\" content=\"http:\/\/www.pm.pb.gov.br\/portal\/wp-content\/uploads\/2024\/01\/WhatsApp-Image-2024-01-08-at-7.15.30-AM-1.jpeg\" \/>\n\t<meta property=\"og:image:width\" content=\"1200\" \/>\n\t<meta property=\"og:image:height\" content=\"1600\" \/>\n\t<meta property=\"og:image:type\" content=\"image\/jpeg\" \/>\n<meta name=\"author\" content=\"Assessoria de Imprensa da PMPB\" \/>\n<meta name=\"twitter:card\" content=\"summary_large_image\" \/>\n<meta name=\"twitter:label1\" content=\"Escrito por\" \/>\n\t<meta name=\"twitter:data1\" content=\"Assessoria de Imprensa da PMPB\" \/>\n\t<meta name=\"twitter:label2\" content=\"Est. tempo de leitura\" \/>\n\t<meta name=\"twitter:data2\" content=\"1 minuto\" \/>\n<script type=\"application\/ld+json\" class=\"yoast-schema-graph\">{\"@context\":\"https:\/\/schema.org\",\"@graph\":[{\"@type\":\"Article\",\"@id\":\"https:\/\/www.pm.pb.gov.br\/portal\/2024\/01\/08\/homem-com-sintomas-de-embriaguez-e-preso-em-lanchonete-com-arma-na-cintura-em-catole-do-rocha\/#article\",\"isPartOf\":{\"@id\":\"https:\/\/www.pm.pb.gov.br\/portal\/2024\/01\/08\/homem-com-sintomas-de-embriaguez-e-preso-em-lanchonete-com-arma-na-cintura-em-catole-do-rocha\/\"},\"author\":{\"name\":\"Assessoria de Imprensa da PMPB\",\"@id\":\"https:\/\/www.pm.pb.gov.br\/portal\/#\/schema\/person\/e8454f46651c3ecf0e1ba3c1666d9947\"},\"headline\":\"Homem com sintomas de embriaguez \u00e9 preso em lanchonete com arma na cintura em Catol\u00e9 do Rocha\",\"datePublished\":\"2024-01-08T14:06:28+00:00\",\"dateModified\":\"2024-01-08T14:06:29+00:00\",\"mainEntityOfPage\":{\"@id\":\"https:\/\/www.pm.pb.gov.br\/portal\/2024\/01\/08\/homem-com-sintomas-de-embriaguez-e-preso-em-lanchonete-com-arma-na-cintura-em-catole-do-rocha\/\"},\"wordCount\":84,\"publisher\":{\"@id\":\"https:\/\/www.pm.pb.gov.br\/portal\/#organization\"},\"articleSection\":[\"A\u00e7\u00f5es Policiais\"],\"inLanguage\":\"pt-BR\"},{\"@type\":\"WebPage\",\"@id\":\"https:\/\/www.pm.pb.gov.br\/portal\/2024\/01\/08\/homem-com-sintomas-de-embriaguez-e-preso-em-lanchonete-com-arma-na-cintura-em-catole-do-rocha\/\",\"url\":\"https:\/\/www.pm.pb.gov.br\/portal\/2024\/01\/08\/homem-com-sintomas-de-embriaguez-e-preso-em-lanchonete-com-arma-na-cintura-em-catole-do-rocha\/\",\"name\":\"Homem com sintomas de embriaguez \u00e9 preso em lanchonete com arma na cintura em Catol\u00e9 do Rocha - Pol\u00edcia Militar da Para\u00edba\",\"isPartOf\":{\"@id\":\"https:\/\/www.pm.pb.gov.br\/portal\/#website\"},\"datePublished\":\"2024-01-08T14:06:28+00:00\",\"dateModified\":\"2024-01-08T14:06:29+00:00\",\"breadcrumb\":{\"@id\":\"https:\/\/www.pm.pb.gov.br\/portal\/2024\/01\/08\/homem-com-sintomas-de-embriaguez-e-preso-em-lanchonete-com-arma-na-cintura-em-catole-do-rocha\/#breadcrumb\"},\"inLanguage\":\"pt-BR\",\"potentialAction\":[{\"@type\":\"ReadAction\",\"target\":[\"https:\/\/www.pm.pb.gov.br\/portal\/2024\/01\/08\/homem-com-sintomas-de-embriaguez-e-preso-em-lanchonete-com-arma-na-cintura-em-catole-do-rocha\/\"]}]},{\"@type\":\"BreadcrumbList\",\"@id\":\"https:\/\/www.pm.pb.gov.br\/portal\/2024\/01\/08\/homem-com-sintomas-de-embriaguez-e-preso-em-lanchonete-com-arma-na-cintura-em-catole-do-rocha\/#breadcrumb\",\"itemListElement\":[{\"@type\":\"ListItem\",\"position\":1,\"name\":\"In\u00edcio\",\"item\":\"https:\/\/www.pm.pb.gov.br\/portal\/\"},{\"@type\":\"ListItem\",\"position\":2,\"name\":\"Homem com sintomas de embriaguez \u00e9 preso em lanchonete com arma na cintura em Catol\u00e9 do Rocha\"}]},{\"@type\":\"WebSite\",\"@id\":\"https:\/\/www.pm.pb.gov.br\/portal\/#website\",\"url\":\"https:\/\/www.pm.pb.gov.br\/portal\/\",\"name\":\"Pol\u00edcia Militar da Para\u00edba\",\"description\":\"\",\"publisher\":{\"@id\":\"https:\/\/www.pm.pb.gov.br\/portal\/#organization\"},\"potentialAction\":[{\"@type\":\"SearchAction\",\"target\":{\"@type\":\"EntryPoint\",\"urlTemplate\":\"https:\/\/www.pm.pb.gov.br\/portal\/?s={search_term_string}\"},\"query-input\":\"required name=search_term_string\"}],\"inLanguage\":\"pt-BR\"},{\"@type\":\"Organization\",\"@id\":\"https:\/\/www.pm.pb.gov.br\/portal\/#organization\",\"name\":\"Pol\u00edcia Militar da Para\u00edba\",\"url\":\"https:\/\/www.pm.pb.gov.br\/portal\/\",\"logo\":{\"@type\":\"ImageObject\",\"inLanguage\":\"pt-BR\",\"@id\":\"https:\/\/www.pm.pb.gov.br\/portal\/#\/schema\/logo\/image\/\",\"url\":\"https:\/\/www.pm.pb.gov.br\/portal\/wp-content\/uploads\/2025\/03\/cropped-logo-site-mag2-1.png\",\"contentUrl\":\"https:\/\/www.pm.pb.gov.br\/portal\/wp-content\/uploads\/2025\/03\/cropped-logo-site-mag2-1.png\",\"width\":320,\"height\":90,\"caption\":\"Pol\u00edcia Militar da Para\u00edba\"},\"image\":{\"@id\":\"https:\/\/www.pm.pb.gov.br\/portal\/#\/schema\/logo\/image\/\"}},{\"@type\":\"Person\",\"@id\":\"https:\/\/www.pm.pb.gov.br\/portal\/#\/schema\/person\/e8454f46651c3ecf0e1ba3c1666d9947\",\"name\":\"Assessoria de Imprensa da PMPB\",\"image\":{\"@type\":\"ImageObject\",\"inLanguage\":\"pt-BR\",\"@id\":\"https:\/\/www.pm.pb.gov.br\/portal\/#\/schema\/person\/image\/\",\"url\":\"https:\/\/secure.gravatar.com\/avatar\/2efe197438265d1e90bd98c4c8e1acf8?s=96&d=mm&r=g\",\"contentUrl\":\"https:\/\/secure.gravatar.com\/avatar\/2efe197438265d1e90bd98c4c8e1acf8?s=96&d=mm&r=g\",\"caption\":\"Assessoria de Imprensa da PMPB\"},\"url\":\"https:\/\/www.pm.pb.gov.br\/portal\/author\/assessoria\/\"}]}<\/script>\n<!-- \/ Yoast SEO plugin. -->","yoast_head_json":{"title":"Homem com sintomas de embriaguez \u00e9 preso em lanchonete com arma na cintura em Catol\u00e9 do Rocha - Pol\u00edcia Militar da Para\u00edba","robots":{"index":"index","follow":"follow","max-snippet":"max-snippet:-1","max-image-preview":"max-image-preview:large","max-video-preview":"max-video-preview:-1"},"canonical":"https:\/\/www.pm.pb.gov.br\/portal\/2024\/01\/08\/homem-com-sintomas-de-embriaguez-e-preso-em-lanchonete-com-arma-na-cintura-em-catole-do-rocha\/","og_locale":"pt_BR","og_type":"article","og_title":"Homem com sintomas de embriaguez \u00e9 preso em lanchonete com arma na cintura em Catol\u00e9 do Rocha - Pol\u00edcia Militar da Para\u00edba","og_description":"Policiais militares do 12\u00ba Batalh\u00e3o prenderam um homem que estava em uma lanchonete, na noite desse domingo (7), com uma","og_url":"https:\/\/www.pm.pb.gov.br\/portal\/2024\/01\/08\/homem-com-sintomas-de-embriaguez-e-preso-em-lanchonete-com-arma-na-cintura-em-catole-do-rocha\/","og_site_name":"Pol\u00edcia Militar da Para\u00edba","article_published_time":"2024-01-08T14:06:28+00:00","article_modified_time":"2024-01-08T14:06:29+00:00","og_image":[{"width":1200,"height":1600,"url":"http:\/\/www.pm.pb.gov.br\/portal\/wp-content\/uploads\/2024\/01\/WhatsApp-Image-2024-01-08-at-7.15.30-AM-1.jpeg","type":"image\/jpeg"}],"author":"Assessoria de Imprensa da PMPB","twitter_card":"summary_large_image","twitter_misc":{"Escrito por":"Assessoria de Imprensa da PMPB","Est. tempo de leitura":"1 minuto"},"schema":{"@context":"https:\/\/schema.org","@graph":[{"@type":"Article","@id":"https:\/\/www.pm.pb.gov.br\/portal\/2024\/01\/08\/homem-com-sintomas-de-embriaguez-e-preso-em-lanchonete-com-arma-na-cintura-em-catole-do-rocha\/#article","isPartOf":{"@id":"https:\/\/www.pm.pb.gov.br\/portal\/2024\/01\/08\/homem-com-sintomas-de-embriaguez-e-preso-em-lanchonete-com-arma-na-cintura-em-catole-do-rocha\/"},"author":{"name":"Assessoria de Imprensa da PMPB","@id":"https:\/\/www.pm.pb.gov.br\/portal\/#\/schema\/person\/e8454f46651c3ecf0e1ba3c1666d9947"},"headline":"Homem com sintomas de embriaguez \u00e9 preso em lanchonete com arma na cintura em Catol\u00e9 do Rocha","datePublished":"2024-01-08T14:06:28+00:00","dateModified":"2024-01-08T14:06:29+00:00","mainEntityOfPage":{"@id":"https:\/\/www.pm.pb.gov.br\/portal\/2024\/01\/08\/homem-com-sintomas-de-embriaguez-e-preso-em-lanchonete-com-arma-na-cintura-em-catole-do-rocha\/"},"wordCount":84,"publisher":{"@id":"https:\/\/www.pm.pb.gov.br\/portal\/#organization"},"articleSection":["A\u00e7\u00f5es Policiais"],"inLanguage":"pt-BR"},{"@type":"WebPage","@id":"https:\/\/www.pm.pb.gov.br\/portal\/2024\/01\/08\/homem-com-sintomas-de-embriaguez-e-preso-em-lanchonete-com-arma-na-cintura-em-catole-do-rocha\/","url":"https:\/\/www.pm.pb.gov.br\/portal\/2024\/01\/08\/homem-com-sintomas-de-embriaguez-e-preso-em-lanchonete-com-arma-na-cintura-em-catole-do-rocha\/","name":"Homem com sintomas de embriaguez \u00e9 preso em lanchonete com arma na cintura em Catol\u00e9 do Rocha - Pol\u00edcia Militar da Para\u00edba","isPartOf":{"@id":"https:\/\/www.pm.pb.gov.br\/portal\/#website"},"datePublished":"2024-01-08T14:06:28+00:00","dateModified":"2024-01-08T14:06:29+00:00","breadcrumb":{"@id":"https:\/\/www.pm.pb.gov.br\/portal\/2024\/01\/08\/homem-com-sintomas-de-embriaguez-e-preso-em-lanchonete-com-arma-na-cintura-em-catole-do-rocha\/#breadcrumb"},"inLanguage":"pt-BR","potentialAction":[{"@type":"ReadAction","target":["https:\/\/www.pm.pb.gov.br\/portal\/2024\/01\/08\/homem-com-sintomas-de-embriaguez-e-preso-em-lanchonete-com-arma-na-cintura-em-catole-do-rocha\/"]}]},{"@type":"BreadcrumbList","@id":"https:\/\/www.pm.pb.gov.br\/portal\/2024\/01\/08\/homem-com-sintomas-de-embriaguez-e-preso-em-lanchonete-com-arma-na-cintura-em-catole-do-rocha\/#breadcrumb","itemListElement":[{"@type":"ListItem","position":1,"name":"In\u00edcio","item":"https:\/\/www.pm.pb.gov.br\/portal\/"},{"@type":"ListItem","position":2,"name":"Homem com sintomas de embriaguez \u00e9 preso em lanchonete com arma na cintura em Catol\u00e9 do Rocha"}]},{"@type":"WebSite","@id":"https:\/\/www.pm.pb.gov.br\/portal\/#website","url":"https:\/\/www.pm.pb.gov.br\/portal\/","name":"Pol\u00edcia Militar da Para\u00edba","description":"","publisher":{"@id":"https:\/\/www.pm.pb.gov.br\/portal\/#organization"},"potentialAction":[{"@type":"SearchAction","target":{"@type":"EntryPoint","urlTemplate":"https:\/\/www.pm.pb.gov.br\/portal\/?s={search_term_string}"},"query-input":"required name=search_term_string"}],"inLanguage":"pt-BR"},{"@type":"Organization","@id":"https:\/\/www.pm.pb.gov.br\/portal\/#organization","name":"Pol\u00edcia Militar da Para\u00edba","url":"https:\/\/www.pm.pb.gov.br\/portal\/","logo":{"@type":"ImageObject","inLanguage":"pt-BR","@id":"https:\/\/www.pm.pb.gov.br\/portal\/#\/schema\/logo\/image\/","url":"https:\/\/www.pm.pb.gov.br\/portal\/wp-content\/uploads\/2025\/03\/cropped-logo-site-mag2-1.png","contentUrl":"https:\/\/www.pm.pb.gov.br\/portal\/wp-content\/uploads\/2025\/03\/cropped-logo-site-mag2-1.png","width":320,"height":90,"caption":"Pol\u00edcia Militar da Para\u00edba"},"image":{"@id":"https:\/\/www.pm.pb.gov.br\/portal\/#\/schema\/logo\/image\/"}},{"@type":"Person","@id":"https:\/\/www.pm.pb.gov.br\/portal\/#\/schema\/person\/e8454f46651c3ecf0e1ba3c1666d9947","name":"Assessoria de Imprensa da PMPB","image":{"@type":"ImageObject","inLanguage":"pt-BR","@id":"https:\/\/www.pm.pb.gov.br\/portal\/#\/schema\/person\/image\/","url":"https:\/\/secure.gravatar.com\/avatar\/2efe197438265d1e90bd98c4c8e1acf8?s=96&d=mm&r=g","contentUrl":"https:\/\/secure.gravatar.com\/avatar\/2efe197438265d1e90bd98c4c8e1acf8?s=96&d=mm&r=g","caption":"Assessoria de Imprensa da PMPB"},"url":"https:\/\/www.pm.pb.gov.br\/portal\/author\/assessoria\/"}]}},"_links":{"self":[{"href":"https:\/\/www.pm.pb.gov.br\/portal\/wp-json\/wp\/v2\/posts\/920104"}],"collection":[{"href":"https:\/\/www.pm.pb.gov.br\/portal\/wp-json\/wp\/v2\/posts"}],"about":[{"href":"https:\/\/www.pm.pb.gov.br\/portal\/wp-json\/wp\/v2\/types\/post"}],"author":[{"embeddable":true,"href":"https:\/\/www.pm.pb.gov.br\/portal\/wp-json\/wp\/v2\/users\/5"}],"replies":[{"embeddable":true,"href":"https:\/\/www.pm.pb.gov.br\/portal\/wp-json\/wp\/v2\/comments?post=920104"}],"version-history":[{"count":2,"href":"https:\/\/www.pm.pb.gov.br\/portal\/wp-json\/wp\/v2\/posts\/920104\/revisions"}],"predecessor-version":[{"id":920110,"href":"https:\/\/www.pm.pb.gov.br\/portal\/wp-json\/wp\/v2\/posts\/920104\/revisions\/920110"}],"wp:featuredmedia":[{"embeddable":true,"href":"https:\/\/www.pm.pb.gov.br\/portal\/wp-json\/wp\/v2\/media\/920109"}],"wp:attachment":[{"href":"https:\/\/www.pm.pb.gov.br\/portal\/wp-json\/wp\/v2\/media?parent=920104"}],"wp:term":[{"taxonomy":"category","embeddable":true,"href":"https:\/\/www.pm.pb.gov.br\/portal\/wp-json\/wp\/v2\/categories?post=920104"},{"taxonomy":"post_tag","embeddable":true,"href":"https:\/\/www.pm.pb.gov.br\/portal\/wp-json\/wp\/v2\/tags?post=920104"}],"curies":[{"name":"wp","href":"https:\/\/api.w.org\/{rel}","templated":true}]}}