{"id":920051,"date":"2024-01-05T18:07:14","date_gmt":"2024-01-05T21:07:14","guid":{"rendered":"https:\/\/www.pm.pb.gov.br\/portal\/?p=920051"},"modified":"2024-01-05T18:07:16","modified_gmt":"2024-01-05T21:07:16","slug":"policiamento-intensificado-prende-tres-criminosos-com-drogas-e-explosivo-em-bayeux","status":"publish","type":"post","link":"https:\/\/www.pm.pb.gov.br\/portal\/2024\/01\/05\/policiamento-intensificado-prende-tres-criminosos-com-drogas-e-explosivo-em-bayeux\/","title":{"rendered":"Policiamento intensificado prende tr\u00eas criminosos com drogas e explosivo em Bayeux"},"content":{"rendered":"\n<p>A Pol\u00edcia Militar segue intensificando as a\u00e7\u00f5es na Grande Jo\u00e3o Pessoa e desarticulou, no fim da tarde desta sexta-feira (05), mais um ponto de tr\u00e1fico de drogas. Com essa a\u00e7\u00e3o, chega a tr\u00eas o n\u00famero de presos com drogas e at\u00e9 explosivos somente nesta sexta em Bayeux (foto acima ilustrativa).<\/p>\n<p>A \u00faltima pris\u00e3o aconteceu no fim da tarde, quando um homem foi flagrado em um ponto de tr\u00e1fico e tentou fugir e se desfazer do material, sendo alcan\u00e7ado pelas guarni\u00e7\u00f5es da For\u00e7a T\u00e1tica da 4\u00aa Companhia Independente. De acordo com a unidade, o acusado estava com cerca de 40 por\u00e7\u00f5es de subst\u00e2ncia semelhante \u00e0 coca\u00edna, crack e maconha, al\u00e9m de balan\u00e7as, faca e materiais para o tr\u00e1fico (foto abaixo). A ocorr\u00eancia aconteceu em Imaculada.<\/p>\n<p><img loading=\"lazy\" decoding=\"async\" class=\"size-medium wp-image-920052 aligncenter\" src=\"http:\/\/www.pm.pb.gov.br\/portal\/wp-content\/uploads\/2024\/01\/bayeux1-1-347x445.jpeg\" alt=\"\" width=\"347\" height=\"445\" srcset=\"https:\/\/www.pm.pb.gov.br\/portal\/wp-content\/uploads\/2024\/01\/bayeux1-1-347x445.jpeg 347w, https:\/\/www.pm.pb.gov.br\/portal\/wp-content\/uploads\/2024\/01\/bayeux1-1-445x570.jpeg 445w, https:\/\/www.pm.pb.gov.br\/portal\/wp-content\/uploads\/2024\/01\/bayeux1-1.jpeg 720w\" sizes=\"(max-width: 347px) 100vw, 347px\" \/><\/p>\n<p>Pela manh\u00e3, outro acusado de tr\u00e1fico foi preso na regi\u00e3o Alto da Boa Vista, na comunidade Casa dos Artistas. Ele estava com mais de 40 por\u00e7\u00f5es de crack. Ainda pela manh\u00e3, no mesmo bairro, um homem foi preso com um explosivo que foi desarmado pelo Grupamento de A\u00e7\u00f5es T\u00e1ticas Especiais (fotos abaixo).<\/p>\n<p><img loading=\"lazy\" decoding=\"async\" class=\"size-medium wp-image-920053 aligncenter\" src=\"http:\/\/www.pm.pb.gov.br\/portal\/wp-content\/uploads\/2024\/01\/WhatsApp-Image-2024-01-05-at-12.34.41-250x445.jpeg\" alt=\"\" width=\"250\" height=\"445\" srcset=\"https:\/\/www.pm.pb.gov.br\/portal\/wp-content\/uploads\/2024\/01\/WhatsApp-Image-2024-01-05-at-12.34.41-250x445.jpeg 250w, https:\/\/www.pm.pb.gov.br\/portal\/wp-content\/uploads\/2024\/01\/WhatsApp-Image-2024-01-05-at-12.34.41-321x570.jpeg 321w, https:\/\/www.pm.pb.gov.br\/portal\/wp-content\/uploads\/2024\/01\/WhatsApp-Image-2024-01-05-at-12.34.41.jpeg 720w\" sizes=\"(max-width: 250px) 100vw, 250px\" \/><\/p>\n<p><img loading=\"lazy\" decoding=\"async\" class=\" wp-image-920027 aligncenter\" src=\"http:\/\/www.pm.pb.gov.br\/portal\/wp-content\/uploads\/2024\/01\/explosivo.jpeg\" alt=\"\" width=\"699\" height=\"389\" srcset=\"https:\/\/www.pm.pb.gov.br\/portal\/wp-content\/uploads\/2024\/01\/explosivo.jpeg 800w, https:\/\/www.pm.pb.gov.br\/portal\/wp-content\/uploads\/2024\/01\/explosivo-245x136.jpeg 245w, https:\/\/www.pm.pb.gov.br\/portal\/wp-content\/uploads\/2024\/01\/explosivo-768x427.jpeg 768w\" sizes=\"(max-width: 699px) 100vw, 699px\" \/><\/p>\n<p>As ocorr\u00eancias foram apresentadas nas delegacias para os procedimentos cab\u00edveis. Novas a\u00e7\u00f5es de refor\u00e7o da 4\u00aa CIPM e de tropas do Comando Regional Metropolitano devem acontecer com a chegada do final de semana.<\/p>\n\n\n","protected":false},"excerpt":{"rendered":"<p>A Pol\u00edcia Militar segue intensificando as a\u00e7\u00f5es na Grande Jo\u00e3o Pessoa e desarticulou, no fim da tarde desta sexta-feira (05),<\/p>\n","protected":false},"author":12,"featured_media":913089,"comment_status":"closed","ping_status":"closed","sticky":false,"template":"","format":"standard","meta":{"_exactmetrics_skip_tracking":false,"_exactmetrics_sitenote_active":false,"_exactmetrics_sitenote_note":"","_exactmetrics_sitenote_category":0,"footnotes":""},"categories":[4],"tags":[],"yoast_head":"<!-- This site is optimized with the Yoast SEO plugin v22.0 - https:\/\/yoast.com\/wordpress\/plugins\/seo\/ -->\n<title>Policiamento intensificado prende tr\u00eas criminosos com drogas e explosivo em Bayeux - Pol\u00edcia Militar da Para\u00edba<\/title>\n<meta name=\"description\" content=\"Novas a\u00e7\u00f5es de refor\u00e7o da 4\u00aa CIPM e de tropas do Comando Regional Metropolitano devem acontecer com a chegada do final de semana.\" \/>\n<meta name=\"robots\" content=\"index, follow, max-snippet:-1, max-image-preview:large, max-video-preview:-1\" \/>\n<link rel=\"canonical\" href=\"https:\/\/www.pm.pb.gov.br\/portal\/2024\/01\/05\/policiamento-intensificado-prende-tres-criminosos-com-drogas-e-explosivo-em-bayeux\/\" \/>\n<meta property=\"og:locale\" content=\"pt_BR\" \/>\n<meta property=\"og:type\" content=\"article\" \/>\n<meta property=\"og:title\" content=\"Policiamento intensificado prende tr\u00eas criminosos com drogas e explosivo em Bayeux - Pol\u00edcia Militar da Para\u00edba\" \/>\n<meta property=\"og:description\" content=\"Novas a\u00e7\u00f5es de refor\u00e7o da 4\u00aa CIPM e de tropas do Comando Regional Metropolitano devem acontecer com a chegada do final de semana.\" \/>\n<meta property=\"og:url\" content=\"https:\/\/www.pm.pb.gov.br\/portal\/2024\/01\/05\/policiamento-intensificado-prende-tres-criminosos-com-drogas-e-explosivo-em-bayeux\/\" \/>\n<meta property=\"og:site_name\" content=\"Pol\u00edcia Militar da Para\u00edba\" \/>\n<meta property=\"article:published_time\" content=\"2024-01-05T21:07:14+00:00\" \/>\n<meta property=\"article:modified_time\" content=\"2024-01-05T21:07:16+00:00\" \/>\n<meta property=\"og:image\" content=\"http:\/\/www.pm.pb.gov.br\/portal\/wp-content\/uploads\/2021\/11\/4cipm.jpeg\" \/>\n\t<meta property=\"og:image:width\" content=\"800\" \/>\n\t<meta property=\"og:image:height\" content=\"445\" \/>\n\t<meta property=\"og:image:type\" content=\"image\/jpeg\" \/>\n<meta name=\"author\" content=\"Tarcisio Oliveira\" \/>\n<meta name=\"twitter:card\" content=\"summary_large_image\" \/>\n<meta name=\"twitter:label1\" content=\"Escrito por\" \/>\n\t<meta name=\"twitter:data1\" content=\"Tarcisio Oliveira\" \/>\n\t<meta name=\"twitter:label2\" content=\"Est. tempo de leitura\" \/>\n\t<meta name=\"twitter:data2\" content=\"2 minutos\" \/>\n<script type=\"application\/ld+json\" class=\"yoast-schema-graph\">{\"@context\":\"https:\/\/schema.org\",\"@graph\":[{\"@type\":\"Article\",\"@id\":\"https:\/\/www.pm.pb.gov.br\/portal\/2024\/01\/05\/policiamento-intensificado-prende-tres-criminosos-com-drogas-e-explosivo-em-bayeux\/#article\",\"isPartOf\":{\"@id\":\"https:\/\/www.pm.pb.gov.br\/portal\/2024\/01\/05\/policiamento-intensificado-prende-tres-criminosos-com-drogas-e-explosivo-em-bayeux\/\"},\"author\":{\"name\":\"Tarcisio Oliveira\",\"@id\":\"https:\/\/www.pm.pb.gov.br\/portal\/#\/schema\/person\/f84f56dcc78ce4357054da888b8247fd\"},\"headline\":\"Policiamento intensificado prende tr\u00eas criminosos com drogas e explosivo em Bayeux\",\"datePublished\":\"2024-01-05T21:07:14+00:00\",\"dateModified\":\"2024-01-05T21:07:16+00:00\",\"mainEntityOfPage\":{\"@id\":\"https:\/\/www.pm.pb.gov.br\/portal\/2024\/01\/05\/policiamento-intensificado-prende-tres-criminosos-com-drogas-e-explosivo-em-bayeux\/\"},\"wordCount\":244,\"publisher\":{\"@id\":\"https:\/\/www.pm.pb.gov.br\/portal\/#organization\"},\"articleSection\":[\"A\u00e7\u00f5es Policiais\"],\"inLanguage\":\"pt-BR\"},{\"@type\":\"WebPage\",\"@id\":\"https:\/\/www.pm.pb.gov.br\/portal\/2024\/01\/05\/policiamento-intensificado-prende-tres-criminosos-com-drogas-e-explosivo-em-bayeux\/\",\"url\":\"https:\/\/www.pm.pb.gov.br\/portal\/2024\/01\/05\/policiamento-intensificado-prende-tres-criminosos-com-drogas-e-explosivo-em-bayeux\/\",\"name\":\"Policiamento intensificado prende tr\u00eas criminosos com drogas e explosivo em Bayeux - Pol\u00edcia Militar da Para\u00edba\",\"isPartOf\":{\"@id\":\"https:\/\/www.pm.pb.gov.br\/portal\/#website\"},\"datePublished\":\"2024-01-05T21:07:14+00:00\",\"dateModified\":\"2024-01-05T21:07:16+00:00\",\"description\":\"Novas a\u00e7\u00f5es de refor\u00e7o da 4\u00aa CIPM e de tropas do Comando Regional Metropolitano devem acontecer com a chegada do final de semana.\",\"breadcrumb\":{\"@id\":\"https:\/\/www.pm.pb.gov.br\/portal\/2024\/01\/05\/policiamento-intensificado-prende-tres-criminosos-com-drogas-e-explosivo-em-bayeux\/#breadcrumb\"},\"inLanguage\":\"pt-BR\",\"potentialAction\":[{\"@type\":\"ReadAction\",\"target\":[\"https:\/\/www.pm.pb.gov.br\/portal\/2024\/01\/05\/policiamento-intensificado-prende-tres-criminosos-com-drogas-e-explosivo-em-bayeux\/\"]}]},{\"@type\":\"BreadcrumbList\",\"@id\":\"https:\/\/www.pm.pb.gov.br\/portal\/2024\/01\/05\/policiamento-intensificado-prende-tres-criminosos-com-drogas-e-explosivo-em-bayeux\/#breadcrumb\",\"itemListElement\":[{\"@type\":\"ListItem\",\"position\":1,\"name\":\"In\u00edcio\",\"item\":\"https:\/\/www.pm.pb.gov.br\/portal\/\"},{\"@type\":\"ListItem\",\"position\":2,\"name\":\"Policiamento intensificado prende tr\u00eas criminosos com drogas e explosivo em Bayeux\"}]},{\"@type\":\"WebSite\",\"@id\":\"https:\/\/www.pm.pb.gov.br\/portal\/#website\",\"url\":\"https:\/\/www.pm.pb.gov.br\/portal\/\",\"name\":\"Pol\u00edcia Militar da Para\u00edba\",\"description\":\"\",\"publisher\":{\"@id\":\"https:\/\/www.pm.pb.gov.br\/portal\/#organization\"},\"potentialAction\":[{\"@type\":\"SearchAction\",\"target\":{\"@type\":\"EntryPoint\",\"urlTemplate\":\"https:\/\/www.pm.pb.gov.br\/portal\/?s={search_term_string}\"},\"query-input\":\"required name=search_term_string\"}],\"inLanguage\":\"pt-BR\"},{\"@type\":\"Organization\",\"@id\":\"https:\/\/www.pm.pb.gov.br\/portal\/#organization\",\"name\":\"Pol\u00edcia Militar da Para\u00edba\",\"url\":\"https:\/\/www.pm.pb.gov.br\/portal\/\",\"logo\":{\"@type\":\"ImageObject\",\"inLanguage\":\"pt-BR\",\"@id\":\"https:\/\/www.pm.pb.gov.br\/portal\/#\/schema\/logo\/image\/\",\"url\":\"https:\/\/www.pm.pb.gov.br\/portal\/wp-content\/uploads\/2025\/03\/cropped-logo-site-mag2-1.png\",\"contentUrl\":\"https:\/\/www.pm.pb.gov.br\/portal\/wp-content\/uploads\/2025\/03\/cropped-logo-site-mag2-1.png\",\"width\":320,\"height\":90,\"caption\":\"Pol\u00edcia Militar da Para\u00edba\"},\"image\":{\"@id\":\"https:\/\/www.pm.pb.gov.br\/portal\/#\/schema\/logo\/image\/\"}},{\"@type\":\"Person\",\"@id\":\"https:\/\/www.pm.pb.gov.br\/portal\/#\/schema\/person\/f84f56dcc78ce4357054da888b8247fd\",\"name\":\"Tarcisio Oliveira\",\"image\":{\"@type\":\"ImageObject\",\"inLanguage\":\"pt-BR\",\"@id\":\"https:\/\/www.pm.pb.gov.br\/portal\/#\/schema\/person\/image\/\",\"url\":\"https:\/\/secure.gravatar.com\/avatar\/72917b630b69d31cd0297507f34bac97?s=96&d=mm&r=g\",\"contentUrl\":\"https:\/\/secure.gravatar.com\/avatar\/72917b630b69d31cd0297507f34bac97?s=96&d=mm&r=g\",\"caption\":\"Tarcisio Oliveira\"},\"url\":\"https:\/\/www.pm.pb.gov.br\/portal\/author\/tarcisio\/\"}]}<\/script>\n<!-- \/ Yoast SEO plugin. -->","yoast_head_json":{"title":"Policiamento intensificado prende tr\u00eas criminosos com drogas e explosivo em Bayeux - Pol\u00edcia Militar da Para\u00edba","description":"Novas a\u00e7\u00f5es de refor\u00e7o da 4\u00aa CIPM e de tropas do Comando Regional Metropolitano devem acontecer com a chegada do final de semana.","robots":{"index":"index","follow":"follow","max-snippet":"max-snippet:-1","max-image-preview":"max-image-preview:large","max-video-preview":"max-video-preview:-1"},"canonical":"https:\/\/www.pm.pb.gov.br\/portal\/2024\/01\/05\/policiamento-intensificado-prende-tres-criminosos-com-drogas-e-explosivo-em-bayeux\/","og_locale":"pt_BR","og_type":"article","og_title":"Policiamento intensificado prende tr\u00eas criminosos com drogas e explosivo em Bayeux - Pol\u00edcia Militar da Para\u00edba","og_description":"Novas a\u00e7\u00f5es de refor\u00e7o da 4\u00aa CIPM e de tropas do Comando Regional Metropolitano devem acontecer com a chegada do final de semana.","og_url":"https:\/\/www.pm.pb.gov.br\/portal\/2024\/01\/05\/policiamento-intensificado-prende-tres-criminosos-com-drogas-e-explosivo-em-bayeux\/","og_site_name":"Pol\u00edcia Militar da Para\u00edba","article_published_time":"2024-01-05T21:07:14+00:00","article_modified_time":"2024-01-05T21:07:16+00:00","og_image":[{"width":800,"height":445,"url":"http:\/\/www.pm.pb.gov.br\/portal\/wp-content\/uploads\/2021\/11\/4cipm.jpeg","type":"image\/jpeg"}],"author":"Tarcisio Oliveira","twitter_card":"summary_large_image","twitter_misc":{"Escrito por":"Tarcisio Oliveira","Est. tempo de leitura":"2 minutos"},"schema":{"@context":"https:\/\/schema.org","@graph":[{"@type":"Article","@id":"https:\/\/www.pm.pb.gov.br\/portal\/2024\/01\/05\/policiamento-intensificado-prende-tres-criminosos-com-drogas-e-explosivo-em-bayeux\/#article","isPartOf":{"@id":"https:\/\/www.pm.pb.gov.br\/portal\/2024\/01\/05\/policiamento-intensificado-prende-tres-criminosos-com-drogas-e-explosivo-em-bayeux\/"},"author":{"name":"Tarcisio Oliveira","@id":"https:\/\/www.pm.pb.gov.br\/portal\/#\/schema\/person\/f84f56dcc78ce4357054da888b8247fd"},"headline":"Policiamento intensificado prende tr\u00eas criminosos com drogas e explosivo em Bayeux","datePublished":"2024-01-05T21:07:14+00:00","dateModified":"2024-01-05T21:07:16+00:00","mainEntityOfPage":{"@id":"https:\/\/www.pm.pb.gov.br\/portal\/2024\/01\/05\/policiamento-intensificado-prende-tres-criminosos-com-drogas-e-explosivo-em-bayeux\/"},"wordCount":244,"publisher":{"@id":"https:\/\/www.pm.pb.gov.br\/portal\/#organization"},"articleSection":["A\u00e7\u00f5es Policiais"],"inLanguage":"pt-BR"},{"@type":"WebPage","@id":"https:\/\/www.pm.pb.gov.br\/portal\/2024\/01\/05\/policiamento-intensificado-prende-tres-criminosos-com-drogas-e-explosivo-em-bayeux\/","url":"https:\/\/www.pm.pb.gov.br\/portal\/2024\/01\/05\/policiamento-intensificado-prende-tres-criminosos-com-drogas-e-explosivo-em-bayeux\/","name":"Policiamento intensificado prende tr\u00eas criminosos com drogas e explosivo em Bayeux - Pol\u00edcia Militar da Para\u00edba","isPartOf":{"@id":"https:\/\/www.pm.pb.gov.br\/portal\/#website"},"datePublished":"2024-01-05T21:07:14+00:00","dateModified":"2024-01-05T21:07:16+00:00","description":"Novas a\u00e7\u00f5es de refor\u00e7o da 4\u00aa CIPM e de tropas do Comando Regional Metropolitano devem acontecer com a chegada do final de semana.","breadcrumb":{"@id":"https:\/\/www.pm.pb.gov.br\/portal\/2024\/01\/05\/policiamento-intensificado-prende-tres-criminosos-com-drogas-e-explosivo-em-bayeux\/#breadcrumb"},"inLanguage":"pt-BR","potentialAction":[{"@type":"ReadAction","target":["https:\/\/www.pm.pb.gov.br\/portal\/2024\/01\/05\/policiamento-intensificado-prende-tres-criminosos-com-drogas-e-explosivo-em-bayeux\/"]}]},{"@type":"BreadcrumbList","@id":"https:\/\/www.pm.pb.gov.br\/portal\/2024\/01\/05\/policiamento-intensificado-prende-tres-criminosos-com-drogas-e-explosivo-em-bayeux\/#breadcrumb","itemListElement":[{"@type":"ListItem","position":1,"name":"In\u00edcio","item":"https:\/\/www.pm.pb.gov.br\/portal\/"},{"@type":"ListItem","position":2,"name":"Policiamento intensificado prende tr\u00eas criminosos com drogas e explosivo em Bayeux"}]},{"@type":"WebSite","@id":"https:\/\/www.pm.pb.gov.br\/portal\/#website","url":"https:\/\/www.pm.pb.gov.br\/portal\/","name":"Pol\u00edcia Militar da Para\u00edba","description":"","publisher":{"@id":"https:\/\/www.pm.pb.gov.br\/portal\/#organization"},"potentialAction":[{"@type":"SearchAction","target":{"@type":"EntryPoint","urlTemplate":"https:\/\/www.pm.pb.gov.br\/portal\/?s={search_term_string}"},"query-input":"required name=search_term_string"}],"inLanguage":"pt-BR"},{"@type":"Organization","@id":"https:\/\/www.pm.pb.gov.br\/portal\/#organization","name":"Pol\u00edcia Militar da Para\u00edba","url":"https:\/\/www.pm.pb.gov.br\/portal\/","logo":{"@type":"ImageObject","inLanguage":"pt-BR","@id":"https:\/\/www.pm.pb.gov.br\/portal\/#\/schema\/logo\/image\/","url":"https:\/\/www.pm.pb.gov.br\/portal\/wp-content\/uploads\/2025\/03\/cropped-logo-site-mag2-1.png","contentUrl":"https:\/\/www.pm.pb.gov.br\/portal\/wp-content\/uploads\/2025\/03\/cropped-logo-site-mag2-1.png","width":320,"height":90,"caption":"Pol\u00edcia Militar da Para\u00edba"},"image":{"@id":"https:\/\/www.pm.pb.gov.br\/portal\/#\/schema\/logo\/image\/"}},{"@type":"Person","@id":"https:\/\/www.pm.pb.gov.br\/portal\/#\/schema\/person\/f84f56dcc78ce4357054da888b8247fd","name":"Tarcisio Oliveira","image":{"@type":"ImageObject","inLanguage":"pt-BR","@id":"https:\/\/www.pm.pb.gov.br\/portal\/#\/schema\/person\/image\/","url":"https:\/\/secure.gravatar.com\/avatar\/72917b630b69d31cd0297507f34bac97?s=96&d=mm&r=g","contentUrl":"https:\/\/secure.gravatar.com\/avatar\/72917b630b69d31cd0297507f34bac97?s=96&d=mm&r=g","caption":"Tarcisio Oliveira"},"url":"https:\/\/www.pm.pb.gov.br\/portal\/author\/tarcisio\/"}]}},"_links":{"self":[{"href":"https:\/\/www.pm.pb.gov.br\/portal\/wp-json\/wp\/v2\/posts\/920051"}],"collection":[{"href":"https:\/\/www.pm.pb.gov.br\/portal\/wp-json\/wp\/v2\/posts"}],"about":[{"href":"https:\/\/www.pm.pb.gov.br\/portal\/wp-json\/wp\/v2\/types\/post"}],"author":[{"embeddable":true,"href":"https:\/\/www.pm.pb.gov.br\/portal\/wp-json\/wp\/v2\/users\/12"}],"replies":[{"embeddable":true,"href":"https:\/\/www.pm.pb.gov.br\/portal\/wp-json\/wp\/v2\/comments?post=920051"}],"version-history":[{"count":1,"href":"https:\/\/www.pm.pb.gov.br\/portal\/wp-json\/wp\/v2\/posts\/920051\/revisions"}],"predecessor-version":[{"id":920054,"href":"https:\/\/www.pm.pb.gov.br\/portal\/wp-json\/wp\/v2\/posts\/920051\/revisions\/920054"}],"wp:featuredmedia":[{"embeddable":true,"href":"https:\/\/www.pm.pb.gov.br\/portal\/wp-json\/wp\/v2\/media\/913089"}],"wp:attachment":[{"href":"https:\/\/www.pm.pb.gov.br\/portal\/wp-json\/wp\/v2\/media?parent=920051"}],"wp:term":[{"taxonomy":"category","embeddable":true,"href":"https:\/\/www.pm.pb.gov.br\/portal\/wp-json\/wp\/v2\/categories?post=920051"},{"taxonomy":"post_tag","embeddable":true,"href":"https:\/\/www.pm.pb.gov.br\/portal\/wp-json\/wp\/v2\/tags?post=920051"}],"curies":[{"name":"wp","href":"https:\/\/api.w.org\/{rel}","templated":true}]}}