{"id":920045,"date":"2024-09-05T14:08:52","date_gmt":"2024-09-05T17:08:52","guid":{"rendered":"https:\/\/www.pm.pb.gov.br\/portal\/?p=920045"},"modified":"2024-09-05T15:09:54","modified_gmt":"2024-09-05T18:09:54","slug":"preso-na-pb-procurado-da-justica-do-mato-grosso-que-e-envolvido-em-esquema-de-roubo-de-motos","status":"publish","type":"post","link":"https:\/\/www.pm.pb.gov.br\/portal\/2024\/09\/05\/preso-na-pb-procurado-da-justica-do-mato-grosso-que-e-envolvido-em-esquema-de-roubo-de-motos\/","title":{"rendered":"Preso na PB procurado da justi\u00e7a do Mato Grosso que \u00e9 envolvido em esquema de roubo de motos"},"content":{"rendered":"\n<p>O que planejava fazer na Para\u00edba? \u00c9 o que v\u00e3o apontar as investiga\u00e7\u00f5es a partir da pris\u00e3o feita pelo Batalh\u00e3o de Policiamento de Choque (BPChoque) da Pol\u00edcia Militar, no in\u00edcio da tarde desta quinta-feira (5), de um foragido da justi\u00e7a do Estado do Mato Grosso, que \u00e9 envolvido em um esquema de roubos, furtos, desmanche e venda de pe\u00e7as de mais de 1.200 motos. <br><br>O acusado tem 54 anos e contra ele tinha um mandado de pris\u00e3o preventiva pelo crime de organiza\u00e7\u00e3o criminosa, expedido pela 7\u00aa Vara Criminal de Cuiab\u00e1 \u2013 MT, com validade at\u00e9 o ano de 2039.<br><br><strong>Encontrado na Para\u00edba<\/strong> \u2013 Ele foi preso na Praia do Sol, que fica na zona sul da capital paraibana, onde estava construindo uma casa. <br><br>O preso foi apresentado agora na Cidade da Pol\u00edcia Civil, no bairro do Geisel, em Jo\u00e3o Pessoa.<br><\/p>\n","protected":false},"excerpt":{"rendered":"<p>O que planejava fazer na Para\u00edba? \u00c9 o que v\u00e3o apontar as investiga\u00e7\u00f5es a partir da pris\u00e3o feita pelo Batalh\u00e3o<\/p>\n","protected":false},"author":5,"featured_media":923927,"comment_status":"closed","ping_status":"closed","sticky":false,"template":"","format":"standard","meta":{"_exactmetrics_skip_tracking":false,"_exactmetrics_sitenote_active":false,"_exactmetrics_sitenote_note":"","_exactmetrics_sitenote_category":0,"footnotes":""},"categories":[4],"tags":[],"yoast_head":"<!-- This site is optimized with the Yoast SEO plugin v22.0 - https:\/\/yoast.com\/wordpress\/plugins\/seo\/ -->\n<title>Preso na PB procurado da justi\u00e7a do Mato Grosso que \u00e9 envolvido em esquema de roubo de motos - Pol\u00edcia Militar da Para\u00edba<\/title>\n<meta name=\"robots\" content=\"index, follow, max-snippet:-1, max-image-preview:large, max-video-preview:-1\" \/>\n<link rel=\"canonical\" href=\"https:\/\/www.pm.pb.gov.br\/portal\/2024\/09\/05\/preso-na-pb-procurado-da-justica-do-mato-grosso-que-e-envolvido-em-esquema-de-roubo-de-motos\/\" \/>\n<meta property=\"og:locale\" content=\"pt_BR\" \/>\n<meta property=\"og:type\" content=\"article\" \/>\n<meta property=\"og:title\" content=\"Preso na PB procurado da justi\u00e7a do Mato Grosso que \u00e9 envolvido em esquema de roubo de motos - Pol\u00edcia Militar da Para\u00edba\" \/>\n<meta property=\"og:description\" content=\"O que planejava fazer na Para\u00edba? \u00c9 o que v\u00e3o apontar as investiga\u00e7\u00f5es a partir da pris\u00e3o feita pelo Batalh\u00e3o\" \/>\n<meta property=\"og:url\" content=\"https:\/\/www.pm.pb.gov.br\/portal\/2024\/09\/05\/preso-na-pb-procurado-da-justica-do-mato-grosso-que-e-envolvido-em-esquema-de-roubo-de-motos\/\" \/>\n<meta property=\"og:site_name\" content=\"Pol\u00edcia Militar da Para\u00edba\" \/>\n<meta property=\"article:published_time\" content=\"2024-09-05T17:08:52+00:00\" \/>\n<meta property=\"article:modified_time\" content=\"2024-09-05T18:09:54+00:00\" \/>\n<meta property=\"og:image\" content=\"http:\/\/www.pm.pb.gov.br\/portal\/wp-content\/uploads\/2024\/09\/WhatsApp-Image-2024-09-05-at-2.34.26-PM.jpeg\" \/>\n\t<meta property=\"og:image:width\" content=\"820\" \/>\n\t<meta property=\"og:image:height\" content=\"800\" \/>\n\t<meta property=\"og:image:type\" content=\"image\/jpeg\" \/>\n<meta name=\"author\" content=\"Assessoria de Imprensa da PMPB\" \/>\n<meta name=\"twitter:card\" content=\"summary_large_image\" \/>\n<meta name=\"twitter:label1\" content=\"Escrito por\" \/>\n\t<meta name=\"twitter:data1\" content=\"Assessoria de Imprensa da PMPB\" \/>\n\t<meta name=\"twitter:label2\" content=\"Est. tempo de leitura\" \/>\n\t<meta name=\"twitter:data2\" content=\"1 minuto\" \/>\n<script type=\"application\/ld+json\" class=\"yoast-schema-graph\">{\"@context\":\"https:\/\/schema.org\",\"@graph\":[{\"@type\":\"Article\",\"@id\":\"https:\/\/www.pm.pb.gov.br\/portal\/2024\/09\/05\/preso-na-pb-procurado-da-justica-do-mato-grosso-que-e-envolvido-em-esquema-de-roubo-de-motos\/#article\",\"isPartOf\":{\"@id\":\"https:\/\/www.pm.pb.gov.br\/portal\/2024\/09\/05\/preso-na-pb-procurado-da-justica-do-mato-grosso-que-e-envolvido-em-esquema-de-roubo-de-motos\/\"},\"author\":{\"name\":\"Assessoria de Imprensa da PMPB\",\"@id\":\"https:\/\/www.pm.pb.gov.br\/portal\/#\/schema\/person\/e8454f46651c3ecf0e1ba3c1666d9947\"},\"headline\":\"Preso na PB procurado da justi\u00e7a do Mato Grosso que \u00e9 envolvido em esquema de roubo de motos\",\"datePublished\":\"2024-09-05T17:08:52+00:00\",\"dateModified\":\"2024-09-05T18:09:54+00:00\",\"mainEntityOfPage\":{\"@id\":\"https:\/\/www.pm.pb.gov.br\/portal\/2024\/09\/05\/preso-na-pb-procurado-da-justica-do-mato-grosso-que-e-envolvido-em-esquema-de-roubo-de-motos\/\"},\"wordCount\":163,\"publisher\":{\"@id\":\"https:\/\/www.pm.pb.gov.br\/portal\/#organization\"},\"articleSection\":[\"A\u00e7\u00f5es Policiais\"],\"inLanguage\":\"pt-BR\"},{\"@type\":\"WebPage\",\"@id\":\"https:\/\/www.pm.pb.gov.br\/portal\/2024\/09\/05\/preso-na-pb-procurado-da-justica-do-mato-grosso-que-e-envolvido-em-esquema-de-roubo-de-motos\/\",\"url\":\"https:\/\/www.pm.pb.gov.br\/portal\/2024\/09\/05\/preso-na-pb-procurado-da-justica-do-mato-grosso-que-e-envolvido-em-esquema-de-roubo-de-motos\/\",\"name\":\"Preso na PB procurado da justi\u00e7a do Mato Grosso que \u00e9 envolvido em esquema de roubo de motos - Pol\u00edcia Militar da Para\u00edba\",\"isPartOf\":{\"@id\":\"https:\/\/www.pm.pb.gov.br\/portal\/#website\"},\"datePublished\":\"2024-09-05T17:08:52+00:00\",\"dateModified\":\"2024-09-05T18:09:54+00:00\",\"breadcrumb\":{\"@id\":\"https:\/\/www.pm.pb.gov.br\/portal\/2024\/09\/05\/preso-na-pb-procurado-da-justica-do-mato-grosso-que-e-envolvido-em-esquema-de-roubo-de-motos\/#breadcrumb\"},\"inLanguage\":\"pt-BR\",\"potentialAction\":[{\"@type\":\"ReadAction\",\"target\":[\"https:\/\/www.pm.pb.gov.br\/portal\/2024\/09\/05\/preso-na-pb-procurado-da-justica-do-mato-grosso-que-e-envolvido-em-esquema-de-roubo-de-motos\/\"]}]},{\"@type\":\"BreadcrumbList\",\"@id\":\"https:\/\/www.pm.pb.gov.br\/portal\/2024\/09\/05\/preso-na-pb-procurado-da-justica-do-mato-grosso-que-e-envolvido-em-esquema-de-roubo-de-motos\/#breadcrumb\",\"itemListElement\":[{\"@type\":\"ListItem\",\"position\":1,\"name\":\"In\u00edcio\",\"item\":\"https:\/\/www.pm.pb.gov.br\/portal\/\"},{\"@type\":\"ListItem\",\"position\":2,\"name\":\"Preso na PB procurado da justi\u00e7a do Mato Grosso que \u00e9 envolvido em esquema de roubo de motos\"}]},{\"@type\":\"WebSite\",\"@id\":\"https:\/\/www.pm.pb.gov.br\/portal\/#website\",\"url\":\"https:\/\/www.pm.pb.gov.br\/portal\/\",\"name\":\"Pol\u00edcia Militar da Para\u00edba\",\"description\":\"\",\"publisher\":{\"@id\":\"https:\/\/www.pm.pb.gov.br\/portal\/#organization\"},\"potentialAction\":[{\"@type\":\"SearchAction\",\"target\":{\"@type\":\"EntryPoint\",\"urlTemplate\":\"https:\/\/www.pm.pb.gov.br\/portal\/?s={search_term_string}\"},\"query-input\":\"required name=search_term_string\"}],\"inLanguage\":\"pt-BR\"},{\"@type\":\"Organization\",\"@id\":\"https:\/\/www.pm.pb.gov.br\/portal\/#organization\",\"name\":\"Pol\u00edcia Militar da Para\u00edba\",\"url\":\"https:\/\/www.pm.pb.gov.br\/portal\/\",\"logo\":{\"@type\":\"ImageObject\",\"inLanguage\":\"pt-BR\",\"@id\":\"https:\/\/www.pm.pb.gov.br\/portal\/#\/schema\/logo\/image\/\",\"url\":\"https:\/\/www.pm.pb.gov.br\/portal\/wp-content\/uploads\/2025\/03\/cropped-logo-site-mag2-1.png\",\"contentUrl\":\"https:\/\/www.pm.pb.gov.br\/portal\/wp-content\/uploads\/2025\/03\/cropped-logo-site-mag2-1.png\",\"width\":320,\"height\":90,\"caption\":\"Pol\u00edcia Militar da Para\u00edba\"},\"image\":{\"@id\":\"https:\/\/www.pm.pb.gov.br\/portal\/#\/schema\/logo\/image\/\"}},{\"@type\":\"Person\",\"@id\":\"https:\/\/www.pm.pb.gov.br\/portal\/#\/schema\/person\/e8454f46651c3ecf0e1ba3c1666d9947\",\"name\":\"Assessoria de Imprensa da PMPB\",\"image\":{\"@type\":\"ImageObject\",\"inLanguage\":\"pt-BR\",\"@id\":\"https:\/\/www.pm.pb.gov.br\/portal\/#\/schema\/person\/image\/\",\"url\":\"https:\/\/secure.gravatar.com\/avatar\/2efe197438265d1e90bd98c4c8e1acf8?s=96&d=mm&r=g\",\"contentUrl\":\"https:\/\/secure.gravatar.com\/avatar\/2efe197438265d1e90bd98c4c8e1acf8?s=96&d=mm&r=g\",\"caption\":\"Assessoria de Imprensa da PMPB\"},\"url\":\"https:\/\/www.pm.pb.gov.br\/portal\/author\/assessoria\/\"}]}<\/script>\n<!-- \/ Yoast SEO plugin. -->","yoast_head_json":{"title":"Preso na PB procurado da justi\u00e7a do Mato Grosso que \u00e9 envolvido em esquema de roubo de motos - Pol\u00edcia Militar da Para\u00edba","robots":{"index":"index","follow":"follow","max-snippet":"max-snippet:-1","max-image-preview":"max-image-preview:large","max-video-preview":"max-video-preview:-1"},"canonical":"https:\/\/www.pm.pb.gov.br\/portal\/2024\/09\/05\/preso-na-pb-procurado-da-justica-do-mato-grosso-que-e-envolvido-em-esquema-de-roubo-de-motos\/","og_locale":"pt_BR","og_type":"article","og_title":"Preso na PB procurado da justi\u00e7a do Mato Grosso que \u00e9 envolvido em esquema de roubo de motos - Pol\u00edcia Militar da Para\u00edba","og_description":"O que planejava fazer na Para\u00edba? \u00c9 o que v\u00e3o apontar as investiga\u00e7\u00f5es a partir da pris\u00e3o feita pelo Batalh\u00e3o","og_url":"https:\/\/www.pm.pb.gov.br\/portal\/2024\/09\/05\/preso-na-pb-procurado-da-justica-do-mato-grosso-que-e-envolvido-em-esquema-de-roubo-de-motos\/","og_site_name":"Pol\u00edcia Militar da Para\u00edba","article_published_time":"2024-09-05T17:08:52+00:00","article_modified_time":"2024-09-05T18:09:54+00:00","og_image":[{"width":820,"height":800,"url":"http:\/\/www.pm.pb.gov.br\/portal\/wp-content\/uploads\/2024\/09\/WhatsApp-Image-2024-09-05-at-2.34.26-PM.jpeg","type":"image\/jpeg"}],"author":"Assessoria de Imprensa da PMPB","twitter_card":"summary_large_image","twitter_misc":{"Escrito por":"Assessoria de Imprensa da PMPB","Est. tempo de leitura":"1 minuto"},"schema":{"@context":"https:\/\/schema.org","@graph":[{"@type":"Article","@id":"https:\/\/www.pm.pb.gov.br\/portal\/2024\/09\/05\/preso-na-pb-procurado-da-justica-do-mato-grosso-que-e-envolvido-em-esquema-de-roubo-de-motos\/#article","isPartOf":{"@id":"https:\/\/www.pm.pb.gov.br\/portal\/2024\/09\/05\/preso-na-pb-procurado-da-justica-do-mato-grosso-que-e-envolvido-em-esquema-de-roubo-de-motos\/"},"author":{"name":"Assessoria de Imprensa da PMPB","@id":"https:\/\/www.pm.pb.gov.br\/portal\/#\/schema\/person\/e8454f46651c3ecf0e1ba3c1666d9947"},"headline":"Preso na PB procurado da justi\u00e7a do Mato Grosso que \u00e9 envolvido em esquema de roubo de motos","datePublished":"2024-09-05T17:08:52+00:00","dateModified":"2024-09-05T18:09:54+00:00","mainEntityOfPage":{"@id":"https:\/\/www.pm.pb.gov.br\/portal\/2024\/09\/05\/preso-na-pb-procurado-da-justica-do-mato-grosso-que-e-envolvido-em-esquema-de-roubo-de-motos\/"},"wordCount":163,"publisher":{"@id":"https:\/\/www.pm.pb.gov.br\/portal\/#organization"},"articleSection":["A\u00e7\u00f5es Policiais"],"inLanguage":"pt-BR"},{"@type":"WebPage","@id":"https:\/\/www.pm.pb.gov.br\/portal\/2024\/09\/05\/preso-na-pb-procurado-da-justica-do-mato-grosso-que-e-envolvido-em-esquema-de-roubo-de-motos\/","url":"https:\/\/www.pm.pb.gov.br\/portal\/2024\/09\/05\/preso-na-pb-procurado-da-justica-do-mato-grosso-que-e-envolvido-em-esquema-de-roubo-de-motos\/","name":"Preso na PB procurado da justi\u00e7a do Mato Grosso que \u00e9 envolvido em esquema de roubo de motos - Pol\u00edcia Militar da Para\u00edba","isPartOf":{"@id":"https:\/\/www.pm.pb.gov.br\/portal\/#website"},"datePublished":"2024-09-05T17:08:52+00:00","dateModified":"2024-09-05T18:09:54+00:00","breadcrumb":{"@id":"https:\/\/www.pm.pb.gov.br\/portal\/2024\/09\/05\/preso-na-pb-procurado-da-justica-do-mato-grosso-que-e-envolvido-em-esquema-de-roubo-de-motos\/#breadcrumb"},"inLanguage":"pt-BR","potentialAction":[{"@type":"ReadAction","target":["https:\/\/www.pm.pb.gov.br\/portal\/2024\/09\/05\/preso-na-pb-procurado-da-justica-do-mato-grosso-que-e-envolvido-em-esquema-de-roubo-de-motos\/"]}]},{"@type":"BreadcrumbList","@id":"https:\/\/www.pm.pb.gov.br\/portal\/2024\/09\/05\/preso-na-pb-procurado-da-justica-do-mato-grosso-que-e-envolvido-em-esquema-de-roubo-de-motos\/#breadcrumb","itemListElement":[{"@type":"ListItem","position":1,"name":"In\u00edcio","item":"https:\/\/www.pm.pb.gov.br\/portal\/"},{"@type":"ListItem","position":2,"name":"Preso na PB procurado da justi\u00e7a do Mato Grosso que \u00e9 envolvido em esquema de roubo de motos"}]},{"@type":"WebSite","@id":"https:\/\/www.pm.pb.gov.br\/portal\/#website","url":"https:\/\/www.pm.pb.gov.br\/portal\/","name":"Pol\u00edcia Militar da Para\u00edba","description":"","publisher":{"@id":"https:\/\/www.pm.pb.gov.br\/portal\/#organization"},"potentialAction":[{"@type":"SearchAction","target":{"@type":"EntryPoint","urlTemplate":"https:\/\/www.pm.pb.gov.br\/portal\/?s={search_term_string}"},"query-input":"required name=search_term_string"}],"inLanguage":"pt-BR"},{"@type":"Organization","@id":"https:\/\/www.pm.pb.gov.br\/portal\/#organization","name":"Pol\u00edcia Militar da Para\u00edba","url":"https:\/\/www.pm.pb.gov.br\/portal\/","logo":{"@type":"ImageObject","inLanguage":"pt-BR","@id":"https:\/\/www.pm.pb.gov.br\/portal\/#\/schema\/logo\/image\/","url":"https:\/\/www.pm.pb.gov.br\/portal\/wp-content\/uploads\/2025\/03\/cropped-logo-site-mag2-1.png","contentUrl":"https:\/\/www.pm.pb.gov.br\/portal\/wp-content\/uploads\/2025\/03\/cropped-logo-site-mag2-1.png","width":320,"height":90,"caption":"Pol\u00edcia Militar da Para\u00edba"},"image":{"@id":"https:\/\/www.pm.pb.gov.br\/portal\/#\/schema\/logo\/image\/"}},{"@type":"Person","@id":"https:\/\/www.pm.pb.gov.br\/portal\/#\/schema\/person\/e8454f46651c3ecf0e1ba3c1666d9947","name":"Assessoria de Imprensa da PMPB","image":{"@type":"ImageObject","inLanguage":"pt-BR","@id":"https:\/\/www.pm.pb.gov.br\/portal\/#\/schema\/person\/image\/","url":"https:\/\/secure.gravatar.com\/avatar\/2efe197438265d1e90bd98c4c8e1acf8?s=96&d=mm&r=g","contentUrl":"https:\/\/secure.gravatar.com\/avatar\/2efe197438265d1e90bd98c4c8e1acf8?s=96&d=mm&r=g","caption":"Assessoria de Imprensa da PMPB"},"url":"https:\/\/www.pm.pb.gov.br\/portal\/author\/assessoria\/"}]}},"_links":{"self":[{"href":"https:\/\/www.pm.pb.gov.br\/portal\/wp-json\/wp\/v2\/posts\/920045"}],"collection":[{"href":"https:\/\/www.pm.pb.gov.br\/portal\/wp-json\/wp\/v2\/posts"}],"about":[{"href":"https:\/\/www.pm.pb.gov.br\/portal\/wp-json\/wp\/v2\/types\/post"}],"author":[{"embeddable":true,"href":"https:\/\/www.pm.pb.gov.br\/portal\/wp-json\/wp\/v2\/users\/5"}],"replies":[{"embeddable":true,"href":"https:\/\/www.pm.pb.gov.br\/portal\/wp-json\/wp\/v2\/comments?post=920045"}],"version-history":[{"count":3,"href":"https:\/\/www.pm.pb.gov.br\/portal\/wp-json\/wp\/v2\/posts\/920045\/revisions"}],"predecessor-version":[{"id":923930,"href":"https:\/\/www.pm.pb.gov.br\/portal\/wp-json\/wp\/v2\/posts\/920045\/revisions\/923930"}],"wp:featuredmedia":[{"embeddable":true,"href":"https:\/\/www.pm.pb.gov.br\/portal\/wp-json\/wp\/v2\/media\/923927"}],"wp:attachment":[{"href":"https:\/\/www.pm.pb.gov.br\/portal\/wp-json\/wp\/v2\/media?parent=920045"}],"wp:term":[{"taxonomy":"category","embeddable":true,"href":"https:\/\/www.pm.pb.gov.br\/portal\/wp-json\/wp\/v2\/categories?post=920045"},{"taxonomy":"post_tag","embeddable":true,"href":"https:\/\/www.pm.pb.gov.br\/portal\/wp-json\/wp\/v2\/tags?post=920045"}],"curies":[{"name":"wp","href":"https:\/\/api.w.org\/{rel}","templated":true}]}}