{"id":919987,"date":"2024-01-03T08:14:00","date_gmt":"2024-01-03T11:14:00","guid":{"rendered":"https:\/\/www.pm.pb.gov.br\/portal\/?p=919987"},"modified":"2024-01-03T09:18:24","modified_gmt":"2024-01-03T12:18:24","slug":"reincidencia-policia-militar-prende-acusado-com-tornozeleira-eletronica-que-estava-com-arma-de-fogo-na-capital","status":"publish","type":"post","link":"https:\/\/www.pm.pb.gov.br\/portal\/2024\/01\/03\/reincidencia-policia-militar-prende-acusado-com-tornozeleira-eletronica-que-estava-com-arma-de-fogo-na-capital\/","title":{"rendered":"REINCID\u00caNCIA: Pol\u00edcia Militar prende acusado com tornozeleira eletr\u00f4nica que estava com arma de fogo na Capital"},"content":{"rendered":"\n<p>Um homem com tornozeleira eletr\u00f4nica foi preso com arma de fogo na noite da \u00faltima ter\u00e7a-feira (02) em Jo\u00e3o Pessoa. A pris\u00e3o foi realizada pela Pol\u00edcia Militar na regi\u00e3o do bairro das Ind\u00fastrias (foto acima ilustrativa).<\/p>\n<p>A a\u00e7\u00e3o foi realizada pelos policiais da For\u00e7a T\u00e1tica do 5\u00ba Batalh\u00e3o. De acordo com a unidade, em uma abordagem, foi constatado que o acusado estava com tornozeleira eletr\u00f4nica e com uma pistola calibre 380 e 12 muni\u00e7\u00f5es. A captura do acusado pode ter prevenido outros crimes na regi\u00e3o.<\/p>\n<p><img loading=\"lazy\" decoding=\"async\" class=\"size-medium wp-image-919988 aligncenter\" src=\"http:\/\/www.pm.pb.gov.br\/portal\/wp-content\/uploads\/2024\/01\/WhatsApp-Image-2024-01-03-at-04.18.45-334x445.jpeg\" alt=\"\" width=\"334\" height=\"445\" srcset=\"https:\/\/www.pm.pb.gov.br\/portal\/wp-content\/uploads\/2024\/01\/WhatsApp-Image-2024-01-03-at-04.18.45-334x445.jpeg 334w, https:\/\/www.pm.pb.gov.br\/portal\/wp-content\/uploads\/2024\/01\/WhatsApp-Image-2024-01-03-at-04.18.45-428x570.jpeg 428w, https:\/\/www.pm.pb.gov.br\/portal\/wp-content\/uploads\/2024\/01\/WhatsApp-Image-2024-01-03-at-04.18.45-768x1024.jpeg 768w, https:\/\/www.pm.pb.gov.br\/portal\/wp-content\/uploads\/2024\/01\/WhatsApp-Image-2024-01-03-at-04.18.45.jpeg 960w\" sizes=\"(max-width: 334px) 100vw, 334px\" \/><\/p>\n<p>A ocorr\u00eancia foi encaminhada para a Central de Flagrantes para os procedimentos cab\u00edveis.<\/p>\n<p><strong>N\u00fameros \u2013<\/strong> Com esta pris\u00e3o sobe para quatro o n\u00famero de armas apreendidas, em dois dias, na zona sul de Jo\u00e3o Pessoa (fotos abaixo). Novas devem acontecer na regi\u00e3o.<\/p>\n<p><img loading=\"lazy\" decoding=\"async\" class=\" wp-image-919989 aligncenter\" src=\"http:\/\/www.pm.pb.gov.br\/portal\/wp-content\/uploads\/2024\/01\/WhatsApp-Image-2024-01-02-at-12.36.41-1-791x445.jpeg\" alt=\"\" width=\"542\" height=\"305\" srcset=\"https:\/\/www.pm.pb.gov.br\/portal\/wp-content\/uploads\/2024\/01\/WhatsApp-Image-2024-01-02-at-12.36.41-1-791x445.jpeg 791w, https:\/\/www.pm.pb.gov.br\/portal\/wp-content\/uploads\/2024\/01\/WhatsApp-Image-2024-01-02-at-12.36.41-1-1013x570.jpeg 1013w, https:\/\/www.pm.pb.gov.br\/portal\/wp-content\/uploads\/2024\/01\/WhatsApp-Image-2024-01-02-at-12.36.41-1-768x432.jpeg 768w, https:\/\/www.pm.pb.gov.br\/portal\/wp-content\/uploads\/2024\/01\/WhatsApp-Image-2024-01-02-at-12.36.41-1.jpeg 1280w\" sizes=\"(max-width: 542px) 100vw, 542px\" \/><\/p>\n<p><img loading=\"lazy\" decoding=\"async\" class=\" wp-image-919990 aligncenter\" src=\"http:\/\/www.pm.pb.gov.br\/portal\/wp-content\/uploads\/2024\/01\/WhatsApp-Image-2024-01-02-at-12.36.41-593x445.jpeg\" alt=\"\" width=\"542\" height=\"407\" srcset=\"https:\/\/www.pm.pb.gov.br\/portal\/wp-content\/uploads\/2024\/01\/WhatsApp-Image-2024-01-02-at-12.36.41-593x445.jpeg 593w, https:\/\/www.pm.pb.gov.br\/portal\/wp-content\/uploads\/2024\/01\/WhatsApp-Image-2024-01-02-at-12.36.41-760x570.jpeg 760w, https:\/\/www.pm.pb.gov.br\/portal\/wp-content\/uploads\/2024\/01\/WhatsApp-Image-2024-01-02-at-12.36.41-768x576.jpeg 768w, https:\/\/www.pm.pb.gov.br\/portal\/wp-content\/uploads\/2024\/01\/WhatsApp-Image-2024-01-02-at-12.36.41.jpeg 1280w\" sizes=\"(max-width: 542px) 100vw, 542px\" \/><\/p>\n\n\n","protected":false},"excerpt":{"rendered":"<p>Um homem com tornozeleira eletr\u00f4nica foi preso com arma de fogo na noite da \u00faltima ter\u00e7a-feira (02) em Jo\u00e3o Pessoa.<\/p>\n","protected":false},"author":12,"featured_media":909500,"comment_status":"closed","ping_status":"closed","sticky":false,"template":"","format":"standard","meta":{"_exactmetrics_skip_tracking":false,"_exactmetrics_sitenote_active":false,"_exactmetrics_sitenote_note":"","_exactmetrics_sitenote_category":0,"footnotes":""},"categories":[4],"tags":[],"yoast_head":"<!-- This site is optimized with the Yoast SEO plugin v22.0 - https:\/\/yoast.com\/wordpress\/plugins\/seo\/ -->\n<title>REINCID\u00caNCIA: Pol\u00edcia Militar prende acusado com tornozeleira eletr\u00f4nica que estava com arma de fogo na Capital - Pol\u00edcia Militar da Para\u00edba<\/title>\n<meta name=\"description\" content=\"Com esta pris\u00e3o sobe para quatro o n\u00famero de armas apreendidas, em dois dias, na zona sul de Jo\u00e3o Pessoa\" \/>\n<meta name=\"robots\" content=\"index, follow, max-snippet:-1, max-image-preview:large, max-video-preview:-1\" \/>\n<link rel=\"canonical\" href=\"https:\/\/www.pm.pb.gov.br\/portal\/2024\/01\/03\/reincidencia-policia-militar-prende-acusado-com-tornozeleira-eletronica-que-estava-com-arma-de-fogo-na-capital\/\" \/>\n<meta property=\"og:locale\" content=\"pt_BR\" \/>\n<meta property=\"og:type\" content=\"article\" \/>\n<meta property=\"og:title\" content=\"REINCID\u00caNCIA: Pol\u00edcia Militar prende acusado com tornozeleira eletr\u00f4nica que estava com arma de fogo na Capital - Pol\u00edcia Militar da Para\u00edba\" \/>\n<meta property=\"og:description\" content=\"Com esta pris\u00e3o sobe para quatro o n\u00famero de armas apreendidas, em dois dias, na zona sul de Jo\u00e3o Pessoa\" \/>\n<meta property=\"og:url\" content=\"https:\/\/www.pm.pb.gov.br\/portal\/2024\/01\/03\/reincidencia-policia-militar-prende-acusado-com-tornozeleira-eletronica-que-estava-com-arma-de-fogo-na-capital\/\" \/>\n<meta property=\"og:site_name\" content=\"Pol\u00edcia Militar da Para\u00edba\" \/>\n<meta property=\"article:published_time\" content=\"2024-01-03T11:14:00+00:00\" \/>\n<meta property=\"article:modified_time\" content=\"2024-01-03T12:18:24+00:00\" \/>\n<meta property=\"og:image\" content=\"http:\/\/www.pm.pb.gov.br\/portal\/wp-content\/uploads\/2021\/02\/5bpm.jpeg\" \/>\n\t<meta property=\"og:image:width\" content=\"800\" \/>\n\t<meta property=\"og:image:height\" content=\"446\" \/>\n\t<meta property=\"og:image:type\" content=\"image\/jpeg\" \/>\n<meta name=\"author\" content=\"Tarcisio Oliveira\" \/>\n<meta name=\"twitter:card\" content=\"summary_large_image\" \/>\n<meta name=\"twitter:label1\" content=\"Escrito por\" \/>\n\t<meta name=\"twitter:data1\" content=\"Tarcisio Oliveira\" \/>\n\t<meta name=\"twitter:label2\" content=\"Est. tempo de leitura\" \/>\n\t<meta name=\"twitter:data2\" content=\"2 minutos\" \/>\n<script type=\"application\/ld+json\" class=\"yoast-schema-graph\">{\"@context\":\"https:\/\/schema.org\",\"@graph\":[{\"@type\":\"Article\",\"@id\":\"https:\/\/www.pm.pb.gov.br\/portal\/2024\/01\/03\/reincidencia-policia-militar-prende-acusado-com-tornozeleira-eletronica-que-estava-com-arma-de-fogo-na-capital\/#article\",\"isPartOf\":{\"@id\":\"https:\/\/www.pm.pb.gov.br\/portal\/2024\/01\/03\/reincidencia-policia-militar-prende-acusado-com-tornozeleira-eletronica-que-estava-com-arma-de-fogo-na-capital\/\"},\"author\":{\"name\":\"Tarcisio Oliveira\",\"@id\":\"https:\/\/www.pm.pb.gov.br\/portal\/#\/schema\/person\/f84f56dcc78ce4357054da888b8247fd\"},\"headline\":\"REINCID\u00caNCIA: Pol\u00edcia Militar prende acusado com tornozeleira eletr\u00f4nica que estava com arma de fogo na Capital\",\"datePublished\":\"2024-01-03T11:14:00+00:00\",\"dateModified\":\"2024-01-03T12:18:24+00:00\",\"mainEntityOfPage\":{\"@id\":\"https:\/\/www.pm.pb.gov.br\/portal\/2024\/01\/03\/reincidencia-policia-militar-prende-acusado-com-tornozeleira-eletronica-que-estava-com-arma-de-fogo-na-capital\/\"},\"wordCount\":162,\"publisher\":{\"@id\":\"https:\/\/www.pm.pb.gov.br\/portal\/#organization\"},\"articleSection\":[\"A\u00e7\u00f5es Policiais\"],\"inLanguage\":\"pt-BR\"},{\"@type\":\"WebPage\",\"@id\":\"https:\/\/www.pm.pb.gov.br\/portal\/2024\/01\/03\/reincidencia-policia-militar-prende-acusado-com-tornozeleira-eletronica-que-estava-com-arma-de-fogo-na-capital\/\",\"url\":\"https:\/\/www.pm.pb.gov.br\/portal\/2024\/01\/03\/reincidencia-policia-militar-prende-acusado-com-tornozeleira-eletronica-que-estava-com-arma-de-fogo-na-capital\/\",\"name\":\"REINCID\u00caNCIA: Pol\u00edcia Militar prende acusado com tornozeleira eletr\u00f4nica que estava com arma de fogo na Capital - Pol\u00edcia Militar da Para\u00edba\",\"isPartOf\":{\"@id\":\"https:\/\/www.pm.pb.gov.br\/portal\/#website\"},\"datePublished\":\"2024-01-03T11:14:00+00:00\",\"dateModified\":\"2024-01-03T12:18:24+00:00\",\"description\":\"Com esta pris\u00e3o sobe para quatro o n\u00famero de armas apreendidas, em dois dias, na zona sul de Jo\u00e3o Pessoa\",\"breadcrumb\":{\"@id\":\"https:\/\/www.pm.pb.gov.br\/portal\/2024\/01\/03\/reincidencia-policia-militar-prende-acusado-com-tornozeleira-eletronica-que-estava-com-arma-de-fogo-na-capital\/#breadcrumb\"},\"inLanguage\":\"pt-BR\",\"potentialAction\":[{\"@type\":\"ReadAction\",\"target\":[\"https:\/\/www.pm.pb.gov.br\/portal\/2024\/01\/03\/reincidencia-policia-militar-prende-acusado-com-tornozeleira-eletronica-que-estava-com-arma-de-fogo-na-capital\/\"]}]},{\"@type\":\"BreadcrumbList\",\"@id\":\"https:\/\/www.pm.pb.gov.br\/portal\/2024\/01\/03\/reincidencia-policia-militar-prende-acusado-com-tornozeleira-eletronica-que-estava-com-arma-de-fogo-na-capital\/#breadcrumb\",\"itemListElement\":[{\"@type\":\"ListItem\",\"position\":1,\"name\":\"In\u00edcio\",\"item\":\"https:\/\/www.pm.pb.gov.br\/portal\/\"},{\"@type\":\"ListItem\",\"position\":2,\"name\":\"REINCID\u00caNCIA: Pol\u00edcia Militar prende acusado com tornozeleira eletr\u00f4nica que estava com arma de fogo na Capital\"}]},{\"@type\":\"WebSite\",\"@id\":\"https:\/\/www.pm.pb.gov.br\/portal\/#website\",\"url\":\"https:\/\/www.pm.pb.gov.br\/portal\/\",\"name\":\"Pol\u00edcia Militar da Para\u00edba\",\"description\":\"\",\"publisher\":{\"@id\":\"https:\/\/www.pm.pb.gov.br\/portal\/#organization\"},\"potentialAction\":[{\"@type\":\"SearchAction\",\"target\":{\"@type\":\"EntryPoint\",\"urlTemplate\":\"https:\/\/www.pm.pb.gov.br\/portal\/?s={search_term_string}\"},\"query-input\":\"required name=search_term_string\"}],\"inLanguage\":\"pt-BR\"},{\"@type\":\"Organization\",\"@id\":\"https:\/\/www.pm.pb.gov.br\/portal\/#organization\",\"name\":\"Pol\u00edcia Militar da Para\u00edba\",\"url\":\"https:\/\/www.pm.pb.gov.br\/portal\/\",\"logo\":{\"@type\":\"ImageObject\",\"inLanguage\":\"pt-BR\",\"@id\":\"https:\/\/www.pm.pb.gov.br\/portal\/#\/schema\/logo\/image\/\",\"url\":\"https:\/\/www.pm.pb.gov.br\/portal\/wp-content\/uploads\/2025\/03\/cropped-logo-site-mag2-1.png\",\"contentUrl\":\"https:\/\/www.pm.pb.gov.br\/portal\/wp-content\/uploads\/2025\/03\/cropped-logo-site-mag2-1.png\",\"width\":320,\"height\":90,\"caption\":\"Pol\u00edcia Militar da Para\u00edba\"},\"image\":{\"@id\":\"https:\/\/www.pm.pb.gov.br\/portal\/#\/schema\/logo\/image\/\"}},{\"@type\":\"Person\",\"@id\":\"https:\/\/www.pm.pb.gov.br\/portal\/#\/schema\/person\/f84f56dcc78ce4357054da888b8247fd\",\"name\":\"Tarcisio Oliveira\",\"image\":{\"@type\":\"ImageObject\",\"inLanguage\":\"pt-BR\",\"@id\":\"https:\/\/www.pm.pb.gov.br\/portal\/#\/schema\/person\/image\/\",\"url\":\"https:\/\/secure.gravatar.com\/avatar\/72917b630b69d31cd0297507f34bac97?s=96&d=mm&r=g\",\"contentUrl\":\"https:\/\/secure.gravatar.com\/avatar\/72917b630b69d31cd0297507f34bac97?s=96&d=mm&r=g\",\"caption\":\"Tarcisio Oliveira\"},\"url\":\"https:\/\/www.pm.pb.gov.br\/portal\/author\/tarcisio\/\"}]}<\/script>\n<!-- \/ Yoast SEO plugin. -->","yoast_head_json":{"title":"REINCID\u00caNCIA: Pol\u00edcia Militar prende acusado com tornozeleira eletr\u00f4nica que estava com arma de fogo na Capital - Pol\u00edcia Militar da Para\u00edba","description":"Com esta pris\u00e3o sobe para quatro o n\u00famero de armas apreendidas, em dois dias, na zona sul de Jo\u00e3o Pessoa","robots":{"index":"index","follow":"follow","max-snippet":"max-snippet:-1","max-image-preview":"max-image-preview:large","max-video-preview":"max-video-preview:-1"},"canonical":"https:\/\/www.pm.pb.gov.br\/portal\/2024\/01\/03\/reincidencia-policia-militar-prende-acusado-com-tornozeleira-eletronica-que-estava-com-arma-de-fogo-na-capital\/","og_locale":"pt_BR","og_type":"article","og_title":"REINCID\u00caNCIA: Pol\u00edcia Militar prende acusado com tornozeleira eletr\u00f4nica que estava com arma de fogo na Capital - Pol\u00edcia Militar da Para\u00edba","og_description":"Com esta pris\u00e3o sobe para quatro o n\u00famero de armas apreendidas, em dois dias, na zona sul de Jo\u00e3o Pessoa","og_url":"https:\/\/www.pm.pb.gov.br\/portal\/2024\/01\/03\/reincidencia-policia-militar-prende-acusado-com-tornozeleira-eletronica-que-estava-com-arma-de-fogo-na-capital\/","og_site_name":"Pol\u00edcia Militar da Para\u00edba","article_published_time":"2024-01-03T11:14:00+00:00","article_modified_time":"2024-01-03T12:18:24+00:00","og_image":[{"width":800,"height":446,"url":"http:\/\/www.pm.pb.gov.br\/portal\/wp-content\/uploads\/2021\/02\/5bpm.jpeg","type":"image\/jpeg"}],"author":"Tarcisio Oliveira","twitter_card":"summary_large_image","twitter_misc":{"Escrito por":"Tarcisio Oliveira","Est. tempo de leitura":"2 minutos"},"schema":{"@context":"https:\/\/schema.org","@graph":[{"@type":"Article","@id":"https:\/\/www.pm.pb.gov.br\/portal\/2024\/01\/03\/reincidencia-policia-militar-prende-acusado-com-tornozeleira-eletronica-que-estava-com-arma-de-fogo-na-capital\/#article","isPartOf":{"@id":"https:\/\/www.pm.pb.gov.br\/portal\/2024\/01\/03\/reincidencia-policia-militar-prende-acusado-com-tornozeleira-eletronica-que-estava-com-arma-de-fogo-na-capital\/"},"author":{"name":"Tarcisio Oliveira","@id":"https:\/\/www.pm.pb.gov.br\/portal\/#\/schema\/person\/f84f56dcc78ce4357054da888b8247fd"},"headline":"REINCID\u00caNCIA: Pol\u00edcia Militar prende acusado com tornozeleira eletr\u00f4nica que estava com arma de fogo na Capital","datePublished":"2024-01-03T11:14:00+00:00","dateModified":"2024-01-03T12:18:24+00:00","mainEntityOfPage":{"@id":"https:\/\/www.pm.pb.gov.br\/portal\/2024\/01\/03\/reincidencia-policia-militar-prende-acusado-com-tornozeleira-eletronica-que-estava-com-arma-de-fogo-na-capital\/"},"wordCount":162,"publisher":{"@id":"https:\/\/www.pm.pb.gov.br\/portal\/#organization"},"articleSection":["A\u00e7\u00f5es Policiais"],"inLanguage":"pt-BR"},{"@type":"WebPage","@id":"https:\/\/www.pm.pb.gov.br\/portal\/2024\/01\/03\/reincidencia-policia-militar-prende-acusado-com-tornozeleira-eletronica-que-estava-com-arma-de-fogo-na-capital\/","url":"https:\/\/www.pm.pb.gov.br\/portal\/2024\/01\/03\/reincidencia-policia-militar-prende-acusado-com-tornozeleira-eletronica-que-estava-com-arma-de-fogo-na-capital\/","name":"REINCID\u00caNCIA: Pol\u00edcia Militar prende acusado com tornozeleira eletr\u00f4nica que estava com arma de fogo na Capital - Pol\u00edcia Militar da Para\u00edba","isPartOf":{"@id":"https:\/\/www.pm.pb.gov.br\/portal\/#website"},"datePublished":"2024-01-03T11:14:00+00:00","dateModified":"2024-01-03T12:18:24+00:00","description":"Com esta pris\u00e3o sobe para quatro o n\u00famero de armas apreendidas, em dois dias, na zona sul de Jo\u00e3o Pessoa","breadcrumb":{"@id":"https:\/\/www.pm.pb.gov.br\/portal\/2024\/01\/03\/reincidencia-policia-militar-prende-acusado-com-tornozeleira-eletronica-que-estava-com-arma-de-fogo-na-capital\/#breadcrumb"},"inLanguage":"pt-BR","potentialAction":[{"@type":"ReadAction","target":["https:\/\/www.pm.pb.gov.br\/portal\/2024\/01\/03\/reincidencia-policia-militar-prende-acusado-com-tornozeleira-eletronica-que-estava-com-arma-de-fogo-na-capital\/"]}]},{"@type":"BreadcrumbList","@id":"https:\/\/www.pm.pb.gov.br\/portal\/2024\/01\/03\/reincidencia-policia-militar-prende-acusado-com-tornozeleira-eletronica-que-estava-com-arma-de-fogo-na-capital\/#breadcrumb","itemListElement":[{"@type":"ListItem","position":1,"name":"In\u00edcio","item":"https:\/\/www.pm.pb.gov.br\/portal\/"},{"@type":"ListItem","position":2,"name":"REINCID\u00caNCIA: Pol\u00edcia Militar prende acusado com tornozeleira eletr\u00f4nica que estava com arma de fogo na Capital"}]},{"@type":"WebSite","@id":"https:\/\/www.pm.pb.gov.br\/portal\/#website","url":"https:\/\/www.pm.pb.gov.br\/portal\/","name":"Pol\u00edcia Militar da Para\u00edba","description":"","publisher":{"@id":"https:\/\/www.pm.pb.gov.br\/portal\/#organization"},"potentialAction":[{"@type":"SearchAction","target":{"@type":"EntryPoint","urlTemplate":"https:\/\/www.pm.pb.gov.br\/portal\/?s={search_term_string}"},"query-input":"required name=search_term_string"}],"inLanguage":"pt-BR"},{"@type":"Organization","@id":"https:\/\/www.pm.pb.gov.br\/portal\/#organization","name":"Pol\u00edcia Militar da Para\u00edba","url":"https:\/\/www.pm.pb.gov.br\/portal\/","logo":{"@type":"ImageObject","inLanguage":"pt-BR","@id":"https:\/\/www.pm.pb.gov.br\/portal\/#\/schema\/logo\/image\/","url":"https:\/\/www.pm.pb.gov.br\/portal\/wp-content\/uploads\/2025\/03\/cropped-logo-site-mag2-1.png","contentUrl":"https:\/\/www.pm.pb.gov.br\/portal\/wp-content\/uploads\/2025\/03\/cropped-logo-site-mag2-1.png","width":320,"height":90,"caption":"Pol\u00edcia Militar da Para\u00edba"},"image":{"@id":"https:\/\/www.pm.pb.gov.br\/portal\/#\/schema\/logo\/image\/"}},{"@type":"Person","@id":"https:\/\/www.pm.pb.gov.br\/portal\/#\/schema\/person\/f84f56dcc78ce4357054da888b8247fd","name":"Tarcisio Oliveira","image":{"@type":"ImageObject","inLanguage":"pt-BR","@id":"https:\/\/www.pm.pb.gov.br\/portal\/#\/schema\/person\/image\/","url":"https:\/\/secure.gravatar.com\/avatar\/72917b630b69d31cd0297507f34bac97?s=96&d=mm&r=g","contentUrl":"https:\/\/secure.gravatar.com\/avatar\/72917b630b69d31cd0297507f34bac97?s=96&d=mm&r=g","caption":"Tarcisio Oliveira"},"url":"https:\/\/www.pm.pb.gov.br\/portal\/author\/tarcisio\/"}]}},"_links":{"self":[{"href":"https:\/\/www.pm.pb.gov.br\/portal\/wp-json\/wp\/v2\/posts\/919987"}],"collection":[{"href":"https:\/\/www.pm.pb.gov.br\/portal\/wp-json\/wp\/v2\/posts"}],"about":[{"href":"https:\/\/www.pm.pb.gov.br\/portal\/wp-json\/wp\/v2\/types\/post"}],"author":[{"embeddable":true,"href":"https:\/\/www.pm.pb.gov.br\/portal\/wp-json\/wp\/v2\/users\/12"}],"replies":[{"embeddable":true,"href":"https:\/\/www.pm.pb.gov.br\/portal\/wp-json\/wp\/v2\/comments?post=919987"}],"version-history":[{"count":1,"href":"https:\/\/www.pm.pb.gov.br\/portal\/wp-json\/wp\/v2\/posts\/919987\/revisions"}],"predecessor-version":[{"id":919991,"href":"https:\/\/www.pm.pb.gov.br\/portal\/wp-json\/wp\/v2\/posts\/919987\/revisions\/919991"}],"wp:featuredmedia":[{"embeddable":true,"href":"https:\/\/www.pm.pb.gov.br\/portal\/wp-json\/wp\/v2\/media\/909500"}],"wp:attachment":[{"href":"https:\/\/www.pm.pb.gov.br\/portal\/wp-json\/wp\/v2\/media?parent=919987"}],"wp:term":[{"taxonomy":"category","embeddable":true,"href":"https:\/\/www.pm.pb.gov.br\/portal\/wp-json\/wp\/v2\/categories?post=919987"},{"taxonomy":"post_tag","embeddable":true,"href":"https:\/\/www.pm.pb.gov.br\/portal\/wp-json\/wp\/v2\/tags?post=919987"}],"curies":[{"name":"wp","href":"https:\/\/api.w.org\/{rel}","templated":true}]}}