{"id":919978,"date":"2024-01-03T08:20:58","date_gmt":"2024-01-03T11:20:58","guid":{"rendered":"https:\/\/www.pm.pb.gov.br\/portal\/?p=919978"},"modified":"2024-01-03T08:21:00","modified_gmt":"2024-01-03T11:21:00","slug":"em-flagrante-policia-militar-prende-acusados-de-duplo-homicidio-na-grande-joao-pessoa","status":"publish","type":"post","link":"https:\/\/www.pm.pb.gov.br\/portal\/2024\/01\/03\/em-flagrante-policia-militar-prende-acusados-de-duplo-homicidio-na-grande-joao-pessoa\/","title":{"rendered":"EM FLAGRANTE: Pol\u00edcia Militar prende acusados de duplo homic\u00eddio na Grande Jo\u00e3o Pessoa"},"content":{"rendered":"\n<p>J\u00e1 est\u00e3o presos os dois acusados de cometerem um duplo homic\u00eddio nas \u00faltimas horas da ter\u00e7a-feira (02), na Grande Jo\u00e3o Pessoa. A pris\u00e3o da dupla foi realizada pela Pol\u00edcia Militar e aconteceu em flagrante, resultando ainda na apreens\u00e3o de duas pistolas, muni\u00e7\u00f5es e carregadores.<\/p>\n<p>De acordo com o Batalh\u00e3o Especializado em Policiamento Tur\u00edstico (BEPTur), o crime aconteceu na comunidade Castelinho, entre as cidades de Jo\u00e3o Pessoa e Cabedelo, na regi\u00e3o do Bessa, resultando em duas mortes provocadas pelos criminosos. Em um cerco r\u00e1pido, policiais do BEPTur capturaram os acusados que tentaram fugir.<\/p>\n<p>Segundo a unidade, os acusados estavam com duas pistolas .40 e 9 mil\u00edmetros, al\u00e9m de carregadores comuns e em caracol, que tem maior capacidade de armazenamento de cartuchos. 31 muni\u00e7\u00f5es e dois celulares tamb\u00e9m foram apreendidos com a dupla.<\/p>\n<p><img loading=\"lazy\" decoding=\"async\" class=\"size-medium wp-image-919980 aligncenter\" src=\"http:\/\/www.pm.pb.gov.br\/portal\/wp-content\/uploads\/2024\/01\/WhatsApp-Image-2024-01-03-at-06.18.54-1-334x445.jpeg\" alt=\"\" width=\"334\" height=\"445\" srcset=\"https:\/\/www.pm.pb.gov.br\/portal\/wp-content\/uploads\/2024\/01\/WhatsApp-Image-2024-01-03-at-06.18.54-1-334x445.jpeg 334w, https:\/\/www.pm.pb.gov.br\/portal\/wp-content\/uploads\/2024\/01\/WhatsApp-Image-2024-01-03-at-06.18.54-1-428x570.jpeg 428w, https:\/\/www.pm.pb.gov.br\/portal\/wp-content\/uploads\/2024\/01\/WhatsApp-Image-2024-01-03-at-06.18.54-1.jpeg 768w\" sizes=\"(max-width: 334px) 100vw, 334px\" \/><\/p>\n<p>O caso foi encaminhado para a Delegacia onde a real motiva\u00e7\u00e3o do crime dever\u00e1 ser investigada.<\/p>\n<p><strong>Opera\u00e7\u00e3o \u2013<\/strong> Com esta pris\u00e3o sobe para 20 o n\u00famero de presos na Opera\u00e7\u00e3o Ver\u00e3o, iniciada nos \u00faltimos dias de dezembro, e que tem intensificado as a\u00e7\u00f5es na orla da Grande Jo\u00e3o Pessoa. Ainda na ter\u00e7a-feira (02), um homem que j\u00e1 tinha passagem por tr\u00e1fico foi preso novamente na regi\u00e3o do bairro S\u00e3o Jos\u00e9 ap\u00f3s ter praticado um roubo no Cabo Branco.<\/p>\n<p>Novas a\u00e7\u00f5es preventivas devem acontecer durante todo o m\u00eas de janeiro.<\/p>\n\n\n","protected":false},"excerpt":{"rendered":"<p>J\u00e1 est\u00e3o presos os dois acusados de cometerem um duplo homic\u00eddio nas \u00faltimas horas da ter\u00e7a-feira (02), na Grande Jo\u00e3o<\/p>\n","protected":false},"author":12,"featured_media":919979,"comment_status":"closed","ping_status":"closed","sticky":false,"template":"","format":"standard","meta":{"_exactmetrics_skip_tracking":false,"_exactmetrics_sitenote_active":false,"_exactmetrics_sitenote_note":"","_exactmetrics_sitenote_category":0,"footnotes":""},"categories":[4],"tags":[],"yoast_head":"<!-- This site is optimized with the Yoast SEO plugin v22.0 - https:\/\/yoast.com\/wordpress\/plugins\/seo\/ -->\n<title>EM FLAGRANTE: Pol\u00edcia Militar prende acusados de duplo homic\u00eddio na Grande Jo\u00e3o Pessoa - Pol\u00edcia Militar da Para\u00edba<\/title>\n<meta name=\"description\" content=\"Com esta pris\u00e3o sobe para 20 o n\u00famero de presos na Opera\u00e7\u00e3o Ver\u00e3o, iniciada nos \u00faltimos dias de dezembro, e que tem intensificado as a\u00e7\u00f5es na orla.\" \/>\n<meta name=\"robots\" content=\"index, follow, max-snippet:-1, max-image-preview:large, max-video-preview:-1\" \/>\n<link rel=\"canonical\" href=\"https:\/\/www.pm.pb.gov.br\/portal\/2024\/01\/03\/em-flagrante-policia-militar-prende-acusados-de-duplo-homicidio-na-grande-joao-pessoa\/\" \/>\n<meta property=\"og:locale\" content=\"pt_BR\" \/>\n<meta property=\"og:type\" content=\"article\" \/>\n<meta property=\"og:title\" content=\"EM FLAGRANTE: Pol\u00edcia Militar prende acusados de duplo homic\u00eddio na Grande Jo\u00e3o Pessoa - Pol\u00edcia Militar da Para\u00edba\" \/>\n<meta property=\"og:description\" content=\"Com esta pris\u00e3o sobe para 20 o n\u00famero de presos na Opera\u00e7\u00e3o Ver\u00e3o, iniciada nos \u00faltimos dias de dezembro, e que tem intensificado as a\u00e7\u00f5es na orla.\" \/>\n<meta property=\"og:url\" content=\"https:\/\/www.pm.pb.gov.br\/portal\/2024\/01\/03\/em-flagrante-policia-militar-prende-acusados-de-duplo-homicidio-na-grande-joao-pessoa\/\" \/>\n<meta property=\"og:site_name\" content=\"Pol\u00edcia Militar da Para\u00edba\" \/>\n<meta property=\"article:published_time\" content=\"2024-01-03T11:20:58+00:00\" \/>\n<meta property=\"article:modified_time\" content=\"2024-01-03T11:21:00+00:00\" \/>\n<meta property=\"og:image\" content=\"http:\/\/www.pm.pb.gov.br\/portal\/wp-content\/uploads\/2024\/01\/verao.jpeg\" \/>\n\t<meta property=\"og:image:width\" content=\"800\" \/>\n\t<meta property=\"og:image:height\" content=\"445\" \/>\n\t<meta property=\"og:image:type\" content=\"image\/jpeg\" \/>\n<meta name=\"author\" content=\"Tarcisio Oliveira\" \/>\n<meta name=\"twitter:card\" content=\"summary_large_image\" \/>\n<meta name=\"twitter:label1\" content=\"Escrito por\" \/>\n\t<meta name=\"twitter:data1\" content=\"Tarcisio Oliveira\" \/>\n\t<meta name=\"twitter:label2\" content=\"Est. tempo de leitura\" \/>\n\t<meta name=\"twitter:data2\" content=\"2 minutos\" \/>\n<script type=\"application\/ld+json\" class=\"yoast-schema-graph\">{\"@context\":\"https:\/\/schema.org\",\"@graph\":[{\"@type\":\"Article\",\"@id\":\"https:\/\/www.pm.pb.gov.br\/portal\/2024\/01\/03\/em-flagrante-policia-militar-prende-acusados-de-duplo-homicidio-na-grande-joao-pessoa\/#article\",\"isPartOf\":{\"@id\":\"https:\/\/www.pm.pb.gov.br\/portal\/2024\/01\/03\/em-flagrante-policia-militar-prende-acusados-de-duplo-homicidio-na-grande-joao-pessoa\/\"},\"author\":{\"name\":\"Tarcisio Oliveira\",\"@id\":\"https:\/\/www.pm.pb.gov.br\/portal\/#\/schema\/person\/f84f56dcc78ce4357054da888b8247fd\"},\"headline\":\"EM FLAGRANTE: Pol\u00edcia Militar prende acusados de duplo homic\u00eddio na Grande Jo\u00e3o Pessoa\",\"datePublished\":\"2024-01-03T11:20:58+00:00\",\"dateModified\":\"2024-01-03T11:21:00+00:00\",\"mainEntityOfPage\":{\"@id\":\"https:\/\/www.pm.pb.gov.br\/portal\/2024\/01\/03\/em-flagrante-policia-militar-prende-acusados-de-duplo-homicidio-na-grande-joao-pessoa\/\"},\"wordCount\":261,\"publisher\":{\"@id\":\"https:\/\/www.pm.pb.gov.br\/portal\/#organization\"},\"articleSection\":[\"A\u00e7\u00f5es Policiais\"],\"inLanguage\":\"pt-BR\"},{\"@type\":\"WebPage\",\"@id\":\"https:\/\/www.pm.pb.gov.br\/portal\/2024\/01\/03\/em-flagrante-policia-militar-prende-acusados-de-duplo-homicidio-na-grande-joao-pessoa\/\",\"url\":\"https:\/\/www.pm.pb.gov.br\/portal\/2024\/01\/03\/em-flagrante-policia-militar-prende-acusados-de-duplo-homicidio-na-grande-joao-pessoa\/\",\"name\":\"EM FLAGRANTE: Pol\u00edcia Militar prende acusados de duplo homic\u00eddio na Grande Jo\u00e3o Pessoa - Pol\u00edcia Militar da Para\u00edba\",\"isPartOf\":{\"@id\":\"https:\/\/www.pm.pb.gov.br\/portal\/#website\"},\"datePublished\":\"2024-01-03T11:20:58+00:00\",\"dateModified\":\"2024-01-03T11:21:00+00:00\",\"description\":\"Com esta pris\u00e3o sobe para 20 o n\u00famero de presos na Opera\u00e7\u00e3o Ver\u00e3o, iniciada nos \u00faltimos dias de dezembro, e que tem intensificado as a\u00e7\u00f5es na orla.\",\"breadcrumb\":{\"@id\":\"https:\/\/www.pm.pb.gov.br\/portal\/2024\/01\/03\/em-flagrante-policia-militar-prende-acusados-de-duplo-homicidio-na-grande-joao-pessoa\/#breadcrumb\"},\"inLanguage\":\"pt-BR\",\"potentialAction\":[{\"@type\":\"ReadAction\",\"target\":[\"https:\/\/www.pm.pb.gov.br\/portal\/2024\/01\/03\/em-flagrante-policia-militar-prende-acusados-de-duplo-homicidio-na-grande-joao-pessoa\/\"]}]},{\"@type\":\"BreadcrumbList\",\"@id\":\"https:\/\/www.pm.pb.gov.br\/portal\/2024\/01\/03\/em-flagrante-policia-militar-prende-acusados-de-duplo-homicidio-na-grande-joao-pessoa\/#breadcrumb\",\"itemListElement\":[{\"@type\":\"ListItem\",\"position\":1,\"name\":\"In\u00edcio\",\"item\":\"https:\/\/www.pm.pb.gov.br\/portal\/\"},{\"@type\":\"ListItem\",\"position\":2,\"name\":\"EM FLAGRANTE: Pol\u00edcia Militar prende acusados de duplo homic\u00eddio na Grande Jo\u00e3o Pessoa\"}]},{\"@type\":\"WebSite\",\"@id\":\"https:\/\/www.pm.pb.gov.br\/portal\/#website\",\"url\":\"https:\/\/www.pm.pb.gov.br\/portal\/\",\"name\":\"Pol\u00edcia Militar da Para\u00edba\",\"description\":\"\",\"publisher\":{\"@id\":\"https:\/\/www.pm.pb.gov.br\/portal\/#organization\"},\"potentialAction\":[{\"@type\":\"SearchAction\",\"target\":{\"@type\":\"EntryPoint\",\"urlTemplate\":\"https:\/\/www.pm.pb.gov.br\/portal\/?s={search_term_string}\"},\"query-input\":\"required name=search_term_string\"}],\"inLanguage\":\"pt-BR\"},{\"@type\":\"Organization\",\"@id\":\"https:\/\/www.pm.pb.gov.br\/portal\/#organization\",\"name\":\"Pol\u00edcia Militar da Para\u00edba\",\"url\":\"https:\/\/www.pm.pb.gov.br\/portal\/\",\"logo\":{\"@type\":\"ImageObject\",\"inLanguage\":\"pt-BR\",\"@id\":\"https:\/\/www.pm.pb.gov.br\/portal\/#\/schema\/logo\/image\/\",\"url\":\"https:\/\/www.pm.pb.gov.br\/portal\/wp-content\/uploads\/2025\/03\/cropped-logo-site-mag2-1.png\",\"contentUrl\":\"https:\/\/www.pm.pb.gov.br\/portal\/wp-content\/uploads\/2025\/03\/cropped-logo-site-mag2-1.png\",\"width\":320,\"height\":90,\"caption\":\"Pol\u00edcia Militar da Para\u00edba\"},\"image\":{\"@id\":\"https:\/\/www.pm.pb.gov.br\/portal\/#\/schema\/logo\/image\/\"}},{\"@type\":\"Person\",\"@id\":\"https:\/\/www.pm.pb.gov.br\/portal\/#\/schema\/person\/f84f56dcc78ce4357054da888b8247fd\",\"name\":\"Tarcisio Oliveira\",\"image\":{\"@type\":\"ImageObject\",\"inLanguage\":\"pt-BR\",\"@id\":\"https:\/\/www.pm.pb.gov.br\/portal\/#\/schema\/person\/image\/\",\"url\":\"https:\/\/secure.gravatar.com\/avatar\/72917b630b69d31cd0297507f34bac97?s=96&d=mm&r=g\",\"contentUrl\":\"https:\/\/secure.gravatar.com\/avatar\/72917b630b69d31cd0297507f34bac97?s=96&d=mm&r=g\",\"caption\":\"Tarcisio Oliveira\"},\"url\":\"https:\/\/www.pm.pb.gov.br\/portal\/author\/tarcisio\/\"}]}<\/script>\n<!-- \/ Yoast SEO plugin. -->","yoast_head_json":{"title":"EM FLAGRANTE: Pol\u00edcia Militar prende acusados de duplo homic\u00eddio na Grande Jo\u00e3o Pessoa - Pol\u00edcia Militar da Para\u00edba","description":"Com esta pris\u00e3o sobe para 20 o n\u00famero de presos na Opera\u00e7\u00e3o Ver\u00e3o, iniciada nos \u00faltimos dias de dezembro, e que tem intensificado as a\u00e7\u00f5es na orla.","robots":{"index":"index","follow":"follow","max-snippet":"max-snippet:-1","max-image-preview":"max-image-preview:large","max-video-preview":"max-video-preview:-1"},"canonical":"https:\/\/www.pm.pb.gov.br\/portal\/2024\/01\/03\/em-flagrante-policia-militar-prende-acusados-de-duplo-homicidio-na-grande-joao-pessoa\/","og_locale":"pt_BR","og_type":"article","og_title":"EM FLAGRANTE: Pol\u00edcia Militar prende acusados de duplo homic\u00eddio na Grande Jo\u00e3o Pessoa - Pol\u00edcia Militar da Para\u00edba","og_description":"Com esta pris\u00e3o sobe para 20 o n\u00famero de presos na Opera\u00e7\u00e3o Ver\u00e3o, iniciada nos \u00faltimos dias de dezembro, e que tem intensificado as a\u00e7\u00f5es na orla.","og_url":"https:\/\/www.pm.pb.gov.br\/portal\/2024\/01\/03\/em-flagrante-policia-militar-prende-acusados-de-duplo-homicidio-na-grande-joao-pessoa\/","og_site_name":"Pol\u00edcia Militar da Para\u00edba","article_published_time":"2024-01-03T11:20:58+00:00","article_modified_time":"2024-01-03T11:21:00+00:00","og_image":[{"width":800,"height":445,"url":"http:\/\/www.pm.pb.gov.br\/portal\/wp-content\/uploads\/2024\/01\/verao.jpeg","type":"image\/jpeg"}],"author":"Tarcisio Oliveira","twitter_card":"summary_large_image","twitter_misc":{"Escrito por":"Tarcisio Oliveira","Est. tempo de leitura":"2 minutos"},"schema":{"@context":"https:\/\/schema.org","@graph":[{"@type":"Article","@id":"https:\/\/www.pm.pb.gov.br\/portal\/2024\/01\/03\/em-flagrante-policia-militar-prende-acusados-de-duplo-homicidio-na-grande-joao-pessoa\/#article","isPartOf":{"@id":"https:\/\/www.pm.pb.gov.br\/portal\/2024\/01\/03\/em-flagrante-policia-militar-prende-acusados-de-duplo-homicidio-na-grande-joao-pessoa\/"},"author":{"name":"Tarcisio Oliveira","@id":"https:\/\/www.pm.pb.gov.br\/portal\/#\/schema\/person\/f84f56dcc78ce4357054da888b8247fd"},"headline":"EM FLAGRANTE: Pol\u00edcia Militar prende acusados de duplo homic\u00eddio na Grande Jo\u00e3o Pessoa","datePublished":"2024-01-03T11:20:58+00:00","dateModified":"2024-01-03T11:21:00+00:00","mainEntityOfPage":{"@id":"https:\/\/www.pm.pb.gov.br\/portal\/2024\/01\/03\/em-flagrante-policia-militar-prende-acusados-de-duplo-homicidio-na-grande-joao-pessoa\/"},"wordCount":261,"publisher":{"@id":"https:\/\/www.pm.pb.gov.br\/portal\/#organization"},"articleSection":["A\u00e7\u00f5es Policiais"],"inLanguage":"pt-BR"},{"@type":"WebPage","@id":"https:\/\/www.pm.pb.gov.br\/portal\/2024\/01\/03\/em-flagrante-policia-militar-prende-acusados-de-duplo-homicidio-na-grande-joao-pessoa\/","url":"https:\/\/www.pm.pb.gov.br\/portal\/2024\/01\/03\/em-flagrante-policia-militar-prende-acusados-de-duplo-homicidio-na-grande-joao-pessoa\/","name":"EM FLAGRANTE: Pol\u00edcia Militar prende acusados de duplo homic\u00eddio na Grande Jo\u00e3o Pessoa - Pol\u00edcia Militar da Para\u00edba","isPartOf":{"@id":"https:\/\/www.pm.pb.gov.br\/portal\/#website"},"datePublished":"2024-01-03T11:20:58+00:00","dateModified":"2024-01-03T11:21:00+00:00","description":"Com esta pris\u00e3o sobe para 20 o n\u00famero de presos na Opera\u00e7\u00e3o Ver\u00e3o, iniciada nos \u00faltimos dias de dezembro, e que tem intensificado as a\u00e7\u00f5es na orla.","breadcrumb":{"@id":"https:\/\/www.pm.pb.gov.br\/portal\/2024\/01\/03\/em-flagrante-policia-militar-prende-acusados-de-duplo-homicidio-na-grande-joao-pessoa\/#breadcrumb"},"inLanguage":"pt-BR","potentialAction":[{"@type":"ReadAction","target":["https:\/\/www.pm.pb.gov.br\/portal\/2024\/01\/03\/em-flagrante-policia-militar-prende-acusados-de-duplo-homicidio-na-grande-joao-pessoa\/"]}]},{"@type":"BreadcrumbList","@id":"https:\/\/www.pm.pb.gov.br\/portal\/2024\/01\/03\/em-flagrante-policia-militar-prende-acusados-de-duplo-homicidio-na-grande-joao-pessoa\/#breadcrumb","itemListElement":[{"@type":"ListItem","position":1,"name":"In\u00edcio","item":"https:\/\/www.pm.pb.gov.br\/portal\/"},{"@type":"ListItem","position":2,"name":"EM FLAGRANTE: Pol\u00edcia Militar prende acusados de duplo homic\u00eddio na Grande Jo\u00e3o Pessoa"}]},{"@type":"WebSite","@id":"https:\/\/www.pm.pb.gov.br\/portal\/#website","url":"https:\/\/www.pm.pb.gov.br\/portal\/","name":"Pol\u00edcia Militar da Para\u00edba","description":"","publisher":{"@id":"https:\/\/www.pm.pb.gov.br\/portal\/#organization"},"potentialAction":[{"@type":"SearchAction","target":{"@type":"EntryPoint","urlTemplate":"https:\/\/www.pm.pb.gov.br\/portal\/?s={search_term_string}"},"query-input":"required name=search_term_string"}],"inLanguage":"pt-BR"},{"@type":"Organization","@id":"https:\/\/www.pm.pb.gov.br\/portal\/#organization","name":"Pol\u00edcia Militar da Para\u00edba","url":"https:\/\/www.pm.pb.gov.br\/portal\/","logo":{"@type":"ImageObject","inLanguage":"pt-BR","@id":"https:\/\/www.pm.pb.gov.br\/portal\/#\/schema\/logo\/image\/","url":"https:\/\/www.pm.pb.gov.br\/portal\/wp-content\/uploads\/2025\/03\/cropped-logo-site-mag2-1.png","contentUrl":"https:\/\/www.pm.pb.gov.br\/portal\/wp-content\/uploads\/2025\/03\/cropped-logo-site-mag2-1.png","width":320,"height":90,"caption":"Pol\u00edcia Militar da Para\u00edba"},"image":{"@id":"https:\/\/www.pm.pb.gov.br\/portal\/#\/schema\/logo\/image\/"}},{"@type":"Person","@id":"https:\/\/www.pm.pb.gov.br\/portal\/#\/schema\/person\/f84f56dcc78ce4357054da888b8247fd","name":"Tarcisio Oliveira","image":{"@type":"ImageObject","inLanguage":"pt-BR","@id":"https:\/\/www.pm.pb.gov.br\/portal\/#\/schema\/person\/image\/","url":"https:\/\/secure.gravatar.com\/avatar\/72917b630b69d31cd0297507f34bac97?s=96&d=mm&r=g","contentUrl":"https:\/\/secure.gravatar.com\/avatar\/72917b630b69d31cd0297507f34bac97?s=96&d=mm&r=g","caption":"Tarcisio Oliveira"},"url":"https:\/\/www.pm.pb.gov.br\/portal\/author\/tarcisio\/"}]}},"_links":{"self":[{"href":"https:\/\/www.pm.pb.gov.br\/portal\/wp-json\/wp\/v2\/posts\/919978"}],"collection":[{"href":"https:\/\/www.pm.pb.gov.br\/portal\/wp-json\/wp\/v2\/posts"}],"about":[{"href":"https:\/\/www.pm.pb.gov.br\/portal\/wp-json\/wp\/v2\/types\/post"}],"author":[{"embeddable":true,"href":"https:\/\/www.pm.pb.gov.br\/portal\/wp-json\/wp\/v2\/users\/12"}],"replies":[{"embeddable":true,"href":"https:\/\/www.pm.pb.gov.br\/portal\/wp-json\/wp\/v2\/comments?post=919978"}],"version-history":[{"count":1,"href":"https:\/\/www.pm.pb.gov.br\/portal\/wp-json\/wp\/v2\/posts\/919978\/revisions"}],"predecessor-version":[{"id":919981,"href":"https:\/\/www.pm.pb.gov.br\/portal\/wp-json\/wp\/v2\/posts\/919978\/revisions\/919981"}],"wp:featuredmedia":[{"embeddable":true,"href":"https:\/\/www.pm.pb.gov.br\/portal\/wp-json\/wp\/v2\/media\/919979"}],"wp:attachment":[{"href":"https:\/\/www.pm.pb.gov.br\/portal\/wp-json\/wp\/v2\/media?parent=919978"}],"wp:term":[{"taxonomy":"category","embeddable":true,"href":"https:\/\/www.pm.pb.gov.br\/portal\/wp-json\/wp\/v2\/categories?post=919978"},{"taxonomy":"post_tag","embeddable":true,"href":"https:\/\/www.pm.pb.gov.br\/portal\/wp-json\/wp\/v2\/tags?post=919978"}],"curies":[{"name":"wp","href":"https:\/\/api.w.org\/{rel}","templated":true}]}}