{"id":919956,"date":"2024-01-01T09:06:19","date_gmt":"2024-01-01T12:06:19","guid":{"rendered":"https:\/\/www.pm.pb.gov.br\/portal\/?p=919956"},"modified":"2024-01-01T09:06:21","modified_gmt":"2024-01-01T12:06:21","slug":"acoes-da-policia-militar-apreendem-19-armas-de-fogo-e-prendem-236-no-feriadao-de-reveillon-na-paraiba","status":"publish","type":"post","link":"https:\/\/www.pm.pb.gov.br\/portal\/2024\/01\/01\/acoes-da-policia-militar-apreendem-19-armas-de-fogo-e-prendem-236-no-feriadao-de-reveillon-na-paraiba\/","title":{"rendered":"A\u00e7\u00f5es da Pol\u00edcia Militar apreendem 19 armas de fogo e prendem 236 no feriad\u00e3o de R\u00e9veillon na Para\u00edba"},"content":{"rendered":"\n<p>O refor\u00e7o policial e as a\u00e7\u00f5es preventivas da Pol\u00edcia Militar no feriad\u00e3o de R\u00e9veillon resultaram na apreens\u00e3o de 19 armas de fogo em toda a Para\u00edba. O dado est\u00e1 em um balan\u00e7o preliminar do Estado-Maior Estrat\u00e9gico da corpora\u00e7\u00e3o, que avaliou as ocorr\u00eancias policiais entre \u00e0s 13h da \u00faltima sexta-feira (29), e as \u00faltimas horas do dia 31.<\/p>\n<p>No per\u00edodo, que compreende a Opera\u00e7\u00e3o Boas Festas, mais de 230 pessoas foram conduzidas as delegacias como acusadas de crimes (210), atos infracionais (09), ou que estavam com mandados de pris\u00e3o em aberto (17). Entre os ve\u00edculos, 14 foram recuperados e 123 removidos por irregularidades.<\/p>\n<figure id=\"attachment_919958\" aria-describedby=\"caption-attachment-919958\" style=\"width: 626px\" class=\"wp-caption aligncenter\"><img loading=\"lazy\" decoding=\"async\" class=\"wp-image-919958\" src=\"http:\/\/www.pm.pb.gov.br\/portal\/wp-content\/uploads\/2024\/01\/WhatsApp-Image-2024-01-01-at-09.18.00-666x445.jpeg\" alt=\"\" width=\"626\" height=\"418\" srcset=\"https:\/\/www.pm.pb.gov.br\/portal\/wp-content\/uploads\/2024\/01\/WhatsApp-Image-2024-01-01-at-09.18.00-666x445.jpeg 666w, https:\/\/www.pm.pb.gov.br\/portal\/wp-content\/uploads\/2024\/01\/WhatsApp-Image-2024-01-01-at-09.18.00-853x570.jpeg 853w, https:\/\/www.pm.pb.gov.br\/portal\/wp-content\/uploads\/2024\/01\/WhatsApp-Image-2024-01-01-at-09.18.00-768x513.jpeg 768w, https:\/\/www.pm.pb.gov.br\/portal\/wp-content\/uploads\/2024\/01\/WhatsApp-Image-2024-01-01-at-09.18.00-1536x1026.jpeg 1536w, https:\/\/www.pm.pb.gov.br\/portal\/wp-content\/uploads\/2024\/01\/WhatsApp-Image-2024-01-01-at-09.18.00-272x182.jpeg 272w, https:\/\/www.pm.pb.gov.br\/portal\/wp-content\/uploads\/2024\/01\/WhatsApp-Image-2024-01-01-at-09.18.00.jpeg 1600w\" sizes=\"(max-width: 626px) 100vw, 626px\" \/><figcaption id=\"caption-attachment-919958\" class=\"wp-caption-text\">Policiamento refor\u00e7ado em locais de festa na Grande Jo\u00e3o Pessoa<\/figcaption><\/figure>\n<p><img loading=\"lazy\" decoding=\"async\" class=\" wp-image-919960 aligncenter\" src=\"http:\/\/www.pm.pb.gov.br\/portal\/wp-content\/uploads\/2024\/01\/WhatsApp-Image-2024-01-01-at-09.17.59-1-666x445.jpeg\" alt=\"\" width=\"587\" height=\"392\" srcset=\"https:\/\/www.pm.pb.gov.br\/portal\/wp-content\/uploads\/2024\/01\/WhatsApp-Image-2024-01-01-at-09.17.59-1-666x445.jpeg 666w, https:\/\/www.pm.pb.gov.br\/portal\/wp-content\/uploads\/2024\/01\/WhatsApp-Image-2024-01-01-at-09.17.59-1-853x570.jpeg 853w, https:\/\/www.pm.pb.gov.br\/portal\/wp-content\/uploads\/2024\/01\/WhatsApp-Image-2024-01-01-at-09.17.59-1-768x513.jpeg 768w, https:\/\/www.pm.pb.gov.br\/portal\/wp-content\/uploads\/2024\/01\/WhatsApp-Image-2024-01-01-at-09.17.59-1-1536x1026.jpeg 1536w, https:\/\/www.pm.pb.gov.br\/portal\/wp-content\/uploads\/2024\/01\/WhatsApp-Image-2024-01-01-at-09.17.59-1-272x182.jpeg 272w, https:\/\/www.pm.pb.gov.br\/portal\/wp-content\/uploads\/2024\/01\/WhatsApp-Image-2024-01-01-at-09.17.59-1.jpeg 1600w\" sizes=\"(max-width: 587px) 100vw, 587px\" \/><\/p>\n<p>Os n\u00fameros foram resultado direto da intensifica\u00e7\u00e3o do policiamento, atua\u00e7\u00e3o preventiva, al\u00e9m do combate ao tr\u00e1fico de drogas, crimes patrimoniais e contra a vida. Neste \u00faltimo m\u00eas do ano, v\u00e1rias a\u00e7\u00f5es operacionais na Grande Jo\u00e3o Pessoa foram coordenadas pelo pr\u00f3prio comandante-geral da PM, o coronel S\u00e9rgio Fonseca (na foto principal acima e abaixo).<\/p>\n<p><img loading=\"lazy\" decoding=\"async\" class=\" wp-image-919959 aligncenter\" src=\"http:\/\/www.pm.pb.gov.br\/portal\/wp-content\/uploads\/2024\/01\/WhatsApp-Image-2024-01-01-at-09.17.59-666x445.jpeg\" alt=\"\" width=\"629\" height=\"420\" srcset=\"https:\/\/www.pm.pb.gov.br\/portal\/wp-content\/uploads\/2024\/01\/WhatsApp-Image-2024-01-01-at-09.17.59-666x445.jpeg 666w, https:\/\/www.pm.pb.gov.br\/portal\/wp-content\/uploads\/2024\/01\/WhatsApp-Image-2024-01-01-at-09.17.59-853x570.jpeg 853w, https:\/\/www.pm.pb.gov.br\/portal\/wp-content\/uploads\/2024\/01\/WhatsApp-Image-2024-01-01-at-09.17.59-768x513.jpeg 768w, https:\/\/www.pm.pb.gov.br\/portal\/wp-content\/uploads\/2024\/01\/WhatsApp-Image-2024-01-01-at-09.17.59-1536x1026.jpeg 1536w, https:\/\/www.pm.pb.gov.br\/portal\/wp-content\/uploads\/2024\/01\/WhatsApp-Image-2024-01-01-at-09.17.59-272x182.jpeg 272w, https:\/\/www.pm.pb.gov.br\/portal\/wp-content\/uploads\/2024\/01\/WhatsApp-Image-2024-01-01-at-09.17.59.jpeg 1600w\" sizes=\"(max-width: 629px) 100vw, 629px\" \/><\/p>\n<p>At\u00e9 esta manh\u00e3 de segunda-feira (1\u00ba), n\u00e3o h\u00e1 relatos de ocorr\u00eancias de destaque em locais de festas.<\/p>\n<p><strong>Outros dados \u2013<\/strong> O m\u00eas de dezembro registrou 209 armas de fogo apreendidas em toda a Para\u00edba pela Pol\u00edcia Militar: uma m\u00e9dia de seis armas apreendidas por dia. Entre os 781 conduzidos est\u00e3o adultos presos em flagrante (694), adolescentes (30) e foragidos da Justi\u00e7a com mandados de pris\u00e3o em aberto (57).<\/p>\n<p>Nos 31 dias de dezembro foram 110 ve\u00edculos recuperados, e outros 137 removidos por irregularidades. Foram apreendidos ainda cerca de dois quilos de drogas.<\/p>\n<figure id=\"attachment_919950\" aria-describedby=\"caption-attachment-919950\" style=\"width: 699px\" class=\"wp-caption aligncenter\"><img loading=\"lazy\" decoding=\"async\" class=\"wp-image-919950\" src=\"http:\/\/www.pm.pb.gov.br\/portal\/wp-content\/uploads\/2023\/12\/foto-jacare-791x445.jpg\" alt=\"\" width=\"699\" height=\"393\" srcset=\"https:\/\/www.pm.pb.gov.br\/portal\/wp-content\/uploads\/2023\/12\/foto-jacare-791x445.jpg 791w, https:\/\/www.pm.pb.gov.br\/portal\/wp-content\/uploads\/2023\/12\/foto-jacare-1013x570.jpg 1013w, https:\/\/www.pm.pb.gov.br\/portal\/wp-content\/uploads\/2023\/12\/foto-jacare-768x432.jpg 768w, https:\/\/www.pm.pb.gov.br\/portal\/wp-content\/uploads\/2023\/12\/foto-jacare-1536x864.jpg 1536w, https:\/\/www.pm.pb.gov.br\/portal\/wp-content\/uploads\/2023\/12\/foto-jacare.jpg 1600w\" sizes=\"(max-width: 699px) 100vw, 699px\" \/><figcaption id=\"caption-attachment-919950\" class=\"wp-caption-text\">Pistola e drogas apreendidas em Cabedelo, nos \u00faltimos dias de dezembro<\/figcaption><\/figure>\n<figure id=\"attachment_919934\" aria-describedby=\"caption-attachment-919934\" style=\"width: 561px\" class=\"wp-caption aligncenter\"><img loading=\"lazy\" decoding=\"async\" class=\"wp-image-919934\" src=\"http:\/\/www.pm.pb.gov.br\/portal\/wp-content\/uploads\/2023\/12\/FOTO-DROAS-E-ARMA-VIEIRA-DINIZ-623x445.jpg\" alt=\"\" width=\"561\" height=\"401\" srcset=\"https:\/\/www.pm.pb.gov.br\/portal\/wp-content\/uploads\/2023\/12\/FOTO-DROAS-E-ARMA-VIEIRA-DINIZ-623x445.jpg 623w, https:\/\/www.pm.pb.gov.br\/portal\/wp-content\/uploads\/2023\/12\/FOTO-DROAS-E-ARMA-VIEIRA-DINIZ.jpg 720w\" sizes=\"(max-width: 561px) 100vw, 561px\" \/><figcaption id=\"caption-attachment-919934\" class=\"wp-caption-text\">A\u00e7\u00f5es de combate ao tr\u00e1fico tamb\u00e9m ocorreram na zona sul de Jo\u00e3o Pessoa: arma, drogas e muni\u00e7\u00f5es apreendidas<\/figcaption><\/figure>\n<figure id=\"attachment_919917\" aria-describedby=\"caption-attachment-919917\" style=\"width: 429px\" class=\"wp-caption aligncenter\"><img loading=\"lazy\" decoding=\"async\" class=\"wp-image-919917 \" src=\"http:\/\/www.pm.pb.gov.br\/portal\/wp-content\/uploads\/2023\/12\/arma-e-drogas-santa-rita-593x445.jpg\" alt=\"\" width=\"429\" height=\"322\" srcset=\"https:\/\/www.pm.pb.gov.br\/portal\/wp-content\/uploads\/2023\/12\/arma-e-drogas-santa-rita-593x445.jpg 593w, https:\/\/www.pm.pb.gov.br\/portal\/wp-content\/uploads\/2023\/12\/arma-e-drogas-santa-rita-760x570.jpg 760w, https:\/\/www.pm.pb.gov.br\/portal\/wp-content\/uploads\/2023\/12\/arma-e-drogas-santa-rita-768x576.jpg 768w, https:\/\/www.pm.pb.gov.br\/portal\/wp-content\/uploads\/2023\/12\/arma-e-drogas-santa-rita.jpg 1280w\" sizes=\"(max-width: 429px) 100vw, 429px\" \/><figcaption id=\"caption-attachment-919917\" class=\"wp-caption-text\">Pistola, colete bal\u00edstico, muni\u00e7\u00f5es e materiais do tr\u00e1fico. Ocorr\u00eancia policial aconteceu em Santa Rita, no per\u00edodo<\/figcaption><\/figure>\n\n\n","protected":false},"excerpt":{"rendered":"<p>O refor\u00e7o policial e as a\u00e7\u00f5es preventivas da Pol\u00edcia Militar no feriad\u00e3o de R\u00e9veillon resultaram na apreens\u00e3o de 19 armas<\/p>\n","protected":false},"author":12,"featured_media":919957,"comment_status":"closed","ping_status":"closed","sticky":false,"template":"","format":"standard","meta":{"_exactmetrics_skip_tracking":false,"_exactmetrics_sitenote_active":false,"_exactmetrics_sitenote_note":"","_exactmetrics_sitenote_category":0,"footnotes":""},"categories":[4],"tags":[],"yoast_head":"<!-- This site is optimized with the Yoast SEO plugin v22.0 - https:\/\/yoast.com\/wordpress\/plugins\/seo\/ -->\n<title>A\u00e7\u00f5es da Pol\u00edcia Militar apreendem 19 armas de fogo e prendem 236 no feriad\u00e3o de R\u00e9veillon na Para\u00edba - Pol\u00edcia Militar da Para\u00edba<\/title>\n<meta name=\"description\" content=\"O m\u00eas de dezembro registrou 209 armas de fogo apreendidas; uma m\u00e9dia de seis armas apreendidas por dia.\" \/>\n<meta name=\"robots\" content=\"index, follow, max-snippet:-1, max-image-preview:large, max-video-preview:-1\" \/>\n<link rel=\"canonical\" href=\"https:\/\/www.pm.pb.gov.br\/portal\/2024\/01\/01\/acoes-da-policia-militar-apreendem-19-armas-de-fogo-e-prendem-236-no-feriadao-de-reveillon-na-paraiba\/\" \/>\n<meta property=\"og:locale\" content=\"pt_BR\" \/>\n<meta property=\"og:type\" content=\"article\" \/>\n<meta property=\"og:title\" content=\"A\u00e7\u00f5es da Pol\u00edcia Militar apreendem 19 armas de fogo e prendem 236 no feriad\u00e3o de R\u00e9veillon na Para\u00edba - Pol\u00edcia Militar da Para\u00edba\" \/>\n<meta property=\"og:description\" content=\"O m\u00eas de dezembro registrou 209 armas de fogo apreendidas; uma m\u00e9dia de seis armas apreendidas por dia.\" \/>\n<meta property=\"og:url\" content=\"https:\/\/www.pm.pb.gov.br\/portal\/2024\/01\/01\/acoes-da-policia-militar-apreendem-19-armas-de-fogo-e-prendem-236-no-feriadao-de-reveillon-na-paraiba\/\" \/>\n<meta property=\"og:site_name\" content=\"Pol\u00edcia Militar da Para\u00edba\" \/>\n<meta property=\"article:published_time\" content=\"2024-01-01T12:06:19+00:00\" \/>\n<meta property=\"article:modified_time\" content=\"2024-01-01T12:06:21+00:00\" \/>\n<meta property=\"og:image\" content=\"http:\/\/www.pm.pb.gov.br\/portal\/wp-content\/uploads\/2024\/01\/capa.jpeg\" \/>\n\t<meta property=\"og:image:width\" content=\"800\" \/>\n\t<meta property=\"og:image:height\" content=\"445\" \/>\n\t<meta property=\"og:image:type\" content=\"image\/jpeg\" \/>\n<meta name=\"author\" content=\"Tarcisio Oliveira\" \/>\n<meta name=\"twitter:card\" content=\"summary_large_image\" \/>\n<meta name=\"twitter:label1\" content=\"Escrito por\" \/>\n\t<meta name=\"twitter:data1\" content=\"Tarcisio Oliveira\" \/>\n\t<meta name=\"twitter:label2\" content=\"Est. tempo de leitura\" \/>\n\t<meta name=\"twitter:data2\" content=\"3 minutos\" \/>\n<script type=\"application\/ld+json\" class=\"yoast-schema-graph\">{\"@context\":\"https:\/\/schema.org\",\"@graph\":[{\"@type\":\"Article\",\"@id\":\"https:\/\/www.pm.pb.gov.br\/portal\/2024\/01\/01\/acoes-da-policia-militar-apreendem-19-armas-de-fogo-e-prendem-236-no-feriadao-de-reveillon-na-paraiba\/#article\",\"isPartOf\":{\"@id\":\"https:\/\/www.pm.pb.gov.br\/portal\/2024\/01\/01\/acoes-da-policia-militar-apreendem-19-armas-de-fogo-e-prendem-236-no-feriadao-de-reveillon-na-paraiba\/\"},\"author\":{\"name\":\"Tarcisio Oliveira\",\"@id\":\"https:\/\/www.pm.pb.gov.br\/portal\/#\/schema\/person\/f84f56dcc78ce4357054da888b8247fd\"},\"headline\":\"A\u00e7\u00f5es da Pol\u00edcia Militar apreendem 19 armas de fogo e prendem 236 no feriad\u00e3o de R\u00e9veillon na Para\u00edba\",\"datePublished\":\"2024-01-01T12:06:19+00:00\",\"dateModified\":\"2024-01-01T12:06:21+00:00\",\"mainEntityOfPage\":{\"@id\":\"https:\/\/www.pm.pb.gov.br\/portal\/2024\/01\/01\/acoes-da-policia-militar-apreendem-19-armas-de-fogo-e-prendem-236-no-feriadao-de-reveillon-na-paraiba\/\"},\"wordCount\":380,\"publisher\":{\"@id\":\"https:\/\/www.pm.pb.gov.br\/portal\/#organization\"},\"articleSection\":[\"A\u00e7\u00f5es Policiais\"],\"inLanguage\":\"pt-BR\"},{\"@type\":\"WebPage\",\"@id\":\"https:\/\/www.pm.pb.gov.br\/portal\/2024\/01\/01\/acoes-da-policia-militar-apreendem-19-armas-de-fogo-e-prendem-236-no-feriadao-de-reveillon-na-paraiba\/\",\"url\":\"https:\/\/www.pm.pb.gov.br\/portal\/2024\/01\/01\/acoes-da-policia-militar-apreendem-19-armas-de-fogo-e-prendem-236-no-feriadao-de-reveillon-na-paraiba\/\",\"name\":\"A\u00e7\u00f5es da Pol\u00edcia Militar apreendem 19 armas de fogo e prendem 236 no feriad\u00e3o de R\u00e9veillon na Para\u00edba - Pol\u00edcia Militar da Para\u00edba\",\"isPartOf\":{\"@id\":\"https:\/\/www.pm.pb.gov.br\/portal\/#website\"},\"datePublished\":\"2024-01-01T12:06:19+00:00\",\"dateModified\":\"2024-01-01T12:06:21+00:00\",\"description\":\"O m\u00eas de dezembro registrou 209 armas de fogo apreendidas; uma m\u00e9dia de seis armas apreendidas por dia.\",\"breadcrumb\":{\"@id\":\"https:\/\/www.pm.pb.gov.br\/portal\/2024\/01\/01\/acoes-da-policia-militar-apreendem-19-armas-de-fogo-e-prendem-236-no-feriadao-de-reveillon-na-paraiba\/#breadcrumb\"},\"inLanguage\":\"pt-BR\",\"potentialAction\":[{\"@type\":\"ReadAction\",\"target\":[\"https:\/\/www.pm.pb.gov.br\/portal\/2024\/01\/01\/acoes-da-policia-militar-apreendem-19-armas-de-fogo-e-prendem-236-no-feriadao-de-reveillon-na-paraiba\/\"]}]},{\"@type\":\"BreadcrumbList\",\"@id\":\"https:\/\/www.pm.pb.gov.br\/portal\/2024\/01\/01\/acoes-da-policia-militar-apreendem-19-armas-de-fogo-e-prendem-236-no-feriadao-de-reveillon-na-paraiba\/#breadcrumb\",\"itemListElement\":[{\"@type\":\"ListItem\",\"position\":1,\"name\":\"In\u00edcio\",\"item\":\"https:\/\/www.pm.pb.gov.br\/portal\/\"},{\"@type\":\"ListItem\",\"position\":2,\"name\":\"A\u00e7\u00f5es da Pol\u00edcia Militar apreendem 19 armas de fogo e prendem 236 no feriad\u00e3o de R\u00e9veillon na Para\u00edba\"}]},{\"@type\":\"WebSite\",\"@id\":\"https:\/\/www.pm.pb.gov.br\/portal\/#website\",\"url\":\"https:\/\/www.pm.pb.gov.br\/portal\/\",\"name\":\"Pol\u00edcia Militar da Para\u00edba\",\"description\":\"\",\"publisher\":{\"@id\":\"https:\/\/www.pm.pb.gov.br\/portal\/#organization\"},\"potentialAction\":[{\"@type\":\"SearchAction\",\"target\":{\"@type\":\"EntryPoint\",\"urlTemplate\":\"https:\/\/www.pm.pb.gov.br\/portal\/?s={search_term_string}\"},\"query-input\":\"required name=search_term_string\"}],\"inLanguage\":\"pt-BR\"},{\"@type\":\"Organization\",\"@id\":\"https:\/\/www.pm.pb.gov.br\/portal\/#organization\",\"name\":\"Pol\u00edcia Militar da Para\u00edba\",\"url\":\"https:\/\/www.pm.pb.gov.br\/portal\/\",\"logo\":{\"@type\":\"ImageObject\",\"inLanguage\":\"pt-BR\",\"@id\":\"https:\/\/www.pm.pb.gov.br\/portal\/#\/schema\/logo\/image\/\",\"url\":\"https:\/\/www.pm.pb.gov.br\/portal\/wp-content\/uploads\/2025\/03\/cropped-logo-site-mag2-1.png\",\"contentUrl\":\"https:\/\/www.pm.pb.gov.br\/portal\/wp-content\/uploads\/2025\/03\/cropped-logo-site-mag2-1.png\",\"width\":320,\"height\":90,\"caption\":\"Pol\u00edcia Militar da Para\u00edba\"},\"image\":{\"@id\":\"https:\/\/www.pm.pb.gov.br\/portal\/#\/schema\/logo\/image\/\"}},{\"@type\":\"Person\",\"@id\":\"https:\/\/www.pm.pb.gov.br\/portal\/#\/schema\/person\/f84f56dcc78ce4357054da888b8247fd\",\"name\":\"Tarcisio Oliveira\",\"image\":{\"@type\":\"ImageObject\",\"inLanguage\":\"pt-BR\",\"@id\":\"https:\/\/www.pm.pb.gov.br\/portal\/#\/schema\/person\/image\/\",\"url\":\"https:\/\/secure.gravatar.com\/avatar\/72917b630b69d31cd0297507f34bac97?s=96&d=mm&r=g\",\"contentUrl\":\"https:\/\/secure.gravatar.com\/avatar\/72917b630b69d31cd0297507f34bac97?s=96&d=mm&r=g\",\"caption\":\"Tarcisio Oliveira\"},\"url\":\"https:\/\/www.pm.pb.gov.br\/portal\/author\/tarcisio\/\"}]}<\/script>\n<!-- \/ Yoast SEO plugin. -->","yoast_head_json":{"title":"A\u00e7\u00f5es da Pol\u00edcia Militar apreendem 19 armas de fogo e prendem 236 no feriad\u00e3o de R\u00e9veillon na Para\u00edba - Pol\u00edcia Militar da Para\u00edba","description":"O m\u00eas de dezembro registrou 209 armas de fogo apreendidas; uma m\u00e9dia de seis armas apreendidas por dia.","robots":{"index":"index","follow":"follow","max-snippet":"max-snippet:-1","max-image-preview":"max-image-preview:large","max-video-preview":"max-video-preview:-1"},"canonical":"https:\/\/www.pm.pb.gov.br\/portal\/2024\/01\/01\/acoes-da-policia-militar-apreendem-19-armas-de-fogo-e-prendem-236-no-feriadao-de-reveillon-na-paraiba\/","og_locale":"pt_BR","og_type":"article","og_title":"A\u00e7\u00f5es da Pol\u00edcia Militar apreendem 19 armas de fogo e prendem 236 no feriad\u00e3o de R\u00e9veillon na Para\u00edba - Pol\u00edcia Militar da Para\u00edba","og_description":"O m\u00eas de dezembro registrou 209 armas de fogo apreendidas; uma m\u00e9dia de seis armas apreendidas por dia.","og_url":"https:\/\/www.pm.pb.gov.br\/portal\/2024\/01\/01\/acoes-da-policia-militar-apreendem-19-armas-de-fogo-e-prendem-236-no-feriadao-de-reveillon-na-paraiba\/","og_site_name":"Pol\u00edcia Militar da Para\u00edba","article_published_time":"2024-01-01T12:06:19+00:00","article_modified_time":"2024-01-01T12:06:21+00:00","og_image":[{"width":800,"height":445,"url":"http:\/\/www.pm.pb.gov.br\/portal\/wp-content\/uploads\/2024\/01\/capa.jpeg","type":"image\/jpeg"}],"author":"Tarcisio Oliveira","twitter_card":"summary_large_image","twitter_misc":{"Escrito por":"Tarcisio Oliveira","Est. tempo de leitura":"3 minutos"},"schema":{"@context":"https:\/\/schema.org","@graph":[{"@type":"Article","@id":"https:\/\/www.pm.pb.gov.br\/portal\/2024\/01\/01\/acoes-da-policia-militar-apreendem-19-armas-de-fogo-e-prendem-236-no-feriadao-de-reveillon-na-paraiba\/#article","isPartOf":{"@id":"https:\/\/www.pm.pb.gov.br\/portal\/2024\/01\/01\/acoes-da-policia-militar-apreendem-19-armas-de-fogo-e-prendem-236-no-feriadao-de-reveillon-na-paraiba\/"},"author":{"name":"Tarcisio Oliveira","@id":"https:\/\/www.pm.pb.gov.br\/portal\/#\/schema\/person\/f84f56dcc78ce4357054da888b8247fd"},"headline":"A\u00e7\u00f5es da Pol\u00edcia Militar apreendem 19 armas de fogo e prendem 236 no feriad\u00e3o de R\u00e9veillon na Para\u00edba","datePublished":"2024-01-01T12:06:19+00:00","dateModified":"2024-01-01T12:06:21+00:00","mainEntityOfPage":{"@id":"https:\/\/www.pm.pb.gov.br\/portal\/2024\/01\/01\/acoes-da-policia-militar-apreendem-19-armas-de-fogo-e-prendem-236-no-feriadao-de-reveillon-na-paraiba\/"},"wordCount":380,"publisher":{"@id":"https:\/\/www.pm.pb.gov.br\/portal\/#organization"},"articleSection":["A\u00e7\u00f5es Policiais"],"inLanguage":"pt-BR"},{"@type":"WebPage","@id":"https:\/\/www.pm.pb.gov.br\/portal\/2024\/01\/01\/acoes-da-policia-militar-apreendem-19-armas-de-fogo-e-prendem-236-no-feriadao-de-reveillon-na-paraiba\/","url":"https:\/\/www.pm.pb.gov.br\/portal\/2024\/01\/01\/acoes-da-policia-militar-apreendem-19-armas-de-fogo-e-prendem-236-no-feriadao-de-reveillon-na-paraiba\/","name":"A\u00e7\u00f5es da Pol\u00edcia Militar apreendem 19 armas de fogo e prendem 236 no feriad\u00e3o de R\u00e9veillon na Para\u00edba - Pol\u00edcia Militar da Para\u00edba","isPartOf":{"@id":"https:\/\/www.pm.pb.gov.br\/portal\/#website"},"datePublished":"2024-01-01T12:06:19+00:00","dateModified":"2024-01-01T12:06:21+00:00","description":"O m\u00eas de dezembro registrou 209 armas de fogo apreendidas; uma m\u00e9dia de seis armas apreendidas por dia.","breadcrumb":{"@id":"https:\/\/www.pm.pb.gov.br\/portal\/2024\/01\/01\/acoes-da-policia-militar-apreendem-19-armas-de-fogo-e-prendem-236-no-feriadao-de-reveillon-na-paraiba\/#breadcrumb"},"inLanguage":"pt-BR","potentialAction":[{"@type":"ReadAction","target":["https:\/\/www.pm.pb.gov.br\/portal\/2024\/01\/01\/acoes-da-policia-militar-apreendem-19-armas-de-fogo-e-prendem-236-no-feriadao-de-reveillon-na-paraiba\/"]}]},{"@type":"BreadcrumbList","@id":"https:\/\/www.pm.pb.gov.br\/portal\/2024\/01\/01\/acoes-da-policia-militar-apreendem-19-armas-de-fogo-e-prendem-236-no-feriadao-de-reveillon-na-paraiba\/#breadcrumb","itemListElement":[{"@type":"ListItem","position":1,"name":"In\u00edcio","item":"https:\/\/www.pm.pb.gov.br\/portal\/"},{"@type":"ListItem","position":2,"name":"A\u00e7\u00f5es da Pol\u00edcia Militar apreendem 19 armas de fogo e prendem 236 no feriad\u00e3o de R\u00e9veillon na Para\u00edba"}]},{"@type":"WebSite","@id":"https:\/\/www.pm.pb.gov.br\/portal\/#website","url":"https:\/\/www.pm.pb.gov.br\/portal\/","name":"Pol\u00edcia Militar da Para\u00edba","description":"","publisher":{"@id":"https:\/\/www.pm.pb.gov.br\/portal\/#organization"},"potentialAction":[{"@type":"SearchAction","target":{"@type":"EntryPoint","urlTemplate":"https:\/\/www.pm.pb.gov.br\/portal\/?s={search_term_string}"},"query-input":"required name=search_term_string"}],"inLanguage":"pt-BR"},{"@type":"Organization","@id":"https:\/\/www.pm.pb.gov.br\/portal\/#organization","name":"Pol\u00edcia Militar da Para\u00edba","url":"https:\/\/www.pm.pb.gov.br\/portal\/","logo":{"@type":"ImageObject","inLanguage":"pt-BR","@id":"https:\/\/www.pm.pb.gov.br\/portal\/#\/schema\/logo\/image\/","url":"https:\/\/www.pm.pb.gov.br\/portal\/wp-content\/uploads\/2025\/03\/cropped-logo-site-mag2-1.png","contentUrl":"https:\/\/www.pm.pb.gov.br\/portal\/wp-content\/uploads\/2025\/03\/cropped-logo-site-mag2-1.png","width":320,"height":90,"caption":"Pol\u00edcia Militar da Para\u00edba"},"image":{"@id":"https:\/\/www.pm.pb.gov.br\/portal\/#\/schema\/logo\/image\/"}},{"@type":"Person","@id":"https:\/\/www.pm.pb.gov.br\/portal\/#\/schema\/person\/f84f56dcc78ce4357054da888b8247fd","name":"Tarcisio Oliveira","image":{"@type":"ImageObject","inLanguage":"pt-BR","@id":"https:\/\/www.pm.pb.gov.br\/portal\/#\/schema\/person\/image\/","url":"https:\/\/secure.gravatar.com\/avatar\/72917b630b69d31cd0297507f34bac97?s=96&d=mm&r=g","contentUrl":"https:\/\/secure.gravatar.com\/avatar\/72917b630b69d31cd0297507f34bac97?s=96&d=mm&r=g","caption":"Tarcisio Oliveira"},"url":"https:\/\/www.pm.pb.gov.br\/portal\/author\/tarcisio\/"}]}},"_links":{"self":[{"href":"https:\/\/www.pm.pb.gov.br\/portal\/wp-json\/wp\/v2\/posts\/919956"}],"collection":[{"href":"https:\/\/www.pm.pb.gov.br\/portal\/wp-json\/wp\/v2\/posts"}],"about":[{"href":"https:\/\/www.pm.pb.gov.br\/portal\/wp-json\/wp\/v2\/types\/post"}],"author":[{"embeddable":true,"href":"https:\/\/www.pm.pb.gov.br\/portal\/wp-json\/wp\/v2\/users\/12"}],"replies":[{"embeddable":true,"href":"https:\/\/www.pm.pb.gov.br\/portal\/wp-json\/wp\/v2\/comments?post=919956"}],"version-history":[{"count":1,"href":"https:\/\/www.pm.pb.gov.br\/portal\/wp-json\/wp\/v2\/posts\/919956\/revisions"}],"predecessor-version":[{"id":919961,"href":"https:\/\/www.pm.pb.gov.br\/portal\/wp-json\/wp\/v2\/posts\/919956\/revisions\/919961"}],"wp:featuredmedia":[{"embeddable":true,"href":"https:\/\/www.pm.pb.gov.br\/portal\/wp-json\/wp\/v2\/media\/919957"}],"wp:attachment":[{"href":"https:\/\/www.pm.pb.gov.br\/portal\/wp-json\/wp\/v2\/media?parent=919956"}],"wp:term":[{"taxonomy":"category","embeddable":true,"href":"https:\/\/www.pm.pb.gov.br\/portal\/wp-json\/wp\/v2\/categories?post=919956"},{"taxonomy":"post_tag","embeddable":true,"href":"https:\/\/www.pm.pb.gov.br\/portal\/wp-json\/wp\/v2\/tags?post=919956"}],"curies":[{"name":"wp","href":"https:\/\/api.w.org\/{rel}","templated":true}]}}