{"id":919933,"date":"2023-12-30T14:51:23","date_gmt":"2023-12-30T17:51:23","guid":{"rendered":"https:\/\/www.pm.pb.gov.br\/portal\/?p=919933"},"modified":"2023-12-30T14:51:25","modified_gmt":"2023-12-30T17:51:25","slug":"acao-integrada-aplica-multas-e-apreende-mais-de-50-motocicletas-em-combate-a-rolezinho-no-agreste-paraibano","status":"publish","type":"post","link":"https:\/\/www.pm.pb.gov.br\/portal\/2023\/12\/30\/acao-integrada-aplica-multas-e-apreende-mais-de-50-motocicletas-em-combate-a-rolezinho-no-agreste-paraibano\/","title":{"rendered":"A\u00e7\u00e3o integrada aplica multas e apreende mais de 50 motocicletas em combate a \u201crolezinho\u201d  no Agreste Paraibano"},"content":{"rendered":"\n<p>Nesta sexta-feira (29), a Pol\u00edcia Militar, Corpo de Bombeiros, Detran e STTP realizaram a\u00e7\u00f5es de fiscaliza\u00e7\u00e3o vi\u00e1ria com foco na preven\u00e7\u00e3o do &#8220;rolezinho&#8221;. Durante as a\u00e7\u00f5es, flagraram diversas motocicletas circulando com escapamento ruidoso, perturbando o sossego p\u00fablico e cometendo outras infra\u00e7\u00f5es do C\u00f3digo de Tr\u00e2nsito.<\/p>\n\n\n<div class=\"wp-block-image\">\n<figure class=\"aligncenter size-large is-resized\"><img loading=\"lazy\" decoding=\"async\" width=\"428\" height=\"570\" src=\"https:\/\/www.pm.pb.gov.br\/portal\/wp-content\/uploads\/2023\/12\/ROLEZINHO-1-1-428x570.jpg\" alt=\"\" class=\"wp-image-919941\" style=\"aspect-ratio:0.7508771929824561;width:257px;height:auto\" srcset=\"https:\/\/www.pm.pb.gov.br\/portal\/wp-content\/uploads\/2023\/12\/ROLEZINHO-1-1-428x570.jpg 428w, https:\/\/www.pm.pb.gov.br\/portal\/wp-content\/uploads\/2023\/12\/ROLEZINHO-1-1-334x445.jpg 334w, https:\/\/www.pm.pb.gov.br\/portal\/wp-content\/uploads\/2023\/12\/ROLEZINHO-1-1.jpg 768w\" sizes=\"(max-width: 428px) 100vw, 428px\" \/><\/figure><\/div>\n\n\n<p><br>Cinquenta e dois condutores foram autuados por motocicletas que apresentavam irregularidades, enquanto outros tr\u00eas foram autuados por embriaguez ao volante. As a\u00e7\u00f5es ocorreram em Campina Grande, Puxinan\u00e3 e no distrito de S\u00e3o Jos\u00e9 da Mata.<\/p>\n\n\n<div class=\"wp-block-image\">\n<figure class=\"aligncenter size-large is-resized\"><img loading=\"lazy\" decoding=\"async\" width=\"760\" height=\"570\" src=\"https:\/\/www.pm.pb.gov.br\/portal\/wp-content\/uploads\/2023\/12\/ROLEZINHO-3-1-760x570.jpg\" alt=\"\" class=\"wp-image-919942\" style=\"aspect-ratio:1.3333333333333333;width:328px;height:auto\" srcset=\"https:\/\/www.pm.pb.gov.br\/portal\/wp-content\/uploads\/2023\/12\/ROLEZINHO-3-1-760x570.jpg 760w, https:\/\/www.pm.pb.gov.br\/portal\/wp-content\/uploads\/2023\/12\/ROLEZINHO-3-1-593x445.jpg 593w, https:\/\/www.pm.pb.gov.br\/portal\/wp-content\/uploads\/2023\/12\/ROLEZINHO-3-1-768x576.jpg 768w, https:\/\/www.pm.pb.gov.br\/portal\/wp-content\/uploads\/2023\/12\/ROLEZINHO-3-1.jpg 1024w\" sizes=\"(max-width: 760px) 100vw, 760px\" \/><\/figure><\/div>\n\n\n<p><br>Durante o \u00faltimo final de semana do ano, as fiscaliza\u00e7\u00f5es de tr\u00e2nsito ser\u00e3o intensificadas, visando a preven\u00e7\u00e3o de delitos e a seguran\u00e7a no tr\u00e2nsito da cidade.<br><\/p>\n","protected":false},"excerpt":{"rendered":"<p>Nesta sexta-feira (29), a Pol\u00edcia Militar, Corpo de Bombeiros, Detran e STTP realizaram a\u00e7\u00f5es de fiscaliza\u00e7\u00e3o vi\u00e1ria com foco na<\/p>\n","protected":false},"author":5,"featured_media":919939,"comment_status":"closed","ping_status":"closed","sticky":false,"template":"","format":"standard","meta":{"_exactmetrics_skip_tracking":false,"_exactmetrics_sitenote_active":false,"_exactmetrics_sitenote_note":"","_exactmetrics_sitenote_category":0,"footnotes":""},"categories":[4],"tags":[],"yoast_head":"<!-- This site is optimized with the Yoast SEO plugin v22.0 - https:\/\/yoast.com\/wordpress\/plugins\/seo\/ -->\n<title>A\u00e7\u00e3o integrada aplica multas e apreende mais de 50 motocicletas em combate a \u201crolezinho\u201d no Agreste Paraibano - Pol\u00edcia Militar da Para\u00edba<\/title>\n<meta name=\"robots\" content=\"index, follow, max-snippet:-1, max-image-preview:large, max-video-preview:-1\" \/>\n<link rel=\"canonical\" href=\"https:\/\/www.pm.pb.gov.br\/portal\/2023\/12\/30\/acao-integrada-aplica-multas-e-apreende-mais-de-50-motocicletas-em-combate-a-rolezinho-no-agreste-paraibano\/\" \/>\n<meta property=\"og:locale\" content=\"pt_BR\" \/>\n<meta property=\"og:type\" content=\"article\" \/>\n<meta property=\"og:title\" content=\"A\u00e7\u00e3o integrada aplica multas e apreende mais de 50 motocicletas em combate a \u201crolezinho\u201d no Agreste Paraibano - Pol\u00edcia Militar da Para\u00edba\" \/>\n<meta property=\"og:description\" content=\"Nesta sexta-feira (29), a Pol\u00edcia Militar, Corpo de Bombeiros, Detran e STTP realizaram a\u00e7\u00f5es de fiscaliza\u00e7\u00e3o vi\u00e1ria com foco na\" \/>\n<meta property=\"og:url\" content=\"https:\/\/www.pm.pb.gov.br\/portal\/2023\/12\/30\/acao-integrada-aplica-multas-e-apreende-mais-de-50-motocicletas-em-combate-a-rolezinho-no-agreste-paraibano\/\" \/>\n<meta property=\"og:site_name\" content=\"Pol\u00edcia Militar da Para\u00edba\" \/>\n<meta property=\"article:published_time\" content=\"2023-12-30T17:51:23+00:00\" \/>\n<meta property=\"article:modified_time\" content=\"2023-12-30T17:51:25+00:00\" \/>\n<meta property=\"og:image\" content=\"http:\/\/www.pm.pb.gov.br\/portal\/wp-content\/uploads\/2023\/12\/ROLEZINHO-2.jpg\" \/>\n\t<meta property=\"og:image:width\" content=\"1024\" \/>\n\t<meta property=\"og:image:height\" content=\"768\" \/>\n\t<meta property=\"og:image:type\" content=\"image\/jpeg\" \/>\n<meta name=\"author\" content=\"Assessoria de Imprensa da PMPB\" \/>\n<meta name=\"twitter:card\" content=\"summary_large_image\" \/>\n<meta name=\"twitter:label1\" content=\"Escrito por\" \/>\n\t<meta name=\"twitter:data1\" content=\"Assessoria de Imprensa da PMPB\" \/>\n\t<meta name=\"twitter:label2\" content=\"Est. tempo de leitura\" \/>\n\t<meta name=\"twitter:data2\" content=\"1 minuto\" \/>\n<script type=\"application\/ld+json\" class=\"yoast-schema-graph\">{\"@context\":\"https:\/\/schema.org\",\"@graph\":[{\"@type\":\"Article\",\"@id\":\"https:\/\/www.pm.pb.gov.br\/portal\/2023\/12\/30\/acao-integrada-aplica-multas-e-apreende-mais-de-50-motocicletas-em-combate-a-rolezinho-no-agreste-paraibano\/#article\",\"isPartOf\":{\"@id\":\"https:\/\/www.pm.pb.gov.br\/portal\/2023\/12\/30\/acao-integrada-aplica-multas-e-apreende-mais-de-50-motocicletas-em-combate-a-rolezinho-no-agreste-paraibano\/\"},\"author\":{\"name\":\"Assessoria de Imprensa da PMPB\",\"@id\":\"https:\/\/www.pm.pb.gov.br\/portal\/#\/schema\/person\/e8454f46651c3ecf0e1ba3c1666d9947\"},\"headline\":\"A\u00e7\u00e3o integrada aplica multas e apreende mais de 50 motocicletas em combate a \u201crolezinho\u201d no Agreste Paraibano\",\"datePublished\":\"2023-12-30T17:51:23+00:00\",\"dateModified\":\"2023-12-30T17:51:25+00:00\",\"mainEntityOfPage\":{\"@id\":\"https:\/\/www.pm.pb.gov.br\/portal\/2023\/12\/30\/acao-integrada-aplica-multas-e-apreende-mais-de-50-motocicletas-em-combate-a-rolezinho-no-agreste-paraibano\/\"},\"wordCount\":141,\"publisher\":{\"@id\":\"https:\/\/www.pm.pb.gov.br\/portal\/#organization\"},\"articleSection\":[\"A\u00e7\u00f5es Policiais\"],\"inLanguage\":\"pt-BR\"},{\"@type\":\"WebPage\",\"@id\":\"https:\/\/www.pm.pb.gov.br\/portal\/2023\/12\/30\/acao-integrada-aplica-multas-e-apreende-mais-de-50-motocicletas-em-combate-a-rolezinho-no-agreste-paraibano\/\",\"url\":\"https:\/\/www.pm.pb.gov.br\/portal\/2023\/12\/30\/acao-integrada-aplica-multas-e-apreende-mais-de-50-motocicletas-em-combate-a-rolezinho-no-agreste-paraibano\/\",\"name\":\"A\u00e7\u00e3o integrada aplica multas e apreende mais de 50 motocicletas em combate a \u201crolezinho\u201d no Agreste Paraibano - Pol\u00edcia Militar da Para\u00edba\",\"isPartOf\":{\"@id\":\"https:\/\/www.pm.pb.gov.br\/portal\/#website\"},\"datePublished\":\"2023-12-30T17:51:23+00:00\",\"dateModified\":\"2023-12-30T17:51:25+00:00\",\"breadcrumb\":{\"@id\":\"https:\/\/www.pm.pb.gov.br\/portal\/2023\/12\/30\/acao-integrada-aplica-multas-e-apreende-mais-de-50-motocicletas-em-combate-a-rolezinho-no-agreste-paraibano\/#breadcrumb\"},\"inLanguage\":\"pt-BR\",\"potentialAction\":[{\"@type\":\"ReadAction\",\"target\":[\"https:\/\/www.pm.pb.gov.br\/portal\/2023\/12\/30\/acao-integrada-aplica-multas-e-apreende-mais-de-50-motocicletas-em-combate-a-rolezinho-no-agreste-paraibano\/\"]}]},{\"@type\":\"BreadcrumbList\",\"@id\":\"https:\/\/www.pm.pb.gov.br\/portal\/2023\/12\/30\/acao-integrada-aplica-multas-e-apreende-mais-de-50-motocicletas-em-combate-a-rolezinho-no-agreste-paraibano\/#breadcrumb\",\"itemListElement\":[{\"@type\":\"ListItem\",\"position\":1,\"name\":\"In\u00edcio\",\"item\":\"https:\/\/www.pm.pb.gov.br\/portal\/\"},{\"@type\":\"ListItem\",\"position\":2,\"name\":\"A\u00e7\u00e3o integrada aplica multas e apreende mais de 50 motocicletas em combate a \u201crolezinho\u201d no Agreste Paraibano\"}]},{\"@type\":\"WebSite\",\"@id\":\"https:\/\/www.pm.pb.gov.br\/portal\/#website\",\"url\":\"https:\/\/www.pm.pb.gov.br\/portal\/\",\"name\":\"Pol\u00edcia Militar da Para\u00edba\",\"description\":\"\",\"publisher\":{\"@id\":\"https:\/\/www.pm.pb.gov.br\/portal\/#organization\"},\"potentialAction\":[{\"@type\":\"SearchAction\",\"target\":{\"@type\":\"EntryPoint\",\"urlTemplate\":\"https:\/\/www.pm.pb.gov.br\/portal\/?s={search_term_string}\"},\"query-input\":\"required name=search_term_string\"}],\"inLanguage\":\"pt-BR\"},{\"@type\":\"Organization\",\"@id\":\"https:\/\/www.pm.pb.gov.br\/portal\/#organization\",\"name\":\"Pol\u00edcia Militar da Para\u00edba\",\"url\":\"https:\/\/www.pm.pb.gov.br\/portal\/\",\"logo\":{\"@type\":\"ImageObject\",\"inLanguage\":\"pt-BR\",\"@id\":\"https:\/\/www.pm.pb.gov.br\/portal\/#\/schema\/logo\/image\/\",\"url\":\"https:\/\/www.pm.pb.gov.br\/portal\/wp-content\/uploads\/2025\/03\/cropped-logo-site-mag2-1.png\",\"contentUrl\":\"https:\/\/www.pm.pb.gov.br\/portal\/wp-content\/uploads\/2025\/03\/cropped-logo-site-mag2-1.png\",\"width\":320,\"height\":90,\"caption\":\"Pol\u00edcia Militar da Para\u00edba\"},\"image\":{\"@id\":\"https:\/\/www.pm.pb.gov.br\/portal\/#\/schema\/logo\/image\/\"}},{\"@type\":\"Person\",\"@id\":\"https:\/\/www.pm.pb.gov.br\/portal\/#\/schema\/person\/e8454f46651c3ecf0e1ba3c1666d9947\",\"name\":\"Assessoria de Imprensa da PMPB\",\"image\":{\"@type\":\"ImageObject\",\"inLanguage\":\"pt-BR\",\"@id\":\"https:\/\/www.pm.pb.gov.br\/portal\/#\/schema\/person\/image\/\",\"url\":\"https:\/\/secure.gravatar.com\/avatar\/2efe197438265d1e90bd98c4c8e1acf8?s=96&d=mm&r=g\",\"contentUrl\":\"https:\/\/secure.gravatar.com\/avatar\/2efe197438265d1e90bd98c4c8e1acf8?s=96&d=mm&r=g\",\"caption\":\"Assessoria de Imprensa da PMPB\"},\"url\":\"https:\/\/www.pm.pb.gov.br\/portal\/author\/assessoria\/\"}]}<\/script>\n<!-- \/ Yoast SEO plugin. -->","yoast_head_json":{"title":"A\u00e7\u00e3o integrada aplica multas e apreende mais de 50 motocicletas em combate a \u201crolezinho\u201d no Agreste Paraibano - Pol\u00edcia Militar da Para\u00edba","robots":{"index":"index","follow":"follow","max-snippet":"max-snippet:-1","max-image-preview":"max-image-preview:large","max-video-preview":"max-video-preview:-1"},"canonical":"https:\/\/www.pm.pb.gov.br\/portal\/2023\/12\/30\/acao-integrada-aplica-multas-e-apreende-mais-de-50-motocicletas-em-combate-a-rolezinho-no-agreste-paraibano\/","og_locale":"pt_BR","og_type":"article","og_title":"A\u00e7\u00e3o integrada aplica multas e apreende mais de 50 motocicletas em combate a \u201crolezinho\u201d no Agreste Paraibano - Pol\u00edcia Militar da Para\u00edba","og_description":"Nesta sexta-feira (29), a Pol\u00edcia Militar, Corpo de Bombeiros, Detran e STTP realizaram a\u00e7\u00f5es de fiscaliza\u00e7\u00e3o vi\u00e1ria com foco na","og_url":"https:\/\/www.pm.pb.gov.br\/portal\/2023\/12\/30\/acao-integrada-aplica-multas-e-apreende-mais-de-50-motocicletas-em-combate-a-rolezinho-no-agreste-paraibano\/","og_site_name":"Pol\u00edcia Militar da Para\u00edba","article_published_time":"2023-12-30T17:51:23+00:00","article_modified_time":"2023-12-30T17:51:25+00:00","og_image":[{"width":1024,"height":768,"url":"http:\/\/www.pm.pb.gov.br\/portal\/wp-content\/uploads\/2023\/12\/ROLEZINHO-2.jpg","type":"image\/jpeg"}],"author":"Assessoria de Imprensa da PMPB","twitter_card":"summary_large_image","twitter_misc":{"Escrito por":"Assessoria de Imprensa da PMPB","Est. tempo de leitura":"1 minuto"},"schema":{"@context":"https:\/\/schema.org","@graph":[{"@type":"Article","@id":"https:\/\/www.pm.pb.gov.br\/portal\/2023\/12\/30\/acao-integrada-aplica-multas-e-apreende-mais-de-50-motocicletas-em-combate-a-rolezinho-no-agreste-paraibano\/#article","isPartOf":{"@id":"https:\/\/www.pm.pb.gov.br\/portal\/2023\/12\/30\/acao-integrada-aplica-multas-e-apreende-mais-de-50-motocicletas-em-combate-a-rolezinho-no-agreste-paraibano\/"},"author":{"name":"Assessoria de Imprensa da PMPB","@id":"https:\/\/www.pm.pb.gov.br\/portal\/#\/schema\/person\/e8454f46651c3ecf0e1ba3c1666d9947"},"headline":"A\u00e7\u00e3o integrada aplica multas e apreende mais de 50 motocicletas em combate a \u201crolezinho\u201d no Agreste Paraibano","datePublished":"2023-12-30T17:51:23+00:00","dateModified":"2023-12-30T17:51:25+00:00","mainEntityOfPage":{"@id":"https:\/\/www.pm.pb.gov.br\/portal\/2023\/12\/30\/acao-integrada-aplica-multas-e-apreende-mais-de-50-motocicletas-em-combate-a-rolezinho-no-agreste-paraibano\/"},"wordCount":141,"publisher":{"@id":"https:\/\/www.pm.pb.gov.br\/portal\/#organization"},"articleSection":["A\u00e7\u00f5es Policiais"],"inLanguage":"pt-BR"},{"@type":"WebPage","@id":"https:\/\/www.pm.pb.gov.br\/portal\/2023\/12\/30\/acao-integrada-aplica-multas-e-apreende-mais-de-50-motocicletas-em-combate-a-rolezinho-no-agreste-paraibano\/","url":"https:\/\/www.pm.pb.gov.br\/portal\/2023\/12\/30\/acao-integrada-aplica-multas-e-apreende-mais-de-50-motocicletas-em-combate-a-rolezinho-no-agreste-paraibano\/","name":"A\u00e7\u00e3o integrada aplica multas e apreende mais de 50 motocicletas em combate a \u201crolezinho\u201d no Agreste Paraibano - Pol\u00edcia Militar da Para\u00edba","isPartOf":{"@id":"https:\/\/www.pm.pb.gov.br\/portal\/#website"},"datePublished":"2023-12-30T17:51:23+00:00","dateModified":"2023-12-30T17:51:25+00:00","breadcrumb":{"@id":"https:\/\/www.pm.pb.gov.br\/portal\/2023\/12\/30\/acao-integrada-aplica-multas-e-apreende-mais-de-50-motocicletas-em-combate-a-rolezinho-no-agreste-paraibano\/#breadcrumb"},"inLanguage":"pt-BR","potentialAction":[{"@type":"ReadAction","target":["https:\/\/www.pm.pb.gov.br\/portal\/2023\/12\/30\/acao-integrada-aplica-multas-e-apreende-mais-de-50-motocicletas-em-combate-a-rolezinho-no-agreste-paraibano\/"]}]},{"@type":"BreadcrumbList","@id":"https:\/\/www.pm.pb.gov.br\/portal\/2023\/12\/30\/acao-integrada-aplica-multas-e-apreende-mais-de-50-motocicletas-em-combate-a-rolezinho-no-agreste-paraibano\/#breadcrumb","itemListElement":[{"@type":"ListItem","position":1,"name":"In\u00edcio","item":"https:\/\/www.pm.pb.gov.br\/portal\/"},{"@type":"ListItem","position":2,"name":"A\u00e7\u00e3o integrada aplica multas e apreende mais de 50 motocicletas em combate a \u201crolezinho\u201d no Agreste Paraibano"}]},{"@type":"WebSite","@id":"https:\/\/www.pm.pb.gov.br\/portal\/#website","url":"https:\/\/www.pm.pb.gov.br\/portal\/","name":"Pol\u00edcia Militar da Para\u00edba","description":"","publisher":{"@id":"https:\/\/www.pm.pb.gov.br\/portal\/#organization"},"potentialAction":[{"@type":"SearchAction","target":{"@type":"EntryPoint","urlTemplate":"https:\/\/www.pm.pb.gov.br\/portal\/?s={search_term_string}"},"query-input":"required name=search_term_string"}],"inLanguage":"pt-BR"},{"@type":"Organization","@id":"https:\/\/www.pm.pb.gov.br\/portal\/#organization","name":"Pol\u00edcia Militar da Para\u00edba","url":"https:\/\/www.pm.pb.gov.br\/portal\/","logo":{"@type":"ImageObject","inLanguage":"pt-BR","@id":"https:\/\/www.pm.pb.gov.br\/portal\/#\/schema\/logo\/image\/","url":"https:\/\/www.pm.pb.gov.br\/portal\/wp-content\/uploads\/2025\/03\/cropped-logo-site-mag2-1.png","contentUrl":"https:\/\/www.pm.pb.gov.br\/portal\/wp-content\/uploads\/2025\/03\/cropped-logo-site-mag2-1.png","width":320,"height":90,"caption":"Pol\u00edcia Militar da Para\u00edba"},"image":{"@id":"https:\/\/www.pm.pb.gov.br\/portal\/#\/schema\/logo\/image\/"}},{"@type":"Person","@id":"https:\/\/www.pm.pb.gov.br\/portal\/#\/schema\/person\/e8454f46651c3ecf0e1ba3c1666d9947","name":"Assessoria de Imprensa da PMPB","image":{"@type":"ImageObject","inLanguage":"pt-BR","@id":"https:\/\/www.pm.pb.gov.br\/portal\/#\/schema\/person\/image\/","url":"https:\/\/secure.gravatar.com\/avatar\/2efe197438265d1e90bd98c4c8e1acf8?s=96&d=mm&r=g","contentUrl":"https:\/\/secure.gravatar.com\/avatar\/2efe197438265d1e90bd98c4c8e1acf8?s=96&d=mm&r=g","caption":"Assessoria de Imprensa da PMPB"},"url":"https:\/\/www.pm.pb.gov.br\/portal\/author\/assessoria\/"}]}},"_links":{"self":[{"href":"https:\/\/www.pm.pb.gov.br\/portal\/wp-json\/wp\/v2\/posts\/919933"}],"collection":[{"href":"https:\/\/www.pm.pb.gov.br\/portal\/wp-json\/wp\/v2\/posts"}],"about":[{"href":"https:\/\/www.pm.pb.gov.br\/portal\/wp-json\/wp\/v2\/types\/post"}],"author":[{"embeddable":true,"href":"https:\/\/www.pm.pb.gov.br\/portal\/wp-json\/wp\/v2\/users\/5"}],"replies":[{"embeddable":true,"href":"https:\/\/www.pm.pb.gov.br\/portal\/wp-json\/wp\/v2\/comments?post=919933"}],"version-history":[{"count":2,"href":"https:\/\/www.pm.pb.gov.br\/portal\/wp-json\/wp\/v2\/posts\/919933\/revisions"}],"predecessor-version":[{"id":919943,"href":"https:\/\/www.pm.pb.gov.br\/portal\/wp-json\/wp\/v2\/posts\/919933\/revisions\/919943"}],"wp:featuredmedia":[{"embeddable":true,"href":"https:\/\/www.pm.pb.gov.br\/portal\/wp-json\/wp\/v2\/media\/919939"}],"wp:attachment":[{"href":"https:\/\/www.pm.pb.gov.br\/portal\/wp-json\/wp\/v2\/media?parent=919933"}],"wp:term":[{"taxonomy":"category","embeddable":true,"href":"https:\/\/www.pm.pb.gov.br\/portal\/wp-json\/wp\/v2\/categories?post=919933"},{"taxonomy":"post_tag","embeddable":true,"href":"https:\/\/www.pm.pb.gov.br\/portal\/wp-json\/wp\/v2\/tags?post=919933"}],"curies":[{"name":"wp","href":"https:\/\/api.w.org\/{rel}","templated":true}]}}