{"id":919908,"date":"2023-12-29T09:31:00","date_gmt":"2023-12-29T12:31:00","guid":{"rendered":"https:\/\/www.pm.pb.gov.br\/portal\/?p=919908"},"modified":"2023-12-29T10:40:25","modified_gmt":"2023-12-29T13:40:25","slug":"governador-joao-azevedo-visita-obras-do-novo-centro-de-equoterapia-da-pmpb","status":"publish","type":"post","link":"https:\/\/www.pm.pb.gov.br\/portal\/2023\/12\/29\/governador-joao-azevedo-visita-obras-do-novo-centro-de-equoterapia-da-pmpb\/","title":{"rendered":"Governador Jo\u00e3o Azev\u00eado visita obras do novo Centro de Equoterapia da PMPB"},"content":{"rendered":"\n<p>O governador Jo\u00e3o Azev\u00eado visitou, nesta \u00faltima quinta-feira (28), a constru\u00e7\u00e3o do novo Centro de Equoterapia da Pol\u00edcia Militar da Para\u00edba. A unidade fortalecer\u00e1 o atendimento que j\u00e1 existe de crian\u00e7as com autismo. O trabalho da equoterapia, que usa o cavalo nas atividades de desenvolvimento biopsicossocial, j\u00e1 \u00e9 desenvolvido h\u00e1 mais de 14 anos pela PMPB atrav\u00e9s do Regimento de Pol\u00edcia Montada (RPMont).<\/p>\n<p>\u201cMais crian\u00e7as diagnosticadas com Transtorno do Espectro Autista na Para\u00edba v\u00e3o ter a oportunidade de praticar a equoterapia, uma terapia com cavalos que ajuda no desenvolvimento biopsicossocial, com a constru\u00e7\u00e3o do Centro de Equoterapia da Pol\u00edcia Militar, em Jo\u00e3o Pessoa. E \u00e9 uma alegria ver mais uma obra de inclus\u00e3o e cuidado com as pessoas se tornando realidade\u201d, disse o governador em suas redes-sociais.\u00a0<\/p>\n<p><img loading=\"lazy\" decoding=\"async\" class=\" wp-image-919910 aligncenter\" src=\"http:\/\/www.pm.pb.gov.br\/portal\/wp-content\/uploads\/2023\/12\/WhatsApp-Image-2023-12-29-at-10.41.57-740x445.jpeg\" alt=\"\" width=\"677\" height=\"407\" srcset=\"https:\/\/www.pm.pb.gov.br\/portal\/wp-content\/uploads\/2023\/12\/WhatsApp-Image-2023-12-29-at-10.41.57-740x445.jpeg 740w, https:\/\/www.pm.pb.gov.br\/portal\/wp-content\/uploads\/2023\/12\/WhatsApp-Image-2023-12-29-at-10.41.57-948x570.jpeg 948w, https:\/\/www.pm.pb.gov.br\/portal\/wp-content\/uploads\/2023\/12\/WhatsApp-Image-2023-12-29-at-10.41.57-768x462.jpeg 768w, https:\/\/www.pm.pb.gov.br\/portal\/wp-content\/uploads\/2023\/12\/WhatsApp-Image-2023-12-29-at-10.41.57.jpeg 1024w\" sizes=\"(max-width: 677px) 100vw, 677px\" \/><\/p>\n<p>A visita foi acompanhada pelo secret\u00e1rio <em>de<\/em> Infraestrutura e dos Recursos H\u00eddricos, Deusdete Queiroga, pelo comandante do RPMont, tenente-coronel Cavalcanti, e pelo subcomandante da unidade, major Jailson<em>. <\/em>O Centro est\u00e1 localizado no bairro do Cristo Redentor.<\/p>\n<p><img loading=\"lazy\" decoding=\"async\" class=\" wp-image-919912 aligncenter\" src=\"http:\/\/www.pm.pb.gov.br\/portal\/wp-content\/uploads\/2023\/12\/WhatsApp-Image-2023-12-29-at-10.41.58-653x445.jpeg\" alt=\"\" width=\"608\" height=\"414\" srcset=\"https:\/\/www.pm.pb.gov.br\/portal\/wp-content\/uploads\/2023\/12\/WhatsApp-Image-2023-12-29-at-10.41.58-653x445.jpeg 653w, https:\/\/www.pm.pb.gov.br\/portal\/wp-content\/uploads\/2023\/12\/WhatsApp-Image-2023-12-29-at-10.41.58-837x570.jpeg 837w, https:\/\/www.pm.pb.gov.br\/portal\/wp-content\/uploads\/2023\/12\/WhatsApp-Image-2023-12-29-at-10.41.58-768x523.jpeg 768w, https:\/\/www.pm.pb.gov.br\/portal\/wp-content\/uploads\/2023\/12\/WhatsApp-Image-2023-12-29-at-10.41.58-130x90.jpeg 130w, https:\/\/www.pm.pb.gov.br\/portal\/wp-content\/uploads\/2023\/12\/WhatsApp-Image-2023-12-29-at-10.41.58.jpeg 1057w\" sizes=\"(max-width: 608px) 100vw, 608px\" \/><\/p>\n<p><img loading=\"lazy\" decoding=\"async\" class=\" wp-image-919911 aligncenter\" src=\"http:\/\/www.pm.pb.gov.br\/portal\/wp-content\/uploads\/2023\/12\/equo.jpeg\" alt=\"\" width=\"667\" height=\"375\" \/><\/p>\n<p><img loading=\"lazy\" decoding=\"async\" class=\" wp-image-919913 aligncenter\" src=\"http:\/\/www.pm.pb.gov.br\/portal\/wp-content\/uploads\/2023\/12\/equo2.jpeg\" alt=\"\" width=\"667\" height=\"375\" \/><\/p>\n<p>\u00a0<\/p>\n<p>\u00a0<\/p>\n\n\n","protected":false},"excerpt":{"rendered":"<p>O governador Jo\u00e3o Azev\u00eado visitou, nesta \u00faltima quinta-feira (28), a constru\u00e7\u00e3o do novo Centro de Equoterapia da Pol\u00edcia Militar da<\/p>\n","protected":false},"author":12,"featured_media":919909,"comment_status":"closed","ping_status":"closed","sticky":false,"template":"","format":"standard","meta":{"_exactmetrics_skip_tracking":false,"_exactmetrics_sitenote_active":false,"_exactmetrics_sitenote_note":"","_exactmetrics_sitenote_category":0,"footnotes":""},"categories":[24],"tags":[],"yoast_head":"<!-- This site is optimized with the Yoast SEO plugin v22.0 - https:\/\/yoast.com\/wordpress\/plugins\/seo\/ -->\n<title>Governador Jo\u00e3o Azev\u00eado visita obras do novo Centro de Equoterapia da PMPB - Pol\u00edcia Militar da Para\u00edba<\/title>\n<meta name=\"description\" content=\"O trabalho da equoterapia, que usa o cavalo nas atividades de desenvolvimento biopsicossocial, j\u00e1 \u00e9 desenvolvido h\u00e1 mais de 14 anos pela PMPB.\" \/>\n<meta name=\"robots\" content=\"index, follow, max-snippet:-1, max-image-preview:large, max-video-preview:-1\" \/>\n<link rel=\"canonical\" href=\"https:\/\/www.pm.pb.gov.br\/portal\/2023\/12\/29\/governador-joao-azevedo-visita-obras-do-novo-centro-de-equoterapia-da-pmpb\/\" \/>\n<meta property=\"og:locale\" content=\"pt_BR\" \/>\n<meta property=\"og:type\" content=\"article\" \/>\n<meta property=\"og:title\" content=\"Governador Jo\u00e3o Azev\u00eado visita obras do novo Centro de Equoterapia da PMPB - Pol\u00edcia Militar da Para\u00edba\" \/>\n<meta property=\"og:description\" content=\"O trabalho da equoterapia, que usa o cavalo nas atividades de desenvolvimento biopsicossocial, j\u00e1 \u00e9 desenvolvido h\u00e1 mais de 14 anos pela PMPB.\" \/>\n<meta property=\"og:url\" content=\"https:\/\/www.pm.pb.gov.br\/portal\/2023\/12\/29\/governador-joao-azevedo-visita-obras-do-novo-centro-de-equoterapia-da-pmpb\/\" \/>\n<meta property=\"og:site_name\" content=\"Pol\u00edcia Militar da Para\u00edba\" \/>\n<meta property=\"article:published_time\" content=\"2023-12-29T12:31:00+00:00\" \/>\n<meta property=\"article:modified_time\" content=\"2023-12-29T13:40:25+00:00\" \/>\n<meta property=\"og:image\" content=\"http:\/\/www.pm.pb.gov.br\/portal\/wp-content\/uploads\/2023\/12\/rpmont.jpeg\" \/>\n\t<meta property=\"og:image:width\" content=\"800\" \/>\n\t<meta property=\"og:image:height\" content=\"445\" \/>\n\t<meta property=\"og:image:type\" content=\"image\/jpeg\" \/>\n<meta name=\"author\" content=\"Tarcisio Oliveira\" \/>\n<meta name=\"twitter:card\" content=\"summary_large_image\" \/>\n<meta name=\"twitter:label1\" content=\"Escrito por\" \/>\n\t<meta name=\"twitter:data1\" content=\"Tarcisio Oliveira\" \/>\n\t<meta name=\"twitter:label2\" content=\"Est. tempo de leitura\" \/>\n\t<meta name=\"twitter:data2\" content=\"2 minutos\" \/>\n<script type=\"application\/ld+json\" class=\"yoast-schema-graph\">{\"@context\":\"https:\/\/schema.org\",\"@graph\":[{\"@type\":\"Article\",\"@id\":\"https:\/\/www.pm.pb.gov.br\/portal\/2023\/12\/29\/governador-joao-azevedo-visita-obras-do-novo-centro-de-equoterapia-da-pmpb\/#article\",\"isPartOf\":{\"@id\":\"https:\/\/www.pm.pb.gov.br\/portal\/2023\/12\/29\/governador-joao-azevedo-visita-obras-do-novo-centro-de-equoterapia-da-pmpb\/\"},\"author\":{\"name\":\"Tarcisio Oliveira\",\"@id\":\"https:\/\/www.pm.pb.gov.br\/portal\/#\/schema\/person\/f84f56dcc78ce4357054da888b8247fd\"},\"headline\":\"Governador Jo\u00e3o Azev\u00eado visita obras do novo Centro de Equoterapia da PMPB\",\"datePublished\":\"2023-12-29T12:31:00+00:00\",\"dateModified\":\"2023-12-29T13:40:25+00:00\",\"mainEntityOfPage\":{\"@id\":\"https:\/\/www.pm.pb.gov.br\/portal\/2023\/12\/29\/governador-joao-azevedo-visita-obras-do-novo-centro-de-equoterapia-da-pmpb\/\"},\"wordCount\":190,\"publisher\":{\"@id\":\"https:\/\/www.pm.pb.gov.br\/portal\/#organization\"},\"articleSection\":[\"A\u00e7\u00f5es de Sa\u00fade\"],\"inLanguage\":\"pt-BR\"},{\"@type\":\"WebPage\",\"@id\":\"https:\/\/www.pm.pb.gov.br\/portal\/2023\/12\/29\/governador-joao-azevedo-visita-obras-do-novo-centro-de-equoterapia-da-pmpb\/\",\"url\":\"https:\/\/www.pm.pb.gov.br\/portal\/2023\/12\/29\/governador-joao-azevedo-visita-obras-do-novo-centro-de-equoterapia-da-pmpb\/\",\"name\":\"Governador Jo\u00e3o Azev\u00eado visita obras do novo Centro de Equoterapia da PMPB - Pol\u00edcia Militar da Para\u00edba\",\"isPartOf\":{\"@id\":\"https:\/\/www.pm.pb.gov.br\/portal\/#website\"},\"datePublished\":\"2023-12-29T12:31:00+00:00\",\"dateModified\":\"2023-12-29T13:40:25+00:00\",\"description\":\"O trabalho da equoterapia, que usa o cavalo nas atividades de desenvolvimento biopsicossocial, j\u00e1 \u00e9 desenvolvido h\u00e1 mais de 14 anos pela PMPB.\",\"breadcrumb\":{\"@id\":\"https:\/\/www.pm.pb.gov.br\/portal\/2023\/12\/29\/governador-joao-azevedo-visita-obras-do-novo-centro-de-equoterapia-da-pmpb\/#breadcrumb\"},\"inLanguage\":\"pt-BR\",\"potentialAction\":[{\"@type\":\"ReadAction\",\"target\":[\"https:\/\/www.pm.pb.gov.br\/portal\/2023\/12\/29\/governador-joao-azevedo-visita-obras-do-novo-centro-de-equoterapia-da-pmpb\/\"]}]},{\"@type\":\"BreadcrumbList\",\"@id\":\"https:\/\/www.pm.pb.gov.br\/portal\/2023\/12\/29\/governador-joao-azevedo-visita-obras-do-novo-centro-de-equoterapia-da-pmpb\/#breadcrumb\",\"itemListElement\":[{\"@type\":\"ListItem\",\"position\":1,\"name\":\"In\u00edcio\",\"item\":\"https:\/\/www.pm.pb.gov.br\/portal\/\"},{\"@type\":\"ListItem\",\"position\":2,\"name\":\"Governador Jo\u00e3o Azev\u00eado visita obras do novo Centro de Equoterapia da PMPB\"}]},{\"@type\":\"WebSite\",\"@id\":\"https:\/\/www.pm.pb.gov.br\/portal\/#website\",\"url\":\"https:\/\/www.pm.pb.gov.br\/portal\/\",\"name\":\"Pol\u00edcia Militar da Para\u00edba\",\"description\":\"\",\"publisher\":{\"@id\":\"https:\/\/www.pm.pb.gov.br\/portal\/#organization\"},\"potentialAction\":[{\"@type\":\"SearchAction\",\"target\":{\"@type\":\"EntryPoint\",\"urlTemplate\":\"https:\/\/www.pm.pb.gov.br\/portal\/?s={search_term_string}\"},\"query-input\":\"required name=search_term_string\"}],\"inLanguage\":\"pt-BR\"},{\"@type\":\"Organization\",\"@id\":\"https:\/\/www.pm.pb.gov.br\/portal\/#organization\",\"name\":\"Pol\u00edcia Militar da Para\u00edba\",\"url\":\"https:\/\/www.pm.pb.gov.br\/portal\/\",\"logo\":{\"@type\":\"ImageObject\",\"inLanguage\":\"pt-BR\",\"@id\":\"https:\/\/www.pm.pb.gov.br\/portal\/#\/schema\/logo\/image\/\",\"url\":\"https:\/\/www.pm.pb.gov.br\/portal\/wp-content\/uploads\/2025\/03\/cropped-logo-site-mag2-1.png\",\"contentUrl\":\"https:\/\/www.pm.pb.gov.br\/portal\/wp-content\/uploads\/2025\/03\/cropped-logo-site-mag2-1.png\",\"width\":320,\"height\":90,\"caption\":\"Pol\u00edcia Militar da Para\u00edba\"},\"image\":{\"@id\":\"https:\/\/www.pm.pb.gov.br\/portal\/#\/schema\/logo\/image\/\"}},{\"@type\":\"Person\",\"@id\":\"https:\/\/www.pm.pb.gov.br\/portal\/#\/schema\/person\/f84f56dcc78ce4357054da888b8247fd\",\"name\":\"Tarcisio Oliveira\",\"image\":{\"@type\":\"ImageObject\",\"inLanguage\":\"pt-BR\",\"@id\":\"https:\/\/www.pm.pb.gov.br\/portal\/#\/schema\/person\/image\/\",\"url\":\"https:\/\/secure.gravatar.com\/avatar\/72917b630b69d31cd0297507f34bac97?s=96&d=mm&r=g\",\"contentUrl\":\"https:\/\/secure.gravatar.com\/avatar\/72917b630b69d31cd0297507f34bac97?s=96&d=mm&r=g\",\"caption\":\"Tarcisio Oliveira\"},\"url\":\"https:\/\/www.pm.pb.gov.br\/portal\/author\/tarcisio\/\"}]}<\/script>\n<!-- \/ Yoast SEO plugin. -->","yoast_head_json":{"title":"Governador Jo\u00e3o Azev\u00eado visita obras do novo Centro de Equoterapia da PMPB - Pol\u00edcia Militar da Para\u00edba","description":"O trabalho da equoterapia, que usa o cavalo nas atividades de desenvolvimento biopsicossocial, j\u00e1 \u00e9 desenvolvido h\u00e1 mais de 14 anos pela PMPB.","robots":{"index":"index","follow":"follow","max-snippet":"max-snippet:-1","max-image-preview":"max-image-preview:large","max-video-preview":"max-video-preview:-1"},"canonical":"https:\/\/www.pm.pb.gov.br\/portal\/2023\/12\/29\/governador-joao-azevedo-visita-obras-do-novo-centro-de-equoterapia-da-pmpb\/","og_locale":"pt_BR","og_type":"article","og_title":"Governador Jo\u00e3o Azev\u00eado visita obras do novo Centro de Equoterapia da PMPB - Pol\u00edcia Militar da Para\u00edba","og_description":"O trabalho da equoterapia, que usa o cavalo nas atividades de desenvolvimento biopsicossocial, j\u00e1 \u00e9 desenvolvido h\u00e1 mais de 14 anos pela PMPB.","og_url":"https:\/\/www.pm.pb.gov.br\/portal\/2023\/12\/29\/governador-joao-azevedo-visita-obras-do-novo-centro-de-equoterapia-da-pmpb\/","og_site_name":"Pol\u00edcia Militar da Para\u00edba","article_published_time":"2023-12-29T12:31:00+00:00","article_modified_time":"2023-12-29T13:40:25+00:00","og_image":[{"width":800,"height":445,"url":"http:\/\/www.pm.pb.gov.br\/portal\/wp-content\/uploads\/2023\/12\/rpmont.jpeg","type":"image\/jpeg"}],"author":"Tarcisio Oliveira","twitter_card":"summary_large_image","twitter_misc":{"Escrito por":"Tarcisio Oliveira","Est. tempo de leitura":"2 minutos"},"schema":{"@context":"https:\/\/schema.org","@graph":[{"@type":"Article","@id":"https:\/\/www.pm.pb.gov.br\/portal\/2023\/12\/29\/governador-joao-azevedo-visita-obras-do-novo-centro-de-equoterapia-da-pmpb\/#article","isPartOf":{"@id":"https:\/\/www.pm.pb.gov.br\/portal\/2023\/12\/29\/governador-joao-azevedo-visita-obras-do-novo-centro-de-equoterapia-da-pmpb\/"},"author":{"name":"Tarcisio Oliveira","@id":"https:\/\/www.pm.pb.gov.br\/portal\/#\/schema\/person\/f84f56dcc78ce4357054da888b8247fd"},"headline":"Governador Jo\u00e3o Azev\u00eado visita obras do novo Centro de Equoterapia da PMPB","datePublished":"2023-12-29T12:31:00+00:00","dateModified":"2023-12-29T13:40:25+00:00","mainEntityOfPage":{"@id":"https:\/\/www.pm.pb.gov.br\/portal\/2023\/12\/29\/governador-joao-azevedo-visita-obras-do-novo-centro-de-equoterapia-da-pmpb\/"},"wordCount":190,"publisher":{"@id":"https:\/\/www.pm.pb.gov.br\/portal\/#organization"},"articleSection":["A\u00e7\u00f5es de Sa\u00fade"],"inLanguage":"pt-BR"},{"@type":"WebPage","@id":"https:\/\/www.pm.pb.gov.br\/portal\/2023\/12\/29\/governador-joao-azevedo-visita-obras-do-novo-centro-de-equoterapia-da-pmpb\/","url":"https:\/\/www.pm.pb.gov.br\/portal\/2023\/12\/29\/governador-joao-azevedo-visita-obras-do-novo-centro-de-equoterapia-da-pmpb\/","name":"Governador Jo\u00e3o Azev\u00eado visita obras do novo Centro de Equoterapia da PMPB - Pol\u00edcia Militar da Para\u00edba","isPartOf":{"@id":"https:\/\/www.pm.pb.gov.br\/portal\/#website"},"datePublished":"2023-12-29T12:31:00+00:00","dateModified":"2023-12-29T13:40:25+00:00","description":"O trabalho da equoterapia, que usa o cavalo nas atividades de desenvolvimento biopsicossocial, j\u00e1 \u00e9 desenvolvido h\u00e1 mais de 14 anos pela PMPB.","breadcrumb":{"@id":"https:\/\/www.pm.pb.gov.br\/portal\/2023\/12\/29\/governador-joao-azevedo-visita-obras-do-novo-centro-de-equoterapia-da-pmpb\/#breadcrumb"},"inLanguage":"pt-BR","potentialAction":[{"@type":"ReadAction","target":["https:\/\/www.pm.pb.gov.br\/portal\/2023\/12\/29\/governador-joao-azevedo-visita-obras-do-novo-centro-de-equoterapia-da-pmpb\/"]}]},{"@type":"BreadcrumbList","@id":"https:\/\/www.pm.pb.gov.br\/portal\/2023\/12\/29\/governador-joao-azevedo-visita-obras-do-novo-centro-de-equoterapia-da-pmpb\/#breadcrumb","itemListElement":[{"@type":"ListItem","position":1,"name":"In\u00edcio","item":"https:\/\/www.pm.pb.gov.br\/portal\/"},{"@type":"ListItem","position":2,"name":"Governador Jo\u00e3o Azev\u00eado visita obras do novo Centro de Equoterapia da PMPB"}]},{"@type":"WebSite","@id":"https:\/\/www.pm.pb.gov.br\/portal\/#website","url":"https:\/\/www.pm.pb.gov.br\/portal\/","name":"Pol\u00edcia Militar da Para\u00edba","description":"","publisher":{"@id":"https:\/\/www.pm.pb.gov.br\/portal\/#organization"},"potentialAction":[{"@type":"SearchAction","target":{"@type":"EntryPoint","urlTemplate":"https:\/\/www.pm.pb.gov.br\/portal\/?s={search_term_string}"},"query-input":"required name=search_term_string"}],"inLanguage":"pt-BR"},{"@type":"Organization","@id":"https:\/\/www.pm.pb.gov.br\/portal\/#organization","name":"Pol\u00edcia Militar da Para\u00edba","url":"https:\/\/www.pm.pb.gov.br\/portal\/","logo":{"@type":"ImageObject","inLanguage":"pt-BR","@id":"https:\/\/www.pm.pb.gov.br\/portal\/#\/schema\/logo\/image\/","url":"https:\/\/www.pm.pb.gov.br\/portal\/wp-content\/uploads\/2025\/03\/cropped-logo-site-mag2-1.png","contentUrl":"https:\/\/www.pm.pb.gov.br\/portal\/wp-content\/uploads\/2025\/03\/cropped-logo-site-mag2-1.png","width":320,"height":90,"caption":"Pol\u00edcia Militar da Para\u00edba"},"image":{"@id":"https:\/\/www.pm.pb.gov.br\/portal\/#\/schema\/logo\/image\/"}},{"@type":"Person","@id":"https:\/\/www.pm.pb.gov.br\/portal\/#\/schema\/person\/f84f56dcc78ce4357054da888b8247fd","name":"Tarcisio Oliveira","image":{"@type":"ImageObject","inLanguage":"pt-BR","@id":"https:\/\/www.pm.pb.gov.br\/portal\/#\/schema\/person\/image\/","url":"https:\/\/secure.gravatar.com\/avatar\/72917b630b69d31cd0297507f34bac97?s=96&d=mm&r=g","contentUrl":"https:\/\/secure.gravatar.com\/avatar\/72917b630b69d31cd0297507f34bac97?s=96&d=mm&r=g","caption":"Tarcisio Oliveira"},"url":"https:\/\/www.pm.pb.gov.br\/portal\/author\/tarcisio\/"}]}},"_links":{"self":[{"href":"https:\/\/www.pm.pb.gov.br\/portal\/wp-json\/wp\/v2\/posts\/919908"}],"collection":[{"href":"https:\/\/www.pm.pb.gov.br\/portal\/wp-json\/wp\/v2\/posts"}],"about":[{"href":"https:\/\/www.pm.pb.gov.br\/portal\/wp-json\/wp\/v2\/types\/post"}],"author":[{"embeddable":true,"href":"https:\/\/www.pm.pb.gov.br\/portal\/wp-json\/wp\/v2\/users\/12"}],"replies":[{"embeddable":true,"href":"https:\/\/www.pm.pb.gov.br\/portal\/wp-json\/wp\/v2\/comments?post=919908"}],"version-history":[{"count":1,"href":"https:\/\/www.pm.pb.gov.br\/portal\/wp-json\/wp\/v2\/posts\/919908\/revisions"}],"predecessor-version":[{"id":919914,"href":"https:\/\/www.pm.pb.gov.br\/portal\/wp-json\/wp\/v2\/posts\/919908\/revisions\/919914"}],"wp:featuredmedia":[{"embeddable":true,"href":"https:\/\/www.pm.pb.gov.br\/portal\/wp-json\/wp\/v2\/media\/919909"}],"wp:attachment":[{"href":"https:\/\/www.pm.pb.gov.br\/portal\/wp-json\/wp\/v2\/media?parent=919908"}],"wp:term":[{"taxonomy":"category","embeddable":true,"href":"https:\/\/www.pm.pb.gov.br\/portal\/wp-json\/wp\/v2\/categories?post=919908"},{"taxonomy":"post_tag","embeddable":true,"href":"https:\/\/www.pm.pb.gov.br\/portal\/wp-json\/wp\/v2\/tags?post=919908"}],"curies":[{"name":"wp","href":"https:\/\/api.w.org\/{rel}","templated":true}]}}