{"id":919902,"date":"2023-12-29T07:03:02","date_gmt":"2023-12-29T10:03:02","guid":{"rendered":"https:\/\/www.pm.pb.gov.br\/portal\/?p=919902"},"modified":"2023-12-29T07:03:05","modified_gmt":"2023-12-29T10:03:05","slug":"na-capital-policia-militar-frustra-grupo-e-apreende-arma-de-fogo-apos-abordagem-a-veiculo","status":"publish","type":"post","link":"https:\/\/www.pm.pb.gov.br\/portal\/2023\/12\/29\/na-capital-policia-militar-frustra-grupo-e-apreende-arma-de-fogo-apos-abordagem-a-veiculo\/","title":{"rendered":"NA CAPITAL: Pol\u00edcia Militar frustra grupo e apreende arma de fogo ap\u00f3s abordagem a ve\u00edculo"},"content":{"rendered":"\n<p><img loading=\"lazy\" decoding=\"async\" class=\" wp-image-919904 alignright\" src=\"http:\/\/www.pm.pb.gov.br\/portal\/wp-content\/uploads\/2023\/12\/WhatsApp-Image-2023-12-29-at-07.17.55-252x445.jpeg\" alt=\"\" width=\"290\" height=\"512\" srcset=\"https:\/\/www.pm.pb.gov.br\/portal\/wp-content\/uploads\/2023\/12\/WhatsApp-Image-2023-12-29-at-07.17.55-252x445.jpeg 252w, https:\/\/www.pm.pb.gov.br\/portal\/wp-content\/uploads\/2023\/12\/WhatsApp-Image-2023-12-29-at-07.17.55-323x570.jpeg 323w, https:\/\/www.pm.pb.gov.br\/portal\/wp-content\/uploads\/2023\/12\/WhatsApp-Image-2023-12-29-at-07.17.55-768x1356.jpeg 768w, https:\/\/www.pm.pb.gov.br\/portal\/wp-content\/uploads\/2023\/12\/WhatsApp-Image-2023-12-29-at-07.17.55-870x1536.jpeg 870w, https:\/\/www.pm.pb.gov.br\/portal\/wp-content\/uploads\/2023\/12\/WhatsApp-Image-2023-12-29-at-07.17.55.jpeg 906w\" sizes=\"(max-width: 290px) 100vw, 290px\" \/>A Pol\u00edcia Militar frustrou novos crimes quando prendeu tr\u00eas homens e uma mulhe, que estavam com uma arma de fogo em um carro, na avenida Epit\u00e1cio Pessoa. A pris\u00e3o do grupo aconteceu no fim da madrugada desta sexta-feira (29), durante refor\u00e7o de a\u00e7\u00f5es da Opera\u00e7\u00e3o Boas Festas, na capital (foto acima ilustrativa).<\/p>\n<p>A abordagem aos acusados foi realizada pelo pr\u00f3prio comandante-geral da PM, o coronel S\u00e9rgio Fonseca, que coordenada a Opera\u00e7\u00e3o, com apoio do Batalh\u00e3o de Opera\u00e7\u00f5es Policiais Especiais (Bope) e do Regimento de Opera\u00e7\u00f5es T\u00e1ticas com apoio de Motocicletas (Rotam). Os acusados estavam com rev\u00f3lver e muni\u00e7\u00f5es (foto ao lado).<\/p>\n<p>A ocorr\u00eancia foi encaminhada para Central de Flagrantes para os procedimentos cab\u00edveis. A participa\u00e7\u00e3o dos acusados em crimes na grande Jo\u00e3o Pessoa dever\u00e1 ser investigada.<\/p>\n","protected":false},"excerpt":{"rendered":"<p>A Pol\u00edcia Militar frustrou novos crimes quando prendeu tr\u00eas homens e uma mulhe, que estavam com uma arma de fogo<\/p>\n","protected":false},"author":12,"featured_media":919903,"comment_status":"closed","ping_status":"closed","sticky":false,"template":"","format":"standard","meta":{"_exactmetrics_skip_tracking":false,"_exactmetrics_sitenote_active":false,"_exactmetrics_sitenote_note":"","_exactmetrics_sitenote_category":0,"footnotes":""},"categories":[4],"tags":[],"yoast_head":"<!-- This site is optimized with the Yoast SEO plugin v22.0 - https:\/\/yoast.com\/wordpress\/plugins\/seo\/ -->\n<title>NA CAPITAL: Pol\u00edcia Militar frustra grupo e apreende arma de fogo ap\u00f3s abordagem a ve\u00edculo - Pol\u00edcia Militar da Para\u00edba<\/title>\n<meta name=\"description\" content=\"A pris\u00e3o aconteceu no fim da madrugada desta sexta-feira (29), durante refor\u00e7o de a\u00e7\u00f5es da Opera\u00e7\u00e3o Boas Festas, na capital.\" \/>\n<meta name=\"robots\" content=\"index, follow, max-snippet:-1, max-image-preview:large, max-video-preview:-1\" \/>\n<link rel=\"canonical\" href=\"https:\/\/www.pm.pb.gov.br\/portal\/2023\/12\/29\/na-capital-policia-militar-frustra-grupo-e-apreende-arma-de-fogo-apos-abordagem-a-veiculo\/\" \/>\n<meta property=\"og:locale\" content=\"pt_BR\" \/>\n<meta property=\"og:type\" content=\"article\" \/>\n<meta property=\"og:title\" content=\"NA CAPITAL: Pol\u00edcia Militar frustra grupo e apreende arma de fogo ap\u00f3s abordagem a ve\u00edculo - Pol\u00edcia Militar da Para\u00edba\" \/>\n<meta property=\"og:description\" content=\"A pris\u00e3o aconteceu no fim da madrugada desta sexta-feira (29), durante refor\u00e7o de a\u00e7\u00f5es da Opera\u00e7\u00e3o Boas Festas, na capital.\" \/>\n<meta property=\"og:url\" content=\"https:\/\/www.pm.pb.gov.br\/portal\/2023\/12\/29\/na-capital-policia-militar-frustra-grupo-e-apreende-arma-de-fogo-apos-abordagem-a-veiculo\/\" \/>\n<meta property=\"og:site_name\" content=\"Pol\u00edcia Militar da Para\u00edba\" \/>\n<meta property=\"article:published_time\" content=\"2023-12-29T10:03:02+00:00\" \/>\n<meta property=\"article:modified_time\" content=\"2023-12-29T10:03:05+00:00\" \/>\n<meta property=\"og:image\" content=\"http:\/\/www.pm.pb.gov.br\/portal\/wp-content\/uploads\/2023\/12\/chlque.jpeg\" \/>\n\t<meta property=\"og:image:width\" content=\"800\" \/>\n\t<meta property=\"og:image:height\" content=\"445\" \/>\n\t<meta property=\"og:image:type\" content=\"image\/jpeg\" \/>\n<meta name=\"author\" content=\"Tarcisio Oliveira\" \/>\n<meta name=\"twitter:card\" content=\"summary_large_image\" \/>\n<meta name=\"twitter:label1\" content=\"Escrito por\" \/>\n\t<meta name=\"twitter:data1\" content=\"Tarcisio Oliveira\" \/>\n\t<meta name=\"twitter:label2\" content=\"Est. tempo de leitura\" \/>\n\t<meta name=\"twitter:data2\" content=\"1 minuto\" \/>\n<script type=\"application\/ld+json\" class=\"yoast-schema-graph\">{\"@context\":\"https:\/\/schema.org\",\"@graph\":[{\"@type\":\"Article\",\"@id\":\"https:\/\/www.pm.pb.gov.br\/portal\/2023\/12\/29\/na-capital-policia-militar-frustra-grupo-e-apreende-arma-de-fogo-apos-abordagem-a-veiculo\/#article\",\"isPartOf\":{\"@id\":\"https:\/\/www.pm.pb.gov.br\/portal\/2023\/12\/29\/na-capital-policia-militar-frustra-grupo-e-apreende-arma-de-fogo-apos-abordagem-a-veiculo\/\"},\"author\":{\"name\":\"Tarcisio Oliveira\",\"@id\":\"https:\/\/www.pm.pb.gov.br\/portal\/#\/schema\/person\/f84f56dcc78ce4357054da888b8247fd\"},\"headline\":\"NA CAPITAL: Pol\u00edcia Militar frustra grupo e apreende arma de fogo ap\u00f3s abordagem a ve\u00edculo\",\"datePublished\":\"2023-12-29T10:03:02+00:00\",\"dateModified\":\"2023-12-29T10:03:05+00:00\",\"mainEntityOfPage\":{\"@id\":\"https:\/\/www.pm.pb.gov.br\/portal\/2023\/12\/29\/na-capital-policia-militar-frustra-grupo-e-apreende-arma-de-fogo-apos-abordagem-a-veiculo\/\"},\"wordCount\":163,\"publisher\":{\"@id\":\"https:\/\/www.pm.pb.gov.br\/portal\/#organization\"},\"articleSection\":[\"A\u00e7\u00f5es Policiais\"],\"inLanguage\":\"pt-BR\"},{\"@type\":\"WebPage\",\"@id\":\"https:\/\/www.pm.pb.gov.br\/portal\/2023\/12\/29\/na-capital-policia-militar-frustra-grupo-e-apreende-arma-de-fogo-apos-abordagem-a-veiculo\/\",\"url\":\"https:\/\/www.pm.pb.gov.br\/portal\/2023\/12\/29\/na-capital-policia-militar-frustra-grupo-e-apreende-arma-de-fogo-apos-abordagem-a-veiculo\/\",\"name\":\"NA CAPITAL: Pol\u00edcia Militar frustra grupo e apreende arma de fogo ap\u00f3s abordagem a ve\u00edculo - Pol\u00edcia Militar da Para\u00edba\",\"isPartOf\":{\"@id\":\"https:\/\/www.pm.pb.gov.br\/portal\/#website\"},\"datePublished\":\"2023-12-29T10:03:02+00:00\",\"dateModified\":\"2023-12-29T10:03:05+00:00\",\"description\":\"A pris\u00e3o aconteceu no fim da madrugada desta sexta-feira (29), durante refor\u00e7o de a\u00e7\u00f5es da Opera\u00e7\u00e3o Boas Festas, na capital.\",\"breadcrumb\":{\"@id\":\"https:\/\/www.pm.pb.gov.br\/portal\/2023\/12\/29\/na-capital-policia-militar-frustra-grupo-e-apreende-arma-de-fogo-apos-abordagem-a-veiculo\/#breadcrumb\"},\"inLanguage\":\"pt-BR\",\"potentialAction\":[{\"@type\":\"ReadAction\",\"target\":[\"https:\/\/www.pm.pb.gov.br\/portal\/2023\/12\/29\/na-capital-policia-militar-frustra-grupo-e-apreende-arma-de-fogo-apos-abordagem-a-veiculo\/\"]}]},{\"@type\":\"BreadcrumbList\",\"@id\":\"https:\/\/www.pm.pb.gov.br\/portal\/2023\/12\/29\/na-capital-policia-militar-frustra-grupo-e-apreende-arma-de-fogo-apos-abordagem-a-veiculo\/#breadcrumb\",\"itemListElement\":[{\"@type\":\"ListItem\",\"position\":1,\"name\":\"In\u00edcio\",\"item\":\"https:\/\/www.pm.pb.gov.br\/portal\/\"},{\"@type\":\"ListItem\",\"position\":2,\"name\":\"NA CAPITAL: Pol\u00edcia Militar frustra grupo e apreende arma de fogo ap\u00f3s abordagem a ve\u00edculo\"}]},{\"@type\":\"WebSite\",\"@id\":\"https:\/\/www.pm.pb.gov.br\/portal\/#website\",\"url\":\"https:\/\/www.pm.pb.gov.br\/portal\/\",\"name\":\"Pol\u00edcia Militar da Para\u00edba\",\"description\":\"\",\"publisher\":{\"@id\":\"https:\/\/www.pm.pb.gov.br\/portal\/#organization\"},\"potentialAction\":[{\"@type\":\"SearchAction\",\"target\":{\"@type\":\"EntryPoint\",\"urlTemplate\":\"https:\/\/www.pm.pb.gov.br\/portal\/?s={search_term_string}\"},\"query-input\":\"required name=search_term_string\"}],\"inLanguage\":\"pt-BR\"},{\"@type\":\"Organization\",\"@id\":\"https:\/\/www.pm.pb.gov.br\/portal\/#organization\",\"name\":\"Pol\u00edcia Militar da Para\u00edba\",\"url\":\"https:\/\/www.pm.pb.gov.br\/portal\/\",\"logo\":{\"@type\":\"ImageObject\",\"inLanguage\":\"pt-BR\",\"@id\":\"https:\/\/www.pm.pb.gov.br\/portal\/#\/schema\/logo\/image\/\",\"url\":\"https:\/\/www.pm.pb.gov.br\/portal\/wp-content\/uploads\/2025\/03\/cropped-logo-site-mag2-1.png\",\"contentUrl\":\"https:\/\/www.pm.pb.gov.br\/portal\/wp-content\/uploads\/2025\/03\/cropped-logo-site-mag2-1.png\",\"width\":320,\"height\":90,\"caption\":\"Pol\u00edcia Militar da Para\u00edba\"},\"image\":{\"@id\":\"https:\/\/www.pm.pb.gov.br\/portal\/#\/schema\/logo\/image\/\"}},{\"@type\":\"Person\",\"@id\":\"https:\/\/www.pm.pb.gov.br\/portal\/#\/schema\/person\/f84f56dcc78ce4357054da888b8247fd\",\"name\":\"Tarcisio Oliveira\",\"image\":{\"@type\":\"ImageObject\",\"inLanguage\":\"pt-BR\",\"@id\":\"https:\/\/www.pm.pb.gov.br\/portal\/#\/schema\/person\/image\/\",\"url\":\"https:\/\/secure.gravatar.com\/avatar\/72917b630b69d31cd0297507f34bac97?s=96&d=mm&r=g\",\"contentUrl\":\"https:\/\/secure.gravatar.com\/avatar\/72917b630b69d31cd0297507f34bac97?s=96&d=mm&r=g\",\"caption\":\"Tarcisio Oliveira\"},\"url\":\"https:\/\/www.pm.pb.gov.br\/portal\/author\/tarcisio\/\"}]}<\/script>\n<!-- \/ Yoast SEO plugin. -->","yoast_head_json":{"title":"NA CAPITAL: Pol\u00edcia Militar frustra grupo e apreende arma de fogo ap\u00f3s abordagem a ve\u00edculo - Pol\u00edcia Militar da Para\u00edba","description":"A pris\u00e3o aconteceu no fim da madrugada desta sexta-feira (29), durante refor\u00e7o de a\u00e7\u00f5es da Opera\u00e7\u00e3o Boas Festas, na capital.","robots":{"index":"index","follow":"follow","max-snippet":"max-snippet:-1","max-image-preview":"max-image-preview:large","max-video-preview":"max-video-preview:-1"},"canonical":"https:\/\/www.pm.pb.gov.br\/portal\/2023\/12\/29\/na-capital-policia-militar-frustra-grupo-e-apreende-arma-de-fogo-apos-abordagem-a-veiculo\/","og_locale":"pt_BR","og_type":"article","og_title":"NA CAPITAL: Pol\u00edcia Militar frustra grupo e apreende arma de fogo ap\u00f3s abordagem a ve\u00edculo - Pol\u00edcia Militar da Para\u00edba","og_description":"A pris\u00e3o aconteceu no fim da madrugada desta sexta-feira (29), durante refor\u00e7o de a\u00e7\u00f5es da Opera\u00e7\u00e3o Boas Festas, na capital.","og_url":"https:\/\/www.pm.pb.gov.br\/portal\/2023\/12\/29\/na-capital-policia-militar-frustra-grupo-e-apreende-arma-de-fogo-apos-abordagem-a-veiculo\/","og_site_name":"Pol\u00edcia Militar da Para\u00edba","article_published_time":"2023-12-29T10:03:02+00:00","article_modified_time":"2023-12-29T10:03:05+00:00","og_image":[{"width":800,"height":445,"url":"http:\/\/www.pm.pb.gov.br\/portal\/wp-content\/uploads\/2023\/12\/chlque.jpeg","type":"image\/jpeg"}],"author":"Tarcisio Oliveira","twitter_card":"summary_large_image","twitter_misc":{"Escrito por":"Tarcisio Oliveira","Est. tempo de leitura":"1 minuto"},"schema":{"@context":"https:\/\/schema.org","@graph":[{"@type":"Article","@id":"https:\/\/www.pm.pb.gov.br\/portal\/2023\/12\/29\/na-capital-policia-militar-frustra-grupo-e-apreende-arma-de-fogo-apos-abordagem-a-veiculo\/#article","isPartOf":{"@id":"https:\/\/www.pm.pb.gov.br\/portal\/2023\/12\/29\/na-capital-policia-militar-frustra-grupo-e-apreende-arma-de-fogo-apos-abordagem-a-veiculo\/"},"author":{"name":"Tarcisio Oliveira","@id":"https:\/\/www.pm.pb.gov.br\/portal\/#\/schema\/person\/f84f56dcc78ce4357054da888b8247fd"},"headline":"NA CAPITAL: Pol\u00edcia Militar frustra grupo e apreende arma de fogo ap\u00f3s abordagem a ve\u00edculo","datePublished":"2023-12-29T10:03:02+00:00","dateModified":"2023-12-29T10:03:05+00:00","mainEntityOfPage":{"@id":"https:\/\/www.pm.pb.gov.br\/portal\/2023\/12\/29\/na-capital-policia-militar-frustra-grupo-e-apreende-arma-de-fogo-apos-abordagem-a-veiculo\/"},"wordCount":163,"publisher":{"@id":"https:\/\/www.pm.pb.gov.br\/portal\/#organization"},"articleSection":["A\u00e7\u00f5es Policiais"],"inLanguage":"pt-BR"},{"@type":"WebPage","@id":"https:\/\/www.pm.pb.gov.br\/portal\/2023\/12\/29\/na-capital-policia-militar-frustra-grupo-e-apreende-arma-de-fogo-apos-abordagem-a-veiculo\/","url":"https:\/\/www.pm.pb.gov.br\/portal\/2023\/12\/29\/na-capital-policia-militar-frustra-grupo-e-apreende-arma-de-fogo-apos-abordagem-a-veiculo\/","name":"NA CAPITAL: Pol\u00edcia Militar frustra grupo e apreende arma de fogo ap\u00f3s abordagem a ve\u00edculo - Pol\u00edcia Militar da Para\u00edba","isPartOf":{"@id":"https:\/\/www.pm.pb.gov.br\/portal\/#website"},"datePublished":"2023-12-29T10:03:02+00:00","dateModified":"2023-12-29T10:03:05+00:00","description":"A pris\u00e3o aconteceu no fim da madrugada desta sexta-feira (29), durante refor\u00e7o de a\u00e7\u00f5es da Opera\u00e7\u00e3o Boas Festas, na capital.","breadcrumb":{"@id":"https:\/\/www.pm.pb.gov.br\/portal\/2023\/12\/29\/na-capital-policia-militar-frustra-grupo-e-apreende-arma-de-fogo-apos-abordagem-a-veiculo\/#breadcrumb"},"inLanguage":"pt-BR","potentialAction":[{"@type":"ReadAction","target":["https:\/\/www.pm.pb.gov.br\/portal\/2023\/12\/29\/na-capital-policia-militar-frustra-grupo-e-apreende-arma-de-fogo-apos-abordagem-a-veiculo\/"]}]},{"@type":"BreadcrumbList","@id":"https:\/\/www.pm.pb.gov.br\/portal\/2023\/12\/29\/na-capital-policia-militar-frustra-grupo-e-apreende-arma-de-fogo-apos-abordagem-a-veiculo\/#breadcrumb","itemListElement":[{"@type":"ListItem","position":1,"name":"In\u00edcio","item":"https:\/\/www.pm.pb.gov.br\/portal\/"},{"@type":"ListItem","position":2,"name":"NA CAPITAL: Pol\u00edcia Militar frustra grupo e apreende arma de fogo ap\u00f3s abordagem a ve\u00edculo"}]},{"@type":"WebSite","@id":"https:\/\/www.pm.pb.gov.br\/portal\/#website","url":"https:\/\/www.pm.pb.gov.br\/portal\/","name":"Pol\u00edcia Militar da Para\u00edba","description":"","publisher":{"@id":"https:\/\/www.pm.pb.gov.br\/portal\/#organization"},"potentialAction":[{"@type":"SearchAction","target":{"@type":"EntryPoint","urlTemplate":"https:\/\/www.pm.pb.gov.br\/portal\/?s={search_term_string}"},"query-input":"required name=search_term_string"}],"inLanguage":"pt-BR"},{"@type":"Organization","@id":"https:\/\/www.pm.pb.gov.br\/portal\/#organization","name":"Pol\u00edcia Militar da Para\u00edba","url":"https:\/\/www.pm.pb.gov.br\/portal\/","logo":{"@type":"ImageObject","inLanguage":"pt-BR","@id":"https:\/\/www.pm.pb.gov.br\/portal\/#\/schema\/logo\/image\/","url":"https:\/\/www.pm.pb.gov.br\/portal\/wp-content\/uploads\/2025\/03\/cropped-logo-site-mag2-1.png","contentUrl":"https:\/\/www.pm.pb.gov.br\/portal\/wp-content\/uploads\/2025\/03\/cropped-logo-site-mag2-1.png","width":320,"height":90,"caption":"Pol\u00edcia Militar da Para\u00edba"},"image":{"@id":"https:\/\/www.pm.pb.gov.br\/portal\/#\/schema\/logo\/image\/"}},{"@type":"Person","@id":"https:\/\/www.pm.pb.gov.br\/portal\/#\/schema\/person\/f84f56dcc78ce4357054da888b8247fd","name":"Tarcisio Oliveira","image":{"@type":"ImageObject","inLanguage":"pt-BR","@id":"https:\/\/www.pm.pb.gov.br\/portal\/#\/schema\/person\/image\/","url":"https:\/\/secure.gravatar.com\/avatar\/72917b630b69d31cd0297507f34bac97?s=96&d=mm&r=g","contentUrl":"https:\/\/secure.gravatar.com\/avatar\/72917b630b69d31cd0297507f34bac97?s=96&d=mm&r=g","caption":"Tarcisio Oliveira"},"url":"https:\/\/www.pm.pb.gov.br\/portal\/author\/tarcisio\/"}]}},"_links":{"self":[{"href":"https:\/\/www.pm.pb.gov.br\/portal\/wp-json\/wp\/v2\/posts\/919902"}],"collection":[{"href":"https:\/\/www.pm.pb.gov.br\/portal\/wp-json\/wp\/v2\/posts"}],"about":[{"href":"https:\/\/www.pm.pb.gov.br\/portal\/wp-json\/wp\/v2\/types\/post"}],"author":[{"embeddable":true,"href":"https:\/\/www.pm.pb.gov.br\/portal\/wp-json\/wp\/v2\/users\/12"}],"replies":[{"embeddable":true,"href":"https:\/\/www.pm.pb.gov.br\/portal\/wp-json\/wp\/v2\/comments?post=919902"}],"version-history":[{"count":1,"href":"https:\/\/www.pm.pb.gov.br\/portal\/wp-json\/wp\/v2\/posts\/919902\/revisions"}],"predecessor-version":[{"id":919905,"href":"https:\/\/www.pm.pb.gov.br\/portal\/wp-json\/wp\/v2\/posts\/919902\/revisions\/919905"}],"wp:featuredmedia":[{"embeddable":true,"href":"https:\/\/www.pm.pb.gov.br\/portal\/wp-json\/wp\/v2\/media\/919903"}],"wp:attachment":[{"href":"https:\/\/www.pm.pb.gov.br\/portal\/wp-json\/wp\/v2\/media?parent=919902"}],"wp:term":[{"taxonomy":"category","embeddable":true,"href":"https:\/\/www.pm.pb.gov.br\/portal\/wp-json\/wp\/v2\/categories?post=919902"},{"taxonomy":"post_tag","embeddable":true,"href":"https:\/\/www.pm.pb.gov.br\/portal\/wp-json\/wp\/v2\/tags?post=919902"}],"curies":[{"name":"wp","href":"https:\/\/api.w.org\/{rel}","templated":true}]}}