{"id":919857,"date":"2023-12-27T10:35:57","date_gmt":"2023-12-27T13:35:57","guid":{"rendered":"https:\/\/www.pm.pb.gov.br\/portal\/?p=919857"},"modified":"2023-12-27T10:38:22","modified_gmt":"2023-12-27T13:38:22","slug":"acao-conjunta-combate-rolezinho-em-campina-grande-e-apreende-mais-de-10-motocicletas-que-infringiam-codigo-de-transito","status":"publish","type":"post","link":"https:\/\/www.pm.pb.gov.br\/portal\/2023\/12\/27\/acao-conjunta-combate-rolezinho-em-campina-grande-e-apreende-mais-de-10-motocicletas-que-infringiam-codigo-de-transito\/","title":{"rendered":"A\u00e7\u00e3o conjunta combate \u201crolezinho\u201d em Campina Grande e apreende mais de 10 motocicletas que infringiam C\u00f3digo de Tr\u00e2nsito"},"content":{"rendered":"\n<p>Uma a\u00e7\u00e3o conjunta da Pol\u00edcia Militar com apoio Do Corpo de Bombeiros e a Superintend\u00eancia de Tr\u00e2nsito e Transporte P\u00fablico (STTP) de Campina Grande, mirou a pr\u00e1tica do \u201crolezinho\u201d na Rainha da Borborema, a noite da \u00faltima ter\u00e7a-feira (26).<\/p>\n<figure id=\"attachment_919859\" aria-describedby=\"caption-attachment-919859\" style=\"width: 564px\" class=\"wp-caption aligncenter\"><img loading=\"lazy\" decoding=\"async\" class=\"wp-image-919859\" src=\"http:\/\/www.pm.pb.gov.br\/portal\/wp-content\/uploads\/2023\/12\/WhatsApp-Image-2023-12-27-at-10.27.30-593x445.jpeg\" alt=\"\" width=\"564\" height=\"423\" srcset=\"https:\/\/www.pm.pb.gov.br\/portal\/wp-content\/uploads\/2023\/12\/WhatsApp-Image-2023-12-27-at-10.27.30-593x445.jpeg 593w, https:\/\/www.pm.pb.gov.br\/portal\/wp-content\/uploads\/2023\/12\/WhatsApp-Image-2023-12-27-at-10.27.30-760x570.jpeg 760w, https:\/\/www.pm.pb.gov.br\/portal\/wp-content\/uploads\/2023\/12\/WhatsApp-Image-2023-12-27-at-10.27.30-768x576.jpeg 768w, https:\/\/www.pm.pb.gov.br\/portal\/wp-content\/uploads\/2023\/12\/WhatsApp-Image-2023-12-27-at-10.27.30.jpeg 1024w\" sizes=\"(max-width: 564px) 100vw, 564px\" \/><figcaption id=\"caption-attachment-919859\" class=\"wp-caption-text\">Comando de Policiamento Regional I esteve \u00e0 frente das a\u00e7\u00f5es<\/figcaption><\/figure>\n<p>De acordo com a 3\u00aa Companhia de Pol\u00edcia de Tr\u00e2nsito (3\u00aa CPTran), foram apreendidas 12 motocicletas que apresentavam irregularidades. Escapamento com ru\u00eddo excessivo e condutores inabilitados foram as infra\u00e7\u00f5es mais constatadas (foto abaixo). Al\u00e9m disso, durante as abordagens, uma motocicleta roubada que circulava com uma placa clonada foi apreendida.<\/p>\n<p><img loading=\"lazy\" decoding=\"async\" class=\" wp-image-919858 aligncenter\" src=\"http:\/\/www.pm.pb.gov.br\/portal\/wp-content\/uploads\/2023\/12\/WhatsApp-Image-2023-12-27-at-10.27.29.jpeg\" alt=\"\" width=\"739\" height=\"411\" srcset=\"https:\/\/www.pm.pb.gov.br\/portal\/wp-content\/uploads\/2023\/12\/WhatsApp-Image-2023-12-27-at-10.27.29.jpeg 800w, https:\/\/www.pm.pb.gov.br\/portal\/wp-content\/uploads\/2023\/12\/WhatsApp-Image-2023-12-27-at-10.27.29-245x136.jpeg 245w, https:\/\/www.pm.pb.gov.br\/portal\/wp-content\/uploads\/2023\/12\/WhatsApp-Image-2023-12-27-at-10.27.29-768x427.jpeg 768w\" sizes=\"(max-width: 739px) 100vw, 739px\" \/><\/p>\n<p>Segundo a unidade, a pr\u00e1tica do &#8220;rolezinho&#8221; tem ocasionado transtornos ao tr\u00e2nsito e \u00e0 seguran\u00e7a vi\u00e1ria, com a utiliza\u00e7\u00e3o de motocicletas para realiza\u00e7\u00e3o de manobras perigosas, colocando a vida dos usu\u00e1rios das vias terrestre em risco, al\u00e9m da perturba\u00e7\u00e3o do sossego com a utiliza\u00e7\u00e3o de escapamento em desacordo com o CTB.<\/p>\n<p>Novas a\u00e7\u00f5es de seguran\u00e7a no tr\u00e2nsito devem acontecer durante as festividades deste fim de ano.<\/p>\n<figure id=\"attachment_919860\" aria-describedby=\"caption-attachment-919860\" style=\"width: 593px\" class=\"wp-caption aligncenter\"><img loading=\"lazy\" decoding=\"async\" class=\"wp-image-919860 size-medium\" src=\"http:\/\/www.pm.pb.gov.br\/portal\/wp-content\/uploads\/2023\/12\/WhatsApp-Image-2023-12-27-at-10.27.29-1-593x445.jpeg\" alt=\"\" width=\"593\" height=\"445\" srcset=\"https:\/\/www.pm.pb.gov.br\/portal\/wp-content\/uploads\/2023\/12\/WhatsApp-Image-2023-12-27-at-10.27.29-1-593x445.jpeg 593w, https:\/\/www.pm.pb.gov.br\/portal\/wp-content\/uploads\/2023\/12\/WhatsApp-Image-2023-12-27-at-10.27.29-1-760x570.jpeg 760w, https:\/\/www.pm.pb.gov.br\/portal\/wp-content\/uploads\/2023\/12\/WhatsApp-Image-2023-12-27-at-10.27.29-1-768x576.jpeg 768w, https:\/\/www.pm.pb.gov.br\/portal\/wp-content\/uploads\/2023\/12\/WhatsApp-Image-2023-12-27-at-10.27.29-1.jpeg 1024w\" sizes=\"(max-width: 593px) 100vw, 593px\" \/><figcaption id=\"caption-attachment-919860\" class=\"wp-caption-text\">A\u00e7\u00e3o contou com a integra\u00e7\u00e3o de v\u00e1rias For\u00e7as de Seguran\u00e7a<\/figcaption><\/figure>\n<p><img loading=\"lazy\" decoding=\"async\" class=\" wp-image-919861 aligncenter\" src=\"http:\/\/www.pm.pb.gov.br\/portal\/wp-content\/uploads\/2023\/12\/WhatsApp-Image-2023-12-27-at-10.27.29-3-791x445.jpeg\" alt=\"\" width=\"695\" height=\"391\" srcset=\"https:\/\/www.pm.pb.gov.br\/portal\/wp-content\/uploads\/2023\/12\/WhatsApp-Image-2023-12-27-at-10.27.29-3-791x445.jpeg 791w, https:\/\/www.pm.pb.gov.br\/portal\/wp-content\/uploads\/2023\/12\/WhatsApp-Image-2023-12-27-at-10.27.29-3-1013x570.jpeg 1013w, https:\/\/www.pm.pb.gov.br\/portal\/wp-content\/uploads\/2023\/12\/WhatsApp-Image-2023-12-27-at-10.27.29-3-768x432.jpeg 768w, https:\/\/www.pm.pb.gov.br\/portal\/wp-content\/uploads\/2023\/12\/WhatsApp-Image-2023-12-27-at-10.27.29-3.jpeg 1280w\" sizes=\"(max-width: 695px) 100vw, 695px\" \/><\/p>\n\n\n","protected":false},"excerpt":{"rendered":"<p>Uma a\u00e7\u00e3o conjunta da Pol\u00edcia Militar com apoio Do Corpo de Bombeiros e a Superintend\u00eancia de Tr\u00e2nsito e Transporte P\u00fablico<\/p>\n","protected":false},"author":12,"featured_media":919858,"comment_status":"closed","ping_status":"closed","sticky":false,"template":"","format":"standard","meta":{"_exactmetrics_skip_tracking":false,"_exactmetrics_sitenote_active":false,"_exactmetrics_sitenote_note":"","_exactmetrics_sitenote_category":0,"footnotes":""},"categories":[4],"tags":[],"yoast_head":"<!-- This site is optimized with the Yoast SEO plugin v22.0 - https:\/\/yoast.com\/wordpress\/plugins\/seo\/ -->\n<title>A\u00e7\u00e3o conjunta combate \u201crolezinho\u201d em Campina Grande e apreende mais de 10 motocicletas que infringiam C\u00f3digo de Tr\u00e2nsito - Pol\u00edcia Militar da Para\u00edba<\/title>\n<meta name=\"description\" content=\"Novas a\u00e7\u00f5es de seguran\u00e7a no tr\u00e2nsito devem acontecer durante as festividades deste fim de ano.\" \/>\n<meta name=\"robots\" content=\"index, follow, max-snippet:-1, max-image-preview:large, max-video-preview:-1\" \/>\n<link rel=\"canonical\" href=\"https:\/\/www.pm.pb.gov.br\/portal\/2023\/12\/27\/acao-conjunta-combate-rolezinho-em-campina-grande-e-apreende-mais-de-10-motocicletas-que-infringiam-codigo-de-transito\/\" \/>\n<meta property=\"og:locale\" content=\"pt_BR\" \/>\n<meta property=\"og:type\" content=\"article\" \/>\n<meta property=\"og:title\" content=\"A\u00e7\u00e3o conjunta combate \u201crolezinho\u201d em Campina Grande e apreende mais de 10 motocicletas que infringiam C\u00f3digo de Tr\u00e2nsito - Pol\u00edcia Militar da Para\u00edba\" \/>\n<meta property=\"og:description\" content=\"Novas a\u00e7\u00f5es de seguran\u00e7a no tr\u00e2nsito devem acontecer durante as festividades deste fim de ano.\" \/>\n<meta property=\"og:url\" content=\"https:\/\/www.pm.pb.gov.br\/portal\/2023\/12\/27\/acao-conjunta-combate-rolezinho-em-campina-grande-e-apreende-mais-de-10-motocicletas-que-infringiam-codigo-de-transito\/\" \/>\n<meta property=\"og:site_name\" content=\"Pol\u00edcia Militar da Para\u00edba\" \/>\n<meta property=\"article:published_time\" content=\"2023-12-27T13:35:57+00:00\" \/>\n<meta property=\"article:modified_time\" content=\"2023-12-27T13:38:22+00:00\" \/>\n<meta property=\"og:image\" content=\"http:\/\/www.pm.pb.gov.br\/portal\/wp-content\/uploads\/2023\/12\/WhatsApp-Image-2023-12-27-at-10.27.29.jpeg\" \/>\n\t<meta property=\"og:image:width\" content=\"800\" \/>\n\t<meta property=\"og:image:height\" content=\"445\" \/>\n\t<meta property=\"og:image:type\" content=\"image\/jpeg\" \/>\n<meta name=\"author\" content=\"Tarcisio Oliveira\" \/>\n<meta name=\"twitter:card\" content=\"summary_large_image\" \/>\n<meta name=\"twitter:label1\" content=\"Escrito por\" \/>\n\t<meta name=\"twitter:data1\" content=\"Tarcisio Oliveira\" \/>\n\t<meta name=\"twitter:label2\" content=\"Est. tempo de leitura\" \/>\n\t<meta name=\"twitter:data2\" content=\"2 minutos\" \/>\n<script type=\"application\/ld+json\" class=\"yoast-schema-graph\">{\"@context\":\"https:\/\/schema.org\",\"@graph\":[{\"@type\":\"Article\",\"@id\":\"https:\/\/www.pm.pb.gov.br\/portal\/2023\/12\/27\/acao-conjunta-combate-rolezinho-em-campina-grande-e-apreende-mais-de-10-motocicletas-que-infringiam-codigo-de-transito\/#article\",\"isPartOf\":{\"@id\":\"https:\/\/www.pm.pb.gov.br\/portal\/2023\/12\/27\/acao-conjunta-combate-rolezinho-em-campina-grande-e-apreende-mais-de-10-motocicletas-que-infringiam-codigo-de-transito\/\"},\"author\":{\"name\":\"Tarcisio Oliveira\",\"@id\":\"https:\/\/www.pm.pb.gov.br\/portal\/#\/schema\/person\/f84f56dcc78ce4357054da888b8247fd\"},\"headline\":\"A\u00e7\u00e3o conjunta combate \u201crolezinho\u201d em Campina Grande e apreende mais de 10 motocicletas que infringiam C\u00f3digo de Tr\u00e2nsito\",\"datePublished\":\"2023-12-27T13:35:57+00:00\",\"dateModified\":\"2023-12-27T13:38:22+00:00\",\"mainEntityOfPage\":{\"@id\":\"https:\/\/www.pm.pb.gov.br\/portal\/2023\/12\/27\/acao-conjunta-combate-rolezinho-em-campina-grande-e-apreende-mais-de-10-motocicletas-que-infringiam-codigo-de-transito\/\"},\"wordCount\":233,\"publisher\":{\"@id\":\"https:\/\/www.pm.pb.gov.br\/portal\/#organization\"},\"articleSection\":[\"A\u00e7\u00f5es Policiais\"],\"inLanguage\":\"pt-BR\"},{\"@type\":\"WebPage\",\"@id\":\"https:\/\/www.pm.pb.gov.br\/portal\/2023\/12\/27\/acao-conjunta-combate-rolezinho-em-campina-grande-e-apreende-mais-de-10-motocicletas-que-infringiam-codigo-de-transito\/\",\"url\":\"https:\/\/www.pm.pb.gov.br\/portal\/2023\/12\/27\/acao-conjunta-combate-rolezinho-em-campina-grande-e-apreende-mais-de-10-motocicletas-que-infringiam-codigo-de-transito\/\",\"name\":\"A\u00e7\u00e3o conjunta combate \u201crolezinho\u201d em Campina Grande e apreende mais de 10 motocicletas que infringiam C\u00f3digo de Tr\u00e2nsito - Pol\u00edcia Militar da Para\u00edba\",\"isPartOf\":{\"@id\":\"https:\/\/www.pm.pb.gov.br\/portal\/#website\"},\"datePublished\":\"2023-12-27T13:35:57+00:00\",\"dateModified\":\"2023-12-27T13:38:22+00:00\",\"description\":\"Novas a\u00e7\u00f5es de seguran\u00e7a no tr\u00e2nsito devem acontecer durante as festividades deste fim de ano.\",\"breadcrumb\":{\"@id\":\"https:\/\/www.pm.pb.gov.br\/portal\/2023\/12\/27\/acao-conjunta-combate-rolezinho-em-campina-grande-e-apreende-mais-de-10-motocicletas-que-infringiam-codigo-de-transito\/#breadcrumb\"},\"inLanguage\":\"pt-BR\",\"potentialAction\":[{\"@type\":\"ReadAction\",\"target\":[\"https:\/\/www.pm.pb.gov.br\/portal\/2023\/12\/27\/acao-conjunta-combate-rolezinho-em-campina-grande-e-apreende-mais-de-10-motocicletas-que-infringiam-codigo-de-transito\/\"]}]},{\"@type\":\"BreadcrumbList\",\"@id\":\"https:\/\/www.pm.pb.gov.br\/portal\/2023\/12\/27\/acao-conjunta-combate-rolezinho-em-campina-grande-e-apreende-mais-de-10-motocicletas-que-infringiam-codigo-de-transito\/#breadcrumb\",\"itemListElement\":[{\"@type\":\"ListItem\",\"position\":1,\"name\":\"In\u00edcio\",\"item\":\"https:\/\/www.pm.pb.gov.br\/portal\/\"},{\"@type\":\"ListItem\",\"position\":2,\"name\":\"A\u00e7\u00e3o conjunta combate \u201crolezinho\u201d em Campina Grande e apreende mais de 10 motocicletas que infringiam C\u00f3digo de Tr\u00e2nsito\"}]},{\"@type\":\"WebSite\",\"@id\":\"https:\/\/www.pm.pb.gov.br\/portal\/#website\",\"url\":\"https:\/\/www.pm.pb.gov.br\/portal\/\",\"name\":\"Pol\u00edcia Militar da Para\u00edba\",\"description\":\"\",\"publisher\":{\"@id\":\"https:\/\/www.pm.pb.gov.br\/portal\/#organization\"},\"potentialAction\":[{\"@type\":\"SearchAction\",\"target\":{\"@type\":\"EntryPoint\",\"urlTemplate\":\"https:\/\/www.pm.pb.gov.br\/portal\/?s={search_term_string}\"},\"query-input\":\"required name=search_term_string\"}],\"inLanguage\":\"pt-BR\"},{\"@type\":\"Organization\",\"@id\":\"https:\/\/www.pm.pb.gov.br\/portal\/#organization\",\"name\":\"Pol\u00edcia Militar da Para\u00edba\",\"url\":\"https:\/\/www.pm.pb.gov.br\/portal\/\",\"logo\":{\"@type\":\"ImageObject\",\"inLanguage\":\"pt-BR\",\"@id\":\"https:\/\/www.pm.pb.gov.br\/portal\/#\/schema\/logo\/image\/\",\"url\":\"https:\/\/www.pm.pb.gov.br\/portal\/wp-content\/uploads\/2025\/03\/cropped-logo-site-mag2-1.png\",\"contentUrl\":\"https:\/\/www.pm.pb.gov.br\/portal\/wp-content\/uploads\/2025\/03\/cropped-logo-site-mag2-1.png\",\"width\":320,\"height\":90,\"caption\":\"Pol\u00edcia Militar da Para\u00edba\"},\"image\":{\"@id\":\"https:\/\/www.pm.pb.gov.br\/portal\/#\/schema\/logo\/image\/\"}},{\"@type\":\"Person\",\"@id\":\"https:\/\/www.pm.pb.gov.br\/portal\/#\/schema\/person\/f84f56dcc78ce4357054da888b8247fd\",\"name\":\"Tarcisio Oliveira\",\"image\":{\"@type\":\"ImageObject\",\"inLanguage\":\"pt-BR\",\"@id\":\"https:\/\/www.pm.pb.gov.br\/portal\/#\/schema\/person\/image\/\",\"url\":\"https:\/\/secure.gravatar.com\/avatar\/72917b630b69d31cd0297507f34bac97?s=96&d=mm&r=g\",\"contentUrl\":\"https:\/\/secure.gravatar.com\/avatar\/72917b630b69d31cd0297507f34bac97?s=96&d=mm&r=g\",\"caption\":\"Tarcisio Oliveira\"},\"url\":\"https:\/\/www.pm.pb.gov.br\/portal\/author\/tarcisio\/\"}]}<\/script>\n<!-- \/ Yoast SEO plugin. -->","yoast_head_json":{"title":"A\u00e7\u00e3o conjunta combate \u201crolezinho\u201d em Campina Grande e apreende mais de 10 motocicletas que infringiam C\u00f3digo de Tr\u00e2nsito - Pol\u00edcia Militar da Para\u00edba","description":"Novas a\u00e7\u00f5es de seguran\u00e7a no tr\u00e2nsito devem acontecer durante as festividades deste fim de ano.","robots":{"index":"index","follow":"follow","max-snippet":"max-snippet:-1","max-image-preview":"max-image-preview:large","max-video-preview":"max-video-preview:-1"},"canonical":"https:\/\/www.pm.pb.gov.br\/portal\/2023\/12\/27\/acao-conjunta-combate-rolezinho-em-campina-grande-e-apreende-mais-de-10-motocicletas-que-infringiam-codigo-de-transito\/","og_locale":"pt_BR","og_type":"article","og_title":"A\u00e7\u00e3o conjunta combate \u201crolezinho\u201d em Campina Grande e apreende mais de 10 motocicletas que infringiam C\u00f3digo de Tr\u00e2nsito - Pol\u00edcia Militar da Para\u00edba","og_description":"Novas a\u00e7\u00f5es de seguran\u00e7a no tr\u00e2nsito devem acontecer durante as festividades deste fim de ano.","og_url":"https:\/\/www.pm.pb.gov.br\/portal\/2023\/12\/27\/acao-conjunta-combate-rolezinho-em-campina-grande-e-apreende-mais-de-10-motocicletas-que-infringiam-codigo-de-transito\/","og_site_name":"Pol\u00edcia Militar da Para\u00edba","article_published_time":"2023-12-27T13:35:57+00:00","article_modified_time":"2023-12-27T13:38:22+00:00","og_image":[{"width":800,"height":445,"url":"http:\/\/www.pm.pb.gov.br\/portal\/wp-content\/uploads\/2023\/12\/WhatsApp-Image-2023-12-27-at-10.27.29.jpeg","type":"image\/jpeg"}],"author":"Tarcisio Oliveira","twitter_card":"summary_large_image","twitter_misc":{"Escrito por":"Tarcisio Oliveira","Est. tempo de leitura":"2 minutos"},"schema":{"@context":"https:\/\/schema.org","@graph":[{"@type":"Article","@id":"https:\/\/www.pm.pb.gov.br\/portal\/2023\/12\/27\/acao-conjunta-combate-rolezinho-em-campina-grande-e-apreende-mais-de-10-motocicletas-que-infringiam-codigo-de-transito\/#article","isPartOf":{"@id":"https:\/\/www.pm.pb.gov.br\/portal\/2023\/12\/27\/acao-conjunta-combate-rolezinho-em-campina-grande-e-apreende-mais-de-10-motocicletas-que-infringiam-codigo-de-transito\/"},"author":{"name":"Tarcisio Oliveira","@id":"https:\/\/www.pm.pb.gov.br\/portal\/#\/schema\/person\/f84f56dcc78ce4357054da888b8247fd"},"headline":"A\u00e7\u00e3o conjunta combate \u201crolezinho\u201d em Campina Grande e apreende mais de 10 motocicletas que infringiam C\u00f3digo de Tr\u00e2nsito","datePublished":"2023-12-27T13:35:57+00:00","dateModified":"2023-12-27T13:38:22+00:00","mainEntityOfPage":{"@id":"https:\/\/www.pm.pb.gov.br\/portal\/2023\/12\/27\/acao-conjunta-combate-rolezinho-em-campina-grande-e-apreende-mais-de-10-motocicletas-que-infringiam-codigo-de-transito\/"},"wordCount":233,"publisher":{"@id":"https:\/\/www.pm.pb.gov.br\/portal\/#organization"},"articleSection":["A\u00e7\u00f5es Policiais"],"inLanguage":"pt-BR"},{"@type":"WebPage","@id":"https:\/\/www.pm.pb.gov.br\/portal\/2023\/12\/27\/acao-conjunta-combate-rolezinho-em-campina-grande-e-apreende-mais-de-10-motocicletas-que-infringiam-codigo-de-transito\/","url":"https:\/\/www.pm.pb.gov.br\/portal\/2023\/12\/27\/acao-conjunta-combate-rolezinho-em-campina-grande-e-apreende-mais-de-10-motocicletas-que-infringiam-codigo-de-transito\/","name":"A\u00e7\u00e3o conjunta combate \u201crolezinho\u201d em Campina Grande e apreende mais de 10 motocicletas que infringiam C\u00f3digo de Tr\u00e2nsito - Pol\u00edcia Militar da Para\u00edba","isPartOf":{"@id":"https:\/\/www.pm.pb.gov.br\/portal\/#website"},"datePublished":"2023-12-27T13:35:57+00:00","dateModified":"2023-12-27T13:38:22+00:00","description":"Novas a\u00e7\u00f5es de seguran\u00e7a no tr\u00e2nsito devem acontecer durante as festividades deste fim de ano.","breadcrumb":{"@id":"https:\/\/www.pm.pb.gov.br\/portal\/2023\/12\/27\/acao-conjunta-combate-rolezinho-em-campina-grande-e-apreende-mais-de-10-motocicletas-que-infringiam-codigo-de-transito\/#breadcrumb"},"inLanguage":"pt-BR","potentialAction":[{"@type":"ReadAction","target":["https:\/\/www.pm.pb.gov.br\/portal\/2023\/12\/27\/acao-conjunta-combate-rolezinho-em-campina-grande-e-apreende-mais-de-10-motocicletas-que-infringiam-codigo-de-transito\/"]}]},{"@type":"BreadcrumbList","@id":"https:\/\/www.pm.pb.gov.br\/portal\/2023\/12\/27\/acao-conjunta-combate-rolezinho-em-campina-grande-e-apreende-mais-de-10-motocicletas-que-infringiam-codigo-de-transito\/#breadcrumb","itemListElement":[{"@type":"ListItem","position":1,"name":"In\u00edcio","item":"https:\/\/www.pm.pb.gov.br\/portal\/"},{"@type":"ListItem","position":2,"name":"A\u00e7\u00e3o conjunta combate \u201crolezinho\u201d em Campina Grande e apreende mais de 10 motocicletas que infringiam C\u00f3digo de Tr\u00e2nsito"}]},{"@type":"WebSite","@id":"https:\/\/www.pm.pb.gov.br\/portal\/#website","url":"https:\/\/www.pm.pb.gov.br\/portal\/","name":"Pol\u00edcia Militar da Para\u00edba","description":"","publisher":{"@id":"https:\/\/www.pm.pb.gov.br\/portal\/#organization"},"potentialAction":[{"@type":"SearchAction","target":{"@type":"EntryPoint","urlTemplate":"https:\/\/www.pm.pb.gov.br\/portal\/?s={search_term_string}"},"query-input":"required name=search_term_string"}],"inLanguage":"pt-BR"},{"@type":"Organization","@id":"https:\/\/www.pm.pb.gov.br\/portal\/#organization","name":"Pol\u00edcia Militar da Para\u00edba","url":"https:\/\/www.pm.pb.gov.br\/portal\/","logo":{"@type":"ImageObject","inLanguage":"pt-BR","@id":"https:\/\/www.pm.pb.gov.br\/portal\/#\/schema\/logo\/image\/","url":"https:\/\/www.pm.pb.gov.br\/portal\/wp-content\/uploads\/2025\/03\/cropped-logo-site-mag2-1.png","contentUrl":"https:\/\/www.pm.pb.gov.br\/portal\/wp-content\/uploads\/2025\/03\/cropped-logo-site-mag2-1.png","width":320,"height":90,"caption":"Pol\u00edcia Militar da Para\u00edba"},"image":{"@id":"https:\/\/www.pm.pb.gov.br\/portal\/#\/schema\/logo\/image\/"}},{"@type":"Person","@id":"https:\/\/www.pm.pb.gov.br\/portal\/#\/schema\/person\/f84f56dcc78ce4357054da888b8247fd","name":"Tarcisio Oliveira","image":{"@type":"ImageObject","inLanguage":"pt-BR","@id":"https:\/\/www.pm.pb.gov.br\/portal\/#\/schema\/person\/image\/","url":"https:\/\/secure.gravatar.com\/avatar\/72917b630b69d31cd0297507f34bac97?s=96&d=mm&r=g","contentUrl":"https:\/\/secure.gravatar.com\/avatar\/72917b630b69d31cd0297507f34bac97?s=96&d=mm&r=g","caption":"Tarcisio Oliveira"},"url":"https:\/\/www.pm.pb.gov.br\/portal\/author\/tarcisio\/"}]}},"_links":{"self":[{"href":"https:\/\/www.pm.pb.gov.br\/portal\/wp-json\/wp\/v2\/posts\/919857"}],"collection":[{"href":"https:\/\/www.pm.pb.gov.br\/portal\/wp-json\/wp\/v2\/posts"}],"about":[{"href":"https:\/\/www.pm.pb.gov.br\/portal\/wp-json\/wp\/v2\/types\/post"}],"author":[{"embeddable":true,"href":"https:\/\/www.pm.pb.gov.br\/portal\/wp-json\/wp\/v2\/users\/12"}],"replies":[{"embeddable":true,"href":"https:\/\/www.pm.pb.gov.br\/portal\/wp-json\/wp\/v2\/comments?post=919857"}],"version-history":[{"count":3,"href":"https:\/\/www.pm.pb.gov.br\/portal\/wp-json\/wp\/v2\/posts\/919857\/revisions"}],"predecessor-version":[{"id":919864,"href":"https:\/\/www.pm.pb.gov.br\/portal\/wp-json\/wp\/v2\/posts\/919857\/revisions\/919864"}],"wp:featuredmedia":[{"embeddable":true,"href":"https:\/\/www.pm.pb.gov.br\/portal\/wp-json\/wp\/v2\/media\/919858"}],"wp:attachment":[{"href":"https:\/\/www.pm.pb.gov.br\/portal\/wp-json\/wp\/v2\/media?parent=919857"}],"wp:term":[{"taxonomy":"category","embeddable":true,"href":"https:\/\/www.pm.pb.gov.br\/portal\/wp-json\/wp\/v2\/categories?post=919857"},{"taxonomy":"post_tag","embeddable":true,"href":"https:\/\/www.pm.pb.gov.br\/portal\/wp-json\/wp\/v2\/tags?post=919857"}],"curies":[{"name":"wp","href":"https:\/\/api.w.org\/{rel}","templated":true}]}}