{"id":919838,"date":"2023-12-25T22:46:43","date_gmt":"2023-12-26T01:46:43","guid":{"rendered":"https:\/\/www.pm.pb.gov.br\/portal\/?p=919838"},"modified":"2023-12-26T13:19:41","modified_gmt":"2023-12-26T16:19:41","slug":"policia-militar-apreende-mais-de-30-armas-de-fogo-no-final-de-semana-de-vespera-de-natal-na-paraiba","status":"publish","type":"post","link":"https:\/\/www.pm.pb.gov.br\/portal\/2023\/12\/25\/policia-militar-apreende-mais-de-30-armas-de-fogo-no-final-de-semana-de-vespera-de-natal-na-paraiba\/","title":{"rendered":"Pol\u00edcia Militar apreende mais de 30 armas de fogo no final de semana de v\u00e9spera de Natal na Para\u00edba"},"content":{"rendered":"\n\n\n<p>As a\u00e7\u00f5es preventivas e de combate \u00e0 criminalidade realizadas pela Pol\u00edcia Militar neste \u00faltimo final de semana (24), durante a Opera\u00e7\u00e3o Boas Festas, levaram \u00e0 apreens\u00e3o de 31 armas de fogo e pris\u00e3o de cerca de 80 infratores em toda a Para\u00edba (foto acima ilustrativa). O dado \u00e9 de um levantamento preliminar do Estado-Maior Estrat\u00e9gico da corpora\u00e7\u00e3o.<\/p>\n<p>De acordo com as informa\u00e7\u00f5es do \u00f3rg\u00e3o, o saldo contabiliza mais de 2 mil atendimentos realizados pela Pol\u00edcia Militar atrav\u00e9s do \u00famero de emerg\u00eancia 190, entre a sexta-feira at\u00e9 a noite do domingo. Entre as armas apreendidas estavam pistolas, rev\u00f3lveres e espingardas encontradas com acusados de tr\u00e1fico de drogas, porte ilegal, entre outros crimes correlatos. A maioria das armas foram apreendidas nos munic\u00edpios da Grande Jo\u00e3o Pessoa, e nas cidades de Campina Grande, Rio Tinto, Cuitegi, Sousa, Itaporanga e Concei\u00e7\u00e3o.<\/p>\n<p><img loading=\"lazy\" decoding=\"async\" class=\"size-medium wp-image-919839 aligncenter\" src=\"http:\/\/www.pm.pb.gov.br\/portal\/wp-content\/uploads\/2023\/12\/boas_festas-522x445.jpeg\" alt=\"\" width=\"522\" height=\"445\" srcset=\"https:\/\/www.pm.pb.gov.br\/portal\/wp-content\/uploads\/2023\/12\/boas_festas-522x445.jpeg 522w, https:\/\/www.pm.pb.gov.br\/portal\/wp-content\/uploads\/2023\/12\/boas_festas-668x570.jpeg 668w, https:\/\/www.pm.pb.gov.br\/portal\/wp-content\/uploads\/2023\/12\/boas_festas.jpeg 720w\" sizes=\"(max-width: 522px) 100vw, 522px\" \/><\/p>\n<p>Cerca de 80 acusados foram presos, envolvidos em v\u00e1rias atividades criminosas. Entre eles estavam dois infratores que cometeriam ataques em comunidades em Santa Rita, contra grupos criminosos rivais, algo que foi frustrado pela PM. Ainda na a\u00e7\u00e3o, um rev\u00f3lver e uma pistola foram apreendidas (foto acima). Cabedelo e Bayeux tamb\u00e9m receberam refor\u00e7o de policiamento: nas primeiras horas do s\u00e1bado dois criminosos foram presos em Bayeux com droga; e um rev\u00f3lver foi apreendido em Cabedelo, resultando em um homem preso (foto abaixo).<\/p>\n<p><img loading=\"lazy\" decoding=\"async\" class=\" wp-image-919840 aligncenter\" src=\"http:\/\/www.pm.pb.gov.br\/portal\/wp-content\/uploads\/2023\/12\/cabedelo-528x445.jpeg\" alt=\"\" width=\"430\" height=\"362\" srcset=\"https:\/\/www.pm.pb.gov.br\/portal\/wp-content\/uploads\/2023\/12\/cabedelo-528x445.jpeg 528w, https:\/\/www.pm.pb.gov.br\/portal\/wp-content\/uploads\/2023\/12\/cabedelo-676x570.jpeg 676w, https:\/\/www.pm.pb.gov.br\/portal\/wp-content\/uploads\/2023\/12\/cabedelo-768x648.jpeg 768w, https:\/\/www.pm.pb.gov.br\/portal\/wp-content\/uploads\/2023\/12\/cabedelo.jpeg 1200w\" sizes=\"(max-width: 430px) 100vw, 430px\" \/><\/p>\n<p>Em Campina Grande, um foragido da Justi\u00e7a acusado de homic\u00eddio foi capturado. J\u00e1 no munic\u00edpio de Paulista, no Sert\u00e3o, um homem que estava sendo procurado no Rio Grande do Norte por estelionato, tamb\u00e9m foi preso.<\/p>\n<p>Ainda no per\u00edodo entre sexta-feira e domingo, 16 ve\u00edculos roubados e furtados foram recuperados pela PMPB, e encaminhados para as delegacias, onde foram devolvidos aos leg\u00edtimos propriet\u00e1rios.<\/p>\n<p>A Opera\u00e7\u00e3o Boas Festas continua neste fim de ano com o refor\u00e7o de outras a\u00e7\u00f5es preventivas da PM e das For\u00e7as de Seguran\u00e7a, como a Opera\u00e7\u00e3o Ver\u00e3o.<\/p>\n","protected":false},"excerpt":{"rendered":"<p>As a\u00e7\u00f5es preventivas e de combate \u00e0 criminalidade realizadas pela Pol\u00edcia Militar neste \u00faltimo final de semana (24), durante a<\/p>\n","protected":false},"author":12,"featured_media":916238,"comment_status":"closed","ping_status":"closed","sticky":false,"template":"","format":"standard","meta":{"_exactmetrics_skip_tracking":false,"_exactmetrics_sitenote_active":false,"_exactmetrics_sitenote_note":"","_exactmetrics_sitenote_category":0,"footnotes":""},"categories":[4],"tags":[],"yoast_head":"<!-- This site is optimized with the Yoast SEO plugin v22.0 - https:\/\/yoast.com\/wordpress\/plugins\/seo\/ -->\n<title>Pol\u00edcia Militar apreende mais de 30 armas de fogo no final de semana de v\u00e9spera de Natal na Para\u00edba - Pol\u00edcia Militar da Para\u00edba<\/title>\n<meta name=\"description\" content=\"O saldo contabiliza mais de 2 mil atendimentos realizados pela Pol\u00edcia Militar entre a sexta-feira at\u00e9 a noite do domingo.\" \/>\n<meta name=\"robots\" content=\"index, follow, max-snippet:-1, max-image-preview:large, max-video-preview:-1\" \/>\n<link rel=\"canonical\" href=\"https:\/\/www.pm.pb.gov.br\/portal\/2023\/12\/25\/policia-militar-apreende-mais-de-30-armas-de-fogo-no-final-de-semana-de-vespera-de-natal-na-paraiba\/\" \/>\n<meta property=\"og:locale\" content=\"pt_BR\" \/>\n<meta property=\"og:type\" content=\"article\" \/>\n<meta property=\"og:title\" content=\"Pol\u00edcia Militar apreende mais de 30 armas de fogo no final de semana de v\u00e9spera de Natal na Para\u00edba - Pol\u00edcia Militar da Para\u00edba\" \/>\n<meta property=\"og:description\" content=\"O saldo contabiliza mais de 2 mil atendimentos realizados pela Pol\u00edcia Militar entre a sexta-feira at\u00e9 a noite do domingo.\" \/>\n<meta property=\"og:url\" content=\"https:\/\/www.pm.pb.gov.br\/portal\/2023\/12\/25\/policia-militar-apreende-mais-de-30-armas-de-fogo-no-final-de-semana-de-vespera-de-natal-na-paraiba\/\" \/>\n<meta property=\"og:site_name\" content=\"Pol\u00edcia Militar da Para\u00edba\" \/>\n<meta property=\"article:published_time\" content=\"2023-12-26T01:46:43+00:00\" \/>\n<meta property=\"article:modified_time\" content=\"2023-12-26T16:19:41+00:00\" \/>\n<meta property=\"og:image\" content=\"http:\/\/www.pm.pb.gov.br\/portal\/wp-content\/uploads\/2023\/04\/ilustrativa.jpeg\" \/>\n\t<meta property=\"og:image:width\" content=\"800\" \/>\n\t<meta property=\"og:image:height\" content=\"445\" \/>\n\t<meta property=\"og:image:type\" content=\"image\/jpeg\" \/>\n<meta name=\"author\" content=\"Tarcisio Oliveira\" \/>\n<meta name=\"twitter:card\" content=\"summary_large_image\" \/>\n<meta name=\"twitter:label1\" content=\"Escrito por\" \/>\n\t<meta name=\"twitter:data1\" content=\"Tarcisio Oliveira\" \/>\n\t<meta name=\"twitter:label2\" content=\"Est. tempo de leitura\" \/>\n\t<meta name=\"twitter:data2\" content=\"3 minutos\" \/>\n<script type=\"application\/ld+json\" class=\"yoast-schema-graph\">{\"@context\":\"https:\/\/schema.org\",\"@graph\":[{\"@type\":\"Article\",\"@id\":\"https:\/\/www.pm.pb.gov.br\/portal\/2023\/12\/25\/policia-militar-apreende-mais-de-30-armas-de-fogo-no-final-de-semana-de-vespera-de-natal-na-paraiba\/#article\",\"isPartOf\":{\"@id\":\"https:\/\/www.pm.pb.gov.br\/portal\/2023\/12\/25\/policia-militar-apreende-mais-de-30-armas-de-fogo-no-final-de-semana-de-vespera-de-natal-na-paraiba\/\"},\"author\":{\"name\":\"Tarcisio Oliveira\",\"@id\":\"https:\/\/www.pm.pb.gov.br\/portal\/#\/schema\/person\/f84f56dcc78ce4357054da888b8247fd\"},\"headline\":\"Pol\u00edcia Militar apreende mais de 30 armas de fogo no final de semana de v\u00e9spera de Natal na Para\u00edba\",\"datePublished\":\"2023-12-26T01:46:43+00:00\",\"dateModified\":\"2023-12-26T16:19:41+00:00\",\"mainEntityOfPage\":{\"@id\":\"https:\/\/www.pm.pb.gov.br\/portal\/2023\/12\/25\/policia-militar-apreende-mais-de-30-armas-de-fogo-no-final-de-semana-de-vespera-de-natal-na-paraiba\/\"},\"wordCount\":359,\"publisher\":{\"@id\":\"https:\/\/www.pm.pb.gov.br\/portal\/#organization\"},\"articleSection\":[\"A\u00e7\u00f5es Policiais\"],\"inLanguage\":\"pt-BR\"},{\"@type\":\"WebPage\",\"@id\":\"https:\/\/www.pm.pb.gov.br\/portal\/2023\/12\/25\/policia-militar-apreende-mais-de-30-armas-de-fogo-no-final-de-semana-de-vespera-de-natal-na-paraiba\/\",\"url\":\"https:\/\/www.pm.pb.gov.br\/portal\/2023\/12\/25\/policia-militar-apreende-mais-de-30-armas-de-fogo-no-final-de-semana-de-vespera-de-natal-na-paraiba\/\",\"name\":\"Pol\u00edcia Militar apreende mais de 30 armas de fogo no final de semana de v\u00e9spera de Natal na Para\u00edba - Pol\u00edcia Militar da Para\u00edba\",\"isPartOf\":{\"@id\":\"https:\/\/www.pm.pb.gov.br\/portal\/#website\"},\"datePublished\":\"2023-12-26T01:46:43+00:00\",\"dateModified\":\"2023-12-26T16:19:41+00:00\",\"description\":\"O saldo contabiliza mais de 2 mil atendimentos realizados pela Pol\u00edcia Militar entre a sexta-feira at\u00e9 a noite do domingo.\",\"breadcrumb\":{\"@id\":\"https:\/\/www.pm.pb.gov.br\/portal\/2023\/12\/25\/policia-militar-apreende-mais-de-30-armas-de-fogo-no-final-de-semana-de-vespera-de-natal-na-paraiba\/#breadcrumb\"},\"inLanguage\":\"pt-BR\",\"potentialAction\":[{\"@type\":\"ReadAction\",\"target\":[\"https:\/\/www.pm.pb.gov.br\/portal\/2023\/12\/25\/policia-militar-apreende-mais-de-30-armas-de-fogo-no-final-de-semana-de-vespera-de-natal-na-paraiba\/\"]}]},{\"@type\":\"BreadcrumbList\",\"@id\":\"https:\/\/www.pm.pb.gov.br\/portal\/2023\/12\/25\/policia-militar-apreende-mais-de-30-armas-de-fogo-no-final-de-semana-de-vespera-de-natal-na-paraiba\/#breadcrumb\",\"itemListElement\":[{\"@type\":\"ListItem\",\"position\":1,\"name\":\"In\u00edcio\",\"item\":\"https:\/\/www.pm.pb.gov.br\/portal\/\"},{\"@type\":\"ListItem\",\"position\":2,\"name\":\"Pol\u00edcia Militar apreende mais de 30 armas de fogo no final de semana de v\u00e9spera de Natal na Para\u00edba\"}]},{\"@type\":\"WebSite\",\"@id\":\"https:\/\/www.pm.pb.gov.br\/portal\/#website\",\"url\":\"https:\/\/www.pm.pb.gov.br\/portal\/\",\"name\":\"Pol\u00edcia Militar da Para\u00edba\",\"description\":\"\",\"publisher\":{\"@id\":\"https:\/\/www.pm.pb.gov.br\/portal\/#organization\"},\"potentialAction\":[{\"@type\":\"SearchAction\",\"target\":{\"@type\":\"EntryPoint\",\"urlTemplate\":\"https:\/\/www.pm.pb.gov.br\/portal\/?s={search_term_string}\"},\"query-input\":\"required name=search_term_string\"}],\"inLanguage\":\"pt-BR\"},{\"@type\":\"Organization\",\"@id\":\"https:\/\/www.pm.pb.gov.br\/portal\/#organization\",\"name\":\"Pol\u00edcia Militar da Para\u00edba\",\"url\":\"https:\/\/www.pm.pb.gov.br\/portal\/\",\"logo\":{\"@type\":\"ImageObject\",\"inLanguage\":\"pt-BR\",\"@id\":\"https:\/\/www.pm.pb.gov.br\/portal\/#\/schema\/logo\/image\/\",\"url\":\"https:\/\/www.pm.pb.gov.br\/portal\/wp-content\/uploads\/2025\/03\/cropped-logo-site-mag2-1.png\",\"contentUrl\":\"https:\/\/www.pm.pb.gov.br\/portal\/wp-content\/uploads\/2025\/03\/cropped-logo-site-mag2-1.png\",\"width\":320,\"height\":90,\"caption\":\"Pol\u00edcia Militar da Para\u00edba\"},\"image\":{\"@id\":\"https:\/\/www.pm.pb.gov.br\/portal\/#\/schema\/logo\/image\/\"}},{\"@type\":\"Person\",\"@id\":\"https:\/\/www.pm.pb.gov.br\/portal\/#\/schema\/person\/f84f56dcc78ce4357054da888b8247fd\",\"name\":\"Tarcisio Oliveira\",\"image\":{\"@type\":\"ImageObject\",\"inLanguage\":\"pt-BR\",\"@id\":\"https:\/\/www.pm.pb.gov.br\/portal\/#\/schema\/person\/image\/\",\"url\":\"https:\/\/secure.gravatar.com\/avatar\/72917b630b69d31cd0297507f34bac97?s=96&d=mm&r=g\",\"contentUrl\":\"https:\/\/secure.gravatar.com\/avatar\/72917b630b69d31cd0297507f34bac97?s=96&d=mm&r=g\",\"caption\":\"Tarcisio Oliveira\"},\"url\":\"https:\/\/www.pm.pb.gov.br\/portal\/author\/tarcisio\/\"}]}<\/script>\n<!-- \/ Yoast SEO plugin. -->","yoast_head_json":{"title":"Pol\u00edcia Militar apreende mais de 30 armas de fogo no final de semana de v\u00e9spera de Natal na Para\u00edba - Pol\u00edcia Militar da Para\u00edba","description":"O saldo contabiliza mais de 2 mil atendimentos realizados pela Pol\u00edcia Militar entre a sexta-feira at\u00e9 a noite do domingo.","robots":{"index":"index","follow":"follow","max-snippet":"max-snippet:-1","max-image-preview":"max-image-preview:large","max-video-preview":"max-video-preview:-1"},"canonical":"https:\/\/www.pm.pb.gov.br\/portal\/2023\/12\/25\/policia-militar-apreende-mais-de-30-armas-de-fogo-no-final-de-semana-de-vespera-de-natal-na-paraiba\/","og_locale":"pt_BR","og_type":"article","og_title":"Pol\u00edcia Militar apreende mais de 30 armas de fogo no final de semana de v\u00e9spera de Natal na Para\u00edba - Pol\u00edcia Militar da Para\u00edba","og_description":"O saldo contabiliza mais de 2 mil atendimentos realizados pela Pol\u00edcia Militar entre a sexta-feira at\u00e9 a noite do domingo.","og_url":"https:\/\/www.pm.pb.gov.br\/portal\/2023\/12\/25\/policia-militar-apreende-mais-de-30-armas-de-fogo-no-final-de-semana-de-vespera-de-natal-na-paraiba\/","og_site_name":"Pol\u00edcia Militar da Para\u00edba","article_published_time":"2023-12-26T01:46:43+00:00","article_modified_time":"2023-12-26T16:19:41+00:00","og_image":[{"width":800,"height":445,"url":"http:\/\/www.pm.pb.gov.br\/portal\/wp-content\/uploads\/2023\/04\/ilustrativa.jpeg","type":"image\/jpeg"}],"author":"Tarcisio Oliveira","twitter_card":"summary_large_image","twitter_misc":{"Escrito por":"Tarcisio Oliveira","Est. tempo de leitura":"3 minutos"},"schema":{"@context":"https:\/\/schema.org","@graph":[{"@type":"Article","@id":"https:\/\/www.pm.pb.gov.br\/portal\/2023\/12\/25\/policia-militar-apreende-mais-de-30-armas-de-fogo-no-final-de-semana-de-vespera-de-natal-na-paraiba\/#article","isPartOf":{"@id":"https:\/\/www.pm.pb.gov.br\/portal\/2023\/12\/25\/policia-militar-apreende-mais-de-30-armas-de-fogo-no-final-de-semana-de-vespera-de-natal-na-paraiba\/"},"author":{"name":"Tarcisio Oliveira","@id":"https:\/\/www.pm.pb.gov.br\/portal\/#\/schema\/person\/f84f56dcc78ce4357054da888b8247fd"},"headline":"Pol\u00edcia Militar apreende mais de 30 armas de fogo no final de semana de v\u00e9spera de Natal na Para\u00edba","datePublished":"2023-12-26T01:46:43+00:00","dateModified":"2023-12-26T16:19:41+00:00","mainEntityOfPage":{"@id":"https:\/\/www.pm.pb.gov.br\/portal\/2023\/12\/25\/policia-militar-apreende-mais-de-30-armas-de-fogo-no-final-de-semana-de-vespera-de-natal-na-paraiba\/"},"wordCount":359,"publisher":{"@id":"https:\/\/www.pm.pb.gov.br\/portal\/#organization"},"articleSection":["A\u00e7\u00f5es Policiais"],"inLanguage":"pt-BR"},{"@type":"WebPage","@id":"https:\/\/www.pm.pb.gov.br\/portal\/2023\/12\/25\/policia-militar-apreende-mais-de-30-armas-de-fogo-no-final-de-semana-de-vespera-de-natal-na-paraiba\/","url":"https:\/\/www.pm.pb.gov.br\/portal\/2023\/12\/25\/policia-militar-apreende-mais-de-30-armas-de-fogo-no-final-de-semana-de-vespera-de-natal-na-paraiba\/","name":"Pol\u00edcia Militar apreende mais de 30 armas de fogo no final de semana de v\u00e9spera de Natal na Para\u00edba - Pol\u00edcia Militar da Para\u00edba","isPartOf":{"@id":"https:\/\/www.pm.pb.gov.br\/portal\/#website"},"datePublished":"2023-12-26T01:46:43+00:00","dateModified":"2023-12-26T16:19:41+00:00","description":"O saldo contabiliza mais de 2 mil atendimentos realizados pela Pol\u00edcia Militar entre a sexta-feira at\u00e9 a noite do domingo.","breadcrumb":{"@id":"https:\/\/www.pm.pb.gov.br\/portal\/2023\/12\/25\/policia-militar-apreende-mais-de-30-armas-de-fogo-no-final-de-semana-de-vespera-de-natal-na-paraiba\/#breadcrumb"},"inLanguage":"pt-BR","potentialAction":[{"@type":"ReadAction","target":["https:\/\/www.pm.pb.gov.br\/portal\/2023\/12\/25\/policia-militar-apreende-mais-de-30-armas-de-fogo-no-final-de-semana-de-vespera-de-natal-na-paraiba\/"]}]},{"@type":"BreadcrumbList","@id":"https:\/\/www.pm.pb.gov.br\/portal\/2023\/12\/25\/policia-militar-apreende-mais-de-30-armas-de-fogo-no-final-de-semana-de-vespera-de-natal-na-paraiba\/#breadcrumb","itemListElement":[{"@type":"ListItem","position":1,"name":"In\u00edcio","item":"https:\/\/www.pm.pb.gov.br\/portal\/"},{"@type":"ListItem","position":2,"name":"Pol\u00edcia Militar apreende mais de 30 armas de fogo no final de semana de v\u00e9spera de Natal na Para\u00edba"}]},{"@type":"WebSite","@id":"https:\/\/www.pm.pb.gov.br\/portal\/#website","url":"https:\/\/www.pm.pb.gov.br\/portal\/","name":"Pol\u00edcia Militar da Para\u00edba","description":"","publisher":{"@id":"https:\/\/www.pm.pb.gov.br\/portal\/#organization"},"potentialAction":[{"@type":"SearchAction","target":{"@type":"EntryPoint","urlTemplate":"https:\/\/www.pm.pb.gov.br\/portal\/?s={search_term_string}"},"query-input":"required name=search_term_string"}],"inLanguage":"pt-BR"},{"@type":"Organization","@id":"https:\/\/www.pm.pb.gov.br\/portal\/#organization","name":"Pol\u00edcia Militar da Para\u00edba","url":"https:\/\/www.pm.pb.gov.br\/portal\/","logo":{"@type":"ImageObject","inLanguage":"pt-BR","@id":"https:\/\/www.pm.pb.gov.br\/portal\/#\/schema\/logo\/image\/","url":"https:\/\/www.pm.pb.gov.br\/portal\/wp-content\/uploads\/2025\/03\/cropped-logo-site-mag2-1.png","contentUrl":"https:\/\/www.pm.pb.gov.br\/portal\/wp-content\/uploads\/2025\/03\/cropped-logo-site-mag2-1.png","width":320,"height":90,"caption":"Pol\u00edcia Militar da Para\u00edba"},"image":{"@id":"https:\/\/www.pm.pb.gov.br\/portal\/#\/schema\/logo\/image\/"}},{"@type":"Person","@id":"https:\/\/www.pm.pb.gov.br\/portal\/#\/schema\/person\/f84f56dcc78ce4357054da888b8247fd","name":"Tarcisio Oliveira","image":{"@type":"ImageObject","inLanguage":"pt-BR","@id":"https:\/\/www.pm.pb.gov.br\/portal\/#\/schema\/person\/image\/","url":"https:\/\/secure.gravatar.com\/avatar\/72917b630b69d31cd0297507f34bac97?s=96&d=mm&r=g","contentUrl":"https:\/\/secure.gravatar.com\/avatar\/72917b630b69d31cd0297507f34bac97?s=96&d=mm&r=g","caption":"Tarcisio Oliveira"},"url":"https:\/\/www.pm.pb.gov.br\/portal\/author\/tarcisio\/"}]}},"_links":{"self":[{"href":"https:\/\/www.pm.pb.gov.br\/portal\/wp-json\/wp\/v2\/posts\/919838"}],"collection":[{"href":"https:\/\/www.pm.pb.gov.br\/portal\/wp-json\/wp\/v2\/posts"}],"about":[{"href":"https:\/\/www.pm.pb.gov.br\/portal\/wp-json\/wp\/v2\/types\/post"}],"author":[{"embeddable":true,"href":"https:\/\/www.pm.pb.gov.br\/portal\/wp-json\/wp\/v2\/users\/12"}],"replies":[{"embeddable":true,"href":"https:\/\/www.pm.pb.gov.br\/portal\/wp-json\/wp\/v2\/comments?post=919838"}],"version-history":[{"count":2,"href":"https:\/\/www.pm.pb.gov.br\/portal\/wp-json\/wp\/v2\/posts\/919838\/revisions"}],"predecessor-version":[{"id":919846,"href":"https:\/\/www.pm.pb.gov.br\/portal\/wp-json\/wp\/v2\/posts\/919838\/revisions\/919846"}],"wp:featuredmedia":[{"embeddable":true,"href":"https:\/\/www.pm.pb.gov.br\/portal\/wp-json\/wp\/v2\/media\/916238"}],"wp:attachment":[{"href":"https:\/\/www.pm.pb.gov.br\/portal\/wp-json\/wp\/v2\/media?parent=919838"}],"wp:term":[{"taxonomy":"category","embeddable":true,"href":"https:\/\/www.pm.pb.gov.br\/portal\/wp-json\/wp\/v2\/categories?post=919838"},{"taxonomy":"post_tag","embeddable":true,"href":"https:\/\/www.pm.pb.gov.br\/portal\/wp-json\/wp\/v2\/tags?post=919838"}],"curies":[{"name":"wp","href":"https:\/\/api.w.org\/{rel}","templated":true}]}}