{"id":919831,"date":"2023-12-25T10:12:57","date_gmt":"2023-12-25T13:12:57","guid":{"rendered":"https:\/\/www.pm.pb.gov.br\/portal\/?p=919831"},"modified":"2023-12-25T10:12:59","modified_gmt":"2023-12-25T13:12:59","slug":"policia-militar-atua-no-cumprimento-da-lei-ambiental-no-feriado","status":"publish","type":"post","link":"https:\/\/www.pm.pb.gov.br\/portal\/2023\/12\/25\/policia-militar-atua-no-cumprimento-da-lei-ambiental-no-feriado\/","title":{"rendered":"Pol\u00edcia Militar atua no cumprimento da lei ambiental, no feriado"},"content":{"rendered":"\n\n\n<p>A noite de v\u00e9spera de Natal (24) teve fiscaliza\u00e7\u00e3o da Pol\u00edcia Militar atrav\u00e9s do Comando de Policiamento Regional (CPRM) mirando os crimes ambientais (foto acima ilustrativa). As ac\u00f5es preventivas aconteceram em diversas localidades da Grande Jo\u00e3o Pessoa.<\/p>\n<p>Al\u00e9m de combate os crimes violentos, o CPRM, unidades de \u00e1rea e apoio do Batalh\u00e3o de Pol\u00edcia Ambiental tamb\u00e9m tiveram como foco os crimes ambientais e o combate a perturba\u00e7\u00e3o do sessego. As informa\u00e7\u00f5es s\u00e3o do coronel Pablo, comandante regional metropolitano.O bairro S\u00e3o Jos\u00e9 e outras localidades foram fiscalizadas (foto abaixo).<\/p>\n<p><img loading=\"lazy\" decoding=\"async\" class=\"alignnone size-medium wp-image-919833\" src=\"http:\/\/www.pm.pb.gov.br\/portal\/wp-content\/uploads\/2023\/12\/20231225_102650-753x445.jpg\" alt=\"\" width=\"753\" height=\"445\" srcset=\"https:\/\/www.pm.pb.gov.br\/portal\/wp-content\/uploads\/2023\/12\/20231225_102650-753x445.jpg 753w, https:\/\/www.pm.pb.gov.br\/portal\/wp-content\/uploads\/2023\/12\/20231225_102650-964x570.jpg 964w, https:\/\/www.pm.pb.gov.br\/portal\/wp-content\/uploads\/2023\/12\/20231225_102650-768x454.jpg 768w, https:\/\/www.pm.pb.gov.br\/portal\/wp-content\/uploads\/2023\/12\/20231225_102650-1536x908.jpg 1536w, https:\/\/www.pm.pb.gov.br\/portal\/wp-content\/uploads\/2023\/12\/20231225_102650.jpg 1600w\" sizes=\"(max-width: 753px) 100vw, 753px\" \/><\/p>\n<p>As a\u00e7\u00f5es deste domingo se juntam as outras realizadas desde o come\u00e7o do feriado de Natal, fazendo parte das Opera\u00e7\u00f5es Boas Festas e Ver\u00e3o.<\/p>\n","protected":false},"excerpt":{"rendered":"<p>A noite de v\u00e9spera de Natal (24) teve fiscaliza\u00e7\u00e3o da Pol\u00edcia Militar atrav\u00e9s do Comando de Policiamento Regional (CPRM) mirando<\/p>\n","protected":false},"author":12,"featured_media":916513,"comment_status":"closed","ping_status":"closed","sticky":false,"template":"","format":"standard","meta":{"_exactmetrics_skip_tracking":false,"_exactmetrics_sitenote_active":false,"_exactmetrics_sitenote_note":"","_exactmetrics_sitenote_category":0,"footnotes":""},"categories":[4],"tags":[],"yoast_head":"<!-- This site is optimized with the Yoast SEO plugin v22.0 - https:\/\/yoast.com\/wordpress\/plugins\/seo\/ -->\n<title>Pol\u00edcia Militar atua no cumprimento da lei ambiental, no feriado - Pol\u00edcia Militar da Para\u00edba<\/title>\n<meta name=\"description\" content=\"A\u00e7\u00f5es aconteceram na grande Jo\u00e3o Pessoa na v\u00e9spera de Natal.\" \/>\n<meta name=\"robots\" content=\"index, follow, max-snippet:-1, max-image-preview:large, max-video-preview:-1\" \/>\n<link rel=\"canonical\" href=\"https:\/\/www.pm.pb.gov.br\/portal\/2023\/12\/25\/policia-militar-atua-no-cumprimento-da-lei-ambiental-no-feriado\/\" \/>\n<meta property=\"og:locale\" content=\"pt_BR\" \/>\n<meta property=\"og:type\" content=\"article\" \/>\n<meta property=\"og:title\" content=\"Pol\u00edcia Militar atua no cumprimento da lei ambiental, no feriado - Pol\u00edcia Militar da Para\u00edba\" \/>\n<meta property=\"og:description\" content=\"A\u00e7\u00f5es aconteceram na grande Jo\u00e3o Pessoa na v\u00e9spera de Natal.\" \/>\n<meta property=\"og:url\" content=\"https:\/\/www.pm.pb.gov.br\/portal\/2023\/12\/25\/policia-militar-atua-no-cumprimento-da-lei-ambiental-no-feriado\/\" \/>\n<meta property=\"og:site_name\" content=\"Pol\u00edcia Militar da Para\u00edba\" \/>\n<meta property=\"article:published_time\" content=\"2023-12-25T13:12:57+00:00\" \/>\n<meta property=\"article:modified_time\" content=\"2023-12-25T13:12:59+00:00\" \/>\n<meta property=\"og:image\" content=\"http:\/\/www.pm.pb.gov.br\/portal\/wp-content\/uploads\/2023\/05\/ilustrativa-2.jpeg\" \/>\n\t<meta property=\"og:image:width\" content=\"800\" \/>\n\t<meta property=\"og:image:height\" content=\"445\" \/>\n\t<meta property=\"og:image:type\" content=\"image\/jpeg\" \/>\n<meta name=\"author\" content=\"Tarcisio Oliveira\" \/>\n<meta name=\"twitter:card\" content=\"summary_large_image\" \/>\n<meta name=\"twitter:label1\" content=\"Escrito por\" \/>\n\t<meta name=\"twitter:data1\" content=\"Tarcisio Oliveira\" \/>\n\t<meta name=\"twitter:label2\" content=\"Est. tempo de leitura\" \/>\n\t<meta name=\"twitter:data2\" content=\"1 minuto\" \/>\n<script type=\"application\/ld+json\" class=\"yoast-schema-graph\">{\"@context\":\"https:\/\/schema.org\",\"@graph\":[{\"@type\":\"Article\",\"@id\":\"https:\/\/www.pm.pb.gov.br\/portal\/2023\/12\/25\/policia-militar-atua-no-cumprimento-da-lei-ambiental-no-feriado\/#article\",\"isPartOf\":{\"@id\":\"https:\/\/www.pm.pb.gov.br\/portal\/2023\/12\/25\/policia-militar-atua-no-cumprimento-da-lei-ambiental-no-feriado\/\"},\"author\":{\"name\":\"Tarcisio Oliveira\",\"@id\":\"https:\/\/www.pm.pb.gov.br\/portal\/#\/schema\/person\/f84f56dcc78ce4357054da888b8247fd\"},\"headline\":\"Pol\u00edcia Militar atua no cumprimento da lei ambiental, no feriado\",\"datePublished\":\"2023-12-25T13:12:57+00:00\",\"dateModified\":\"2023-12-25T13:12:59+00:00\",\"mainEntityOfPage\":{\"@id\":\"https:\/\/www.pm.pb.gov.br\/portal\/2023\/12\/25\/policia-militar-atua-no-cumprimento-da-lei-ambiental-no-feriado\/\"},\"wordCount\":141,\"publisher\":{\"@id\":\"https:\/\/www.pm.pb.gov.br\/portal\/#organization\"},\"articleSection\":[\"A\u00e7\u00f5es Policiais\"],\"inLanguage\":\"pt-BR\"},{\"@type\":\"WebPage\",\"@id\":\"https:\/\/www.pm.pb.gov.br\/portal\/2023\/12\/25\/policia-militar-atua-no-cumprimento-da-lei-ambiental-no-feriado\/\",\"url\":\"https:\/\/www.pm.pb.gov.br\/portal\/2023\/12\/25\/policia-militar-atua-no-cumprimento-da-lei-ambiental-no-feriado\/\",\"name\":\"Pol\u00edcia Militar atua no cumprimento da lei ambiental, no feriado - Pol\u00edcia Militar da Para\u00edba\",\"isPartOf\":{\"@id\":\"https:\/\/www.pm.pb.gov.br\/portal\/#website\"},\"datePublished\":\"2023-12-25T13:12:57+00:00\",\"dateModified\":\"2023-12-25T13:12:59+00:00\",\"description\":\"A\u00e7\u00f5es aconteceram na grande Jo\u00e3o Pessoa na v\u00e9spera de Natal.\",\"breadcrumb\":{\"@id\":\"https:\/\/www.pm.pb.gov.br\/portal\/2023\/12\/25\/policia-militar-atua-no-cumprimento-da-lei-ambiental-no-feriado\/#breadcrumb\"},\"inLanguage\":\"pt-BR\",\"potentialAction\":[{\"@type\":\"ReadAction\",\"target\":[\"https:\/\/www.pm.pb.gov.br\/portal\/2023\/12\/25\/policia-militar-atua-no-cumprimento-da-lei-ambiental-no-feriado\/\"]}]},{\"@type\":\"BreadcrumbList\",\"@id\":\"https:\/\/www.pm.pb.gov.br\/portal\/2023\/12\/25\/policia-militar-atua-no-cumprimento-da-lei-ambiental-no-feriado\/#breadcrumb\",\"itemListElement\":[{\"@type\":\"ListItem\",\"position\":1,\"name\":\"In\u00edcio\",\"item\":\"https:\/\/www.pm.pb.gov.br\/portal\/\"},{\"@type\":\"ListItem\",\"position\":2,\"name\":\"Pol\u00edcia Militar atua no cumprimento da lei ambiental, no feriado\"}]},{\"@type\":\"WebSite\",\"@id\":\"https:\/\/www.pm.pb.gov.br\/portal\/#website\",\"url\":\"https:\/\/www.pm.pb.gov.br\/portal\/\",\"name\":\"Pol\u00edcia Militar da Para\u00edba\",\"description\":\"\",\"publisher\":{\"@id\":\"https:\/\/www.pm.pb.gov.br\/portal\/#organization\"},\"potentialAction\":[{\"@type\":\"SearchAction\",\"target\":{\"@type\":\"EntryPoint\",\"urlTemplate\":\"https:\/\/www.pm.pb.gov.br\/portal\/?s={search_term_string}\"},\"query-input\":\"required name=search_term_string\"}],\"inLanguage\":\"pt-BR\"},{\"@type\":\"Organization\",\"@id\":\"https:\/\/www.pm.pb.gov.br\/portal\/#organization\",\"name\":\"Pol\u00edcia Militar da Para\u00edba\",\"url\":\"https:\/\/www.pm.pb.gov.br\/portal\/\",\"logo\":{\"@type\":\"ImageObject\",\"inLanguage\":\"pt-BR\",\"@id\":\"https:\/\/www.pm.pb.gov.br\/portal\/#\/schema\/logo\/image\/\",\"url\":\"https:\/\/www.pm.pb.gov.br\/portal\/wp-content\/uploads\/2025\/03\/cropped-logo-site-mag2-1.png\",\"contentUrl\":\"https:\/\/www.pm.pb.gov.br\/portal\/wp-content\/uploads\/2025\/03\/cropped-logo-site-mag2-1.png\",\"width\":320,\"height\":90,\"caption\":\"Pol\u00edcia Militar da Para\u00edba\"},\"image\":{\"@id\":\"https:\/\/www.pm.pb.gov.br\/portal\/#\/schema\/logo\/image\/\"}},{\"@type\":\"Person\",\"@id\":\"https:\/\/www.pm.pb.gov.br\/portal\/#\/schema\/person\/f84f56dcc78ce4357054da888b8247fd\",\"name\":\"Tarcisio Oliveira\",\"image\":{\"@type\":\"ImageObject\",\"inLanguage\":\"pt-BR\",\"@id\":\"https:\/\/www.pm.pb.gov.br\/portal\/#\/schema\/person\/image\/\",\"url\":\"https:\/\/secure.gravatar.com\/avatar\/72917b630b69d31cd0297507f34bac97?s=96&d=mm&r=g\",\"contentUrl\":\"https:\/\/secure.gravatar.com\/avatar\/72917b630b69d31cd0297507f34bac97?s=96&d=mm&r=g\",\"caption\":\"Tarcisio Oliveira\"},\"url\":\"https:\/\/www.pm.pb.gov.br\/portal\/author\/tarcisio\/\"}]}<\/script>\n<!-- \/ Yoast SEO plugin. -->","yoast_head_json":{"title":"Pol\u00edcia Militar atua no cumprimento da lei ambiental, no feriado - Pol\u00edcia Militar da Para\u00edba","description":"A\u00e7\u00f5es aconteceram na grande Jo\u00e3o Pessoa na v\u00e9spera de Natal.","robots":{"index":"index","follow":"follow","max-snippet":"max-snippet:-1","max-image-preview":"max-image-preview:large","max-video-preview":"max-video-preview:-1"},"canonical":"https:\/\/www.pm.pb.gov.br\/portal\/2023\/12\/25\/policia-militar-atua-no-cumprimento-da-lei-ambiental-no-feriado\/","og_locale":"pt_BR","og_type":"article","og_title":"Pol\u00edcia Militar atua no cumprimento da lei ambiental, no feriado - Pol\u00edcia Militar da Para\u00edba","og_description":"A\u00e7\u00f5es aconteceram na grande Jo\u00e3o Pessoa na v\u00e9spera de Natal.","og_url":"https:\/\/www.pm.pb.gov.br\/portal\/2023\/12\/25\/policia-militar-atua-no-cumprimento-da-lei-ambiental-no-feriado\/","og_site_name":"Pol\u00edcia Militar da Para\u00edba","article_published_time":"2023-12-25T13:12:57+00:00","article_modified_time":"2023-12-25T13:12:59+00:00","og_image":[{"width":800,"height":445,"url":"http:\/\/www.pm.pb.gov.br\/portal\/wp-content\/uploads\/2023\/05\/ilustrativa-2.jpeg","type":"image\/jpeg"}],"author":"Tarcisio Oliveira","twitter_card":"summary_large_image","twitter_misc":{"Escrito por":"Tarcisio Oliveira","Est. tempo de leitura":"1 minuto"},"schema":{"@context":"https:\/\/schema.org","@graph":[{"@type":"Article","@id":"https:\/\/www.pm.pb.gov.br\/portal\/2023\/12\/25\/policia-militar-atua-no-cumprimento-da-lei-ambiental-no-feriado\/#article","isPartOf":{"@id":"https:\/\/www.pm.pb.gov.br\/portal\/2023\/12\/25\/policia-militar-atua-no-cumprimento-da-lei-ambiental-no-feriado\/"},"author":{"name":"Tarcisio Oliveira","@id":"https:\/\/www.pm.pb.gov.br\/portal\/#\/schema\/person\/f84f56dcc78ce4357054da888b8247fd"},"headline":"Pol\u00edcia Militar atua no cumprimento da lei ambiental, no feriado","datePublished":"2023-12-25T13:12:57+00:00","dateModified":"2023-12-25T13:12:59+00:00","mainEntityOfPage":{"@id":"https:\/\/www.pm.pb.gov.br\/portal\/2023\/12\/25\/policia-militar-atua-no-cumprimento-da-lei-ambiental-no-feriado\/"},"wordCount":141,"publisher":{"@id":"https:\/\/www.pm.pb.gov.br\/portal\/#organization"},"articleSection":["A\u00e7\u00f5es Policiais"],"inLanguage":"pt-BR"},{"@type":"WebPage","@id":"https:\/\/www.pm.pb.gov.br\/portal\/2023\/12\/25\/policia-militar-atua-no-cumprimento-da-lei-ambiental-no-feriado\/","url":"https:\/\/www.pm.pb.gov.br\/portal\/2023\/12\/25\/policia-militar-atua-no-cumprimento-da-lei-ambiental-no-feriado\/","name":"Pol\u00edcia Militar atua no cumprimento da lei ambiental, no feriado - Pol\u00edcia Militar da Para\u00edba","isPartOf":{"@id":"https:\/\/www.pm.pb.gov.br\/portal\/#website"},"datePublished":"2023-12-25T13:12:57+00:00","dateModified":"2023-12-25T13:12:59+00:00","description":"A\u00e7\u00f5es aconteceram na grande Jo\u00e3o Pessoa na v\u00e9spera de Natal.","breadcrumb":{"@id":"https:\/\/www.pm.pb.gov.br\/portal\/2023\/12\/25\/policia-militar-atua-no-cumprimento-da-lei-ambiental-no-feriado\/#breadcrumb"},"inLanguage":"pt-BR","potentialAction":[{"@type":"ReadAction","target":["https:\/\/www.pm.pb.gov.br\/portal\/2023\/12\/25\/policia-militar-atua-no-cumprimento-da-lei-ambiental-no-feriado\/"]}]},{"@type":"BreadcrumbList","@id":"https:\/\/www.pm.pb.gov.br\/portal\/2023\/12\/25\/policia-militar-atua-no-cumprimento-da-lei-ambiental-no-feriado\/#breadcrumb","itemListElement":[{"@type":"ListItem","position":1,"name":"In\u00edcio","item":"https:\/\/www.pm.pb.gov.br\/portal\/"},{"@type":"ListItem","position":2,"name":"Pol\u00edcia Militar atua no cumprimento da lei ambiental, no feriado"}]},{"@type":"WebSite","@id":"https:\/\/www.pm.pb.gov.br\/portal\/#website","url":"https:\/\/www.pm.pb.gov.br\/portal\/","name":"Pol\u00edcia Militar da Para\u00edba","description":"","publisher":{"@id":"https:\/\/www.pm.pb.gov.br\/portal\/#organization"},"potentialAction":[{"@type":"SearchAction","target":{"@type":"EntryPoint","urlTemplate":"https:\/\/www.pm.pb.gov.br\/portal\/?s={search_term_string}"},"query-input":"required name=search_term_string"}],"inLanguage":"pt-BR"},{"@type":"Organization","@id":"https:\/\/www.pm.pb.gov.br\/portal\/#organization","name":"Pol\u00edcia Militar da Para\u00edba","url":"https:\/\/www.pm.pb.gov.br\/portal\/","logo":{"@type":"ImageObject","inLanguage":"pt-BR","@id":"https:\/\/www.pm.pb.gov.br\/portal\/#\/schema\/logo\/image\/","url":"https:\/\/www.pm.pb.gov.br\/portal\/wp-content\/uploads\/2025\/03\/cropped-logo-site-mag2-1.png","contentUrl":"https:\/\/www.pm.pb.gov.br\/portal\/wp-content\/uploads\/2025\/03\/cropped-logo-site-mag2-1.png","width":320,"height":90,"caption":"Pol\u00edcia Militar da Para\u00edba"},"image":{"@id":"https:\/\/www.pm.pb.gov.br\/portal\/#\/schema\/logo\/image\/"}},{"@type":"Person","@id":"https:\/\/www.pm.pb.gov.br\/portal\/#\/schema\/person\/f84f56dcc78ce4357054da888b8247fd","name":"Tarcisio Oliveira","image":{"@type":"ImageObject","inLanguage":"pt-BR","@id":"https:\/\/www.pm.pb.gov.br\/portal\/#\/schema\/person\/image\/","url":"https:\/\/secure.gravatar.com\/avatar\/72917b630b69d31cd0297507f34bac97?s=96&d=mm&r=g","contentUrl":"https:\/\/secure.gravatar.com\/avatar\/72917b630b69d31cd0297507f34bac97?s=96&d=mm&r=g","caption":"Tarcisio Oliveira"},"url":"https:\/\/www.pm.pb.gov.br\/portal\/author\/tarcisio\/"}]}},"_links":{"self":[{"href":"https:\/\/www.pm.pb.gov.br\/portal\/wp-json\/wp\/v2\/posts\/919831"}],"collection":[{"href":"https:\/\/www.pm.pb.gov.br\/portal\/wp-json\/wp\/v2\/posts"}],"about":[{"href":"https:\/\/www.pm.pb.gov.br\/portal\/wp-json\/wp\/v2\/types\/post"}],"author":[{"embeddable":true,"href":"https:\/\/www.pm.pb.gov.br\/portal\/wp-json\/wp\/v2\/users\/12"}],"replies":[{"embeddable":true,"href":"https:\/\/www.pm.pb.gov.br\/portal\/wp-json\/wp\/v2\/comments?post=919831"}],"version-history":[{"count":1,"href":"https:\/\/www.pm.pb.gov.br\/portal\/wp-json\/wp\/v2\/posts\/919831\/revisions"}],"predecessor-version":[{"id":919834,"href":"https:\/\/www.pm.pb.gov.br\/portal\/wp-json\/wp\/v2\/posts\/919831\/revisions\/919834"}],"wp:featuredmedia":[{"embeddable":true,"href":"https:\/\/www.pm.pb.gov.br\/portal\/wp-json\/wp\/v2\/media\/916513"}],"wp:attachment":[{"href":"https:\/\/www.pm.pb.gov.br\/portal\/wp-json\/wp\/v2\/media?parent=919831"}],"wp:term":[{"taxonomy":"category","embeddable":true,"href":"https:\/\/www.pm.pb.gov.br\/portal\/wp-json\/wp\/v2\/categories?post=919831"},{"taxonomy":"post_tag","embeddable":true,"href":"https:\/\/www.pm.pb.gov.br\/portal\/wp-json\/wp\/v2\/tags?post=919831"}],"curies":[{"name":"wp","href":"https:\/\/api.w.org\/{rel}","templated":true}]}}