{"id":919799,"date":"2023-12-23T16:23:15","date_gmt":"2023-12-23T19:23:15","guid":{"rendered":"https:\/\/www.pm.pb.gov.br\/portal\/?p=919799"},"modified":"2023-12-23T16:23:19","modified_gmt":"2023-12-23T19:23:19","slug":"policia-militar-prende-suspeito-por-trafico-de-drogas-na-capital-3","status":"publish","type":"post","link":"https:\/\/www.pm.pb.gov.br\/portal\/2023\/12\/23\/policia-militar-prende-suspeito-por-trafico-de-drogas-na-capital-3\/","title":{"rendered":"Pol\u00edcia Militar prende suspeito por tr\u00e1fico de drogas na Capital"},"content":{"rendered":"\n\n\n<p>Na manh\u00e3 deste s\u00e1bado (23), policiais militares da For\u00e7a Regional do CPRM, prenderam um suspeito por tr\u00e1fico de drogas, pr\u00f3ximo \u00e0 Penitenci\u00e1ria M\u00e9dia em Jo\u00e3o Pessoa-PB. O suspeito foi preso com v\u00e1rias drogas e dinheiro.<\/p>\n<p>A equipe policial estava em rondas no bairro de Mangabeira, quando recebeu informa\u00e7\u00f5es de um motociclista, de que visualizou um homem suspeito em uma localidade que j\u00e1 \u00e9 conhecida pelo tr\u00e1fico de drogas. Rapidamente, a equipe policial foi ao local, interceptou o suspeito e na abordagem foram encontradas cinquenta e cinco pacotes de coca\u00edna e trezentos e trinta e nove reais, em esp\u00e9cie, al\u00e9m de uma balan\u00e7a de precis\u00e3o.<\/p>\n<p>O suspeito e todo material apreendido foram encaminhados \u00e0 Central de Flagrantes para os demais procedimentos.<\/p>\n","protected":false},"excerpt":{"rendered":"<p>Na manh\u00e3 deste s\u00e1bado (23), policiais militares da For\u00e7a Regional do CPRM, prenderam um suspeito por tr\u00e1fico de drogas, pr\u00f3ximo<\/p>\n","protected":false},"author":5,"featured_media":919793,"comment_status":"closed","ping_status":"closed","sticky":false,"template":"","format":"standard","meta":{"_exactmetrics_skip_tracking":false,"_exactmetrics_sitenote_active":false,"_exactmetrics_sitenote_note":"","_exactmetrics_sitenote_category":0,"footnotes":""},"categories":[4],"tags":[],"yoast_head":"<!-- This site is optimized with the Yoast SEO plugin v22.0 - https:\/\/yoast.com\/wordpress\/plugins\/seo\/ -->\n<title>Pol\u00edcia Militar prende suspeito por tr\u00e1fico de drogas na Capital - Pol\u00edcia Militar da Para\u00edba<\/title>\n<meta name=\"robots\" content=\"index, follow, max-snippet:-1, max-image-preview:large, max-video-preview:-1\" \/>\n<link rel=\"canonical\" href=\"https:\/\/www.pm.pb.gov.br\/portal\/2023\/12\/23\/policia-militar-prende-suspeito-por-trafico-de-drogas-na-capital-3\/\" \/>\n<meta property=\"og:locale\" content=\"pt_BR\" \/>\n<meta property=\"og:type\" content=\"article\" \/>\n<meta property=\"og:title\" content=\"Pol\u00edcia Militar prende suspeito por tr\u00e1fico de drogas na Capital - Pol\u00edcia Militar da Para\u00edba\" \/>\n<meta property=\"og:description\" content=\"Na manh\u00e3 deste s\u00e1bado (23), policiais militares da For\u00e7a Regional do CPRM, prenderam um suspeito por tr\u00e1fico de drogas, pr\u00f3ximo\" \/>\n<meta property=\"og:url\" content=\"https:\/\/www.pm.pb.gov.br\/portal\/2023\/12\/23\/policia-militar-prende-suspeito-por-trafico-de-drogas-na-capital-3\/\" \/>\n<meta property=\"og:site_name\" content=\"Pol\u00edcia Militar da Para\u00edba\" \/>\n<meta property=\"article:published_time\" content=\"2023-12-23T19:23:15+00:00\" \/>\n<meta property=\"article:modified_time\" content=\"2023-12-23T19:23:19+00:00\" \/>\n<meta property=\"og:image\" content=\"http:\/\/www.pm.pb.gov.br\/portal\/wp-content\/uploads\/2023\/12\/material-apreendido.jpg\" \/>\n\t<meta property=\"og:image:width\" content=\"1600\" \/>\n\t<meta property=\"og:image:height\" content=\"890\" \/>\n\t<meta property=\"og:image:type\" content=\"image\/jpeg\" \/>\n<meta name=\"author\" content=\"Assessoria de Imprensa da PMPB\" \/>\n<meta name=\"twitter:card\" content=\"summary_large_image\" \/>\n<meta name=\"twitter:label1\" content=\"Escrito por\" \/>\n\t<meta name=\"twitter:data1\" content=\"Assessoria de Imprensa da PMPB\" \/>\n\t<meta name=\"twitter:label2\" content=\"Est. tempo de leitura\" \/>\n\t<meta name=\"twitter:data2\" content=\"1 minuto\" \/>\n<script type=\"application\/ld+json\" class=\"yoast-schema-graph\">{\"@context\":\"https:\/\/schema.org\",\"@graph\":[{\"@type\":\"Article\",\"@id\":\"https:\/\/www.pm.pb.gov.br\/portal\/2023\/12\/23\/policia-militar-prende-suspeito-por-trafico-de-drogas-na-capital-3\/#article\",\"isPartOf\":{\"@id\":\"https:\/\/www.pm.pb.gov.br\/portal\/2023\/12\/23\/policia-militar-prende-suspeito-por-trafico-de-drogas-na-capital-3\/\"},\"author\":{\"name\":\"Assessoria de Imprensa da PMPB\",\"@id\":\"https:\/\/www.pm.pb.gov.br\/portal\/#\/schema\/person\/e8454f46651c3ecf0e1ba3c1666d9947\"},\"headline\":\"Pol\u00edcia Militar prende suspeito por tr\u00e1fico de drogas na Capital\",\"datePublished\":\"2023-12-23T19:23:15+00:00\",\"dateModified\":\"2023-12-23T19:23:19+00:00\",\"mainEntityOfPage\":{\"@id\":\"https:\/\/www.pm.pb.gov.br\/portal\/2023\/12\/23\/policia-militar-prende-suspeito-por-trafico-de-drogas-na-capital-3\/\"},\"wordCount\":143,\"publisher\":{\"@id\":\"https:\/\/www.pm.pb.gov.br\/portal\/#organization\"},\"articleSection\":[\"A\u00e7\u00f5es Policiais\"],\"inLanguage\":\"pt-BR\"},{\"@type\":\"WebPage\",\"@id\":\"https:\/\/www.pm.pb.gov.br\/portal\/2023\/12\/23\/policia-militar-prende-suspeito-por-trafico-de-drogas-na-capital-3\/\",\"url\":\"https:\/\/www.pm.pb.gov.br\/portal\/2023\/12\/23\/policia-militar-prende-suspeito-por-trafico-de-drogas-na-capital-3\/\",\"name\":\"Pol\u00edcia Militar prende suspeito por tr\u00e1fico de drogas na Capital - Pol\u00edcia Militar da Para\u00edba\",\"isPartOf\":{\"@id\":\"https:\/\/www.pm.pb.gov.br\/portal\/#website\"},\"datePublished\":\"2023-12-23T19:23:15+00:00\",\"dateModified\":\"2023-12-23T19:23:19+00:00\",\"breadcrumb\":{\"@id\":\"https:\/\/www.pm.pb.gov.br\/portal\/2023\/12\/23\/policia-militar-prende-suspeito-por-trafico-de-drogas-na-capital-3\/#breadcrumb\"},\"inLanguage\":\"pt-BR\",\"potentialAction\":[{\"@type\":\"ReadAction\",\"target\":[\"https:\/\/www.pm.pb.gov.br\/portal\/2023\/12\/23\/policia-militar-prende-suspeito-por-trafico-de-drogas-na-capital-3\/\"]}]},{\"@type\":\"BreadcrumbList\",\"@id\":\"https:\/\/www.pm.pb.gov.br\/portal\/2023\/12\/23\/policia-militar-prende-suspeito-por-trafico-de-drogas-na-capital-3\/#breadcrumb\",\"itemListElement\":[{\"@type\":\"ListItem\",\"position\":1,\"name\":\"In\u00edcio\",\"item\":\"https:\/\/www.pm.pb.gov.br\/portal\/\"},{\"@type\":\"ListItem\",\"position\":2,\"name\":\"Pol\u00edcia Militar prende suspeito por tr\u00e1fico de drogas na Capital\"}]},{\"@type\":\"WebSite\",\"@id\":\"https:\/\/www.pm.pb.gov.br\/portal\/#website\",\"url\":\"https:\/\/www.pm.pb.gov.br\/portal\/\",\"name\":\"Pol\u00edcia Militar da Para\u00edba\",\"description\":\"\",\"publisher\":{\"@id\":\"https:\/\/www.pm.pb.gov.br\/portal\/#organization\"},\"potentialAction\":[{\"@type\":\"SearchAction\",\"target\":{\"@type\":\"EntryPoint\",\"urlTemplate\":\"https:\/\/www.pm.pb.gov.br\/portal\/?s={search_term_string}\"},\"query-input\":\"required name=search_term_string\"}],\"inLanguage\":\"pt-BR\"},{\"@type\":\"Organization\",\"@id\":\"https:\/\/www.pm.pb.gov.br\/portal\/#organization\",\"name\":\"Pol\u00edcia Militar da Para\u00edba\",\"url\":\"https:\/\/www.pm.pb.gov.br\/portal\/\",\"logo\":{\"@type\":\"ImageObject\",\"inLanguage\":\"pt-BR\",\"@id\":\"https:\/\/www.pm.pb.gov.br\/portal\/#\/schema\/logo\/image\/\",\"url\":\"https:\/\/www.pm.pb.gov.br\/portal\/wp-content\/uploads\/2025\/03\/cropped-logo-site-mag2-1.png\",\"contentUrl\":\"https:\/\/www.pm.pb.gov.br\/portal\/wp-content\/uploads\/2025\/03\/cropped-logo-site-mag2-1.png\",\"width\":320,\"height\":90,\"caption\":\"Pol\u00edcia Militar da Para\u00edba\"},\"image\":{\"@id\":\"https:\/\/www.pm.pb.gov.br\/portal\/#\/schema\/logo\/image\/\"}},{\"@type\":\"Person\",\"@id\":\"https:\/\/www.pm.pb.gov.br\/portal\/#\/schema\/person\/e8454f46651c3ecf0e1ba3c1666d9947\",\"name\":\"Assessoria de Imprensa da PMPB\",\"image\":{\"@type\":\"ImageObject\",\"inLanguage\":\"pt-BR\",\"@id\":\"https:\/\/www.pm.pb.gov.br\/portal\/#\/schema\/person\/image\/\",\"url\":\"https:\/\/secure.gravatar.com\/avatar\/2efe197438265d1e90bd98c4c8e1acf8?s=96&d=mm&r=g\",\"contentUrl\":\"https:\/\/secure.gravatar.com\/avatar\/2efe197438265d1e90bd98c4c8e1acf8?s=96&d=mm&r=g\",\"caption\":\"Assessoria de Imprensa da PMPB\"},\"url\":\"https:\/\/www.pm.pb.gov.br\/portal\/author\/assessoria\/\"}]}<\/script>\n<!-- \/ Yoast SEO plugin. -->","yoast_head_json":{"title":"Pol\u00edcia Militar prende suspeito por tr\u00e1fico de drogas na Capital - Pol\u00edcia Militar da Para\u00edba","robots":{"index":"index","follow":"follow","max-snippet":"max-snippet:-1","max-image-preview":"max-image-preview:large","max-video-preview":"max-video-preview:-1"},"canonical":"https:\/\/www.pm.pb.gov.br\/portal\/2023\/12\/23\/policia-militar-prende-suspeito-por-trafico-de-drogas-na-capital-3\/","og_locale":"pt_BR","og_type":"article","og_title":"Pol\u00edcia Militar prende suspeito por tr\u00e1fico de drogas na Capital - Pol\u00edcia Militar da Para\u00edba","og_description":"Na manh\u00e3 deste s\u00e1bado (23), policiais militares da For\u00e7a Regional do CPRM, prenderam um suspeito por tr\u00e1fico de drogas, pr\u00f3ximo","og_url":"https:\/\/www.pm.pb.gov.br\/portal\/2023\/12\/23\/policia-militar-prende-suspeito-por-trafico-de-drogas-na-capital-3\/","og_site_name":"Pol\u00edcia Militar da Para\u00edba","article_published_time":"2023-12-23T19:23:15+00:00","article_modified_time":"2023-12-23T19:23:19+00:00","og_image":[{"width":1600,"height":890,"url":"http:\/\/www.pm.pb.gov.br\/portal\/wp-content\/uploads\/2023\/12\/material-apreendido.jpg","type":"image\/jpeg"}],"author":"Assessoria de Imprensa da PMPB","twitter_card":"summary_large_image","twitter_misc":{"Escrito por":"Assessoria de Imprensa da PMPB","Est. tempo de leitura":"1 minuto"},"schema":{"@context":"https:\/\/schema.org","@graph":[{"@type":"Article","@id":"https:\/\/www.pm.pb.gov.br\/portal\/2023\/12\/23\/policia-militar-prende-suspeito-por-trafico-de-drogas-na-capital-3\/#article","isPartOf":{"@id":"https:\/\/www.pm.pb.gov.br\/portal\/2023\/12\/23\/policia-militar-prende-suspeito-por-trafico-de-drogas-na-capital-3\/"},"author":{"name":"Assessoria de Imprensa da PMPB","@id":"https:\/\/www.pm.pb.gov.br\/portal\/#\/schema\/person\/e8454f46651c3ecf0e1ba3c1666d9947"},"headline":"Pol\u00edcia Militar prende suspeito por tr\u00e1fico de drogas na Capital","datePublished":"2023-12-23T19:23:15+00:00","dateModified":"2023-12-23T19:23:19+00:00","mainEntityOfPage":{"@id":"https:\/\/www.pm.pb.gov.br\/portal\/2023\/12\/23\/policia-militar-prende-suspeito-por-trafico-de-drogas-na-capital-3\/"},"wordCount":143,"publisher":{"@id":"https:\/\/www.pm.pb.gov.br\/portal\/#organization"},"articleSection":["A\u00e7\u00f5es Policiais"],"inLanguage":"pt-BR"},{"@type":"WebPage","@id":"https:\/\/www.pm.pb.gov.br\/portal\/2023\/12\/23\/policia-militar-prende-suspeito-por-trafico-de-drogas-na-capital-3\/","url":"https:\/\/www.pm.pb.gov.br\/portal\/2023\/12\/23\/policia-militar-prende-suspeito-por-trafico-de-drogas-na-capital-3\/","name":"Pol\u00edcia Militar prende suspeito por tr\u00e1fico de drogas na Capital - Pol\u00edcia Militar da Para\u00edba","isPartOf":{"@id":"https:\/\/www.pm.pb.gov.br\/portal\/#website"},"datePublished":"2023-12-23T19:23:15+00:00","dateModified":"2023-12-23T19:23:19+00:00","breadcrumb":{"@id":"https:\/\/www.pm.pb.gov.br\/portal\/2023\/12\/23\/policia-militar-prende-suspeito-por-trafico-de-drogas-na-capital-3\/#breadcrumb"},"inLanguage":"pt-BR","potentialAction":[{"@type":"ReadAction","target":["https:\/\/www.pm.pb.gov.br\/portal\/2023\/12\/23\/policia-militar-prende-suspeito-por-trafico-de-drogas-na-capital-3\/"]}]},{"@type":"BreadcrumbList","@id":"https:\/\/www.pm.pb.gov.br\/portal\/2023\/12\/23\/policia-militar-prende-suspeito-por-trafico-de-drogas-na-capital-3\/#breadcrumb","itemListElement":[{"@type":"ListItem","position":1,"name":"In\u00edcio","item":"https:\/\/www.pm.pb.gov.br\/portal\/"},{"@type":"ListItem","position":2,"name":"Pol\u00edcia Militar prende suspeito por tr\u00e1fico de drogas na Capital"}]},{"@type":"WebSite","@id":"https:\/\/www.pm.pb.gov.br\/portal\/#website","url":"https:\/\/www.pm.pb.gov.br\/portal\/","name":"Pol\u00edcia Militar da Para\u00edba","description":"","publisher":{"@id":"https:\/\/www.pm.pb.gov.br\/portal\/#organization"},"potentialAction":[{"@type":"SearchAction","target":{"@type":"EntryPoint","urlTemplate":"https:\/\/www.pm.pb.gov.br\/portal\/?s={search_term_string}"},"query-input":"required name=search_term_string"}],"inLanguage":"pt-BR"},{"@type":"Organization","@id":"https:\/\/www.pm.pb.gov.br\/portal\/#organization","name":"Pol\u00edcia Militar da Para\u00edba","url":"https:\/\/www.pm.pb.gov.br\/portal\/","logo":{"@type":"ImageObject","inLanguage":"pt-BR","@id":"https:\/\/www.pm.pb.gov.br\/portal\/#\/schema\/logo\/image\/","url":"https:\/\/www.pm.pb.gov.br\/portal\/wp-content\/uploads\/2025\/03\/cropped-logo-site-mag2-1.png","contentUrl":"https:\/\/www.pm.pb.gov.br\/portal\/wp-content\/uploads\/2025\/03\/cropped-logo-site-mag2-1.png","width":320,"height":90,"caption":"Pol\u00edcia Militar da Para\u00edba"},"image":{"@id":"https:\/\/www.pm.pb.gov.br\/portal\/#\/schema\/logo\/image\/"}},{"@type":"Person","@id":"https:\/\/www.pm.pb.gov.br\/portal\/#\/schema\/person\/e8454f46651c3ecf0e1ba3c1666d9947","name":"Assessoria de Imprensa da PMPB","image":{"@type":"ImageObject","inLanguage":"pt-BR","@id":"https:\/\/www.pm.pb.gov.br\/portal\/#\/schema\/person\/image\/","url":"https:\/\/secure.gravatar.com\/avatar\/2efe197438265d1e90bd98c4c8e1acf8?s=96&d=mm&r=g","contentUrl":"https:\/\/secure.gravatar.com\/avatar\/2efe197438265d1e90bd98c4c8e1acf8?s=96&d=mm&r=g","caption":"Assessoria de Imprensa da PMPB"},"url":"https:\/\/www.pm.pb.gov.br\/portal\/author\/assessoria\/"}]}},"_links":{"self":[{"href":"https:\/\/www.pm.pb.gov.br\/portal\/wp-json\/wp\/v2\/posts\/919799"}],"collection":[{"href":"https:\/\/www.pm.pb.gov.br\/portal\/wp-json\/wp\/v2\/posts"}],"about":[{"href":"https:\/\/www.pm.pb.gov.br\/portal\/wp-json\/wp\/v2\/types\/post"}],"author":[{"embeddable":true,"href":"https:\/\/www.pm.pb.gov.br\/portal\/wp-json\/wp\/v2\/users\/5"}],"replies":[{"embeddable":true,"href":"https:\/\/www.pm.pb.gov.br\/portal\/wp-json\/wp\/v2\/comments?post=919799"}],"version-history":[{"count":1,"href":"https:\/\/www.pm.pb.gov.br\/portal\/wp-json\/wp\/v2\/posts\/919799\/revisions"}],"predecessor-version":[{"id":919800,"href":"https:\/\/www.pm.pb.gov.br\/portal\/wp-json\/wp\/v2\/posts\/919799\/revisions\/919800"}],"wp:featuredmedia":[{"embeddable":true,"href":"https:\/\/www.pm.pb.gov.br\/portal\/wp-json\/wp\/v2\/media\/919793"}],"wp:attachment":[{"href":"https:\/\/www.pm.pb.gov.br\/portal\/wp-json\/wp\/v2\/media?parent=919799"}],"wp:term":[{"taxonomy":"category","embeddable":true,"href":"https:\/\/www.pm.pb.gov.br\/portal\/wp-json\/wp\/v2\/categories?post=919799"},{"taxonomy":"post_tag","embeddable":true,"href":"https:\/\/www.pm.pb.gov.br\/portal\/wp-json\/wp\/v2\/tags?post=919799"}],"curies":[{"name":"wp","href":"https:\/\/api.w.org\/{rel}","templated":true}]}}