{"id":919770,"date":"2023-12-20T18:42:00","date_gmt":"2023-12-20T21:42:00","guid":{"rendered":"https:\/\/www.pm.pb.gov.br\/portal\/?p=919770"},"modified":"2023-12-22T13:56:01","modified_gmt":"2023-12-22T16:56:01","slug":"governo-da-paraiba-recebe-helicoptero-do-ministerio-da-justica-e-entrega-equipamentos-e-veiculos-para-as-forcas-de-seguranca","status":"publish","type":"post","link":"https:\/\/www.pm.pb.gov.br\/portal\/2023\/12\/20\/governo-da-paraiba-recebe-helicoptero-do-ministerio-da-justica-e-entrega-equipamentos-e-veiculos-para-as-forcas-de-seguranca\/","title":{"rendered":"Governo da Para\u00edba recebe helic\u00f3ptero do Minist\u00e9rio da Justi\u00e7a e entrega equipamentos e ve\u00edculos para as For\u00e7as de Seguran\u00e7a"},"content":{"rendered":"\n<p>O governador Jo\u00e3o Azev\u00eado e representantes do Minist\u00e9rio da Justi\u00e7a e Seguran\u00e7a P\u00fablica entregaram, nesta quarta-feira (20), no Centro Integrado de Comando e Controle (CICC) de Jo\u00e3o Pessoa, ve\u00edculos e equipamentos para o fortalecimento da seguran\u00e7a p\u00fablica no Estado, que representam investimentos superiores a R$ 7,2 milh\u00f5es. Na solenidade, a\u00a0 Pol\u00edcia Rodovi\u00e1ria Federal (PRF) formalizou a doa\u00e7\u00e3o de um helic\u00f3ptero ao Governo da Para\u00edba, resultado de um pleito apresentado pelo chefe do Executivo estadual ao Minist\u00e9rio da Justi\u00e7a.<br \/><br \/>Entre os equipamentos entregues \u00e0 Secretaria de Estado da Seguran\u00e7a e Defesa Social est\u00e3o ve\u00edculos, armamentos, drones, fardas, coletes e muni\u00e7\u00f5es. Para a Secretaria da Administra\u00e7\u00e3o Penitenci\u00e1ria, foram destinados caminhonetas, caminh\u00e3o ba\u00fa, detectores de metais, scanners de bagagens, dentre outros itens.<\/p>\n<p><img loading=\"lazy\" decoding=\"async\" class=\" wp-image-919772 aligncenter\" src=\"http:\/\/www.pm.pb.gov.br\/portal\/wp-content\/uploads\/2023\/12\/unnamed-34-668x445.jpg\" alt=\"\" width=\"633\" height=\"422\" srcset=\"https:\/\/www.pm.pb.gov.br\/portal\/wp-content\/uploads\/2023\/12\/unnamed-34-668x445.jpg 668w, https:\/\/www.pm.pb.gov.br\/portal\/wp-content\/uploads\/2023\/12\/unnamed-34-855x570.jpg 855w, https:\/\/www.pm.pb.gov.br\/portal\/wp-content\/uploads\/2023\/12\/unnamed-34-768x512.jpg 768w, https:\/\/www.pm.pb.gov.br\/portal\/wp-content\/uploads\/2023\/12\/unnamed-34-1536x1024.jpg 1536w, https:\/\/www.pm.pb.gov.br\/portal\/wp-content\/uploads\/2023\/12\/unnamed-34-272x182.jpg 272w, https:\/\/www.pm.pb.gov.br\/portal\/wp-content\/uploads\/2023\/12\/unnamed-34.jpg 1620w\" sizes=\"(max-width: 633px) 100vw, 633px\" \/><br \/>Na ocasi\u00e3o, o governador Jo\u00e3o Azev\u00eado ressaltou que os novos equipamentos entregues \u00e0 Seguran\u00e7a P\u00fablica ampliam as a\u00e7\u00f5es de combate \u00e0 viol\u00eancia no estado. \u201cN\u00f3s temos a melhor seguran\u00e7a p\u00fablica do Norte\/Nordeste e a terceira melhor do pa\u00eds de acordo com o CLP e a chegada de mais um helic\u00f3ptero ir\u00e1 fortalecer nossas a\u00e7\u00f5es em Campina Grande e regi\u00e3o para fazermos uma Para\u00edba cada vez melhor e mais segura. N\u00f3s temos feito grandes investimentos em tecnologia, em equipamentos e, principalmente, no nosso efetivo, e com essa rela\u00e7\u00e3o de parceria entre o governo federal e o governo estadual, celebramos esse novo momento que permite mais uma a\u00e7\u00e3o do Minist\u00e9rio da Justi\u00e7a no nosso estado\u201d, frisou.<\/p>\n<figure id=\"attachment_919774\" aria-describedby=\"caption-attachment-919774\" style=\"width: 626px\" class=\"wp-caption aligncenter\"><img loading=\"lazy\" decoding=\"async\" class=\"wp-image-919774\" src=\"http:\/\/www.pm.pb.gov.br\/portal\/wp-content\/uploads\/2023\/12\/image00016-666x445.jpeg\" alt=\"\" width=\"626\" height=\"418\" srcset=\"https:\/\/www.pm.pb.gov.br\/portal\/wp-content\/uploads\/2023\/12\/image00016-666x445.jpeg 666w, https:\/\/www.pm.pb.gov.br\/portal\/wp-content\/uploads\/2023\/12\/image00016-853x570.jpeg 853w, https:\/\/www.pm.pb.gov.br\/portal\/wp-content\/uploads\/2023\/12\/image00016-768x513.jpeg 768w, https:\/\/www.pm.pb.gov.br\/portal\/wp-content\/uploads\/2023\/12\/image00016-1536x1027.jpeg 1536w, https:\/\/www.pm.pb.gov.br\/portal\/wp-content\/uploads\/2023\/12\/image00016-272x182.jpeg 272w, https:\/\/www.pm.pb.gov.br\/portal\/wp-content\/uploads\/2023\/12\/image00016.jpeg 1616w\" sizes=\"(max-width: 626px) 100vw, 626px\" \/><figcaption id=\"caption-attachment-919774\" class=\"wp-caption-text\">Foto: EM\/5<\/figcaption><\/figure>\n<p>O secret\u00e1rio executivo adjunto do Minist\u00e9rio da Justi\u00e7a, Diego Galdino, destacou a import\u00e2ncia do trabalho conjunto da Seguran\u00e7a para proporcionar mais tranquilidade \u00e0 popula\u00e7\u00e3o. \u201cO governador Jo\u00e3o \u00e9 um grande parceiro do Minist\u00e9rio da Justi\u00e7a, solicitou o helic\u00f3ptero e estamos fazendo essa entrega porque temos uma sinergia entre Pol\u00edcia Rodovi\u00e1ria Federal, Pol\u00edcia Federal e Pol\u00edcia Estadual. A Para\u00edba \u00e9 refer\u00eancia para n\u00f3s nesse trabalho de combate ao crime e vamos continuar com essa parceria para reduzir ainda mais os indicadores de viol\u00eancia no estado\u201d, declarou.<\/p>\n<p><img loading=\"lazy\" decoding=\"async\" class=\" wp-image-919773 aligncenter\" src=\"http:\/\/www.pm.pb.gov.br\/portal\/wp-content\/uploads\/2023\/12\/unnamed-33-716x445.jpg\" alt=\"\" width=\"673\" height=\"418\" srcset=\"https:\/\/www.pm.pb.gov.br\/portal\/wp-content\/uploads\/2023\/12\/unnamed-33-716x445.jpg 716w, https:\/\/www.pm.pb.gov.br\/portal\/wp-content\/uploads\/2023\/12\/unnamed-33-917x570.jpg 917w, https:\/\/www.pm.pb.gov.br\/portal\/wp-content\/uploads\/2023\/12\/unnamed-33-768x477.jpg 768w, https:\/\/www.pm.pb.gov.br\/portal\/wp-content\/uploads\/2023\/12\/unnamed-33.jpg 1364w\" sizes=\"(max-width: 673px) 100vw, 673px\" \/><br \/>O diretor geral da PRF, Ant\u00f4nio Fernando Souza, celebrou a parceria firmada com a Para\u00edba. \u201cO ato de hoje \u00e9 um resultado pr\u00e1tico para a popula\u00e7\u00e3o, pois seguran\u00e7a se faz com integra\u00e7\u00e3o e garante o que a popula\u00e7\u00e3o espera da gente no estado e no Brasil\u201d, comentou.<br \/><br \/>O secret\u00e1rio de estado da Seguran\u00e7a e da Defesa Social, Jean Nunes, afirmou que o segmento tem recebido o maior aporte de recursos de sua hist\u00f3ria. \u201cO Governo do Estado tem investido muito em tecnologia e em infraestrutura. Apenas nos Centros Integrados de Comando e Controle de Jo\u00e3o Pessoa, Campina Grande e Patos foram investidos mais de R$ 140 milh\u00f5es, temos feito concursos e essa parceria com o Minist\u00e9rio da Justi\u00e7a refor\u00e7a o nosso trabalho, permitindo que possamos alinhar melhor as nossas a\u00e7\u00f5es em toda a Para\u00edba\u201d, falou.<br \/><br \/>O secret\u00e1rio de estado da Administra\u00e7\u00e3o Penitenci\u00e1ria, Jo\u00e3o Alves, evidenciou a import\u00e2ncia dos investimentos para fortalecer a atua\u00e7\u00e3o da Pol\u00edcia Penal. \u201cN\u00f3s recebemos um quantitativo de equipamentos com uma soma de valores bastante significativa, o que ajuda no deslocamento e nas condi\u00e7\u00f5es de trabalho dos policiais penais que trabalham tamb\u00e9m com foco nas pol\u00edticas p\u00fablicas de ressocializa\u00e7\u00e3o\u201d, disse.\u00a0<\/p>\n<figure id=\"attachment_919775\" aria-describedby=\"caption-attachment-919775\" style=\"width: 621px\" class=\"wp-caption aligncenter\"><img loading=\"lazy\" decoding=\"async\" class=\"wp-image-919775\" src=\"http:\/\/www.pm.pb.gov.br\/portal\/wp-content\/uploads\/2023\/12\/image00026-666x445.jpeg\" alt=\"\" width=\"621\" height=\"415\" srcset=\"https:\/\/www.pm.pb.gov.br\/portal\/wp-content\/uploads\/2023\/12\/image00026-666x445.jpeg 666w, https:\/\/www.pm.pb.gov.br\/portal\/wp-content\/uploads\/2023\/12\/image00026-853x570.jpeg 853w, https:\/\/www.pm.pb.gov.br\/portal\/wp-content\/uploads\/2023\/12\/image00026-768x513.jpeg 768w, https:\/\/www.pm.pb.gov.br\/portal\/wp-content\/uploads\/2023\/12\/image00026-1536x1027.jpeg 1536w, https:\/\/www.pm.pb.gov.br\/portal\/wp-content\/uploads\/2023\/12\/image00026-272x182.jpeg 272w, https:\/\/www.pm.pb.gov.br\/portal\/wp-content\/uploads\/2023\/12\/image00026.jpeg 1616w\" sizes=\"(max-width: 621px) 100vw, 621px\" \/><figcaption id=\"caption-attachment-919775\" class=\"wp-caption-text\">Foto: EM\/5<\/figcaption><\/figure>\n<p>Prestigiaram a solenidade o vice-governador Lucas Ribeiro; o vice-prefeito de Jo\u00e3o Pessoa, L\u00e9o Bezerra; o deputado estadual Chico Mendes; a assessora do secret\u00e1rio nacional de Pol\u00edticas Penais, Adriana Santos; al\u00e9m de auxiliares da gest\u00e3o estadual, dentre eles, Nonato Bandeira (secret\u00e1rio da Comunica\u00e7\u00e3o Institucional), Roberto Paulino (secret\u00e1rio chefe de Governo), Jo\u00e3o Paulo Freire (secret\u00e1rio executivo da Articula\u00e7\u00e3o Pol\u00edtica), Eduardo Dantas (secret\u00e1rio executivo do Desenvolvimento e da Articula\u00e7\u00e3o Municipal), Ronaldo Guerra (chefe de Gabinete do Governador), Cristiana Almeida (secret\u00e1ria executiva da Mulher e da Diversidade Humana), S\u00e9rgio Fonseca (comandante geral da Pol\u00edcia Militar), Marcelo Ara\u00fajo (comandante geral do Corpo de Bombeiros), Andr\u00e9 Rabelo (delegado geral da Pol\u00edcia Civil) e Isa\u00edas Gualberto (superintendente do Detran).<\/p>\n<figure id=\"attachment_919776\" aria-describedby=\"caption-attachment-919776\" style=\"width: 666px\" class=\"wp-caption alignnone\"><img loading=\"lazy\" decoding=\"async\" class=\"wp-image-919776 size-medium\" src=\"http:\/\/www.pm.pb.gov.br\/portal\/wp-content\/uploads\/2023\/12\/image00029-666x445.jpeg\" alt=\"\" width=\"666\" height=\"445\" srcset=\"https:\/\/www.pm.pb.gov.br\/portal\/wp-content\/uploads\/2023\/12\/image00029-666x445.jpeg 666w, https:\/\/www.pm.pb.gov.br\/portal\/wp-content\/uploads\/2023\/12\/image00029-853x570.jpeg 853w, https:\/\/www.pm.pb.gov.br\/portal\/wp-content\/uploads\/2023\/12\/image00029-768x513.jpeg 768w, https:\/\/www.pm.pb.gov.br\/portal\/wp-content\/uploads\/2023\/12\/image00029-1536x1027.jpeg 1536w, https:\/\/www.pm.pb.gov.br\/portal\/wp-content\/uploads\/2023\/12\/image00029-272x182.jpeg 272w, https:\/\/www.pm.pb.gov.br\/portal\/wp-content\/uploads\/2023\/12\/image00029.jpeg 1616w\" sizes=\"(max-width: 666px) 100vw, 666px\" \/><figcaption id=\"caption-attachment-919776\" class=\"wp-caption-text\">Fotos: EM\/5<\/figcaption><\/figure>\n<p><img loading=\"lazy\" decoding=\"async\" class=\"alignnone size-medium wp-image-919777\" src=\"http:\/\/www.pm.pb.gov.br\/portal\/wp-content\/uploads\/2023\/12\/image00012-666x445.jpeg\" alt=\"\" width=\"666\" height=\"445\" srcset=\"https:\/\/www.pm.pb.gov.br\/portal\/wp-content\/uploads\/2023\/12\/image00012-666x445.jpeg 666w, https:\/\/www.pm.pb.gov.br\/portal\/wp-content\/uploads\/2023\/12\/image00012-853x570.jpeg 853w, https:\/\/www.pm.pb.gov.br\/portal\/wp-content\/uploads\/2023\/12\/image00012-768x513.jpeg 768w, https:\/\/www.pm.pb.gov.br\/portal\/wp-content\/uploads\/2023\/12\/image00012-1536x1027.jpeg 1536w, https:\/\/www.pm.pb.gov.br\/portal\/wp-content\/uploads\/2023\/12\/image00012-272x182.jpeg 272w, https:\/\/www.pm.pb.gov.br\/portal\/wp-content\/uploads\/2023\/12\/image00012.jpeg 1616w\" sizes=\"(max-width: 666px) 100vw, 666px\" \/><\/p>\n<p><img loading=\"lazy\" decoding=\"async\" class=\"alignnone size-medium wp-image-919778\" src=\"http:\/\/www.pm.pb.gov.br\/portal\/wp-content\/uploads\/2023\/12\/image00009-666x445.jpeg\" alt=\"\" width=\"666\" height=\"445\" srcset=\"https:\/\/www.pm.pb.gov.br\/portal\/wp-content\/uploads\/2023\/12\/image00009-666x445.jpeg 666w, https:\/\/www.pm.pb.gov.br\/portal\/wp-content\/uploads\/2023\/12\/image00009-853x570.jpeg 853w, https:\/\/www.pm.pb.gov.br\/portal\/wp-content\/uploads\/2023\/12\/image00009-768x513.jpeg 768w, https:\/\/www.pm.pb.gov.br\/portal\/wp-content\/uploads\/2023\/12\/image00009-1536x1027.jpeg 1536w, https:\/\/www.pm.pb.gov.br\/portal\/wp-content\/uploads\/2023\/12\/image00009-272x182.jpeg 272w, https:\/\/www.pm.pb.gov.br\/portal\/wp-content\/uploads\/2023\/12\/image00009.jpeg 1616w\" sizes=\"(max-width: 666px) 100vw, 666px\" \/><\/p>\n<p><img loading=\"lazy\" decoding=\"async\" class=\"alignnone size-medium wp-image-919779\" src=\"http:\/\/www.pm.pb.gov.br\/portal\/wp-content\/uploads\/2023\/12\/image00011-666x445.jpeg\" alt=\"\" width=\"666\" height=\"445\" srcset=\"https:\/\/www.pm.pb.gov.br\/portal\/wp-content\/uploads\/2023\/12\/image00011-666x445.jpeg 666w, https:\/\/www.pm.pb.gov.br\/portal\/wp-content\/uploads\/2023\/12\/image00011-853x570.jpeg 853w, https:\/\/www.pm.pb.gov.br\/portal\/wp-content\/uploads\/2023\/12\/image00011-768x513.jpeg 768w, https:\/\/www.pm.pb.gov.br\/portal\/wp-content\/uploads\/2023\/12\/image00011-1536x1027.jpeg 1536w, https:\/\/www.pm.pb.gov.br\/portal\/wp-content\/uploads\/2023\/12\/image00011-272x182.jpeg 272w, https:\/\/www.pm.pb.gov.br\/portal\/wp-content\/uploads\/2023\/12\/image00011.jpeg 1616w\" sizes=\"(max-width: 666px) 100vw, 666px\" \/><\/p>\n<p><img loading=\"lazy\" decoding=\"async\" class=\"alignnone size-medium wp-image-919780\" src=\"http:\/\/www.pm.pb.gov.br\/portal\/wp-content\/uploads\/2023\/12\/image00006-666x445.jpeg\" alt=\"\" width=\"666\" height=\"445\" srcset=\"https:\/\/www.pm.pb.gov.br\/portal\/wp-content\/uploads\/2023\/12\/image00006-666x445.jpeg 666w, https:\/\/www.pm.pb.gov.br\/portal\/wp-content\/uploads\/2023\/12\/image00006-853x570.jpeg 853w, https:\/\/www.pm.pb.gov.br\/portal\/wp-content\/uploads\/2023\/12\/image00006-768x513.jpeg 768w, https:\/\/www.pm.pb.gov.br\/portal\/wp-content\/uploads\/2023\/12\/image00006-1536x1027.jpeg 1536w, https:\/\/www.pm.pb.gov.br\/portal\/wp-content\/uploads\/2023\/12\/image00006-272x182.jpeg 272w, https:\/\/www.pm.pb.gov.br\/portal\/wp-content\/uploads\/2023\/12\/image00006.jpeg 1616w\" sizes=\"(max-width: 666px) 100vw, 666px\" \/><\/p>\n<p><img loading=\"lazy\" decoding=\"async\" class=\"alignnone size-medium wp-image-919781\" src=\"http:\/\/www.pm.pb.gov.br\/portal\/wp-content\/uploads\/2023\/12\/image00004-666x445.jpeg\" alt=\"\" width=\"666\" height=\"445\" srcset=\"https:\/\/www.pm.pb.gov.br\/portal\/wp-content\/uploads\/2023\/12\/image00004-666x445.jpeg 666w, https:\/\/www.pm.pb.gov.br\/portal\/wp-content\/uploads\/2023\/12\/image00004-853x570.jpeg 853w, https:\/\/www.pm.pb.gov.br\/portal\/wp-content\/uploads\/2023\/12\/image00004-768x513.jpeg 768w, https:\/\/www.pm.pb.gov.br\/portal\/wp-content\/uploads\/2023\/12\/image00004-1536x1027.jpeg 1536w, https:\/\/www.pm.pb.gov.br\/portal\/wp-content\/uploads\/2023\/12\/image00004-272x182.jpeg 272w, https:\/\/www.pm.pb.gov.br\/portal\/wp-content\/uploads\/2023\/12\/image00004.jpeg 1616w\" sizes=\"(max-width: 666px) 100vw, 666px\" \/><\/p>\n<p>Texto e fotos: Secom; Jos\u00e9 Marques; Fotos: Ascom PMPB (EM\/5)<\/p>\n<p>\u00a0<\/p>\n","protected":false},"excerpt":{"rendered":"<p>O governador Jo\u00e3o Azev\u00eado e representantes do Minist\u00e9rio da Justi\u00e7a e Seguran\u00e7a P\u00fablica entregaram, nesta quarta-feira (20), no Centro Integrado<\/p>\n","protected":false},"author":12,"featured_media":919771,"comment_status":"closed","ping_status":"closed","sticky":false,"template":"","format":"standard","meta":{"_exactmetrics_skip_tracking":false,"_exactmetrics_sitenote_active":false,"_exactmetrics_sitenote_note":"","_exactmetrics_sitenote_category":0,"footnotes":""},"categories":[9],"tags":[],"yoast_head":"<!-- This site is optimized with the Yoast SEO plugin v22.0 - https:\/\/yoast.com\/wordpress\/plugins\/seo\/ -->\n<title>Governo da Para\u00edba recebe helic\u00f3ptero do Minist\u00e9rio da Justi\u00e7a e entrega equipamentos e ve\u00edculos para as For\u00e7as de Seguran\u00e7a - Pol\u00edcia Militar da Para\u00edba<\/title>\n<meta name=\"robots\" content=\"index, follow, max-snippet:-1, max-image-preview:large, max-video-preview:-1\" \/>\n<link rel=\"canonical\" href=\"https:\/\/www.pm.pb.gov.br\/portal\/2023\/12\/20\/governo-da-paraiba-recebe-helicoptero-do-ministerio-da-justica-e-entrega-equipamentos-e-veiculos-para-as-forcas-de-seguranca\/\" \/>\n<meta property=\"og:locale\" content=\"pt_BR\" \/>\n<meta property=\"og:type\" content=\"article\" \/>\n<meta property=\"og:title\" content=\"Governo da Para\u00edba recebe helic\u00f3ptero do Minist\u00e9rio da Justi\u00e7a e entrega equipamentos e ve\u00edculos para as For\u00e7as de Seguran\u00e7a - Pol\u00edcia Militar da Para\u00edba\" \/>\n<meta property=\"og:description\" content=\"O governador Jo\u00e3o Azev\u00eado e representantes do Minist\u00e9rio da Justi\u00e7a e Seguran\u00e7a P\u00fablica entregaram, nesta quarta-feira (20), no Centro Integrado\" \/>\n<meta property=\"og:url\" content=\"https:\/\/www.pm.pb.gov.br\/portal\/2023\/12\/20\/governo-da-paraiba-recebe-helicoptero-do-ministerio-da-justica-e-entrega-equipamentos-e-veiculos-para-as-forcas-de-seguranca\/\" \/>\n<meta property=\"og:site_name\" content=\"Pol\u00edcia Militar da Para\u00edba\" \/>\n<meta property=\"article:published_time\" content=\"2023-12-20T21:42:00+00:00\" \/>\n<meta property=\"article:modified_time\" content=\"2023-12-22T16:56:01+00:00\" \/>\n<meta property=\"og:image\" content=\"http:\/\/www.pm.pb.gov.br\/portal\/wp-content\/uploads\/2023\/12\/unnamed-35.jpg\" \/>\n\t<meta property=\"og:image:width\" content=\"1417\" \/>\n\t<meta property=\"og:image:height\" content=\"942\" \/>\n\t<meta property=\"og:image:type\" content=\"image\/jpeg\" \/>\n<meta name=\"author\" content=\"Tarcisio Oliveira\" \/>\n<meta name=\"twitter:card\" content=\"summary_large_image\" \/>\n<meta name=\"twitter:label1\" content=\"Escrito por\" \/>\n\t<meta name=\"twitter:data1\" content=\"Tarcisio Oliveira\" \/>\n\t<meta name=\"twitter:label2\" content=\"Est. tempo de leitura\" \/>\n\t<meta name=\"twitter:data2\" content=\"6 minutos\" \/>\n<script type=\"application\/ld+json\" class=\"yoast-schema-graph\">{\"@context\":\"https:\/\/schema.org\",\"@graph\":[{\"@type\":\"Article\",\"@id\":\"https:\/\/www.pm.pb.gov.br\/portal\/2023\/12\/20\/governo-da-paraiba-recebe-helicoptero-do-ministerio-da-justica-e-entrega-equipamentos-e-veiculos-para-as-forcas-de-seguranca\/#article\",\"isPartOf\":{\"@id\":\"https:\/\/www.pm.pb.gov.br\/portal\/2023\/12\/20\/governo-da-paraiba-recebe-helicoptero-do-ministerio-da-justica-e-entrega-equipamentos-e-veiculos-para-as-forcas-de-seguranca\/\"},\"author\":{\"name\":\"Tarcisio Oliveira\",\"@id\":\"https:\/\/www.pm.pb.gov.br\/portal\/#\/schema\/person\/f84f56dcc78ce4357054da888b8247fd\"},\"headline\":\"Governo da Para\u00edba recebe helic\u00f3ptero do Minist\u00e9rio da Justi\u00e7a e entrega equipamentos e ve\u00edculos para as For\u00e7as de Seguran\u00e7a\",\"datePublished\":\"2023-12-20T21:42:00+00:00\",\"dateModified\":\"2023-12-22T16:56:01+00:00\",\"mainEntityOfPage\":{\"@id\":\"https:\/\/www.pm.pb.gov.br\/portal\/2023\/12\/20\/governo-da-paraiba-recebe-helicoptero-do-ministerio-da-justica-e-entrega-equipamentos-e-veiculos-para-as-forcas-de-seguranca\/\"},\"wordCount\":791,\"publisher\":{\"@id\":\"https:\/\/www.pm.pb.gov.br\/portal\/#organization\"},\"articleSection\":[\"Eventos\"],\"inLanguage\":\"pt-BR\"},{\"@type\":\"WebPage\",\"@id\":\"https:\/\/www.pm.pb.gov.br\/portal\/2023\/12\/20\/governo-da-paraiba-recebe-helicoptero-do-ministerio-da-justica-e-entrega-equipamentos-e-veiculos-para-as-forcas-de-seguranca\/\",\"url\":\"https:\/\/www.pm.pb.gov.br\/portal\/2023\/12\/20\/governo-da-paraiba-recebe-helicoptero-do-ministerio-da-justica-e-entrega-equipamentos-e-veiculos-para-as-forcas-de-seguranca\/\",\"name\":\"Governo da Para\u00edba recebe helic\u00f3ptero do Minist\u00e9rio da Justi\u00e7a e entrega equipamentos e ve\u00edculos para as For\u00e7as de Seguran\u00e7a - Pol\u00edcia Militar da Para\u00edba\",\"isPartOf\":{\"@id\":\"https:\/\/www.pm.pb.gov.br\/portal\/#website\"},\"datePublished\":\"2023-12-20T21:42:00+00:00\",\"dateModified\":\"2023-12-22T16:56:01+00:00\",\"breadcrumb\":{\"@id\":\"https:\/\/www.pm.pb.gov.br\/portal\/2023\/12\/20\/governo-da-paraiba-recebe-helicoptero-do-ministerio-da-justica-e-entrega-equipamentos-e-veiculos-para-as-forcas-de-seguranca\/#breadcrumb\"},\"inLanguage\":\"pt-BR\",\"potentialAction\":[{\"@type\":\"ReadAction\",\"target\":[\"https:\/\/www.pm.pb.gov.br\/portal\/2023\/12\/20\/governo-da-paraiba-recebe-helicoptero-do-ministerio-da-justica-e-entrega-equipamentos-e-veiculos-para-as-forcas-de-seguranca\/\"]}]},{\"@type\":\"BreadcrumbList\",\"@id\":\"https:\/\/www.pm.pb.gov.br\/portal\/2023\/12\/20\/governo-da-paraiba-recebe-helicoptero-do-ministerio-da-justica-e-entrega-equipamentos-e-veiculos-para-as-forcas-de-seguranca\/#breadcrumb\",\"itemListElement\":[{\"@type\":\"ListItem\",\"position\":1,\"name\":\"In\u00edcio\",\"item\":\"https:\/\/www.pm.pb.gov.br\/portal\/\"},{\"@type\":\"ListItem\",\"position\":2,\"name\":\"Governo da Para\u00edba recebe helic\u00f3ptero do Minist\u00e9rio da Justi\u00e7a e entrega equipamentos e ve\u00edculos para as For\u00e7as de Seguran\u00e7a\"}]},{\"@type\":\"WebSite\",\"@id\":\"https:\/\/www.pm.pb.gov.br\/portal\/#website\",\"url\":\"https:\/\/www.pm.pb.gov.br\/portal\/\",\"name\":\"Pol\u00edcia Militar da Para\u00edba\",\"description\":\"\",\"publisher\":{\"@id\":\"https:\/\/www.pm.pb.gov.br\/portal\/#organization\"},\"potentialAction\":[{\"@type\":\"SearchAction\",\"target\":{\"@type\":\"EntryPoint\",\"urlTemplate\":\"https:\/\/www.pm.pb.gov.br\/portal\/?s={search_term_string}\"},\"query-input\":\"required name=search_term_string\"}],\"inLanguage\":\"pt-BR\"},{\"@type\":\"Organization\",\"@id\":\"https:\/\/www.pm.pb.gov.br\/portal\/#organization\",\"name\":\"Pol\u00edcia Militar da Para\u00edba\",\"url\":\"https:\/\/www.pm.pb.gov.br\/portal\/\",\"logo\":{\"@type\":\"ImageObject\",\"inLanguage\":\"pt-BR\",\"@id\":\"https:\/\/www.pm.pb.gov.br\/portal\/#\/schema\/logo\/image\/\",\"url\":\"https:\/\/www.pm.pb.gov.br\/portal\/wp-content\/uploads\/2025\/03\/cropped-logo-site-mag2-1.png\",\"contentUrl\":\"https:\/\/www.pm.pb.gov.br\/portal\/wp-content\/uploads\/2025\/03\/cropped-logo-site-mag2-1.png\",\"width\":320,\"height\":90,\"caption\":\"Pol\u00edcia Militar da Para\u00edba\"},\"image\":{\"@id\":\"https:\/\/www.pm.pb.gov.br\/portal\/#\/schema\/logo\/image\/\"}},{\"@type\":\"Person\",\"@id\":\"https:\/\/www.pm.pb.gov.br\/portal\/#\/schema\/person\/f84f56dcc78ce4357054da888b8247fd\",\"name\":\"Tarcisio Oliveira\",\"image\":{\"@type\":\"ImageObject\",\"inLanguage\":\"pt-BR\",\"@id\":\"https:\/\/www.pm.pb.gov.br\/portal\/#\/schema\/person\/image\/\",\"url\":\"https:\/\/secure.gravatar.com\/avatar\/72917b630b69d31cd0297507f34bac97?s=96&d=mm&r=g\",\"contentUrl\":\"https:\/\/secure.gravatar.com\/avatar\/72917b630b69d31cd0297507f34bac97?s=96&d=mm&r=g\",\"caption\":\"Tarcisio Oliveira\"},\"url\":\"https:\/\/www.pm.pb.gov.br\/portal\/author\/tarcisio\/\"}]}<\/script>\n<!-- \/ Yoast SEO plugin. -->","yoast_head_json":{"title":"Governo da Para\u00edba recebe helic\u00f3ptero do Minist\u00e9rio da Justi\u00e7a e entrega equipamentos e ve\u00edculos para as For\u00e7as de Seguran\u00e7a - Pol\u00edcia Militar da Para\u00edba","robots":{"index":"index","follow":"follow","max-snippet":"max-snippet:-1","max-image-preview":"max-image-preview:large","max-video-preview":"max-video-preview:-1"},"canonical":"https:\/\/www.pm.pb.gov.br\/portal\/2023\/12\/20\/governo-da-paraiba-recebe-helicoptero-do-ministerio-da-justica-e-entrega-equipamentos-e-veiculos-para-as-forcas-de-seguranca\/","og_locale":"pt_BR","og_type":"article","og_title":"Governo da Para\u00edba recebe helic\u00f3ptero do Minist\u00e9rio da Justi\u00e7a e entrega equipamentos e ve\u00edculos para as For\u00e7as de Seguran\u00e7a - Pol\u00edcia Militar da Para\u00edba","og_description":"O governador Jo\u00e3o Azev\u00eado e representantes do Minist\u00e9rio da Justi\u00e7a e Seguran\u00e7a P\u00fablica entregaram, nesta quarta-feira (20), no Centro Integrado","og_url":"https:\/\/www.pm.pb.gov.br\/portal\/2023\/12\/20\/governo-da-paraiba-recebe-helicoptero-do-ministerio-da-justica-e-entrega-equipamentos-e-veiculos-para-as-forcas-de-seguranca\/","og_site_name":"Pol\u00edcia Militar da Para\u00edba","article_published_time":"2023-12-20T21:42:00+00:00","article_modified_time":"2023-12-22T16:56:01+00:00","og_image":[{"width":1417,"height":942,"url":"http:\/\/www.pm.pb.gov.br\/portal\/wp-content\/uploads\/2023\/12\/unnamed-35.jpg","type":"image\/jpeg"}],"author":"Tarcisio Oliveira","twitter_card":"summary_large_image","twitter_misc":{"Escrito por":"Tarcisio Oliveira","Est. tempo de leitura":"6 minutos"},"schema":{"@context":"https:\/\/schema.org","@graph":[{"@type":"Article","@id":"https:\/\/www.pm.pb.gov.br\/portal\/2023\/12\/20\/governo-da-paraiba-recebe-helicoptero-do-ministerio-da-justica-e-entrega-equipamentos-e-veiculos-para-as-forcas-de-seguranca\/#article","isPartOf":{"@id":"https:\/\/www.pm.pb.gov.br\/portal\/2023\/12\/20\/governo-da-paraiba-recebe-helicoptero-do-ministerio-da-justica-e-entrega-equipamentos-e-veiculos-para-as-forcas-de-seguranca\/"},"author":{"name":"Tarcisio Oliveira","@id":"https:\/\/www.pm.pb.gov.br\/portal\/#\/schema\/person\/f84f56dcc78ce4357054da888b8247fd"},"headline":"Governo da Para\u00edba recebe helic\u00f3ptero do Minist\u00e9rio da Justi\u00e7a e entrega equipamentos e ve\u00edculos para as For\u00e7as de Seguran\u00e7a","datePublished":"2023-12-20T21:42:00+00:00","dateModified":"2023-12-22T16:56:01+00:00","mainEntityOfPage":{"@id":"https:\/\/www.pm.pb.gov.br\/portal\/2023\/12\/20\/governo-da-paraiba-recebe-helicoptero-do-ministerio-da-justica-e-entrega-equipamentos-e-veiculos-para-as-forcas-de-seguranca\/"},"wordCount":791,"publisher":{"@id":"https:\/\/www.pm.pb.gov.br\/portal\/#organization"},"articleSection":["Eventos"],"inLanguage":"pt-BR"},{"@type":"WebPage","@id":"https:\/\/www.pm.pb.gov.br\/portal\/2023\/12\/20\/governo-da-paraiba-recebe-helicoptero-do-ministerio-da-justica-e-entrega-equipamentos-e-veiculos-para-as-forcas-de-seguranca\/","url":"https:\/\/www.pm.pb.gov.br\/portal\/2023\/12\/20\/governo-da-paraiba-recebe-helicoptero-do-ministerio-da-justica-e-entrega-equipamentos-e-veiculos-para-as-forcas-de-seguranca\/","name":"Governo da Para\u00edba recebe helic\u00f3ptero do Minist\u00e9rio da Justi\u00e7a e entrega equipamentos e ve\u00edculos para as For\u00e7as de Seguran\u00e7a - Pol\u00edcia Militar da Para\u00edba","isPartOf":{"@id":"https:\/\/www.pm.pb.gov.br\/portal\/#website"},"datePublished":"2023-12-20T21:42:00+00:00","dateModified":"2023-12-22T16:56:01+00:00","breadcrumb":{"@id":"https:\/\/www.pm.pb.gov.br\/portal\/2023\/12\/20\/governo-da-paraiba-recebe-helicoptero-do-ministerio-da-justica-e-entrega-equipamentos-e-veiculos-para-as-forcas-de-seguranca\/#breadcrumb"},"inLanguage":"pt-BR","potentialAction":[{"@type":"ReadAction","target":["https:\/\/www.pm.pb.gov.br\/portal\/2023\/12\/20\/governo-da-paraiba-recebe-helicoptero-do-ministerio-da-justica-e-entrega-equipamentos-e-veiculos-para-as-forcas-de-seguranca\/"]}]},{"@type":"BreadcrumbList","@id":"https:\/\/www.pm.pb.gov.br\/portal\/2023\/12\/20\/governo-da-paraiba-recebe-helicoptero-do-ministerio-da-justica-e-entrega-equipamentos-e-veiculos-para-as-forcas-de-seguranca\/#breadcrumb","itemListElement":[{"@type":"ListItem","position":1,"name":"In\u00edcio","item":"https:\/\/www.pm.pb.gov.br\/portal\/"},{"@type":"ListItem","position":2,"name":"Governo da Para\u00edba recebe helic\u00f3ptero do Minist\u00e9rio da Justi\u00e7a e entrega equipamentos e ve\u00edculos para as For\u00e7as de Seguran\u00e7a"}]},{"@type":"WebSite","@id":"https:\/\/www.pm.pb.gov.br\/portal\/#website","url":"https:\/\/www.pm.pb.gov.br\/portal\/","name":"Pol\u00edcia Militar da Para\u00edba","description":"","publisher":{"@id":"https:\/\/www.pm.pb.gov.br\/portal\/#organization"},"potentialAction":[{"@type":"SearchAction","target":{"@type":"EntryPoint","urlTemplate":"https:\/\/www.pm.pb.gov.br\/portal\/?s={search_term_string}"},"query-input":"required name=search_term_string"}],"inLanguage":"pt-BR"},{"@type":"Organization","@id":"https:\/\/www.pm.pb.gov.br\/portal\/#organization","name":"Pol\u00edcia Militar da Para\u00edba","url":"https:\/\/www.pm.pb.gov.br\/portal\/","logo":{"@type":"ImageObject","inLanguage":"pt-BR","@id":"https:\/\/www.pm.pb.gov.br\/portal\/#\/schema\/logo\/image\/","url":"https:\/\/www.pm.pb.gov.br\/portal\/wp-content\/uploads\/2025\/03\/cropped-logo-site-mag2-1.png","contentUrl":"https:\/\/www.pm.pb.gov.br\/portal\/wp-content\/uploads\/2025\/03\/cropped-logo-site-mag2-1.png","width":320,"height":90,"caption":"Pol\u00edcia Militar da Para\u00edba"},"image":{"@id":"https:\/\/www.pm.pb.gov.br\/portal\/#\/schema\/logo\/image\/"}},{"@type":"Person","@id":"https:\/\/www.pm.pb.gov.br\/portal\/#\/schema\/person\/f84f56dcc78ce4357054da888b8247fd","name":"Tarcisio Oliveira","image":{"@type":"ImageObject","inLanguage":"pt-BR","@id":"https:\/\/www.pm.pb.gov.br\/portal\/#\/schema\/person\/image\/","url":"https:\/\/secure.gravatar.com\/avatar\/72917b630b69d31cd0297507f34bac97?s=96&d=mm&r=g","contentUrl":"https:\/\/secure.gravatar.com\/avatar\/72917b630b69d31cd0297507f34bac97?s=96&d=mm&r=g","caption":"Tarcisio Oliveira"},"url":"https:\/\/www.pm.pb.gov.br\/portal\/author\/tarcisio\/"}]}},"_links":{"self":[{"href":"https:\/\/www.pm.pb.gov.br\/portal\/wp-json\/wp\/v2\/posts\/919770"}],"collection":[{"href":"https:\/\/www.pm.pb.gov.br\/portal\/wp-json\/wp\/v2\/posts"}],"about":[{"href":"https:\/\/www.pm.pb.gov.br\/portal\/wp-json\/wp\/v2\/types\/post"}],"author":[{"embeddable":true,"href":"https:\/\/www.pm.pb.gov.br\/portal\/wp-json\/wp\/v2\/users\/12"}],"replies":[{"embeddable":true,"href":"https:\/\/www.pm.pb.gov.br\/portal\/wp-json\/wp\/v2\/comments?post=919770"}],"version-history":[{"count":2,"href":"https:\/\/www.pm.pb.gov.br\/portal\/wp-json\/wp\/v2\/posts\/919770\/revisions"}],"predecessor-version":[{"id":919783,"href":"https:\/\/www.pm.pb.gov.br\/portal\/wp-json\/wp\/v2\/posts\/919770\/revisions\/919783"}],"wp:featuredmedia":[{"embeddable":true,"href":"https:\/\/www.pm.pb.gov.br\/portal\/wp-json\/wp\/v2\/media\/919771"}],"wp:attachment":[{"href":"https:\/\/www.pm.pb.gov.br\/portal\/wp-json\/wp\/v2\/media?parent=919770"}],"wp:term":[{"taxonomy":"category","embeddable":true,"href":"https:\/\/www.pm.pb.gov.br\/portal\/wp-json\/wp\/v2\/categories?post=919770"},{"taxonomy":"post_tag","embeddable":true,"href":"https:\/\/www.pm.pb.gov.br\/portal\/wp-json\/wp\/v2\/tags?post=919770"}],"curies":[{"name":"wp","href":"https:\/\/api.w.org\/{rel}","templated":true}]}}