{"id":919755,"date":"2023-12-22T10:53:07","date_gmt":"2023-12-22T13:53:07","guid":{"rendered":"https:\/\/www.pm.pb.gov.br\/portal\/?p=919755"},"modified":"2023-12-22T11:15:05","modified_gmt":"2023-12-22T14:15:05","slug":"operacao-sartunalia-forcas-de-seguranca-cumprem-mandados-em-cidades-do-litoral-sul","status":"publish","type":"post","link":"https:\/\/www.pm.pb.gov.br\/portal\/2023\/12\/22\/operacao-sartunalia-forcas-de-seguranca-cumprem-mandados-em-cidades-do-litoral-sul\/","title":{"rendered":"\u201cOpera\u00e7\u00e3o Sartun\u00e1lia\u201d: For\u00e7as de Seguran\u00e7a cumprem mandados em cidades do litoral sul"},"content":{"rendered":"\n<p>Uma a\u00e7\u00e3o conjunta das For\u00e7as de Seguran\u00e7a da Para\u00edba, nesta manh\u00e3 de sexta-feira (22), apreendeu coletes bal\u00edsticos, celulares, drogas e prendeu tr\u00eas pessoas no litoral sul. A Opera\u00e7\u00e3o Sartun\u00e1lia envolveu policiais militares da 1\u00aa Companhia Independente, For\u00e7a Regional, a Pol\u00edcia Civil atrav\u00e9s da 6\u00aa Delegacia Seccional e o N\u00facleo de Homic\u00eddios, al\u00e9m do Corpo de Bombeiros (foto acima).<\/p>\n<p>De acordo com a 1\u00aa CIPM, foram cumpridos mandados de pris\u00e3o, de busca e apreens\u00e3o, nos munic\u00edpios de Conde, Pitimbu, Caapor\u00e3 e Pedras de Fogo. Segundo a unidade, o objetivo foi de prevenir e combater os crimes na regi\u00e3o, al\u00e9m de fortalecer a garantia da ordem e seguran\u00e7a p\u00fablica.<\/p>\n<p><img loading=\"lazy\" decoding=\"async\" class=\" wp-image-919761 aligncenter\" src=\"http:\/\/www.pm.pb.gov.br\/portal\/wp-content\/uploads\/2023\/12\/WhatsApp-Image-2023-12-22-at-11.29.51-593x445.jpeg\" alt=\"\" width=\"515\" height=\"387\" srcset=\"https:\/\/www.pm.pb.gov.br\/portal\/wp-content\/uploads\/2023\/12\/WhatsApp-Image-2023-12-22-at-11.29.51-593x445.jpeg 593w, https:\/\/www.pm.pb.gov.br\/portal\/wp-content\/uploads\/2023\/12\/WhatsApp-Image-2023-12-22-at-11.29.51-760x570.jpeg 760w, https:\/\/www.pm.pb.gov.br\/portal\/wp-content\/uploads\/2023\/12\/WhatsApp-Image-2023-12-22-at-11.29.51-768x576.jpeg 768w, https:\/\/www.pm.pb.gov.br\/portal\/wp-content\/uploads\/2023\/12\/WhatsApp-Image-2023-12-22-at-11.29.51-1536x1152.jpeg 1536w, https:\/\/www.pm.pb.gov.br\/portal\/wp-content\/uploads\/2023\/12\/WhatsApp-Image-2023-12-22-at-11.29.51.jpeg 1600w\" sizes=\"(max-width: 515px) 100vw, 515px\" \/><\/p>\n<p><img loading=\"lazy\" decoding=\"async\" class=\" wp-image-919760 aligncenter\" src=\"http:\/\/www.pm.pb.gov.br\/portal\/wp-content\/uploads\/2023\/12\/WhatsApp-Image-2023-12-22-at-11.29.52-593x445.jpeg\" alt=\"\" width=\"530\" height=\"398\" srcset=\"https:\/\/www.pm.pb.gov.br\/portal\/wp-content\/uploads\/2023\/12\/WhatsApp-Image-2023-12-22-at-11.29.52-593x445.jpeg 593w, https:\/\/www.pm.pb.gov.br\/portal\/wp-content\/uploads\/2023\/12\/WhatsApp-Image-2023-12-22-at-11.29.52-760x570.jpeg 760w, https:\/\/www.pm.pb.gov.br\/portal\/wp-content\/uploads\/2023\/12\/WhatsApp-Image-2023-12-22-at-11.29.52-768x576.jpeg 768w, https:\/\/www.pm.pb.gov.br\/portal\/wp-content\/uploads\/2023\/12\/WhatsApp-Image-2023-12-22-at-11.29.52-1536x1152.jpeg 1536w, https:\/\/www.pm.pb.gov.br\/portal\/wp-content\/uploads\/2023\/12\/WhatsApp-Image-2023-12-22-at-11.29.52.jpeg 1600w\" sizes=\"(max-width: 530px) 100vw, 530px\" \/><\/p>\n<p>Com a chegada da Opera\u00e7\u00e3o Ver\u00e3o, novas a\u00e7\u00f5es devem acontecer no litoral sul da Para\u00edba.<\/p>\n<p><em>Atualizado \u00e0s 11h34.<\/em><\/p>\n","protected":false},"excerpt":{"rendered":"<p>Uma a\u00e7\u00e3o conjunta das For\u00e7as de Seguran\u00e7a da Para\u00edba, nesta manh\u00e3 de sexta-feira (22), apreendeu coletes bal\u00edsticos, celulares, drogas e<\/p>\n","protected":false},"author":12,"featured_media":919756,"comment_status":"closed","ping_status":"closed","sticky":false,"template":"","format":"standard","meta":{"_exactmetrics_skip_tracking":false,"_exactmetrics_sitenote_active":false,"_exactmetrics_sitenote_note":"","_exactmetrics_sitenote_category":0,"footnotes":""},"categories":[4],"tags":[],"yoast_head":"<!-- This site is optimized with the Yoast SEO plugin v22.0 - https:\/\/yoast.com\/wordpress\/plugins\/seo\/ -->\n<title>\u201cOpera\u00e7\u00e3o Sartun\u00e1lia\u201d: For\u00e7as de Seguran\u00e7a cumprem mandados em cidades do litoral sul - Pol\u00edcia Militar da Para\u00edba<\/title>\n<meta name=\"description\" content=\"Foram cumpridos mandados de pris\u00e3o, de busca e apreens\u00e3o, nos munic\u00edpios de Conde, Pitimbu, Caapor\u00e3 e Pedras de Fogo.\" \/>\n<meta name=\"robots\" content=\"index, follow, max-snippet:-1, max-image-preview:large, max-video-preview:-1\" \/>\n<link rel=\"canonical\" href=\"https:\/\/www.pm.pb.gov.br\/portal\/2023\/12\/22\/operacao-sartunalia-forcas-de-seguranca-cumprem-mandados-em-cidades-do-litoral-sul\/\" \/>\n<meta property=\"og:locale\" content=\"pt_BR\" \/>\n<meta property=\"og:type\" content=\"article\" \/>\n<meta property=\"og:title\" content=\"\u201cOpera\u00e7\u00e3o Sartun\u00e1lia\u201d: For\u00e7as de Seguran\u00e7a cumprem mandados em cidades do litoral sul - Pol\u00edcia Militar da Para\u00edba\" \/>\n<meta property=\"og:description\" content=\"Foram cumpridos mandados de pris\u00e3o, de busca e apreens\u00e3o, nos munic\u00edpios de Conde, Pitimbu, Caapor\u00e3 e Pedras de Fogo.\" \/>\n<meta property=\"og:url\" content=\"https:\/\/www.pm.pb.gov.br\/portal\/2023\/12\/22\/operacao-sartunalia-forcas-de-seguranca-cumprem-mandados-em-cidades-do-litoral-sul\/\" \/>\n<meta property=\"og:site_name\" content=\"Pol\u00edcia Militar da Para\u00edba\" \/>\n<meta property=\"article:published_time\" content=\"2023-12-22T13:53:07+00:00\" \/>\n<meta property=\"article:modified_time\" content=\"2023-12-22T14:15:05+00:00\" \/>\n<meta property=\"og:image\" content=\"http:\/\/www.pm.pb.gov.br\/portal\/wp-content\/uploads\/2023\/12\/1cipm1.jpeg\" \/>\n\t<meta property=\"og:image:width\" content=\"800\" \/>\n\t<meta property=\"og:image:height\" content=\"445\" \/>\n\t<meta property=\"og:image:type\" content=\"image\/jpeg\" \/>\n<meta name=\"author\" content=\"Tarcisio Oliveira\" \/>\n<meta name=\"twitter:card\" content=\"summary_large_image\" \/>\n<meta name=\"twitter:label1\" content=\"Escrito por\" \/>\n\t<meta name=\"twitter:data1\" content=\"Tarcisio Oliveira\" \/>\n\t<meta name=\"twitter:label2\" content=\"Est. tempo de leitura\" \/>\n\t<meta name=\"twitter:data2\" content=\"2 minutos\" \/>\n<script type=\"application\/ld+json\" class=\"yoast-schema-graph\">{\"@context\":\"https:\/\/schema.org\",\"@graph\":[{\"@type\":\"Article\",\"@id\":\"https:\/\/www.pm.pb.gov.br\/portal\/2023\/12\/22\/operacao-sartunalia-forcas-de-seguranca-cumprem-mandados-em-cidades-do-litoral-sul\/#article\",\"isPartOf\":{\"@id\":\"https:\/\/www.pm.pb.gov.br\/portal\/2023\/12\/22\/operacao-sartunalia-forcas-de-seguranca-cumprem-mandados-em-cidades-do-litoral-sul\/\"},\"author\":{\"name\":\"Tarcisio Oliveira\",\"@id\":\"https:\/\/www.pm.pb.gov.br\/portal\/#\/schema\/person\/f84f56dcc78ce4357054da888b8247fd\"},\"headline\":\"\u201cOpera\u00e7\u00e3o Sartun\u00e1lia\u201d: For\u00e7as de Seguran\u00e7a cumprem mandados em cidades do litoral sul\",\"datePublished\":\"2023-12-22T13:53:07+00:00\",\"dateModified\":\"2023-12-22T14:15:05+00:00\",\"mainEntityOfPage\":{\"@id\":\"https:\/\/www.pm.pb.gov.br\/portal\/2023\/12\/22\/operacao-sartunalia-forcas-de-seguranca-cumprem-mandados-em-cidades-do-litoral-sul\/\"},\"wordCount\":162,\"publisher\":{\"@id\":\"https:\/\/www.pm.pb.gov.br\/portal\/#organization\"},\"articleSection\":[\"A\u00e7\u00f5es Policiais\"],\"inLanguage\":\"pt-BR\"},{\"@type\":\"WebPage\",\"@id\":\"https:\/\/www.pm.pb.gov.br\/portal\/2023\/12\/22\/operacao-sartunalia-forcas-de-seguranca-cumprem-mandados-em-cidades-do-litoral-sul\/\",\"url\":\"https:\/\/www.pm.pb.gov.br\/portal\/2023\/12\/22\/operacao-sartunalia-forcas-de-seguranca-cumprem-mandados-em-cidades-do-litoral-sul\/\",\"name\":\"\u201cOpera\u00e7\u00e3o Sartun\u00e1lia\u201d: For\u00e7as de Seguran\u00e7a cumprem mandados em cidades do litoral sul - Pol\u00edcia Militar da Para\u00edba\",\"isPartOf\":{\"@id\":\"https:\/\/www.pm.pb.gov.br\/portal\/#website\"},\"datePublished\":\"2023-12-22T13:53:07+00:00\",\"dateModified\":\"2023-12-22T14:15:05+00:00\",\"description\":\"Foram cumpridos mandados de pris\u00e3o, de busca e apreens\u00e3o, nos munic\u00edpios de Conde, Pitimbu, Caapor\u00e3 e Pedras de Fogo.\",\"breadcrumb\":{\"@id\":\"https:\/\/www.pm.pb.gov.br\/portal\/2023\/12\/22\/operacao-sartunalia-forcas-de-seguranca-cumprem-mandados-em-cidades-do-litoral-sul\/#breadcrumb\"},\"inLanguage\":\"pt-BR\",\"potentialAction\":[{\"@type\":\"ReadAction\",\"target\":[\"https:\/\/www.pm.pb.gov.br\/portal\/2023\/12\/22\/operacao-sartunalia-forcas-de-seguranca-cumprem-mandados-em-cidades-do-litoral-sul\/\"]}]},{\"@type\":\"BreadcrumbList\",\"@id\":\"https:\/\/www.pm.pb.gov.br\/portal\/2023\/12\/22\/operacao-sartunalia-forcas-de-seguranca-cumprem-mandados-em-cidades-do-litoral-sul\/#breadcrumb\",\"itemListElement\":[{\"@type\":\"ListItem\",\"position\":1,\"name\":\"In\u00edcio\",\"item\":\"https:\/\/www.pm.pb.gov.br\/portal\/\"},{\"@type\":\"ListItem\",\"position\":2,\"name\":\"\u201cOpera\u00e7\u00e3o Sartun\u00e1lia\u201d: For\u00e7as de Seguran\u00e7a cumprem mandados em cidades do litoral sul\"}]},{\"@type\":\"WebSite\",\"@id\":\"https:\/\/www.pm.pb.gov.br\/portal\/#website\",\"url\":\"https:\/\/www.pm.pb.gov.br\/portal\/\",\"name\":\"Pol\u00edcia Militar da Para\u00edba\",\"description\":\"\",\"publisher\":{\"@id\":\"https:\/\/www.pm.pb.gov.br\/portal\/#organization\"},\"potentialAction\":[{\"@type\":\"SearchAction\",\"target\":{\"@type\":\"EntryPoint\",\"urlTemplate\":\"https:\/\/www.pm.pb.gov.br\/portal\/?s={search_term_string}\"},\"query-input\":\"required name=search_term_string\"}],\"inLanguage\":\"pt-BR\"},{\"@type\":\"Organization\",\"@id\":\"https:\/\/www.pm.pb.gov.br\/portal\/#organization\",\"name\":\"Pol\u00edcia Militar da Para\u00edba\",\"url\":\"https:\/\/www.pm.pb.gov.br\/portal\/\",\"logo\":{\"@type\":\"ImageObject\",\"inLanguage\":\"pt-BR\",\"@id\":\"https:\/\/www.pm.pb.gov.br\/portal\/#\/schema\/logo\/image\/\",\"url\":\"https:\/\/www.pm.pb.gov.br\/portal\/wp-content\/uploads\/2025\/03\/cropped-logo-site-mag2-1.png\",\"contentUrl\":\"https:\/\/www.pm.pb.gov.br\/portal\/wp-content\/uploads\/2025\/03\/cropped-logo-site-mag2-1.png\",\"width\":320,\"height\":90,\"caption\":\"Pol\u00edcia Militar da Para\u00edba\"},\"image\":{\"@id\":\"https:\/\/www.pm.pb.gov.br\/portal\/#\/schema\/logo\/image\/\"}},{\"@type\":\"Person\",\"@id\":\"https:\/\/www.pm.pb.gov.br\/portal\/#\/schema\/person\/f84f56dcc78ce4357054da888b8247fd\",\"name\":\"Tarcisio Oliveira\",\"image\":{\"@type\":\"ImageObject\",\"inLanguage\":\"pt-BR\",\"@id\":\"https:\/\/www.pm.pb.gov.br\/portal\/#\/schema\/person\/image\/\",\"url\":\"https:\/\/secure.gravatar.com\/avatar\/72917b630b69d31cd0297507f34bac97?s=96&d=mm&r=g\",\"contentUrl\":\"https:\/\/secure.gravatar.com\/avatar\/72917b630b69d31cd0297507f34bac97?s=96&d=mm&r=g\",\"caption\":\"Tarcisio Oliveira\"},\"url\":\"https:\/\/www.pm.pb.gov.br\/portal\/author\/tarcisio\/\"}]}<\/script>\n<!-- \/ Yoast SEO plugin. -->","yoast_head_json":{"title":"\u201cOpera\u00e7\u00e3o Sartun\u00e1lia\u201d: For\u00e7as de Seguran\u00e7a cumprem mandados em cidades do litoral sul - Pol\u00edcia Militar da Para\u00edba","description":"Foram cumpridos mandados de pris\u00e3o, de busca e apreens\u00e3o, nos munic\u00edpios de Conde, Pitimbu, Caapor\u00e3 e Pedras de Fogo.","robots":{"index":"index","follow":"follow","max-snippet":"max-snippet:-1","max-image-preview":"max-image-preview:large","max-video-preview":"max-video-preview:-1"},"canonical":"https:\/\/www.pm.pb.gov.br\/portal\/2023\/12\/22\/operacao-sartunalia-forcas-de-seguranca-cumprem-mandados-em-cidades-do-litoral-sul\/","og_locale":"pt_BR","og_type":"article","og_title":"\u201cOpera\u00e7\u00e3o Sartun\u00e1lia\u201d: For\u00e7as de Seguran\u00e7a cumprem mandados em cidades do litoral sul - Pol\u00edcia Militar da Para\u00edba","og_description":"Foram cumpridos mandados de pris\u00e3o, de busca e apreens\u00e3o, nos munic\u00edpios de Conde, Pitimbu, Caapor\u00e3 e Pedras de Fogo.","og_url":"https:\/\/www.pm.pb.gov.br\/portal\/2023\/12\/22\/operacao-sartunalia-forcas-de-seguranca-cumprem-mandados-em-cidades-do-litoral-sul\/","og_site_name":"Pol\u00edcia Militar da Para\u00edba","article_published_time":"2023-12-22T13:53:07+00:00","article_modified_time":"2023-12-22T14:15:05+00:00","og_image":[{"width":800,"height":445,"url":"http:\/\/www.pm.pb.gov.br\/portal\/wp-content\/uploads\/2023\/12\/1cipm1.jpeg","type":"image\/jpeg"}],"author":"Tarcisio Oliveira","twitter_card":"summary_large_image","twitter_misc":{"Escrito por":"Tarcisio Oliveira","Est. tempo de leitura":"2 minutos"},"schema":{"@context":"https:\/\/schema.org","@graph":[{"@type":"Article","@id":"https:\/\/www.pm.pb.gov.br\/portal\/2023\/12\/22\/operacao-sartunalia-forcas-de-seguranca-cumprem-mandados-em-cidades-do-litoral-sul\/#article","isPartOf":{"@id":"https:\/\/www.pm.pb.gov.br\/portal\/2023\/12\/22\/operacao-sartunalia-forcas-de-seguranca-cumprem-mandados-em-cidades-do-litoral-sul\/"},"author":{"name":"Tarcisio Oliveira","@id":"https:\/\/www.pm.pb.gov.br\/portal\/#\/schema\/person\/f84f56dcc78ce4357054da888b8247fd"},"headline":"\u201cOpera\u00e7\u00e3o Sartun\u00e1lia\u201d: For\u00e7as de Seguran\u00e7a cumprem mandados em cidades do litoral sul","datePublished":"2023-12-22T13:53:07+00:00","dateModified":"2023-12-22T14:15:05+00:00","mainEntityOfPage":{"@id":"https:\/\/www.pm.pb.gov.br\/portal\/2023\/12\/22\/operacao-sartunalia-forcas-de-seguranca-cumprem-mandados-em-cidades-do-litoral-sul\/"},"wordCount":162,"publisher":{"@id":"https:\/\/www.pm.pb.gov.br\/portal\/#organization"},"articleSection":["A\u00e7\u00f5es Policiais"],"inLanguage":"pt-BR"},{"@type":"WebPage","@id":"https:\/\/www.pm.pb.gov.br\/portal\/2023\/12\/22\/operacao-sartunalia-forcas-de-seguranca-cumprem-mandados-em-cidades-do-litoral-sul\/","url":"https:\/\/www.pm.pb.gov.br\/portal\/2023\/12\/22\/operacao-sartunalia-forcas-de-seguranca-cumprem-mandados-em-cidades-do-litoral-sul\/","name":"\u201cOpera\u00e7\u00e3o Sartun\u00e1lia\u201d: For\u00e7as de Seguran\u00e7a cumprem mandados em cidades do litoral sul - Pol\u00edcia Militar da Para\u00edba","isPartOf":{"@id":"https:\/\/www.pm.pb.gov.br\/portal\/#website"},"datePublished":"2023-12-22T13:53:07+00:00","dateModified":"2023-12-22T14:15:05+00:00","description":"Foram cumpridos mandados de pris\u00e3o, de busca e apreens\u00e3o, nos munic\u00edpios de Conde, Pitimbu, Caapor\u00e3 e Pedras de Fogo.","breadcrumb":{"@id":"https:\/\/www.pm.pb.gov.br\/portal\/2023\/12\/22\/operacao-sartunalia-forcas-de-seguranca-cumprem-mandados-em-cidades-do-litoral-sul\/#breadcrumb"},"inLanguage":"pt-BR","potentialAction":[{"@type":"ReadAction","target":["https:\/\/www.pm.pb.gov.br\/portal\/2023\/12\/22\/operacao-sartunalia-forcas-de-seguranca-cumprem-mandados-em-cidades-do-litoral-sul\/"]}]},{"@type":"BreadcrumbList","@id":"https:\/\/www.pm.pb.gov.br\/portal\/2023\/12\/22\/operacao-sartunalia-forcas-de-seguranca-cumprem-mandados-em-cidades-do-litoral-sul\/#breadcrumb","itemListElement":[{"@type":"ListItem","position":1,"name":"In\u00edcio","item":"https:\/\/www.pm.pb.gov.br\/portal\/"},{"@type":"ListItem","position":2,"name":"\u201cOpera\u00e7\u00e3o Sartun\u00e1lia\u201d: For\u00e7as de Seguran\u00e7a cumprem mandados em cidades do litoral sul"}]},{"@type":"WebSite","@id":"https:\/\/www.pm.pb.gov.br\/portal\/#website","url":"https:\/\/www.pm.pb.gov.br\/portal\/","name":"Pol\u00edcia Militar da Para\u00edba","description":"","publisher":{"@id":"https:\/\/www.pm.pb.gov.br\/portal\/#organization"},"potentialAction":[{"@type":"SearchAction","target":{"@type":"EntryPoint","urlTemplate":"https:\/\/www.pm.pb.gov.br\/portal\/?s={search_term_string}"},"query-input":"required name=search_term_string"}],"inLanguage":"pt-BR"},{"@type":"Organization","@id":"https:\/\/www.pm.pb.gov.br\/portal\/#organization","name":"Pol\u00edcia Militar da Para\u00edba","url":"https:\/\/www.pm.pb.gov.br\/portal\/","logo":{"@type":"ImageObject","inLanguage":"pt-BR","@id":"https:\/\/www.pm.pb.gov.br\/portal\/#\/schema\/logo\/image\/","url":"https:\/\/www.pm.pb.gov.br\/portal\/wp-content\/uploads\/2025\/03\/cropped-logo-site-mag2-1.png","contentUrl":"https:\/\/www.pm.pb.gov.br\/portal\/wp-content\/uploads\/2025\/03\/cropped-logo-site-mag2-1.png","width":320,"height":90,"caption":"Pol\u00edcia Militar da Para\u00edba"},"image":{"@id":"https:\/\/www.pm.pb.gov.br\/portal\/#\/schema\/logo\/image\/"}},{"@type":"Person","@id":"https:\/\/www.pm.pb.gov.br\/portal\/#\/schema\/person\/f84f56dcc78ce4357054da888b8247fd","name":"Tarcisio Oliveira","image":{"@type":"ImageObject","inLanguage":"pt-BR","@id":"https:\/\/www.pm.pb.gov.br\/portal\/#\/schema\/person\/image\/","url":"https:\/\/secure.gravatar.com\/avatar\/72917b630b69d31cd0297507f34bac97?s=96&d=mm&r=g","contentUrl":"https:\/\/secure.gravatar.com\/avatar\/72917b630b69d31cd0297507f34bac97?s=96&d=mm&r=g","caption":"Tarcisio Oliveira"},"url":"https:\/\/www.pm.pb.gov.br\/portal\/author\/tarcisio\/"}]}},"_links":{"self":[{"href":"https:\/\/www.pm.pb.gov.br\/portal\/wp-json\/wp\/v2\/posts\/919755"}],"collection":[{"href":"https:\/\/www.pm.pb.gov.br\/portal\/wp-json\/wp\/v2\/posts"}],"about":[{"href":"https:\/\/www.pm.pb.gov.br\/portal\/wp-json\/wp\/v2\/types\/post"}],"author":[{"embeddable":true,"href":"https:\/\/www.pm.pb.gov.br\/portal\/wp-json\/wp\/v2\/users\/12"}],"replies":[{"embeddable":true,"href":"https:\/\/www.pm.pb.gov.br\/portal\/wp-json\/wp\/v2\/comments?post=919755"}],"version-history":[{"count":2,"href":"https:\/\/www.pm.pb.gov.br\/portal\/wp-json\/wp\/v2\/posts\/919755\/revisions"}],"predecessor-version":[{"id":919762,"href":"https:\/\/www.pm.pb.gov.br\/portal\/wp-json\/wp\/v2\/posts\/919755\/revisions\/919762"}],"wp:featuredmedia":[{"embeddable":true,"href":"https:\/\/www.pm.pb.gov.br\/portal\/wp-json\/wp\/v2\/media\/919756"}],"wp:attachment":[{"href":"https:\/\/www.pm.pb.gov.br\/portal\/wp-json\/wp\/v2\/media?parent=919755"}],"wp:term":[{"taxonomy":"category","embeddable":true,"href":"https:\/\/www.pm.pb.gov.br\/portal\/wp-json\/wp\/v2\/categories?post=919755"},{"taxonomy":"post_tag","embeddable":true,"href":"https:\/\/www.pm.pb.gov.br\/portal\/wp-json\/wp\/v2\/tags?post=919755"}],"curies":[{"name":"wp","href":"https:\/\/api.w.org\/{rel}","templated":true}]}}