{"id":919747,"date":"2023-12-22T09:59:42","date_gmt":"2023-12-22T12:59:42","guid":{"rendered":"https:\/\/www.pm.pb.gov.br\/portal\/?p=919747"},"modified":"2023-12-22T11:20:09","modified_gmt":"2023-12-22T14:20:09","slug":"policia-militar-apreende-duas-armas-de-fogo-em-alagoinha","status":"publish","type":"post","link":"https:\/\/www.pm.pb.gov.br\/portal\/2023\/12\/22\/policia-militar-apreende-duas-armas-de-fogo-em-alagoinha\/","title":{"rendered":"Pol\u00edcia Militar apreende duas armas de fogo em Alagoinha"},"content":{"rendered":"\n<p>As a\u00e7\u00f5es policiais continuam intensificadas neste final de ano na Para\u00edba. Duas armas de fogo e uma espingarda de press\u00e3o foram apreendidas na cidade de Alagoinha, na noite da \u00faltima quinta-feira (22). O material estava com dois homens que tentaram fugir de uma abordagem conjunta dos policiais do 4\u00ba Batalh\u00e3o e do Regimento de Opera\u00e7\u00f5es T\u00e1ticas com Apoio de Motocicletas (Rotam).<\/p>\n<p>De acordo com as unidades, um dos acusados tentou fugir e se desfazer de uma pistola, enquanto o outro fugiu para uma casa na regi\u00e3o. Ambos os acusados foram presos. Segundo os policiais, os infratores estavam com uma pistola calibre 380, uma espingarda de calibre 32, uma espingarda de press\u00e3o, duas garrafas com subst\u00e2ncia semelhante \u00e0 lol\u00f3, e uma motocicleta com restri\u00e7\u00e3o de furto ou roubo.<\/p>\n<p>Toda a ocorr\u00eancia foi apresentada na delegacia para os procedimentos cab\u00edveis e devida autua\u00e7\u00e3o dos acusados. A participa\u00e7\u00e3o deles em outros crimes na regi\u00e3o dever\u00e1 ser investigada.<\/p>\n<p><em>Atualizado \u00e0s 11h39.<\/em><\/p>\n\n\n","protected":false},"excerpt":{"rendered":"<p>As a\u00e7\u00f5es policiais continuam intensificadas neste final de ano na Para\u00edba. Duas armas de fogo e uma espingarda de press\u00e3o<\/p>\n","protected":false},"author":12,"featured_media":919750,"comment_status":"closed","ping_status":"closed","sticky":false,"template":"","format":"standard","meta":{"_exactmetrics_skip_tracking":false,"_exactmetrics_sitenote_active":false,"_exactmetrics_sitenote_note":"","_exactmetrics_sitenote_category":0,"footnotes":""},"categories":[4],"tags":[],"yoast_head":"<!-- This site is optimized with the Yoast SEO plugin v22.0 - https:\/\/yoast.com\/wordpress\/plugins\/seo\/ -->\n<title>Pol\u00edcia Militar apreende duas armas de fogo em Alagoinha - Pol\u00edcia Militar da Para\u00edba<\/title>\n<meta name=\"description\" content=\"O material estava com dois homens que tentaram fugir de uma abordagem dos policiais do Rotam. Criminosos foram presos.\" \/>\n<meta name=\"robots\" content=\"index, follow, max-snippet:-1, max-image-preview:large, max-video-preview:-1\" \/>\n<link rel=\"canonical\" href=\"https:\/\/www.pm.pb.gov.br\/portal\/2023\/12\/22\/policia-militar-apreende-duas-armas-de-fogo-em-alagoinha\/\" \/>\n<meta property=\"og:locale\" content=\"pt_BR\" \/>\n<meta property=\"og:type\" content=\"article\" \/>\n<meta property=\"og:title\" content=\"Pol\u00edcia Militar apreende duas armas de fogo em Alagoinha - Pol\u00edcia Militar da Para\u00edba\" \/>\n<meta property=\"og:description\" content=\"O material estava com dois homens que tentaram fugir de uma abordagem dos policiais do Rotam. Criminosos foram presos.\" \/>\n<meta property=\"og:url\" content=\"https:\/\/www.pm.pb.gov.br\/portal\/2023\/12\/22\/policia-militar-apreende-duas-armas-de-fogo-em-alagoinha\/\" \/>\n<meta property=\"og:site_name\" content=\"Pol\u00edcia Militar da Para\u00edba\" \/>\n<meta property=\"article:published_time\" content=\"2023-12-22T12:59:42+00:00\" \/>\n<meta property=\"article:modified_time\" content=\"2023-12-22T14:20:09+00:00\" \/>\n<meta property=\"og:image\" content=\"http:\/\/www.pm.pb.gov.br\/portal\/wp-content\/uploads\/2023\/12\/WhatsApp-Image-2023-12-22-at-10.02.27-1.jpeg\" \/>\n\t<meta property=\"og:image:width\" content=\"800\" \/>\n\t<meta property=\"og:image:height\" content=\"445\" \/>\n\t<meta property=\"og:image:type\" content=\"image\/jpeg\" \/>\n<meta name=\"author\" content=\"Tarcisio Oliveira\" \/>\n<meta name=\"twitter:card\" content=\"summary_large_image\" \/>\n<meta name=\"twitter:label1\" content=\"Escrito por\" \/>\n\t<meta name=\"twitter:data1\" content=\"Tarcisio Oliveira\" \/>\n\t<meta name=\"twitter:label2\" content=\"Est. tempo de leitura\" \/>\n\t<meta name=\"twitter:data2\" content=\"1 minuto\" \/>\n<script type=\"application\/ld+json\" class=\"yoast-schema-graph\">{\"@context\":\"https:\/\/schema.org\",\"@graph\":[{\"@type\":\"Article\",\"@id\":\"https:\/\/www.pm.pb.gov.br\/portal\/2023\/12\/22\/policia-militar-apreende-duas-armas-de-fogo-em-alagoinha\/#article\",\"isPartOf\":{\"@id\":\"https:\/\/www.pm.pb.gov.br\/portal\/2023\/12\/22\/policia-militar-apreende-duas-armas-de-fogo-em-alagoinha\/\"},\"author\":{\"name\":\"Tarcisio Oliveira\",\"@id\":\"https:\/\/www.pm.pb.gov.br\/portal\/#\/schema\/person\/f84f56dcc78ce4357054da888b8247fd\"},\"headline\":\"Pol\u00edcia Militar apreende duas armas de fogo em Alagoinha\",\"datePublished\":\"2023-12-22T12:59:42+00:00\",\"dateModified\":\"2023-12-22T14:20:09+00:00\",\"mainEntityOfPage\":{\"@id\":\"https:\/\/www.pm.pb.gov.br\/portal\/2023\/12\/22\/policia-militar-apreende-duas-armas-de-fogo-em-alagoinha\/\"},\"wordCount\":177,\"publisher\":{\"@id\":\"https:\/\/www.pm.pb.gov.br\/portal\/#organization\"},\"articleSection\":[\"A\u00e7\u00f5es Policiais\"],\"inLanguage\":\"pt-BR\"},{\"@type\":\"WebPage\",\"@id\":\"https:\/\/www.pm.pb.gov.br\/portal\/2023\/12\/22\/policia-militar-apreende-duas-armas-de-fogo-em-alagoinha\/\",\"url\":\"https:\/\/www.pm.pb.gov.br\/portal\/2023\/12\/22\/policia-militar-apreende-duas-armas-de-fogo-em-alagoinha\/\",\"name\":\"Pol\u00edcia Militar apreende duas armas de fogo em Alagoinha - Pol\u00edcia Militar da Para\u00edba\",\"isPartOf\":{\"@id\":\"https:\/\/www.pm.pb.gov.br\/portal\/#website\"},\"datePublished\":\"2023-12-22T12:59:42+00:00\",\"dateModified\":\"2023-12-22T14:20:09+00:00\",\"description\":\"O material estava com dois homens que tentaram fugir de uma abordagem dos policiais do Rotam. Criminosos foram presos.\",\"breadcrumb\":{\"@id\":\"https:\/\/www.pm.pb.gov.br\/portal\/2023\/12\/22\/policia-militar-apreende-duas-armas-de-fogo-em-alagoinha\/#breadcrumb\"},\"inLanguage\":\"pt-BR\",\"potentialAction\":[{\"@type\":\"ReadAction\",\"target\":[\"https:\/\/www.pm.pb.gov.br\/portal\/2023\/12\/22\/policia-militar-apreende-duas-armas-de-fogo-em-alagoinha\/\"]}]},{\"@type\":\"BreadcrumbList\",\"@id\":\"https:\/\/www.pm.pb.gov.br\/portal\/2023\/12\/22\/policia-militar-apreende-duas-armas-de-fogo-em-alagoinha\/#breadcrumb\",\"itemListElement\":[{\"@type\":\"ListItem\",\"position\":1,\"name\":\"In\u00edcio\",\"item\":\"https:\/\/www.pm.pb.gov.br\/portal\/\"},{\"@type\":\"ListItem\",\"position\":2,\"name\":\"Pol\u00edcia Militar apreende duas armas de fogo em Alagoinha\"}]},{\"@type\":\"WebSite\",\"@id\":\"https:\/\/www.pm.pb.gov.br\/portal\/#website\",\"url\":\"https:\/\/www.pm.pb.gov.br\/portal\/\",\"name\":\"Pol\u00edcia Militar da Para\u00edba\",\"description\":\"\",\"publisher\":{\"@id\":\"https:\/\/www.pm.pb.gov.br\/portal\/#organization\"},\"potentialAction\":[{\"@type\":\"SearchAction\",\"target\":{\"@type\":\"EntryPoint\",\"urlTemplate\":\"https:\/\/www.pm.pb.gov.br\/portal\/?s={search_term_string}\"},\"query-input\":\"required name=search_term_string\"}],\"inLanguage\":\"pt-BR\"},{\"@type\":\"Organization\",\"@id\":\"https:\/\/www.pm.pb.gov.br\/portal\/#organization\",\"name\":\"Pol\u00edcia Militar da Para\u00edba\",\"url\":\"https:\/\/www.pm.pb.gov.br\/portal\/\",\"logo\":{\"@type\":\"ImageObject\",\"inLanguage\":\"pt-BR\",\"@id\":\"https:\/\/www.pm.pb.gov.br\/portal\/#\/schema\/logo\/image\/\",\"url\":\"https:\/\/www.pm.pb.gov.br\/portal\/wp-content\/uploads\/2025\/03\/cropped-logo-site-mag2-1.png\",\"contentUrl\":\"https:\/\/www.pm.pb.gov.br\/portal\/wp-content\/uploads\/2025\/03\/cropped-logo-site-mag2-1.png\",\"width\":320,\"height\":90,\"caption\":\"Pol\u00edcia Militar da Para\u00edba\"},\"image\":{\"@id\":\"https:\/\/www.pm.pb.gov.br\/portal\/#\/schema\/logo\/image\/\"}},{\"@type\":\"Person\",\"@id\":\"https:\/\/www.pm.pb.gov.br\/portal\/#\/schema\/person\/f84f56dcc78ce4357054da888b8247fd\",\"name\":\"Tarcisio Oliveira\",\"image\":{\"@type\":\"ImageObject\",\"inLanguage\":\"pt-BR\",\"@id\":\"https:\/\/www.pm.pb.gov.br\/portal\/#\/schema\/person\/image\/\",\"url\":\"https:\/\/secure.gravatar.com\/avatar\/72917b630b69d31cd0297507f34bac97?s=96&d=mm&r=g\",\"contentUrl\":\"https:\/\/secure.gravatar.com\/avatar\/72917b630b69d31cd0297507f34bac97?s=96&d=mm&r=g\",\"caption\":\"Tarcisio Oliveira\"},\"url\":\"https:\/\/www.pm.pb.gov.br\/portal\/author\/tarcisio\/\"}]}<\/script>\n<!-- \/ Yoast SEO plugin. -->","yoast_head_json":{"title":"Pol\u00edcia Militar apreende duas armas de fogo em Alagoinha - Pol\u00edcia Militar da Para\u00edba","description":"O material estava com dois homens que tentaram fugir de uma abordagem dos policiais do Rotam. Criminosos foram presos.","robots":{"index":"index","follow":"follow","max-snippet":"max-snippet:-1","max-image-preview":"max-image-preview:large","max-video-preview":"max-video-preview:-1"},"canonical":"https:\/\/www.pm.pb.gov.br\/portal\/2023\/12\/22\/policia-militar-apreende-duas-armas-de-fogo-em-alagoinha\/","og_locale":"pt_BR","og_type":"article","og_title":"Pol\u00edcia Militar apreende duas armas de fogo em Alagoinha - Pol\u00edcia Militar da Para\u00edba","og_description":"O material estava com dois homens que tentaram fugir de uma abordagem dos policiais do Rotam. Criminosos foram presos.","og_url":"https:\/\/www.pm.pb.gov.br\/portal\/2023\/12\/22\/policia-militar-apreende-duas-armas-de-fogo-em-alagoinha\/","og_site_name":"Pol\u00edcia Militar da Para\u00edba","article_published_time":"2023-12-22T12:59:42+00:00","article_modified_time":"2023-12-22T14:20:09+00:00","og_image":[{"width":800,"height":445,"url":"http:\/\/www.pm.pb.gov.br\/portal\/wp-content\/uploads\/2023\/12\/WhatsApp-Image-2023-12-22-at-10.02.27-1.jpeg","type":"image\/jpeg"}],"author":"Tarcisio Oliveira","twitter_card":"summary_large_image","twitter_misc":{"Escrito por":"Tarcisio Oliveira","Est. tempo de leitura":"1 minuto"},"schema":{"@context":"https:\/\/schema.org","@graph":[{"@type":"Article","@id":"https:\/\/www.pm.pb.gov.br\/portal\/2023\/12\/22\/policia-militar-apreende-duas-armas-de-fogo-em-alagoinha\/#article","isPartOf":{"@id":"https:\/\/www.pm.pb.gov.br\/portal\/2023\/12\/22\/policia-militar-apreende-duas-armas-de-fogo-em-alagoinha\/"},"author":{"name":"Tarcisio Oliveira","@id":"https:\/\/www.pm.pb.gov.br\/portal\/#\/schema\/person\/f84f56dcc78ce4357054da888b8247fd"},"headline":"Pol\u00edcia Militar apreende duas armas de fogo em Alagoinha","datePublished":"2023-12-22T12:59:42+00:00","dateModified":"2023-12-22T14:20:09+00:00","mainEntityOfPage":{"@id":"https:\/\/www.pm.pb.gov.br\/portal\/2023\/12\/22\/policia-militar-apreende-duas-armas-de-fogo-em-alagoinha\/"},"wordCount":177,"publisher":{"@id":"https:\/\/www.pm.pb.gov.br\/portal\/#organization"},"articleSection":["A\u00e7\u00f5es Policiais"],"inLanguage":"pt-BR"},{"@type":"WebPage","@id":"https:\/\/www.pm.pb.gov.br\/portal\/2023\/12\/22\/policia-militar-apreende-duas-armas-de-fogo-em-alagoinha\/","url":"https:\/\/www.pm.pb.gov.br\/portal\/2023\/12\/22\/policia-militar-apreende-duas-armas-de-fogo-em-alagoinha\/","name":"Pol\u00edcia Militar apreende duas armas de fogo em Alagoinha - Pol\u00edcia Militar da Para\u00edba","isPartOf":{"@id":"https:\/\/www.pm.pb.gov.br\/portal\/#website"},"datePublished":"2023-12-22T12:59:42+00:00","dateModified":"2023-12-22T14:20:09+00:00","description":"O material estava com dois homens que tentaram fugir de uma abordagem dos policiais do Rotam. Criminosos foram presos.","breadcrumb":{"@id":"https:\/\/www.pm.pb.gov.br\/portal\/2023\/12\/22\/policia-militar-apreende-duas-armas-de-fogo-em-alagoinha\/#breadcrumb"},"inLanguage":"pt-BR","potentialAction":[{"@type":"ReadAction","target":["https:\/\/www.pm.pb.gov.br\/portal\/2023\/12\/22\/policia-militar-apreende-duas-armas-de-fogo-em-alagoinha\/"]}]},{"@type":"BreadcrumbList","@id":"https:\/\/www.pm.pb.gov.br\/portal\/2023\/12\/22\/policia-militar-apreende-duas-armas-de-fogo-em-alagoinha\/#breadcrumb","itemListElement":[{"@type":"ListItem","position":1,"name":"In\u00edcio","item":"https:\/\/www.pm.pb.gov.br\/portal\/"},{"@type":"ListItem","position":2,"name":"Pol\u00edcia Militar apreende duas armas de fogo em Alagoinha"}]},{"@type":"WebSite","@id":"https:\/\/www.pm.pb.gov.br\/portal\/#website","url":"https:\/\/www.pm.pb.gov.br\/portal\/","name":"Pol\u00edcia Militar da Para\u00edba","description":"","publisher":{"@id":"https:\/\/www.pm.pb.gov.br\/portal\/#organization"},"potentialAction":[{"@type":"SearchAction","target":{"@type":"EntryPoint","urlTemplate":"https:\/\/www.pm.pb.gov.br\/portal\/?s={search_term_string}"},"query-input":"required name=search_term_string"}],"inLanguage":"pt-BR"},{"@type":"Organization","@id":"https:\/\/www.pm.pb.gov.br\/portal\/#organization","name":"Pol\u00edcia Militar da Para\u00edba","url":"https:\/\/www.pm.pb.gov.br\/portal\/","logo":{"@type":"ImageObject","inLanguage":"pt-BR","@id":"https:\/\/www.pm.pb.gov.br\/portal\/#\/schema\/logo\/image\/","url":"https:\/\/www.pm.pb.gov.br\/portal\/wp-content\/uploads\/2025\/03\/cropped-logo-site-mag2-1.png","contentUrl":"https:\/\/www.pm.pb.gov.br\/portal\/wp-content\/uploads\/2025\/03\/cropped-logo-site-mag2-1.png","width":320,"height":90,"caption":"Pol\u00edcia Militar da Para\u00edba"},"image":{"@id":"https:\/\/www.pm.pb.gov.br\/portal\/#\/schema\/logo\/image\/"}},{"@type":"Person","@id":"https:\/\/www.pm.pb.gov.br\/portal\/#\/schema\/person\/f84f56dcc78ce4357054da888b8247fd","name":"Tarcisio Oliveira","image":{"@type":"ImageObject","inLanguage":"pt-BR","@id":"https:\/\/www.pm.pb.gov.br\/portal\/#\/schema\/person\/image\/","url":"https:\/\/secure.gravatar.com\/avatar\/72917b630b69d31cd0297507f34bac97?s=96&d=mm&r=g","contentUrl":"https:\/\/secure.gravatar.com\/avatar\/72917b630b69d31cd0297507f34bac97?s=96&d=mm&r=g","caption":"Tarcisio Oliveira"},"url":"https:\/\/www.pm.pb.gov.br\/portal\/author\/tarcisio\/"}]}},"_links":{"self":[{"href":"https:\/\/www.pm.pb.gov.br\/portal\/wp-json\/wp\/v2\/posts\/919747"}],"collection":[{"href":"https:\/\/www.pm.pb.gov.br\/portal\/wp-json\/wp\/v2\/posts"}],"about":[{"href":"https:\/\/www.pm.pb.gov.br\/portal\/wp-json\/wp\/v2\/types\/post"}],"author":[{"embeddable":true,"href":"https:\/\/www.pm.pb.gov.br\/portal\/wp-json\/wp\/v2\/users\/12"}],"replies":[{"embeddable":true,"href":"https:\/\/www.pm.pb.gov.br\/portal\/wp-json\/wp\/v2\/comments?post=919747"}],"version-history":[{"count":4,"href":"https:\/\/www.pm.pb.gov.br\/portal\/wp-json\/wp\/v2\/posts\/919747\/revisions"}],"predecessor-version":[{"id":919764,"href":"https:\/\/www.pm.pb.gov.br\/portal\/wp-json\/wp\/v2\/posts\/919747\/revisions\/919764"}],"wp:featuredmedia":[{"embeddable":true,"href":"https:\/\/www.pm.pb.gov.br\/portal\/wp-json\/wp\/v2\/media\/919750"}],"wp:attachment":[{"href":"https:\/\/www.pm.pb.gov.br\/portal\/wp-json\/wp\/v2\/media?parent=919747"}],"wp:term":[{"taxonomy":"category","embeddable":true,"href":"https:\/\/www.pm.pb.gov.br\/portal\/wp-json\/wp\/v2\/categories?post=919747"},{"taxonomy":"post_tag","embeddable":true,"href":"https:\/\/www.pm.pb.gov.br\/portal\/wp-json\/wp\/v2\/tags?post=919747"}],"curies":[{"name":"wp","href":"https:\/\/api.w.org\/{rel}","templated":true}]}}