{"id":919744,"date":"2023-12-26T15:23:13","date_gmt":"2023-12-26T18:23:13","guid":{"rendered":"https:\/\/www.pm.pb.gov.br\/portal\/?p=919744"},"modified":"2023-12-26T15:23:15","modified_gmt":"2023-12-26T18:23:15","slug":"operacao-zero-alcool-tem-44-autuacoes-por-embriaguez-ao-volante-e-8-prisoes-durante-o-natal","status":"publish","type":"post","link":"https:\/\/www.pm.pb.gov.br\/portal\/2023\/12\/26\/operacao-zero-alcool-tem-44-autuacoes-por-embriaguez-ao-volante-e-8-prisoes-durante-o-natal\/","title":{"rendered":"Opera\u00e7\u00e3o Zero \u00c1lcool tem 44 autua\u00e7\u00f5es por embriaguez ao volante e 8 pris\u00f5es durante o Natal"},"content":{"rendered":"\n<p>O Batalh\u00e3o de Policiamento de Tr\u00e2nsito (BPTran) autuou 44 condutores de ve\u00edculos por embriaguez ao volante ou recusa ao teste de etil\u00f4metro, no feriad\u00e3o de Natal (22 a 25 de dezembro), durante a Opera\u00e7\u00e3o Zero \u00c1lcool, que tem o objetivo de refor\u00e7ar a seguran\u00e7a no tr\u00e2nsito. Oito pessoas foram presas e sete ve\u00edculos foram recuperados.<br><br>No per\u00edodo, 1.344 condutores foram flagrados cometendo algum tipo de infra\u00e7\u00e3o de tr\u00e2nsito. Ao todo, foram mais de 2 mil ve\u00edculos fiscalizados e 2.750 pessoas abordadas.<br><br>Conforme o comandante do BPTran, tenente-coronel Lucas, as a\u00e7\u00f5es ser\u00e3o intensificadas nos pr\u00f3ximos dias. \u201cO foco \u00e9 a preserva\u00e7\u00e3o da vida e sabemos que o tr\u00e2nsito, quando n\u00e3o respeitado, principalmente no que diz respeito ao n\u00e3o uso de bebidas alc\u00f3olicas, coloca em risco a vida de muitas pessoas, por isso estaremos intensificando a opera\u00e7\u00e3o Zero \u00c1lcool, principalmente no feriado da virada do ano\u201d, adiantou.<\/p>\n","protected":false},"excerpt":{"rendered":"<p>O Batalh\u00e3o de Policiamento de Tr\u00e2nsito (BPTran) autuou 44 condutores de ve\u00edculos por embriaguez ao volante ou recusa ao teste<\/p>\n","protected":false},"author":5,"featured_media":919849,"comment_status":"closed","ping_status":"closed","sticky":false,"template":"","format":"standard","meta":{"_exactmetrics_skip_tracking":false,"_exactmetrics_sitenote_active":false,"_exactmetrics_sitenote_note":"","_exactmetrics_sitenote_category":0,"footnotes":""},"categories":[4],"tags":[],"yoast_head":"<!-- This site is optimized with the Yoast SEO plugin v22.0 - https:\/\/yoast.com\/wordpress\/plugins\/seo\/ -->\n<title>Opera\u00e7\u00e3o Zero \u00c1lcool tem 44 autua\u00e7\u00f5es por embriaguez ao volante e 8 pris\u00f5es durante o Natal - Pol\u00edcia Militar da Para\u00edba<\/title>\n<meta name=\"robots\" content=\"index, follow, max-snippet:-1, max-image-preview:large, max-video-preview:-1\" \/>\n<link rel=\"canonical\" href=\"https:\/\/www.pm.pb.gov.br\/portal\/2023\/12\/26\/operacao-zero-alcool-tem-44-autuacoes-por-embriaguez-ao-volante-e-8-prisoes-durante-o-natal\/\" \/>\n<meta property=\"og:locale\" content=\"pt_BR\" \/>\n<meta property=\"og:type\" content=\"article\" \/>\n<meta property=\"og:title\" content=\"Opera\u00e7\u00e3o Zero \u00c1lcool tem 44 autua\u00e7\u00f5es por embriaguez ao volante e 8 pris\u00f5es durante o Natal - Pol\u00edcia Militar da Para\u00edba\" \/>\n<meta property=\"og:description\" content=\"O Batalh\u00e3o de Policiamento de Tr\u00e2nsito (BPTran) autuou 44 condutores de ve\u00edculos por embriaguez ao volante ou recusa ao teste\" \/>\n<meta property=\"og:url\" content=\"https:\/\/www.pm.pb.gov.br\/portal\/2023\/12\/26\/operacao-zero-alcool-tem-44-autuacoes-por-embriaguez-ao-volante-e-8-prisoes-durante-o-natal\/\" \/>\n<meta property=\"og:site_name\" content=\"Pol\u00edcia Militar da Para\u00edba\" \/>\n<meta property=\"article:published_time\" content=\"2023-12-26T18:23:13+00:00\" \/>\n<meta property=\"article:modified_time\" content=\"2023-12-26T18:23:15+00:00\" \/>\n<meta property=\"og:image\" content=\"http:\/\/www.pm.pb.gov.br\/portal\/wp-content\/uploads\/2023\/12\/WhatsApp-Image-2023-12-26-at-3.40.55-PM.jpeg\" \/>\n\t<meta property=\"og:image:width\" content=\"960\" \/>\n\t<meta property=\"og:image:height\" content=\"1084\" \/>\n\t<meta property=\"og:image:type\" content=\"image\/jpeg\" \/>\n<meta name=\"author\" content=\"Assessoria de Imprensa da PMPB\" \/>\n<meta name=\"twitter:card\" content=\"summary_large_image\" \/>\n<meta name=\"twitter:label1\" content=\"Escrito por\" \/>\n\t<meta name=\"twitter:data1\" content=\"Assessoria de Imprensa da PMPB\" \/>\n\t<meta name=\"twitter:label2\" content=\"Est. tempo de leitura\" \/>\n\t<meta name=\"twitter:data2\" content=\"1 minuto\" \/>\n<script type=\"application\/ld+json\" class=\"yoast-schema-graph\">{\"@context\":\"https:\/\/schema.org\",\"@graph\":[{\"@type\":\"Article\",\"@id\":\"https:\/\/www.pm.pb.gov.br\/portal\/2023\/12\/26\/operacao-zero-alcool-tem-44-autuacoes-por-embriaguez-ao-volante-e-8-prisoes-durante-o-natal\/#article\",\"isPartOf\":{\"@id\":\"https:\/\/www.pm.pb.gov.br\/portal\/2023\/12\/26\/operacao-zero-alcool-tem-44-autuacoes-por-embriaguez-ao-volante-e-8-prisoes-durante-o-natal\/\"},\"author\":{\"name\":\"Assessoria de Imprensa da PMPB\",\"@id\":\"https:\/\/www.pm.pb.gov.br\/portal\/#\/schema\/person\/e8454f46651c3ecf0e1ba3c1666d9947\"},\"headline\":\"Opera\u00e7\u00e3o Zero \u00c1lcool tem 44 autua\u00e7\u00f5es por embriaguez ao volante e 8 pris\u00f5es durante o Natal\",\"datePublished\":\"2023-12-26T18:23:13+00:00\",\"dateModified\":\"2023-12-26T18:23:15+00:00\",\"mainEntityOfPage\":{\"@id\":\"https:\/\/www.pm.pb.gov.br\/portal\/2023\/12\/26\/operacao-zero-alcool-tem-44-autuacoes-por-embriaguez-ao-volante-e-8-prisoes-durante-o-natal\/\"},\"wordCount\":178,\"publisher\":{\"@id\":\"https:\/\/www.pm.pb.gov.br\/portal\/#organization\"},\"articleSection\":[\"A\u00e7\u00f5es Policiais\"],\"inLanguage\":\"pt-BR\"},{\"@type\":\"WebPage\",\"@id\":\"https:\/\/www.pm.pb.gov.br\/portal\/2023\/12\/26\/operacao-zero-alcool-tem-44-autuacoes-por-embriaguez-ao-volante-e-8-prisoes-durante-o-natal\/\",\"url\":\"https:\/\/www.pm.pb.gov.br\/portal\/2023\/12\/26\/operacao-zero-alcool-tem-44-autuacoes-por-embriaguez-ao-volante-e-8-prisoes-durante-o-natal\/\",\"name\":\"Opera\u00e7\u00e3o Zero \u00c1lcool tem 44 autua\u00e7\u00f5es por embriaguez ao volante e 8 pris\u00f5es durante o Natal - Pol\u00edcia Militar da Para\u00edba\",\"isPartOf\":{\"@id\":\"https:\/\/www.pm.pb.gov.br\/portal\/#website\"},\"datePublished\":\"2023-12-26T18:23:13+00:00\",\"dateModified\":\"2023-12-26T18:23:15+00:00\",\"breadcrumb\":{\"@id\":\"https:\/\/www.pm.pb.gov.br\/portal\/2023\/12\/26\/operacao-zero-alcool-tem-44-autuacoes-por-embriaguez-ao-volante-e-8-prisoes-durante-o-natal\/#breadcrumb\"},\"inLanguage\":\"pt-BR\",\"potentialAction\":[{\"@type\":\"ReadAction\",\"target\":[\"https:\/\/www.pm.pb.gov.br\/portal\/2023\/12\/26\/operacao-zero-alcool-tem-44-autuacoes-por-embriaguez-ao-volante-e-8-prisoes-durante-o-natal\/\"]}]},{\"@type\":\"BreadcrumbList\",\"@id\":\"https:\/\/www.pm.pb.gov.br\/portal\/2023\/12\/26\/operacao-zero-alcool-tem-44-autuacoes-por-embriaguez-ao-volante-e-8-prisoes-durante-o-natal\/#breadcrumb\",\"itemListElement\":[{\"@type\":\"ListItem\",\"position\":1,\"name\":\"In\u00edcio\",\"item\":\"https:\/\/www.pm.pb.gov.br\/portal\/\"},{\"@type\":\"ListItem\",\"position\":2,\"name\":\"Opera\u00e7\u00e3o Zero \u00c1lcool tem 44 autua\u00e7\u00f5es por embriaguez ao volante e 8 pris\u00f5es durante o Natal\"}]},{\"@type\":\"WebSite\",\"@id\":\"https:\/\/www.pm.pb.gov.br\/portal\/#website\",\"url\":\"https:\/\/www.pm.pb.gov.br\/portal\/\",\"name\":\"Pol\u00edcia Militar da Para\u00edba\",\"description\":\"\",\"publisher\":{\"@id\":\"https:\/\/www.pm.pb.gov.br\/portal\/#organization\"},\"potentialAction\":[{\"@type\":\"SearchAction\",\"target\":{\"@type\":\"EntryPoint\",\"urlTemplate\":\"https:\/\/www.pm.pb.gov.br\/portal\/?s={search_term_string}\"},\"query-input\":\"required name=search_term_string\"}],\"inLanguage\":\"pt-BR\"},{\"@type\":\"Organization\",\"@id\":\"https:\/\/www.pm.pb.gov.br\/portal\/#organization\",\"name\":\"Pol\u00edcia Militar da Para\u00edba\",\"url\":\"https:\/\/www.pm.pb.gov.br\/portal\/\",\"logo\":{\"@type\":\"ImageObject\",\"inLanguage\":\"pt-BR\",\"@id\":\"https:\/\/www.pm.pb.gov.br\/portal\/#\/schema\/logo\/image\/\",\"url\":\"https:\/\/www.pm.pb.gov.br\/portal\/wp-content\/uploads\/2025\/03\/cropped-logo-site-mag2-1.png\",\"contentUrl\":\"https:\/\/www.pm.pb.gov.br\/portal\/wp-content\/uploads\/2025\/03\/cropped-logo-site-mag2-1.png\",\"width\":320,\"height\":90,\"caption\":\"Pol\u00edcia Militar da Para\u00edba\"},\"image\":{\"@id\":\"https:\/\/www.pm.pb.gov.br\/portal\/#\/schema\/logo\/image\/\"}},{\"@type\":\"Person\",\"@id\":\"https:\/\/www.pm.pb.gov.br\/portal\/#\/schema\/person\/e8454f46651c3ecf0e1ba3c1666d9947\",\"name\":\"Assessoria de Imprensa da PMPB\",\"image\":{\"@type\":\"ImageObject\",\"inLanguage\":\"pt-BR\",\"@id\":\"https:\/\/www.pm.pb.gov.br\/portal\/#\/schema\/person\/image\/\",\"url\":\"https:\/\/secure.gravatar.com\/avatar\/2efe197438265d1e90bd98c4c8e1acf8?s=96&d=mm&r=g\",\"contentUrl\":\"https:\/\/secure.gravatar.com\/avatar\/2efe197438265d1e90bd98c4c8e1acf8?s=96&d=mm&r=g\",\"caption\":\"Assessoria de Imprensa da PMPB\"},\"url\":\"https:\/\/www.pm.pb.gov.br\/portal\/author\/assessoria\/\"}]}<\/script>\n<!-- \/ Yoast SEO plugin. -->","yoast_head_json":{"title":"Opera\u00e7\u00e3o Zero \u00c1lcool tem 44 autua\u00e7\u00f5es por embriaguez ao volante e 8 pris\u00f5es durante o Natal - Pol\u00edcia Militar da Para\u00edba","robots":{"index":"index","follow":"follow","max-snippet":"max-snippet:-1","max-image-preview":"max-image-preview:large","max-video-preview":"max-video-preview:-1"},"canonical":"https:\/\/www.pm.pb.gov.br\/portal\/2023\/12\/26\/operacao-zero-alcool-tem-44-autuacoes-por-embriaguez-ao-volante-e-8-prisoes-durante-o-natal\/","og_locale":"pt_BR","og_type":"article","og_title":"Opera\u00e7\u00e3o Zero \u00c1lcool tem 44 autua\u00e7\u00f5es por embriaguez ao volante e 8 pris\u00f5es durante o Natal - Pol\u00edcia Militar da Para\u00edba","og_description":"O Batalh\u00e3o de Policiamento de Tr\u00e2nsito (BPTran) autuou 44 condutores de ve\u00edculos por embriaguez ao volante ou recusa ao teste","og_url":"https:\/\/www.pm.pb.gov.br\/portal\/2023\/12\/26\/operacao-zero-alcool-tem-44-autuacoes-por-embriaguez-ao-volante-e-8-prisoes-durante-o-natal\/","og_site_name":"Pol\u00edcia Militar da Para\u00edba","article_published_time":"2023-12-26T18:23:13+00:00","article_modified_time":"2023-12-26T18:23:15+00:00","og_image":[{"width":960,"height":1084,"url":"http:\/\/www.pm.pb.gov.br\/portal\/wp-content\/uploads\/2023\/12\/WhatsApp-Image-2023-12-26-at-3.40.55-PM.jpeg","type":"image\/jpeg"}],"author":"Assessoria de Imprensa da PMPB","twitter_card":"summary_large_image","twitter_misc":{"Escrito por":"Assessoria de Imprensa da PMPB","Est. tempo de leitura":"1 minuto"},"schema":{"@context":"https:\/\/schema.org","@graph":[{"@type":"Article","@id":"https:\/\/www.pm.pb.gov.br\/portal\/2023\/12\/26\/operacao-zero-alcool-tem-44-autuacoes-por-embriaguez-ao-volante-e-8-prisoes-durante-o-natal\/#article","isPartOf":{"@id":"https:\/\/www.pm.pb.gov.br\/portal\/2023\/12\/26\/operacao-zero-alcool-tem-44-autuacoes-por-embriaguez-ao-volante-e-8-prisoes-durante-o-natal\/"},"author":{"name":"Assessoria de Imprensa da PMPB","@id":"https:\/\/www.pm.pb.gov.br\/portal\/#\/schema\/person\/e8454f46651c3ecf0e1ba3c1666d9947"},"headline":"Opera\u00e7\u00e3o Zero \u00c1lcool tem 44 autua\u00e7\u00f5es por embriaguez ao volante e 8 pris\u00f5es durante o Natal","datePublished":"2023-12-26T18:23:13+00:00","dateModified":"2023-12-26T18:23:15+00:00","mainEntityOfPage":{"@id":"https:\/\/www.pm.pb.gov.br\/portal\/2023\/12\/26\/operacao-zero-alcool-tem-44-autuacoes-por-embriaguez-ao-volante-e-8-prisoes-durante-o-natal\/"},"wordCount":178,"publisher":{"@id":"https:\/\/www.pm.pb.gov.br\/portal\/#organization"},"articleSection":["A\u00e7\u00f5es Policiais"],"inLanguage":"pt-BR"},{"@type":"WebPage","@id":"https:\/\/www.pm.pb.gov.br\/portal\/2023\/12\/26\/operacao-zero-alcool-tem-44-autuacoes-por-embriaguez-ao-volante-e-8-prisoes-durante-o-natal\/","url":"https:\/\/www.pm.pb.gov.br\/portal\/2023\/12\/26\/operacao-zero-alcool-tem-44-autuacoes-por-embriaguez-ao-volante-e-8-prisoes-durante-o-natal\/","name":"Opera\u00e7\u00e3o Zero \u00c1lcool tem 44 autua\u00e7\u00f5es por embriaguez ao volante e 8 pris\u00f5es durante o Natal - Pol\u00edcia Militar da Para\u00edba","isPartOf":{"@id":"https:\/\/www.pm.pb.gov.br\/portal\/#website"},"datePublished":"2023-12-26T18:23:13+00:00","dateModified":"2023-12-26T18:23:15+00:00","breadcrumb":{"@id":"https:\/\/www.pm.pb.gov.br\/portal\/2023\/12\/26\/operacao-zero-alcool-tem-44-autuacoes-por-embriaguez-ao-volante-e-8-prisoes-durante-o-natal\/#breadcrumb"},"inLanguage":"pt-BR","potentialAction":[{"@type":"ReadAction","target":["https:\/\/www.pm.pb.gov.br\/portal\/2023\/12\/26\/operacao-zero-alcool-tem-44-autuacoes-por-embriaguez-ao-volante-e-8-prisoes-durante-o-natal\/"]}]},{"@type":"BreadcrumbList","@id":"https:\/\/www.pm.pb.gov.br\/portal\/2023\/12\/26\/operacao-zero-alcool-tem-44-autuacoes-por-embriaguez-ao-volante-e-8-prisoes-durante-o-natal\/#breadcrumb","itemListElement":[{"@type":"ListItem","position":1,"name":"In\u00edcio","item":"https:\/\/www.pm.pb.gov.br\/portal\/"},{"@type":"ListItem","position":2,"name":"Opera\u00e7\u00e3o Zero \u00c1lcool tem 44 autua\u00e7\u00f5es por embriaguez ao volante e 8 pris\u00f5es durante o Natal"}]},{"@type":"WebSite","@id":"https:\/\/www.pm.pb.gov.br\/portal\/#website","url":"https:\/\/www.pm.pb.gov.br\/portal\/","name":"Pol\u00edcia Militar da Para\u00edba","description":"","publisher":{"@id":"https:\/\/www.pm.pb.gov.br\/portal\/#organization"},"potentialAction":[{"@type":"SearchAction","target":{"@type":"EntryPoint","urlTemplate":"https:\/\/www.pm.pb.gov.br\/portal\/?s={search_term_string}"},"query-input":"required name=search_term_string"}],"inLanguage":"pt-BR"},{"@type":"Organization","@id":"https:\/\/www.pm.pb.gov.br\/portal\/#organization","name":"Pol\u00edcia Militar da Para\u00edba","url":"https:\/\/www.pm.pb.gov.br\/portal\/","logo":{"@type":"ImageObject","inLanguage":"pt-BR","@id":"https:\/\/www.pm.pb.gov.br\/portal\/#\/schema\/logo\/image\/","url":"https:\/\/www.pm.pb.gov.br\/portal\/wp-content\/uploads\/2025\/03\/cropped-logo-site-mag2-1.png","contentUrl":"https:\/\/www.pm.pb.gov.br\/portal\/wp-content\/uploads\/2025\/03\/cropped-logo-site-mag2-1.png","width":320,"height":90,"caption":"Pol\u00edcia Militar da Para\u00edba"},"image":{"@id":"https:\/\/www.pm.pb.gov.br\/portal\/#\/schema\/logo\/image\/"}},{"@type":"Person","@id":"https:\/\/www.pm.pb.gov.br\/portal\/#\/schema\/person\/e8454f46651c3ecf0e1ba3c1666d9947","name":"Assessoria de Imprensa da PMPB","image":{"@type":"ImageObject","inLanguage":"pt-BR","@id":"https:\/\/www.pm.pb.gov.br\/portal\/#\/schema\/person\/image\/","url":"https:\/\/secure.gravatar.com\/avatar\/2efe197438265d1e90bd98c4c8e1acf8?s=96&d=mm&r=g","contentUrl":"https:\/\/secure.gravatar.com\/avatar\/2efe197438265d1e90bd98c4c8e1acf8?s=96&d=mm&r=g","caption":"Assessoria de Imprensa da PMPB"},"url":"https:\/\/www.pm.pb.gov.br\/portal\/author\/assessoria\/"}]}},"_links":{"self":[{"href":"https:\/\/www.pm.pb.gov.br\/portal\/wp-json\/wp\/v2\/posts\/919744"}],"collection":[{"href":"https:\/\/www.pm.pb.gov.br\/portal\/wp-json\/wp\/v2\/posts"}],"about":[{"href":"https:\/\/www.pm.pb.gov.br\/portal\/wp-json\/wp\/v2\/types\/post"}],"author":[{"embeddable":true,"href":"https:\/\/www.pm.pb.gov.br\/portal\/wp-json\/wp\/v2\/users\/5"}],"replies":[{"embeddable":true,"href":"https:\/\/www.pm.pb.gov.br\/portal\/wp-json\/wp\/v2\/comments?post=919744"}],"version-history":[{"count":2,"href":"https:\/\/www.pm.pb.gov.br\/portal\/wp-json\/wp\/v2\/posts\/919744\/revisions"}],"predecessor-version":[{"id":919850,"href":"https:\/\/www.pm.pb.gov.br\/portal\/wp-json\/wp\/v2\/posts\/919744\/revisions\/919850"}],"wp:featuredmedia":[{"embeddable":true,"href":"https:\/\/www.pm.pb.gov.br\/portal\/wp-json\/wp\/v2\/media\/919849"}],"wp:attachment":[{"href":"https:\/\/www.pm.pb.gov.br\/portal\/wp-json\/wp\/v2\/media?parent=919744"}],"wp:term":[{"taxonomy":"category","embeddable":true,"href":"https:\/\/www.pm.pb.gov.br\/portal\/wp-json\/wp\/v2\/categories?post=919744"},{"taxonomy":"post_tag","embeddable":true,"href":"https:\/\/www.pm.pb.gov.br\/portal\/wp-json\/wp\/v2\/tags?post=919744"}],"curies":[{"name":"wp","href":"https:\/\/api.w.org\/{rel}","templated":true}]}}