{"id":919666,"date":"2023-12-16T01:27:10","date_gmt":"2023-12-16T04:27:10","guid":{"rendered":"https:\/\/www.pm.pb.gov.br\/portal\/?p=919666"},"modified":"2023-12-16T01:27:13","modified_gmt":"2023-12-16T04:27:13","slug":"operacao-forca-total-2-na-paraiba-cerca-de-20-envolvidos-em-crimes-e-atos-infracionais-foram-presos-ou-apreendidos","status":"publish","type":"post","link":"https:\/\/www.pm.pb.gov.br\/portal\/2023\/12\/16\/operacao-forca-total-2-na-paraiba-cerca-de-20-envolvidos-em-crimes-e-atos-infracionais-foram-presos-ou-apreendidos\/","title":{"rendered":"Opera\u00e7\u00e3o For\u00e7a Total 2: Na Para\u00edba, cerca de 20 envolvidos em crimes e atos infracionais foram presos ou apreendidos"},"content":{"rendered":"\n<p>Cerca de 20 pessoas envolvidas em crimes ou atos infracionais foram conduzidas \u00e0s delegacias pela Pol\u00edcia Militar, durante a realiza\u00e7\u00e3o de Opera\u00e7\u00e3o For\u00e7a Total 2, realizada nesta sexta-feira (15) na Para\u00edba (foto acima ilustrativa). Os dados s\u00e3o do Estado-Maior Estrat\u00e9gico da corpora\u00e7\u00e3o, com base nas atividades operacionais entre \u00e0s 7h e 19h, hor\u00e1rio da Opera\u00e7\u00e3o.<\/p>\n<p><img loading=\"lazy\" decoding=\"async\" class=\" wp-image-919668 aligncenter\" src=\"http:\/\/www.pm.pb.gov.br\/portal\/wp-content\/uploads\/2023\/12\/beptur_total-612x445.jpeg\" alt=\"\" width=\"567\" height=\"412\" srcset=\"https:\/\/www.pm.pb.gov.br\/portal\/wp-content\/uploads\/2023\/12\/beptur_total-612x445.jpeg 612w, https:\/\/www.pm.pb.gov.br\/portal\/wp-content\/uploads\/2023\/12\/beptur_total-784x570.jpeg 784w, https:\/\/www.pm.pb.gov.br\/portal\/wp-content\/uploads\/2023\/12\/beptur_total-768x558.jpeg 768w, https:\/\/www.pm.pb.gov.br\/portal\/wp-content\/uploads\/2023\/12\/beptur_total-1536x1117.jpeg 1536w, https:\/\/www.pm.pb.gov.br\/portal\/wp-content\/uploads\/2023\/12\/beptur_total-2048x1489.jpeg 2048w\" sizes=\"(max-width: 567px) 100vw, 567px\" \/><\/p>\n<p>A Opera\u00e7\u00e3o For\u00e7a Total 2 aconteceu simultaneamente envolvendo todas as Pol\u00edcias Militares do pa\u00eds, e foi coordenada pelo Conselho Nacional de Comandantes-Gerais. Entre os objetivos da Opera\u00e7\u00e3o estava o fortalecimento da seguran\u00e7a p\u00fablica, preven\u00e7\u00e3o aos delitos e pris\u00e3o de criminosos. Na Para\u00edba as a\u00e7\u00f5es preventivas e repressivas aconteceram em mais de 80 munic\u00edpios, envolvendo quase 800 policiais militares e 300 viaturas.<\/p>\n<p>De acordo com os dados, entre os presos estavam adultos capturados em flagrante, menores apreendidos por atos infracionais, e foragidos da Justi\u00e7a. Em Campina Grande, dois menores foram apreendidos com duas motocicletas com restri\u00e7\u00e3o de roubo, e com numera\u00e7\u00e3o raspada (foto abaixo). Tamb\u00e9m na cidade, uma mulher com mandado de pris\u00e3o em aberto pelo crime de roubo foi capturada. Ainda em Campina, uma motocicleta clonada foi apreendida e o piloto foi conduzido.<\/p>\n<p><img loading=\"lazy\" decoding=\"async\" class=\"size-medium wp-image-919667 aligncenter\" src=\"http:\/\/www.pm.pb.gov.br\/portal\/wp-content\/uploads\/2023\/12\/WhatsApp-Image-2023-12-15-at-22.49.36-416x445.jpeg\" alt=\"\" width=\"416\" height=\"445\" srcset=\"https:\/\/www.pm.pb.gov.br\/portal\/wp-content\/uploads\/2023\/12\/WhatsApp-Image-2023-12-15-at-22.49.36-416x445.jpeg 416w, https:\/\/www.pm.pb.gov.br\/portal\/wp-content\/uploads\/2023\/12\/WhatsApp-Image-2023-12-15-at-22.49.36-532x570.jpeg 532w, https:\/\/www.pm.pb.gov.br\/portal\/wp-content\/uploads\/2023\/12\/WhatsApp-Image-2023-12-15-at-22.49.36-768x822.jpeg 768w, https:\/\/www.pm.pb.gov.br\/portal\/wp-content\/uploads\/2023\/12\/WhatsApp-Image-2023-12-15-at-22.49.36.jpeg 960w\" sizes=\"(max-width: 416px) 100vw, 416px\" \/><\/p>\n<p>J\u00e1 no sert\u00e3o, tr\u00eas pessoas foram presas no munic\u00edpio de Itaporanga. Dois acusados estavam sendo procurados por furtos, sendo um deles preso em flagrante e o outro com um mandado de pris\u00e3o expedido pela Justi\u00e7a. Um terceiro acusado tentou fugir da PM em uma motocicleta num checkpoint, estando armado. O homem foi preso com um rev\u00f3lver e uma por\u00e7\u00e3o de droga (foto abaixo). A participa\u00e7\u00e3o dele em outros crimes na regi\u00e3o ser\u00e1 investigada.<\/p>\n<p><img loading=\"lazy\" decoding=\"async\" class=\"size-medium wp-image-919664 aligncenter\" src=\"http:\/\/www.pm.pb.gov.br\/portal\/wp-content\/uploads\/2023\/12\/WhatsApp-Image-2023-12-15-at-16.34.48-1-345x445.jpeg\" alt=\"\" width=\"345\" height=\"445\" srcset=\"https:\/\/www.pm.pb.gov.br\/portal\/wp-content\/uploads\/2023\/12\/WhatsApp-Image-2023-12-15-at-16.34.48-1-345x445.jpeg 345w, https:\/\/www.pm.pb.gov.br\/portal\/wp-content\/uploads\/2023\/12\/WhatsApp-Image-2023-12-15-at-16.34.48-1-442x570.jpeg 442w, https:\/\/www.pm.pb.gov.br\/portal\/wp-content\/uploads\/2023\/12\/WhatsApp-Image-2023-12-15-at-16.34.48-1.jpeg 720w\" sizes=\"(max-width: 345px) 100vw, 345px\" \/><\/p>\n<p>Nas redes-sociais, o Conselho Nacional de Comandantes-Gerais apresentou, ainda na noite de sexta-feira, um saldo nacional da Opera\u00e7\u00e3o, que recuperou ve\u00edculos, apreendeu armas, capturou foragidos e apreendeu menores envolvidos em atos infracionais.<\/p>\n\n\n","protected":false},"excerpt":{"rendered":"<p>Cerca de 20 pessoas envolvidas em crimes ou atos infracionais foram conduzidas \u00e0s delegacias pela Pol\u00edcia Militar, durante a realiza\u00e7\u00e3o<\/p>\n","protected":false},"author":12,"featured_media":915352,"comment_status":"closed","ping_status":"closed","sticky":false,"template":"","format":"standard","meta":{"_exactmetrics_skip_tracking":false,"_exactmetrics_sitenote_active":false,"_exactmetrics_sitenote_note":"","_exactmetrics_sitenote_category":0,"footnotes":""},"categories":[4],"tags":[],"yoast_head":"<!-- This site is optimized with the Yoast SEO plugin v22.0 - https:\/\/yoast.com\/wordpress\/plugins\/seo\/ -->\n<title>Opera\u00e7\u00e3o For\u00e7a Total 2: Na Para\u00edba, cerca de 20 envolvidos em crimes e atos infracionais foram presos ou apreendidos - Pol\u00edcia Militar da Para\u00edba<\/title>\n<meta name=\"description\" content=\"A Opera\u00e7\u00e3o For\u00e7a Total 2 aconteceu simultaneamente envolvendo todas as Pol\u00edcias Militares do pa\u00eds, e foi coordenada pelo Conselho Nacional de Comandantes-Gerais\" \/>\n<meta name=\"robots\" content=\"index, follow, max-snippet:-1, max-image-preview:large, max-video-preview:-1\" \/>\n<link rel=\"canonical\" href=\"https:\/\/www.pm.pb.gov.br\/portal\/2023\/12\/16\/operacao-forca-total-2-na-paraiba-cerca-de-20-envolvidos-em-crimes-e-atos-infracionais-foram-presos-ou-apreendidos\/\" \/>\n<meta property=\"og:locale\" content=\"pt_BR\" \/>\n<meta property=\"og:type\" content=\"article\" \/>\n<meta property=\"og:title\" content=\"Opera\u00e7\u00e3o For\u00e7a Total 2: Na Para\u00edba, cerca de 20 envolvidos em crimes e atos infracionais foram presos ou apreendidos - Pol\u00edcia Militar da Para\u00edba\" \/>\n<meta property=\"og:description\" content=\"A Opera\u00e7\u00e3o For\u00e7a Total 2 aconteceu simultaneamente envolvendo todas as Pol\u00edcias Militares do pa\u00eds, e foi coordenada pelo Conselho Nacional de Comandantes-Gerais\" \/>\n<meta property=\"og:url\" content=\"https:\/\/www.pm.pb.gov.br\/portal\/2023\/12\/16\/operacao-forca-total-2-na-paraiba-cerca-de-20-envolvidos-em-crimes-e-atos-infracionais-foram-presos-ou-apreendidos\/\" \/>\n<meta property=\"og:site_name\" content=\"Pol\u00edcia Militar da Para\u00edba\" \/>\n<meta property=\"article:published_time\" content=\"2023-12-16T04:27:10+00:00\" \/>\n<meta property=\"article:modified_time\" content=\"2023-12-16T04:27:13+00:00\" \/>\n<meta property=\"og:image\" content=\"http:\/\/www.pm.pb.gov.br\/portal\/wp-content\/uploads\/2023\/01\/ilustrativas.jpeg\" \/>\n\t<meta property=\"og:image:width\" content=\"800\" \/>\n\t<meta property=\"og:image:height\" content=\"445\" \/>\n\t<meta property=\"og:image:type\" content=\"image\/jpeg\" \/>\n<meta name=\"author\" content=\"Tarcisio Oliveira\" \/>\n<meta name=\"twitter:card\" content=\"summary_large_image\" \/>\n<meta name=\"twitter:label1\" content=\"Escrito por\" \/>\n\t<meta name=\"twitter:data1\" content=\"Tarcisio Oliveira\" \/>\n\t<meta name=\"twitter:label2\" content=\"Est. tempo de leitura\" \/>\n\t<meta name=\"twitter:data2\" content=\"3 minutos\" \/>\n<script type=\"application\/ld+json\" class=\"yoast-schema-graph\">{\"@context\":\"https:\/\/schema.org\",\"@graph\":[{\"@type\":\"Article\",\"@id\":\"https:\/\/www.pm.pb.gov.br\/portal\/2023\/12\/16\/operacao-forca-total-2-na-paraiba-cerca-de-20-envolvidos-em-crimes-e-atos-infracionais-foram-presos-ou-apreendidos\/#article\",\"isPartOf\":{\"@id\":\"https:\/\/www.pm.pb.gov.br\/portal\/2023\/12\/16\/operacao-forca-total-2-na-paraiba-cerca-de-20-envolvidos-em-crimes-e-atos-infracionais-foram-presos-ou-apreendidos\/\"},\"author\":{\"name\":\"Tarcisio Oliveira\",\"@id\":\"https:\/\/www.pm.pb.gov.br\/portal\/#\/schema\/person\/f84f56dcc78ce4357054da888b8247fd\"},\"headline\":\"Opera\u00e7\u00e3o For\u00e7a Total 2: Na Para\u00edba, cerca de 20 envolvidos em crimes e atos infracionais foram presos ou apreendidos\",\"datePublished\":\"2023-12-16T04:27:10+00:00\",\"dateModified\":\"2023-12-16T04:27:13+00:00\",\"mainEntityOfPage\":{\"@id\":\"https:\/\/www.pm.pb.gov.br\/portal\/2023\/12\/16\/operacao-forca-total-2-na-paraiba-cerca-de-20-envolvidos-em-crimes-e-atos-infracionais-foram-presos-ou-apreendidos\/\"},\"wordCount\":344,\"publisher\":{\"@id\":\"https:\/\/www.pm.pb.gov.br\/portal\/#organization\"},\"articleSection\":[\"A\u00e7\u00f5es Policiais\"],\"inLanguage\":\"pt-BR\"},{\"@type\":\"WebPage\",\"@id\":\"https:\/\/www.pm.pb.gov.br\/portal\/2023\/12\/16\/operacao-forca-total-2-na-paraiba-cerca-de-20-envolvidos-em-crimes-e-atos-infracionais-foram-presos-ou-apreendidos\/\",\"url\":\"https:\/\/www.pm.pb.gov.br\/portal\/2023\/12\/16\/operacao-forca-total-2-na-paraiba-cerca-de-20-envolvidos-em-crimes-e-atos-infracionais-foram-presos-ou-apreendidos\/\",\"name\":\"Opera\u00e7\u00e3o For\u00e7a Total 2: Na Para\u00edba, cerca de 20 envolvidos em crimes e atos infracionais foram presos ou apreendidos - Pol\u00edcia Militar da Para\u00edba\",\"isPartOf\":{\"@id\":\"https:\/\/www.pm.pb.gov.br\/portal\/#website\"},\"datePublished\":\"2023-12-16T04:27:10+00:00\",\"dateModified\":\"2023-12-16T04:27:13+00:00\",\"description\":\"A Opera\u00e7\u00e3o For\u00e7a Total 2 aconteceu simultaneamente envolvendo todas as Pol\u00edcias Militares do pa\u00eds, e foi coordenada pelo Conselho Nacional de Comandantes-Gerais\",\"breadcrumb\":{\"@id\":\"https:\/\/www.pm.pb.gov.br\/portal\/2023\/12\/16\/operacao-forca-total-2-na-paraiba-cerca-de-20-envolvidos-em-crimes-e-atos-infracionais-foram-presos-ou-apreendidos\/#breadcrumb\"},\"inLanguage\":\"pt-BR\",\"potentialAction\":[{\"@type\":\"ReadAction\",\"target\":[\"https:\/\/www.pm.pb.gov.br\/portal\/2023\/12\/16\/operacao-forca-total-2-na-paraiba-cerca-de-20-envolvidos-em-crimes-e-atos-infracionais-foram-presos-ou-apreendidos\/\"]}]},{\"@type\":\"BreadcrumbList\",\"@id\":\"https:\/\/www.pm.pb.gov.br\/portal\/2023\/12\/16\/operacao-forca-total-2-na-paraiba-cerca-de-20-envolvidos-em-crimes-e-atos-infracionais-foram-presos-ou-apreendidos\/#breadcrumb\",\"itemListElement\":[{\"@type\":\"ListItem\",\"position\":1,\"name\":\"In\u00edcio\",\"item\":\"https:\/\/www.pm.pb.gov.br\/portal\/\"},{\"@type\":\"ListItem\",\"position\":2,\"name\":\"Opera\u00e7\u00e3o For\u00e7a Total 2: Na Para\u00edba, cerca de 20 envolvidos em crimes e atos infracionais foram presos ou apreendidos\"}]},{\"@type\":\"WebSite\",\"@id\":\"https:\/\/www.pm.pb.gov.br\/portal\/#website\",\"url\":\"https:\/\/www.pm.pb.gov.br\/portal\/\",\"name\":\"Pol\u00edcia Militar da Para\u00edba\",\"description\":\"\",\"publisher\":{\"@id\":\"https:\/\/www.pm.pb.gov.br\/portal\/#organization\"},\"potentialAction\":[{\"@type\":\"SearchAction\",\"target\":{\"@type\":\"EntryPoint\",\"urlTemplate\":\"https:\/\/www.pm.pb.gov.br\/portal\/?s={search_term_string}\"},\"query-input\":\"required name=search_term_string\"}],\"inLanguage\":\"pt-BR\"},{\"@type\":\"Organization\",\"@id\":\"https:\/\/www.pm.pb.gov.br\/portal\/#organization\",\"name\":\"Pol\u00edcia Militar da Para\u00edba\",\"url\":\"https:\/\/www.pm.pb.gov.br\/portal\/\",\"logo\":{\"@type\":\"ImageObject\",\"inLanguage\":\"pt-BR\",\"@id\":\"https:\/\/www.pm.pb.gov.br\/portal\/#\/schema\/logo\/image\/\",\"url\":\"https:\/\/www.pm.pb.gov.br\/portal\/wp-content\/uploads\/2025\/03\/cropped-logo-site-mag2-1.png\",\"contentUrl\":\"https:\/\/www.pm.pb.gov.br\/portal\/wp-content\/uploads\/2025\/03\/cropped-logo-site-mag2-1.png\",\"width\":320,\"height\":90,\"caption\":\"Pol\u00edcia Militar da Para\u00edba\"},\"image\":{\"@id\":\"https:\/\/www.pm.pb.gov.br\/portal\/#\/schema\/logo\/image\/\"}},{\"@type\":\"Person\",\"@id\":\"https:\/\/www.pm.pb.gov.br\/portal\/#\/schema\/person\/f84f56dcc78ce4357054da888b8247fd\",\"name\":\"Tarcisio Oliveira\",\"image\":{\"@type\":\"ImageObject\",\"inLanguage\":\"pt-BR\",\"@id\":\"https:\/\/www.pm.pb.gov.br\/portal\/#\/schema\/person\/image\/\",\"url\":\"https:\/\/secure.gravatar.com\/avatar\/72917b630b69d31cd0297507f34bac97?s=96&d=mm&r=g\",\"contentUrl\":\"https:\/\/secure.gravatar.com\/avatar\/72917b630b69d31cd0297507f34bac97?s=96&d=mm&r=g\",\"caption\":\"Tarcisio Oliveira\"},\"url\":\"https:\/\/www.pm.pb.gov.br\/portal\/author\/tarcisio\/\"}]}<\/script>\n<!-- \/ Yoast SEO plugin. -->","yoast_head_json":{"title":"Opera\u00e7\u00e3o For\u00e7a Total 2: Na Para\u00edba, cerca de 20 envolvidos em crimes e atos infracionais foram presos ou apreendidos - Pol\u00edcia Militar da Para\u00edba","description":"A Opera\u00e7\u00e3o For\u00e7a Total 2 aconteceu simultaneamente envolvendo todas as Pol\u00edcias Militares do pa\u00eds, e foi coordenada pelo Conselho Nacional de Comandantes-Gerais","robots":{"index":"index","follow":"follow","max-snippet":"max-snippet:-1","max-image-preview":"max-image-preview:large","max-video-preview":"max-video-preview:-1"},"canonical":"https:\/\/www.pm.pb.gov.br\/portal\/2023\/12\/16\/operacao-forca-total-2-na-paraiba-cerca-de-20-envolvidos-em-crimes-e-atos-infracionais-foram-presos-ou-apreendidos\/","og_locale":"pt_BR","og_type":"article","og_title":"Opera\u00e7\u00e3o For\u00e7a Total 2: Na Para\u00edba, cerca de 20 envolvidos em crimes e atos infracionais foram presos ou apreendidos - Pol\u00edcia Militar da Para\u00edba","og_description":"A Opera\u00e7\u00e3o For\u00e7a Total 2 aconteceu simultaneamente envolvendo todas as Pol\u00edcias Militares do pa\u00eds, e foi coordenada pelo Conselho Nacional de Comandantes-Gerais","og_url":"https:\/\/www.pm.pb.gov.br\/portal\/2023\/12\/16\/operacao-forca-total-2-na-paraiba-cerca-de-20-envolvidos-em-crimes-e-atos-infracionais-foram-presos-ou-apreendidos\/","og_site_name":"Pol\u00edcia Militar da Para\u00edba","article_published_time":"2023-12-16T04:27:10+00:00","article_modified_time":"2023-12-16T04:27:13+00:00","og_image":[{"width":800,"height":445,"url":"http:\/\/www.pm.pb.gov.br\/portal\/wp-content\/uploads\/2023\/01\/ilustrativas.jpeg","type":"image\/jpeg"}],"author":"Tarcisio Oliveira","twitter_card":"summary_large_image","twitter_misc":{"Escrito por":"Tarcisio Oliveira","Est. tempo de leitura":"3 minutos"},"schema":{"@context":"https:\/\/schema.org","@graph":[{"@type":"Article","@id":"https:\/\/www.pm.pb.gov.br\/portal\/2023\/12\/16\/operacao-forca-total-2-na-paraiba-cerca-de-20-envolvidos-em-crimes-e-atos-infracionais-foram-presos-ou-apreendidos\/#article","isPartOf":{"@id":"https:\/\/www.pm.pb.gov.br\/portal\/2023\/12\/16\/operacao-forca-total-2-na-paraiba-cerca-de-20-envolvidos-em-crimes-e-atos-infracionais-foram-presos-ou-apreendidos\/"},"author":{"name":"Tarcisio Oliveira","@id":"https:\/\/www.pm.pb.gov.br\/portal\/#\/schema\/person\/f84f56dcc78ce4357054da888b8247fd"},"headline":"Opera\u00e7\u00e3o For\u00e7a Total 2: Na Para\u00edba, cerca de 20 envolvidos em crimes e atos infracionais foram presos ou apreendidos","datePublished":"2023-12-16T04:27:10+00:00","dateModified":"2023-12-16T04:27:13+00:00","mainEntityOfPage":{"@id":"https:\/\/www.pm.pb.gov.br\/portal\/2023\/12\/16\/operacao-forca-total-2-na-paraiba-cerca-de-20-envolvidos-em-crimes-e-atos-infracionais-foram-presos-ou-apreendidos\/"},"wordCount":344,"publisher":{"@id":"https:\/\/www.pm.pb.gov.br\/portal\/#organization"},"articleSection":["A\u00e7\u00f5es Policiais"],"inLanguage":"pt-BR"},{"@type":"WebPage","@id":"https:\/\/www.pm.pb.gov.br\/portal\/2023\/12\/16\/operacao-forca-total-2-na-paraiba-cerca-de-20-envolvidos-em-crimes-e-atos-infracionais-foram-presos-ou-apreendidos\/","url":"https:\/\/www.pm.pb.gov.br\/portal\/2023\/12\/16\/operacao-forca-total-2-na-paraiba-cerca-de-20-envolvidos-em-crimes-e-atos-infracionais-foram-presos-ou-apreendidos\/","name":"Opera\u00e7\u00e3o For\u00e7a Total 2: Na Para\u00edba, cerca de 20 envolvidos em crimes e atos infracionais foram presos ou apreendidos - Pol\u00edcia Militar da Para\u00edba","isPartOf":{"@id":"https:\/\/www.pm.pb.gov.br\/portal\/#website"},"datePublished":"2023-12-16T04:27:10+00:00","dateModified":"2023-12-16T04:27:13+00:00","description":"A Opera\u00e7\u00e3o For\u00e7a Total 2 aconteceu simultaneamente envolvendo todas as Pol\u00edcias Militares do pa\u00eds, e foi coordenada pelo Conselho Nacional de Comandantes-Gerais","breadcrumb":{"@id":"https:\/\/www.pm.pb.gov.br\/portal\/2023\/12\/16\/operacao-forca-total-2-na-paraiba-cerca-de-20-envolvidos-em-crimes-e-atos-infracionais-foram-presos-ou-apreendidos\/#breadcrumb"},"inLanguage":"pt-BR","potentialAction":[{"@type":"ReadAction","target":["https:\/\/www.pm.pb.gov.br\/portal\/2023\/12\/16\/operacao-forca-total-2-na-paraiba-cerca-de-20-envolvidos-em-crimes-e-atos-infracionais-foram-presos-ou-apreendidos\/"]}]},{"@type":"BreadcrumbList","@id":"https:\/\/www.pm.pb.gov.br\/portal\/2023\/12\/16\/operacao-forca-total-2-na-paraiba-cerca-de-20-envolvidos-em-crimes-e-atos-infracionais-foram-presos-ou-apreendidos\/#breadcrumb","itemListElement":[{"@type":"ListItem","position":1,"name":"In\u00edcio","item":"https:\/\/www.pm.pb.gov.br\/portal\/"},{"@type":"ListItem","position":2,"name":"Opera\u00e7\u00e3o For\u00e7a Total 2: Na Para\u00edba, cerca de 20 envolvidos em crimes e atos infracionais foram presos ou apreendidos"}]},{"@type":"WebSite","@id":"https:\/\/www.pm.pb.gov.br\/portal\/#website","url":"https:\/\/www.pm.pb.gov.br\/portal\/","name":"Pol\u00edcia Militar da Para\u00edba","description":"","publisher":{"@id":"https:\/\/www.pm.pb.gov.br\/portal\/#organization"},"potentialAction":[{"@type":"SearchAction","target":{"@type":"EntryPoint","urlTemplate":"https:\/\/www.pm.pb.gov.br\/portal\/?s={search_term_string}"},"query-input":"required name=search_term_string"}],"inLanguage":"pt-BR"},{"@type":"Organization","@id":"https:\/\/www.pm.pb.gov.br\/portal\/#organization","name":"Pol\u00edcia Militar da Para\u00edba","url":"https:\/\/www.pm.pb.gov.br\/portal\/","logo":{"@type":"ImageObject","inLanguage":"pt-BR","@id":"https:\/\/www.pm.pb.gov.br\/portal\/#\/schema\/logo\/image\/","url":"https:\/\/www.pm.pb.gov.br\/portal\/wp-content\/uploads\/2025\/03\/cropped-logo-site-mag2-1.png","contentUrl":"https:\/\/www.pm.pb.gov.br\/portal\/wp-content\/uploads\/2025\/03\/cropped-logo-site-mag2-1.png","width":320,"height":90,"caption":"Pol\u00edcia Militar da Para\u00edba"},"image":{"@id":"https:\/\/www.pm.pb.gov.br\/portal\/#\/schema\/logo\/image\/"}},{"@type":"Person","@id":"https:\/\/www.pm.pb.gov.br\/portal\/#\/schema\/person\/f84f56dcc78ce4357054da888b8247fd","name":"Tarcisio Oliveira","image":{"@type":"ImageObject","inLanguage":"pt-BR","@id":"https:\/\/www.pm.pb.gov.br\/portal\/#\/schema\/person\/image\/","url":"https:\/\/secure.gravatar.com\/avatar\/72917b630b69d31cd0297507f34bac97?s=96&d=mm&r=g","contentUrl":"https:\/\/secure.gravatar.com\/avatar\/72917b630b69d31cd0297507f34bac97?s=96&d=mm&r=g","caption":"Tarcisio Oliveira"},"url":"https:\/\/www.pm.pb.gov.br\/portal\/author\/tarcisio\/"}]}},"_links":{"self":[{"href":"https:\/\/www.pm.pb.gov.br\/portal\/wp-json\/wp\/v2\/posts\/919666"}],"collection":[{"href":"https:\/\/www.pm.pb.gov.br\/portal\/wp-json\/wp\/v2\/posts"}],"about":[{"href":"https:\/\/www.pm.pb.gov.br\/portal\/wp-json\/wp\/v2\/types\/post"}],"author":[{"embeddable":true,"href":"https:\/\/www.pm.pb.gov.br\/portal\/wp-json\/wp\/v2\/users\/12"}],"replies":[{"embeddable":true,"href":"https:\/\/www.pm.pb.gov.br\/portal\/wp-json\/wp\/v2\/comments?post=919666"}],"version-history":[{"count":1,"href":"https:\/\/www.pm.pb.gov.br\/portal\/wp-json\/wp\/v2\/posts\/919666\/revisions"}],"predecessor-version":[{"id":919669,"href":"https:\/\/www.pm.pb.gov.br\/portal\/wp-json\/wp\/v2\/posts\/919666\/revisions\/919669"}],"wp:featuredmedia":[{"embeddable":true,"href":"https:\/\/www.pm.pb.gov.br\/portal\/wp-json\/wp\/v2\/media\/915352"}],"wp:attachment":[{"href":"https:\/\/www.pm.pb.gov.br\/portal\/wp-json\/wp\/v2\/media?parent=919666"}],"wp:term":[{"taxonomy":"category","embeddable":true,"href":"https:\/\/www.pm.pb.gov.br\/portal\/wp-json\/wp\/v2\/categories?post=919666"},{"taxonomy":"post_tag","embeddable":true,"href":"https:\/\/www.pm.pb.gov.br\/portal\/wp-json\/wp\/v2\/tags?post=919666"}],"curies":[{"name":"wp","href":"https:\/\/api.w.org\/{rel}","templated":true}]}}