{"id":919661,"date":"2023-12-15T17:54:45","date_gmt":"2023-12-15T20:54:45","guid":{"rendered":"https:\/\/www.pm.pb.gov.br\/portal\/?p=919661"},"modified":"2023-12-15T17:54:47","modified_gmt":"2023-12-15T20:54:47","slug":"pmpb-participa-da-operacao-forca-total-2-no-sertao-tres-foram-presos","status":"publish","type":"post","link":"https:\/\/www.pm.pb.gov.br\/portal\/2023\/12\/15\/pmpb-participa-da-operacao-forca-total-2-no-sertao-tres-foram-presos\/","title":{"rendered":"PMPB participa da Opera\u00e7\u00e3o For\u00e7a Total 2: No sert\u00e3o, tr\u00eas foram presos"},"content":{"rendered":"\n<p>A Pol\u00edcia Militar da Para\u00edba participou nesta sexta-feira (15), com as demais Pol\u00edcias Militares do pa\u00eds, da Opera\u00e7\u00e3o For\u00e7a Total 2, coordenada pelo Conselho Nacional de Comandantes-Gerais (CNCG). As a\u00e7\u00f5es ocorreram durante a manh\u00e3 at\u00e9 o in\u00edcio da noite, com policiamento preventivo, refor\u00e7o nos chamados \u2018pontos quentes\u2019, abordagens e pris\u00f5es.<\/p>\n<p>Entre as a\u00e7\u00f5es de destaque, tr\u00eas pessoas foram presas no munic\u00edpio de Itaporanga, no Sert\u00e3o do Estado, pelo 13\u00ba Batalh\u00e3o (foto acima). Dois acusados estavam sendo procurados por furtos, sendo um deles preso em flagrante e o outro com um mandado de pris\u00e3o expedido pela Justi\u00e7a. Um terceiro acusado tentou fugir da PM em uma motocicleta, estando armado. O homem foi preso com um rev\u00f3lver e uma por\u00e7\u00e3o de droga. A participa\u00e7\u00e3o dele em outros crimes na regi\u00e3o ser\u00e1 investigada.<\/p>\n<p><img loading=\"lazy\" decoding=\"async\" class=\"size-medium wp-image-919664 aligncenter\" src=\"http:\/\/www.pm.pb.gov.br\/portal\/wp-content\/uploads\/2023\/12\/WhatsApp-Image-2023-12-15-at-16.34.48-1-345x445.jpeg\" alt=\"\" width=\"345\" height=\"445\" srcset=\"https:\/\/www.pm.pb.gov.br\/portal\/wp-content\/uploads\/2023\/12\/WhatsApp-Image-2023-12-15-at-16.34.48-1-345x445.jpeg 345w, https:\/\/www.pm.pb.gov.br\/portal\/wp-content\/uploads\/2023\/12\/WhatsApp-Image-2023-12-15-at-16.34.48-1-442x570.jpeg 442w, https:\/\/www.pm.pb.gov.br\/portal\/wp-content\/uploads\/2023\/12\/WhatsApp-Image-2023-12-15-at-16.34.48-1.jpeg 720w\" sizes=\"(max-width: 345px) 100vw, 345px\" \/><\/p>\n<p>A Opera\u00e7\u00e3o For\u00e7a Total 2 acontece nacionalmente nesta sexta, envolvendo todas as Pol\u00edcias Militares do pa\u00eds, no refor\u00e7o das a\u00e7\u00f5es da seguran\u00e7a p\u00fablica.<\/p>\n","protected":false},"excerpt":{"rendered":"<p>A Pol\u00edcia Militar da Para\u00edba participou nesta sexta-feira (15), com as demais Pol\u00edcias Militares do pa\u00eds, da Opera\u00e7\u00e3o For\u00e7a Total<\/p>\n","protected":false},"author":12,"featured_media":919662,"comment_status":"closed","ping_status":"closed","sticky":false,"template":"","format":"standard","meta":{"_exactmetrics_skip_tracking":false,"_exactmetrics_sitenote_active":false,"_exactmetrics_sitenote_note":"","_exactmetrics_sitenote_category":0,"footnotes":""},"categories":[4],"tags":[],"yoast_head":"<!-- This site is optimized with the Yoast SEO plugin v22.0 - https:\/\/yoast.com\/wordpress\/plugins\/seo\/ -->\n<title>PMPB participa da Opera\u00e7\u00e3o For\u00e7a Total 2: No sert\u00e3o, tr\u00eas foram presos - Pol\u00edcia Militar da Para\u00edba<\/title>\n<meta name=\"description\" content=\"Opera\u00e7\u00e3o For\u00e7a Total 2 acontece nacionalmente nesta sexta, envolvendo todas as Pol\u00edcias Militares do pa\u00eds, no refor\u00e7o das a\u00e7\u00f5es da seguran\u00e7a p\u00fablica.\" \/>\n<meta name=\"robots\" content=\"index, follow, max-snippet:-1, max-image-preview:large, max-video-preview:-1\" \/>\n<link rel=\"canonical\" href=\"https:\/\/www.pm.pb.gov.br\/portal\/2023\/12\/15\/pmpb-participa-da-operacao-forca-total-2-no-sertao-tres-foram-presos\/\" \/>\n<meta property=\"og:locale\" content=\"pt_BR\" \/>\n<meta property=\"og:type\" content=\"article\" \/>\n<meta property=\"og:title\" content=\"PMPB participa da Opera\u00e7\u00e3o For\u00e7a Total 2: No sert\u00e3o, tr\u00eas foram presos - Pol\u00edcia Militar da Para\u00edba\" \/>\n<meta property=\"og:description\" content=\"Opera\u00e7\u00e3o For\u00e7a Total 2 acontece nacionalmente nesta sexta, envolvendo todas as Pol\u00edcias Militares do pa\u00eds, no refor\u00e7o das a\u00e7\u00f5es da seguran\u00e7a p\u00fablica.\" \/>\n<meta property=\"og:url\" content=\"https:\/\/www.pm.pb.gov.br\/portal\/2023\/12\/15\/pmpb-participa-da-operacao-forca-total-2-no-sertao-tres-foram-presos\/\" \/>\n<meta property=\"og:site_name\" content=\"Pol\u00edcia Militar da Para\u00edba\" \/>\n<meta property=\"article:published_time\" content=\"2023-12-15T20:54:45+00:00\" \/>\n<meta property=\"article:modified_time\" content=\"2023-12-15T20:54:47+00:00\" \/>\n<meta property=\"og:image\" content=\"http:\/\/www.pm.pb.gov.br\/portal\/wp-content\/uploads\/2023\/12\/13bpm.jpeg\" \/>\n\t<meta property=\"og:image:width\" content=\"800\" \/>\n\t<meta property=\"og:image:height\" content=\"445\" \/>\n\t<meta property=\"og:image:type\" content=\"image\/jpeg\" \/>\n<meta name=\"author\" content=\"Tarcisio Oliveira\" \/>\n<meta name=\"twitter:card\" content=\"summary_large_image\" \/>\n<meta name=\"twitter:label1\" content=\"Escrito por\" \/>\n\t<meta name=\"twitter:data1\" content=\"Tarcisio Oliveira\" \/>\n\t<meta name=\"twitter:label2\" content=\"Est. tempo de leitura\" \/>\n\t<meta name=\"twitter:data2\" content=\"2 minutos\" \/>\n<script type=\"application\/ld+json\" class=\"yoast-schema-graph\">{\"@context\":\"https:\/\/schema.org\",\"@graph\":[{\"@type\":\"Article\",\"@id\":\"https:\/\/www.pm.pb.gov.br\/portal\/2023\/12\/15\/pmpb-participa-da-operacao-forca-total-2-no-sertao-tres-foram-presos\/#article\",\"isPartOf\":{\"@id\":\"https:\/\/www.pm.pb.gov.br\/portal\/2023\/12\/15\/pmpb-participa-da-operacao-forca-total-2-no-sertao-tres-foram-presos\/\"},\"author\":{\"name\":\"Tarcisio Oliveira\",\"@id\":\"https:\/\/www.pm.pb.gov.br\/portal\/#\/schema\/person\/f84f56dcc78ce4357054da888b8247fd\"},\"headline\":\"PMPB participa da Opera\u00e7\u00e3o For\u00e7a Total 2: No sert\u00e3o, tr\u00eas foram presos\",\"datePublished\":\"2023-12-15T20:54:45+00:00\",\"dateModified\":\"2023-12-15T20:54:47+00:00\",\"mainEntityOfPage\":{\"@id\":\"https:\/\/www.pm.pb.gov.br\/portal\/2023\/12\/15\/pmpb-participa-da-operacao-forca-total-2-no-sertao-tres-foram-presos\/\"},\"wordCount\":193,\"publisher\":{\"@id\":\"https:\/\/www.pm.pb.gov.br\/portal\/#organization\"},\"articleSection\":[\"A\u00e7\u00f5es Policiais\"],\"inLanguage\":\"pt-BR\"},{\"@type\":\"WebPage\",\"@id\":\"https:\/\/www.pm.pb.gov.br\/portal\/2023\/12\/15\/pmpb-participa-da-operacao-forca-total-2-no-sertao-tres-foram-presos\/\",\"url\":\"https:\/\/www.pm.pb.gov.br\/portal\/2023\/12\/15\/pmpb-participa-da-operacao-forca-total-2-no-sertao-tres-foram-presos\/\",\"name\":\"PMPB participa da Opera\u00e7\u00e3o For\u00e7a Total 2: No sert\u00e3o, tr\u00eas foram presos - Pol\u00edcia Militar da Para\u00edba\",\"isPartOf\":{\"@id\":\"https:\/\/www.pm.pb.gov.br\/portal\/#website\"},\"datePublished\":\"2023-12-15T20:54:45+00:00\",\"dateModified\":\"2023-12-15T20:54:47+00:00\",\"description\":\"Opera\u00e7\u00e3o For\u00e7a Total 2 acontece nacionalmente nesta sexta, envolvendo todas as Pol\u00edcias Militares do pa\u00eds, no refor\u00e7o das a\u00e7\u00f5es da seguran\u00e7a p\u00fablica.\",\"breadcrumb\":{\"@id\":\"https:\/\/www.pm.pb.gov.br\/portal\/2023\/12\/15\/pmpb-participa-da-operacao-forca-total-2-no-sertao-tres-foram-presos\/#breadcrumb\"},\"inLanguage\":\"pt-BR\",\"potentialAction\":[{\"@type\":\"ReadAction\",\"target\":[\"https:\/\/www.pm.pb.gov.br\/portal\/2023\/12\/15\/pmpb-participa-da-operacao-forca-total-2-no-sertao-tres-foram-presos\/\"]}]},{\"@type\":\"BreadcrumbList\",\"@id\":\"https:\/\/www.pm.pb.gov.br\/portal\/2023\/12\/15\/pmpb-participa-da-operacao-forca-total-2-no-sertao-tres-foram-presos\/#breadcrumb\",\"itemListElement\":[{\"@type\":\"ListItem\",\"position\":1,\"name\":\"In\u00edcio\",\"item\":\"https:\/\/www.pm.pb.gov.br\/portal\/\"},{\"@type\":\"ListItem\",\"position\":2,\"name\":\"PMPB participa da Opera\u00e7\u00e3o For\u00e7a Total 2: No sert\u00e3o, tr\u00eas foram presos\"}]},{\"@type\":\"WebSite\",\"@id\":\"https:\/\/www.pm.pb.gov.br\/portal\/#website\",\"url\":\"https:\/\/www.pm.pb.gov.br\/portal\/\",\"name\":\"Pol\u00edcia Militar da Para\u00edba\",\"description\":\"\",\"publisher\":{\"@id\":\"https:\/\/www.pm.pb.gov.br\/portal\/#organization\"},\"potentialAction\":[{\"@type\":\"SearchAction\",\"target\":{\"@type\":\"EntryPoint\",\"urlTemplate\":\"https:\/\/www.pm.pb.gov.br\/portal\/?s={search_term_string}\"},\"query-input\":\"required name=search_term_string\"}],\"inLanguage\":\"pt-BR\"},{\"@type\":\"Organization\",\"@id\":\"https:\/\/www.pm.pb.gov.br\/portal\/#organization\",\"name\":\"Pol\u00edcia Militar da Para\u00edba\",\"url\":\"https:\/\/www.pm.pb.gov.br\/portal\/\",\"logo\":{\"@type\":\"ImageObject\",\"inLanguage\":\"pt-BR\",\"@id\":\"https:\/\/www.pm.pb.gov.br\/portal\/#\/schema\/logo\/image\/\",\"url\":\"https:\/\/www.pm.pb.gov.br\/portal\/wp-content\/uploads\/2025\/03\/cropped-logo-site-mag2-1.png\",\"contentUrl\":\"https:\/\/www.pm.pb.gov.br\/portal\/wp-content\/uploads\/2025\/03\/cropped-logo-site-mag2-1.png\",\"width\":320,\"height\":90,\"caption\":\"Pol\u00edcia Militar da Para\u00edba\"},\"image\":{\"@id\":\"https:\/\/www.pm.pb.gov.br\/portal\/#\/schema\/logo\/image\/\"}},{\"@type\":\"Person\",\"@id\":\"https:\/\/www.pm.pb.gov.br\/portal\/#\/schema\/person\/f84f56dcc78ce4357054da888b8247fd\",\"name\":\"Tarcisio Oliveira\",\"image\":{\"@type\":\"ImageObject\",\"inLanguage\":\"pt-BR\",\"@id\":\"https:\/\/www.pm.pb.gov.br\/portal\/#\/schema\/person\/image\/\",\"url\":\"https:\/\/secure.gravatar.com\/avatar\/72917b630b69d31cd0297507f34bac97?s=96&d=mm&r=g\",\"contentUrl\":\"https:\/\/secure.gravatar.com\/avatar\/72917b630b69d31cd0297507f34bac97?s=96&d=mm&r=g\",\"caption\":\"Tarcisio Oliveira\"},\"url\":\"https:\/\/www.pm.pb.gov.br\/portal\/author\/tarcisio\/\"}]}<\/script>\n<!-- \/ Yoast SEO plugin. -->","yoast_head_json":{"title":"PMPB participa da Opera\u00e7\u00e3o For\u00e7a Total 2: No sert\u00e3o, tr\u00eas foram presos - Pol\u00edcia Militar da Para\u00edba","description":"Opera\u00e7\u00e3o For\u00e7a Total 2 acontece nacionalmente nesta sexta, envolvendo todas as Pol\u00edcias Militares do pa\u00eds, no refor\u00e7o das a\u00e7\u00f5es da seguran\u00e7a p\u00fablica.","robots":{"index":"index","follow":"follow","max-snippet":"max-snippet:-1","max-image-preview":"max-image-preview:large","max-video-preview":"max-video-preview:-1"},"canonical":"https:\/\/www.pm.pb.gov.br\/portal\/2023\/12\/15\/pmpb-participa-da-operacao-forca-total-2-no-sertao-tres-foram-presos\/","og_locale":"pt_BR","og_type":"article","og_title":"PMPB participa da Opera\u00e7\u00e3o For\u00e7a Total 2: No sert\u00e3o, tr\u00eas foram presos - Pol\u00edcia Militar da Para\u00edba","og_description":"Opera\u00e7\u00e3o For\u00e7a Total 2 acontece nacionalmente nesta sexta, envolvendo todas as Pol\u00edcias Militares do pa\u00eds, no refor\u00e7o das a\u00e7\u00f5es da seguran\u00e7a p\u00fablica.","og_url":"https:\/\/www.pm.pb.gov.br\/portal\/2023\/12\/15\/pmpb-participa-da-operacao-forca-total-2-no-sertao-tres-foram-presos\/","og_site_name":"Pol\u00edcia Militar da Para\u00edba","article_published_time":"2023-12-15T20:54:45+00:00","article_modified_time":"2023-12-15T20:54:47+00:00","og_image":[{"width":800,"height":445,"url":"http:\/\/www.pm.pb.gov.br\/portal\/wp-content\/uploads\/2023\/12\/13bpm.jpeg","type":"image\/jpeg"}],"author":"Tarcisio Oliveira","twitter_card":"summary_large_image","twitter_misc":{"Escrito por":"Tarcisio Oliveira","Est. tempo de leitura":"2 minutos"},"schema":{"@context":"https:\/\/schema.org","@graph":[{"@type":"Article","@id":"https:\/\/www.pm.pb.gov.br\/portal\/2023\/12\/15\/pmpb-participa-da-operacao-forca-total-2-no-sertao-tres-foram-presos\/#article","isPartOf":{"@id":"https:\/\/www.pm.pb.gov.br\/portal\/2023\/12\/15\/pmpb-participa-da-operacao-forca-total-2-no-sertao-tres-foram-presos\/"},"author":{"name":"Tarcisio Oliveira","@id":"https:\/\/www.pm.pb.gov.br\/portal\/#\/schema\/person\/f84f56dcc78ce4357054da888b8247fd"},"headline":"PMPB participa da Opera\u00e7\u00e3o For\u00e7a Total 2: No sert\u00e3o, tr\u00eas foram presos","datePublished":"2023-12-15T20:54:45+00:00","dateModified":"2023-12-15T20:54:47+00:00","mainEntityOfPage":{"@id":"https:\/\/www.pm.pb.gov.br\/portal\/2023\/12\/15\/pmpb-participa-da-operacao-forca-total-2-no-sertao-tres-foram-presos\/"},"wordCount":193,"publisher":{"@id":"https:\/\/www.pm.pb.gov.br\/portal\/#organization"},"articleSection":["A\u00e7\u00f5es Policiais"],"inLanguage":"pt-BR"},{"@type":"WebPage","@id":"https:\/\/www.pm.pb.gov.br\/portal\/2023\/12\/15\/pmpb-participa-da-operacao-forca-total-2-no-sertao-tres-foram-presos\/","url":"https:\/\/www.pm.pb.gov.br\/portal\/2023\/12\/15\/pmpb-participa-da-operacao-forca-total-2-no-sertao-tres-foram-presos\/","name":"PMPB participa da Opera\u00e7\u00e3o For\u00e7a Total 2: No sert\u00e3o, tr\u00eas foram presos - Pol\u00edcia Militar da Para\u00edba","isPartOf":{"@id":"https:\/\/www.pm.pb.gov.br\/portal\/#website"},"datePublished":"2023-12-15T20:54:45+00:00","dateModified":"2023-12-15T20:54:47+00:00","description":"Opera\u00e7\u00e3o For\u00e7a Total 2 acontece nacionalmente nesta sexta, envolvendo todas as Pol\u00edcias Militares do pa\u00eds, no refor\u00e7o das a\u00e7\u00f5es da seguran\u00e7a p\u00fablica.","breadcrumb":{"@id":"https:\/\/www.pm.pb.gov.br\/portal\/2023\/12\/15\/pmpb-participa-da-operacao-forca-total-2-no-sertao-tres-foram-presos\/#breadcrumb"},"inLanguage":"pt-BR","potentialAction":[{"@type":"ReadAction","target":["https:\/\/www.pm.pb.gov.br\/portal\/2023\/12\/15\/pmpb-participa-da-operacao-forca-total-2-no-sertao-tres-foram-presos\/"]}]},{"@type":"BreadcrumbList","@id":"https:\/\/www.pm.pb.gov.br\/portal\/2023\/12\/15\/pmpb-participa-da-operacao-forca-total-2-no-sertao-tres-foram-presos\/#breadcrumb","itemListElement":[{"@type":"ListItem","position":1,"name":"In\u00edcio","item":"https:\/\/www.pm.pb.gov.br\/portal\/"},{"@type":"ListItem","position":2,"name":"PMPB participa da Opera\u00e7\u00e3o For\u00e7a Total 2: No sert\u00e3o, tr\u00eas foram presos"}]},{"@type":"WebSite","@id":"https:\/\/www.pm.pb.gov.br\/portal\/#website","url":"https:\/\/www.pm.pb.gov.br\/portal\/","name":"Pol\u00edcia Militar da Para\u00edba","description":"","publisher":{"@id":"https:\/\/www.pm.pb.gov.br\/portal\/#organization"},"potentialAction":[{"@type":"SearchAction","target":{"@type":"EntryPoint","urlTemplate":"https:\/\/www.pm.pb.gov.br\/portal\/?s={search_term_string}"},"query-input":"required name=search_term_string"}],"inLanguage":"pt-BR"},{"@type":"Organization","@id":"https:\/\/www.pm.pb.gov.br\/portal\/#organization","name":"Pol\u00edcia Militar da Para\u00edba","url":"https:\/\/www.pm.pb.gov.br\/portal\/","logo":{"@type":"ImageObject","inLanguage":"pt-BR","@id":"https:\/\/www.pm.pb.gov.br\/portal\/#\/schema\/logo\/image\/","url":"https:\/\/www.pm.pb.gov.br\/portal\/wp-content\/uploads\/2025\/03\/cropped-logo-site-mag2-1.png","contentUrl":"https:\/\/www.pm.pb.gov.br\/portal\/wp-content\/uploads\/2025\/03\/cropped-logo-site-mag2-1.png","width":320,"height":90,"caption":"Pol\u00edcia Militar da Para\u00edba"},"image":{"@id":"https:\/\/www.pm.pb.gov.br\/portal\/#\/schema\/logo\/image\/"}},{"@type":"Person","@id":"https:\/\/www.pm.pb.gov.br\/portal\/#\/schema\/person\/f84f56dcc78ce4357054da888b8247fd","name":"Tarcisio Oliveira","image":{"@type":"ImageObject","inLanguage":"pt-BR","@id":"https:\/\/www.pm.pb.gov.br\/portal\/#\/schema\/person\/image\/","url":"https:\/\/secure.gravatar.com\/avatar\/72917b630b69d31cd0297507f34bac97?s=96&d=mm&r=g","contentUrl":"https:\/\/secure.gravatar.com\/avatar\/72917b630b69d31cd0297507f34bac97?s=96&d=mm&r=g","caption":"Tarcisio Oliveira"},"url":"https:\/\/www.pm.pb.gov.br\/portal\/author\/tarcisio\/"}]}},"_links":{"self":[{"href":"https:\/\/www.pm.pb.gov.br\/portal\/wp-json\/wp\/v2\/posts\/919661"}],"collection":[{"href":"https:\/\/www.pm.pb.gov.br\/portal\/wp-json\/wp\/v2\/posts"}],"about":[{"href":"https:\/\/www.pm.pb.gov.br\/portal\/wp-json\/wp\/v2\/types\/post"}],"author":[{"embeddable":true,"href":"https:\/\/www.pm.pb.gov.br\/portal\/wp-json\/wp\/v2\/users\/12"}],"replies":[{"embeddable":true,"href":"https:\/\/www.pm.pb.gov.br\/portal\/wp-json\/wp\/v2\/comments?post=919661"}],"version-history":[{"count":1,"href":"https:\/\/www.pm.pb.gov.br\/portal\/wp-json\/wp\/v2\/posts\/919661\/revisions"}],"predecessor-version":[{"id":919665,"href":"https:\/\/www.pm.pb.gov.br\/portal\/wp-json\/wp\/v2\/posts\/919661\/revisions\/919665"}],"wp:featuredmedia":[{"embeddable":true,"href":"https:\/\/www.pm.pb.gov.br\/portal\/wp-json\/wp\/v2\/media\/919662"}],"wp:attachment":[{"href":"https:\/\/www.pm.pb.gov.br\/portal\/wp-json\/wp\/v2\/media?parent=919661"}],"wp:term":[{"taxonomy":"category","embeddable":true,"href":"https:\/\/www.pm.pb.gov.br\/portal\/wp-json\/wp\/v2\/categories?post=919661"},{"taxonomy":"post_tag","embeddable":true,"href":"https:\/\/www.pm.pb.gov.br\/portal\/wp-json\/wp\/v2\/tags?post=919661"}],"curies":[{"name":"wp","href":"https:\/\/api.w.org\/{rel}","templated":true}]}}