{"id":919597,"date":"2023-12-11T17:32:56","date_gmt":"2023-12-11T20:32:56","guid":{"rendered":"https:\/\/www.pm.pb.gov.br\/portal\/?p=919597"},"modified":"2023-12-11T17:37:41","modified_gmt":"2023-12-11T20:37:41","slug":"operacao-pm-solidaria-quarteis-continuam-recebendo-doacoes","status":"publish","type":"post","link":"https:\/\/www.pm.pb.gov.br\/portal\/2023\/12\/11\/operacao-pm-solidaria-quarteis-continuam-recebendo-doacoes\/","title":{"rendered":"Opera\u00e7\u00e3o PM Solid\u00e1ria: Quart\u00e9is continuam recebendo doa\u00e7\u00f5es"},"content":{"rendered":"\n\n\n<p>A\u00e7\u00e3o tradicional da corpora\u00e7\u00e3o, a Pol\u00edcia Militar da Para\u00edba continua a arrecada\u00e7\u00e3o de alimentos e donativos para a Opera\u00e7\u00e3o PM Solid\u00e1ria, que acontece neste fim de ano. O objetivo da campanha \u00e9 levar alimentos e doa\u00e7\u00f5es at\u00e9 as fam\u00edlias em situa\u00e7\u00e3o de vulnerabilidade social, neste Natal.<\/p>\n<p>Quem quiser participar e doar alimentos n\u00e3o perec\u00edveis pode levar sua doa\u00e7\u00e3o para qualquer quartel da PM, onde est\u00e3o os pontos de arrecada\u00e7\u00e3o. Policiais militares, grupos, associa\u00e7\u00f5es tamb\u00e9m participam da campanha que, no \u00faltimo ano, arrecadou cerca de 24 toneladas de alimentos para fam\u00edlias paraibanas.<\/p>\n<p><img loading=\"lazy\" decoding=\"async\" class=\"size-medium wp-image-915297 aligncenter\" src=\"http:\/\/www.pm.pb.gov.br\/portal\/wp-content\/uploads\/2022\/12\/unnamed-11-593x445.jpg\" alt=\"\" width=\"593\" height=\"445\" srcset=\"https:\/\/www.pm.pb.gov.br\/portal\/wp-content\/uploads\/2022\/12\/unnamed-11-593x445.jpg 593w, https:\/\/www.pm.pb.gov.br\/portal\/wp-content\/uploads\/2022\/12\/unnamed-11-760x570.jpg 760w, https:\/\/www.pm.pb.gov.br\/portal\/wp-content\/uploads\/2022\/12\/unnamed-11-768x576.jpg 768w, https:\/\/www.pm.pb.gov.br\/portal\/wp-content\/uploads\/2022\/12\/unnamed-11-1536x1152.jpg 1536w, https:\/\/www.pm.pb.gov.br\/portal\/wp-content\/uploads\/2022\/12\/unnamed-11.jpg 1600w\" sizes=\"(max-width: 593px) 100vw, 593px\" \/><\/p>\n<p>Ap\u00f3s a arrecada\u00e7\u00e3o neste m\u00eas de dezembro, as entregas devem acontecer nas proximidades do Natal, em diversas comunidades na Para\u00edba. A a\u00e7\u00e3o de entrega \u00e9 feita pelos pr\u00f3prios policiais militares.<\/p>\n<p>\u00a0<\/p>\n<p><strong>Grande Jo\u00e3o Pessoa: principais locais para doa\u00e7\u00e3o<\/strong><\/p>\n<p>Zona norte Jo\u00e3o Pessoa: 1\u00ba Batalh\u00e3o, Centro; ou Diretoria de Apoio Log\u00edstico, em Mar\u00e9s.<\/p>\n<p>Zona sul Jo\u00e3o Pessoa: 5\u00ba Batalh\u00e3o, Valentina de Figueiredo; Centro de Educa\u00e7\u00e3o, Mangabeira.<\/p>\n<p>Cabedelo: Quartel do Comando Geral, em Ponta de Campina; ou na 6\u00aa Companhia Independente.<\/p>\n<p>Bayeux: 4\u00aa Companhia Independente.<\/p>\n<p>Santa Rita: 7\u00ba Batalh\u00e3o.<\/p>\n<p><strong>PB:<\/strong> Quart\u00e9is em diversas cidades da Para\u00edba tamb\u00e9m recebem as doa\u00e7\u00f5es.<\/p>\n<p><em>Atualizado \u00e0s 17h55.<\/em><\/p>\n","protected":false},"excerpt":{"rendered":"<p>A\u00e7\u00e3o tradicional da corpora\u00e7\u00e3o, a Pol\u00edcia Militar da Para\u00edba continua a arrecada\u00e7\u00e3o de alimentos e donativos para a Opera\u00e7\u00e3o PM<\/p>\n","protected":false},"author":12,"featured_media":915293,"comment_status":"closed","ping_status":"closed","sticky":false,"template":"","format":"standard","meta":{"_exactmetrics_skip_tracking":false,"_exactmetrics_sitenote_active":false,"_exactmetrics_sitenote_note":"","_exactmetrics_sitenote_category":0,"footnotes":""},"categories":[4],"tags":[],"yoast_head":"<!-- This site is optimized with the Yoast SEO plugin v22.0 - https:\/\/yoast.com\/wordpress\/plugins\/seo\/ -->\n<title>Opera\u00e7\u00e3o PM Solid\u00e1ria: Quart\u00e9is continuam recebendo doa\u00e7\u00f5es - Pol\u00edcia Militar da Para\u00edba<\/title>\n<meta name=\"description\" content=\"Entregas devem acontecer nas proximidades do Natal, em diversas comunidades na Para\u00edba. A a\u00e7\u00e3o \u00e9 feita pelos pr\u00f3prios policiais militares.\" \/>\n<meta name=\"robots\" content=\"index, follow, max-snippet:-1, max-image-preview:large, max-video-preview:-1\" \/>\n<link rel=\"canonical\" href=\"https:\/\/www.pm.pb.gov.br\/portal\/2023\/12\/11\/operacao-pm-solidaria-quarteis-continuam-recebendo-doacoes\/\" \/>\n<meta property=\"og:locale\" content=\"pt_BR\" \/>\n<meta property=\"og:type\" content=\"article\" \/>\n<meta property=\"og:title\" content=\"Opera\u00e7\u00e3o PM Solid\u00e1ria: Quart\u00e9is continuam recebendo doa\u00e7\u00f5es - Pol\u00edcia Militar da Para\u00edba\" \/>\n<meta property=\"og:description\" content=\"Entregas devem acontecer nas proximidades do Natal, em diversas comunidades na Para\u00edba. A a\u00e7\u00e3o \u00e9 feita pelos pr\u00f3prios policiais militares.\" \/>\n<meta property=\"og:url\" content=\"https:\/\/www.pm.pb.gov.br\/portal\/2023\/12\/11\/operacao-pm-solidaria-quarteis-continuam-recebendo-doacoes\/\" \/>\n<meta property=\"og:site_name\" content=\"Pol\u00edcia Militar da Para\u00edba\" \/>\n<meta property=\"article:published_time\" content=\"2023-12-11T20:32:56+00:00\" \/>\n<meta property=\"article:modified_time\" content=\"2023-12-11T20:37:41+00:00\" \/>\n<meta property=\"og:image\" content=\"http:\/\/www.pm.pb.gov.br\/portal\/wp-content\/uploads\/2022\/12\/pmsolidaria.jpg\" \/>\n\t<meta property=\"og:image:width\" content=\"800\" \/>\n\t<meta property=\"og:image:height\" content=\"445\" \/>\n\t<meta property=\"og:image:type\" content=\"image\/jpeg\" \/>\n<meta name=\"author\" content=\"Tarcisio Oliveira\" \/>\n<meta name=\"twitter:card\" content=\"summary_large_image\" \/>\n<meta name=\"twitter:label1\" content=\"Escrito por\" \/>\n\t<meta name=\"twitter:data1\" content=\"Tarcisio Oliveira\" \/>\n\t<meta name=\"twitter:label2\" content=\"Est. tempo de leitura\" \/>\n\t<meta name=\"twitter:data2\" content=\"2 minutos\" \/>\n<script type=\"application\/ld+json\" class=\"yoast-schema-graph\">{\"@context\":\"https:\/\/schema.org\",\"@graph\":[{\"@type\":\"Article\",\"@id\":\"https:\/\/www.pm.pb.gov.br\/portal\/2023\/12\/11\/operacao-pm-solidaria-quarteis-continuam-recebendo-doacoes\/#article\",\"isPartOf\":{\"@id\":\"https:\/\/www.pm.pb.gov.br\/portal\/2023\/12\/11\/operacao-pm-solidaria-quarteis-continuam-recebendo-doacoes\/\"},\"author\":{\"name\":\"Tarcisio Oliveira\",\"@id\":\"https:\/\/www.pm.pb.gov.br\/portal\/#\/schema\/person\/f84f56dcc78ce4357054da888b8247fd\"},\"headline\":\"Opera\u00e7\u00e3o PM Solid\u00e1ria: Quart\u00e9is continuam recebendo doa\u00e7\u00f5es\",\"datePublished\":\"2023-12-11T20:32:56+00:00\",\"dateModified\":\"2023-12-11T20:37:41+00:00\",\"mainEntityOfPage\":{\"@id\":\"https:\/\/www.pm.pb.gov.br\/portal\/2023\/12\/11\/operacao-pm-solidaria-quarteis-continuam-recebendo-doacoes\/\"},\"wordCount\":232,\"publisher\":{\"@id\":\"https:\/\/www.pm.pb.gov.br\/portal\/#organization\"},\"articleSection\":[\"A\u00e7\u00f5es Policiais\"],\"inLanguage\":\"pt-BR\"},{\"@type\":\"WebPage\",\"@id\":\"https:\/\/www.pm.pb.gov.br\/portal\/2023\/12\/11\/operacao-pm-solidaria-quarteis-continuam-recebendo-doacoes\/\",\"url\":\"https:\/\/www.pm.pb.gov.br\/portal\/2023\/12\/11\/operacao-pm-solidaria-quarteis-continuam-recebendo-doacoes\/\",\"name\":\"Opera\u00e7\u00e3o PM Solid\u00e1ria: Quart\u00e9is continuam recebendo doa\u00e7\u00f5es - Pol\u00edcia Militar da Para\u00edba\",\"isPartOf\":{\"@id\":\"https:\/\/www.pm.pb.gov.br\/portal\/#website\"},\"datePublished\":\"2023-12-11T20:32:56+00:00\",\"dateModified\":\"2023-12-11T20:37:41+00:00\",\"description\":\"Entregas devem acontecer nas proximidades do Natal, em diversas comunidades na Para\u00edba. A a\u00e7\u00e3o \u00e9 feita pelos pr\u00f3prios policiais militares.\",\"breadcrumb\":{\"@id\":\"https:\/\/www.pm.pb.gov.br\/portal\/2023\/12\/11\/operacao-pm-solidaria-quarteis-continuam-recebendo-doacoes\/#breadcrumb\"},\"inLanguage\":\"pt-BR\",\"potentialAction\":[{\"@type\":\"ReadAction\",\"target\":[\"https:\/\/www.pm.pb.gov.br\/portal\/2023\/12\/11\/operacao-pm-solidaria-quarteis-continuam-recebendo-doacoes\/\"]}]},{\"@type\":\"BreadcrumbList\",\"@id\":\"https:\/\/www.pm.pb.gov.br\/portal\/2023\/12\/11\/operacao-pm-solidaria-quarteis-continuam-recebendo-doacoes\/#breadcrumb\",\"itemListElement\":[{\"@type\":\"ListItem\",\"position\":1,\"name\":\"In\u00edcio\",\"item\":\"https:\/\/www.pm.pb.gov.br\/portal\/\"},{\"@type\":\"ListItem\",\"position\":2,\"name\":\"Opera\u00e7\u00e3o PM Solid\u00e1ria: Quart\u00e9is continuam recebendo doa\u00e7\u00f5es\"}]},{\"@type\":\"WebSite\",\"@id\":\"https:\/\/www.pm.pb.gov.br\/portal\/#website\",\"url\":\"https:\/\/www.pm.pb.gov.br\/portal\/\",\"name\":\"Pol\u00edcia Militar da Para\u00edba\",\"description\":\"\",\"publisher\":{\"@id\":\"https:\/\/www.pm.pb.gov.br\/portal\/#organization\"},\"potentialAction\":[{\"@type\":\"SearchAction\",\"target\":{\"@type\":\"EntryPoint\",\"urlTemplate\":\"https:\/\/www.pm.pb.gov.br\/portal\/?s={search_term_string}\"},\"query-input\":\"required name=search_term_string\"}],\"inLanguage\":\"pt-BR\"},{\"@type\":\"Organization\",\"@id\":\"https:\/\/www.pm.pb.gov.br\/portal\/#organization\",\"name\":\"Pol\u00edcia Militar da Para\u00edba\",\"url\":\"https:\/\/www.pm.pb.gov.br\/portal\/\",\"logo\":{\"@type\":\"ImageObject\",\"inLanguage\":\"pt-BR\",\"@id\":\"https:\/\/www.pm.pb.gov.br\/portal\/#\/schema\/logo\/image\/\",\"url\":\"https:\/\/www.pm.pb.gov.br\/portal\/wp-content\/uploads\/2025\/03\/cropped-logo-site-mag2-1.png\",\"contentUrl\":\"https:\/\/www.pm.pb.gov.br\/portal\/wp-content\/uploads\/2025\/03\/cropped-logo-site-mag2-1.png\",\"width\":320,\"height\":90,\"caption\":\"Pol\u00edcia Militar da Para\u00edba\"},\"image\":{\"@id\":\"https:\/\/www.pm.pb.gov.br\/portal\/#\/schema\/logo\/image\/\"}},{\"@type\":\"Person\",\"@id\":\"https:\/\/www.pm.pb.gov.br\/portal\/#\/schema\/person\/f84f56dcc78ce4357054da888b8247fd\",\"name\":\"Tarcisio Oliveira\",\"image\":{\"@type\":\"ImageObject\",\"inLanguage\":\"pt-BR\",\"@id\":\"https:\/\/www.pm.pb.gov.br\/portal\/#\/schema\/person\/image\/\",\"url\":\"https:\/\/secure.gravatar.com\/avatar\/72917b630b69d31cd0297507f34bac97?s=96&d=mm&r=g\",\"contentUrl\":\"https:\/\/secure.gravatar.com\/avatar\/72917b630b69d31cd0297507f34bac97?s=96&d=mm&r=g\",\"caption\":\"Tarcisio Oliveira\"},\"url\":\"https:\/\/www.pm.pb.gov.br\/portal\/author\/tarcisio\/\"}]}<\/script>\n<!-- \/ Yoast SEO plugin. -->","yoast_head_json":{"title":"Opera\u00e7\u00e3o PM Solid\u00e1ria: Quart\u00e9is continuam recebendo doa\u00e7\u00f5es - Pol\u00edcia Militar da Para\u00edba","description":"Entregas devem acontecer nas proximidades do Natal, em diversas comunidades na Para\u00edba. A a\u00e7\u00e3o \u00e9 feita pelos pr\u00f3prios policiais militares.","robots":{"index":"index","follow":"follow","max-snippet":"max-snippet:-1","max-image-preview":"max-image-preview:large","max-video-preview":"max-video-preview:-1"},"canonical":"https:\/\/www.pm.pb.gov.br\/portal\/2023\/12\/11\/operacao-pm-solidaria-quarteis-continuam-recebendo-doacoes\/","og_locale":"pt_BR","og_type":"article","og_title":"Opera\u00e7\u00e3o PM Solid\u00e1ria: Quart\u00e9is continuam recebendo doa\u00e7\u00f5es - Pol\u00edcia Militar da Para\u00edba","og_description":"Entregas devem acontecer nas proximidades do Natal, em diversas comunidades na Para\u00edba. A a\u00e7\u00e3o \u00e9 feita pelos pr\u00f3prios policiais militares.","og_url":"https:\/\/www.pm.pb.gov.br\/portal\/2023\/12\/11\/operacao-pm-solidaria-quarteis-continuam-recebendo-doacoes\/","og_site_name":"Pol\u00edcia Militar da Para\u00edba","article_published_time":"2023-12-11T20:32:56+00:00","article_modified_time":"2023-12-11T20:37:41+00:00","og_image":[{"width":800,"height":445,"url":"http:\/\/www.pm.pb.gov.br\/portal\/wp-content\/uploads\/2022\/12\/pmsolidaria.jpg","type":"image\/jpeg"}],"author":"Tarcisio Oliveira","twitter_card":"summary_large_image","twitter_misc":{"Escrito por":"Tarcisio Oliveira","Est. tempo de leitura":"2 minutos"},"schema":{"@context":"https:\/\/schema.org","@graph":[{"@type":"Article","@id":"https:\/\/www.pm.pb.gov.br\/portal\/2023\/12\/11\/operacao-pm-solidaria-quarteis-continuam-recebendo-doacoes\/#article","isPartOf":{"@id":"https:\/\/www.pm.pb.gov.br\/portal\/2023\/12\/11\/operacao-pm-solidaria-quarteis-continuam-recebendo-doacoes\/"},"author":{"name":"Tarcisio Oliveira","@id":"https:\/\/www.pm.pb.gov.br\/portal\/#\/schema\/person\/f84f56dcc78ce4357054da888b8247fd"},"headline":"Opera\u00e7\u00e3o PM Solid\u00e1ria: Quart\u00e9is continuam recebendo doa\u00e7\u00f5es","datePublished":"2023-12-11T20:32:56+00:00","dateModified":"2023-12-11T20:37:41+00:00","mainEntityOfPage":{"@id":"https:\/\/www.pm.pb.gov.br\/portal\/2023\/12\/11\/operacao-pm-solidaria-quarteis-continuam-recebendo-doacoes\/"},"wordCount":232,"publisher":{"@id":"https:\/\/www.pm.pb.gov.br\/portal\/#organization"},"articleSection":["A\u00e7\u00f5es Policiais"],"inLanguage":"pt-BR"},{"@type":"WebPage","@id":"https:\/\/www.pm.pb.gov.br\/portal\/2023\/12\/11\/operacao-pm-solidaria-quarteis-continuam-recebendo-doacoes\/","url":"https:\/\/www.pm.pb.gov.br\/portal\/2023\/12\/11\/operacao-pm-solidaria-quarteis-continuam-recebendo-doacoes\/","name":"Opera\u00e7\u00e3o PM Solid\u00e1ria: Quart\u00e9is continuam recebendo doa\u00e7\u00f5es - Pol\u00edcia Militar da Para\u00edba","isPartOf":{"@id":"https:\/\/www.pm.pb.gov.br\/portal\/#website"},"datePublished":"2023-12-11T20:32:56+00:00","dateModified":"2023-12-11T20:37:41+00:00","description":"Entregas devem acontecer nas proximidades do Natal, em diversas comunidades na Para\u00edba. A a\u00e7\u00e3o \u00e9 feita pelos pr\u00f3prios policiais militares.","breadcrumb":{"@id":"https:\/\/www.pm.pb.gov.br\/portal\/2023\/12\/11\/operacao-pm-solidaria-quarteis-continuam-recebendo-doacoes\/#breadcrumb"},"inLanguage":"pt-BR","potentialAction":[{"@type":"ReadAction","target":["https:\/\/www.pm.pb.gov.br\/portal\/2023\/12\/11\/operacao-pm-solidaria-quarteis-continuam-recebendo-doacoes\/"]}]},{"@type":"BreadcrumbList","@id":"https:\/\/www.pm.pb.gov.br\/portal\/2023\/12\/11\/operacao-pm-solidaria-quarteis-continuam-recebendo-doacoes\/#breadcrumb","itemListElement":[{"@type":"ListItem","position":1,"name":"In\u00edcio","item":"https:\/\/www.pm.pb.gov.br\/portal\/"},{"@type":"ListItem","position":2,"name":"Opera\u00e7\u00e3o PM Solid\u00e1ria: Quart\u00e9is continuam recebendo doa\u00e7\u00f5es"}]},{"@type":"WebSite","@id":"https:\/\/www.pm.pb.gov.br\/portal\/#website","url":"https:\/\/www.pm.pb.gov.br\/portal\/","name":"Pol\u00edcia Militar da Para\u00edba","description":"","publisher":{"@id":"https:\/\/www.pm.pb.gov.br\/portal\/#organization"},"potentialAction":[{"@type":"SearchAction","target":{"@type":"EntryPoint","urlTemplate":"https:\/\/www.pm.pb.gov.br\/portal\/?s={search_term_string}"},"query-input":"required name=search_term_string"}],"inLanguage":"pt-BR"},{"@type":"Organization","@id":"https:\/\/www.pm.pb.gov.br\/portal\/#organization","name":"Pol\u00edcia Militar da Para\u00edba","url":"https:\/\/www.pm.pb.gov.br\/portal\/","logo":{"@type":"ImageObject","inLanguage":"pt-BR","@id":"https:\/\/www.pm.pb.gov.br\/portal\/#\/schema\/logo\/image\/","url":"https:\/\/www.pm.pb.gov.br\/portal\/wp-content\/uploads\/2025\/03\/cropped-logo-site-mag2-1.png","contentUrl":"https:\/\/www.pm.pb.gov.br\/portal\/wp-content\/uploads\/2025\/03\/cropped-logo-site-mag2-1.png","width":320,"height":90,"caption":"Pol\u00edcia Militar da Para\u00edba"},"image":{"@id":"https:\/\/www.pm.pb.gov.br\/portal\/#\/schema\/logo\/image\/"}},{"@type":"Person","@id":"https:\/\/www.pm.pb.gov.br\/portal\/#\/schema\/person\/f84f56dcc78ce4357054da888b8247fd","name":"Tarcisio Oliveira","image":{"@type":"ImageObject","inLanguage":"pt-BR","@id":"https:\/\/www.pm.pb.gov.br\/portal\/#\/schema\/person\/image\/","url":"https:\/\/secure.gravatar.com\/avatar\/72917b630b69d31cd0297507f34bac97?s=96&d=mm&r=g","contentUrl":"https:\/\/secure.gravatar.com\/avatar\/72917b630b69d31cd0297507f34bac97?s=96&d=mm&r=g","caption":"Tarcisio Oliveira"},"url":"https:\/\/www.pm.pb.gov.br\/portal\/author\/tarcisio\/"}]}},"_links":{"self":[{"href":"https:\/\/www.pm.pb.gov.br\/portal\/wp-json\/wp\/v2\/posts\/919597"}],"collection":[{"href":"https:\/\/www.pm.pb.gov.br\/portal\/wp-json\/wp\/v2\/posts"}],"about":[{"href":"https:\/\/www.pm.pb.gov.br\/portal\/wp-json\/wp\/v2\/types\/post"}],"author":[{"embeddable":true,"href":"https:\/\/www.pm.pb.gov.br\/portal\/wp-json\/wp\/v2\/users\/12"}],"replies":[{"embeddable":true,"href":"https:\/\/www.pm.pb.gov.br\/portal\/wp-json\/wp\/v2\/comments?post=919597"}],"version-history":[{"count":3,"href":"https:\/\/www.pm.pb.gov.br\/portal\/wp-json\/wp\/v2\/posts\/919597\/revisions"}],"predecessor-version":[{"id":919600,"href":"https:\/\/www.pm.pb.gov.br\/portal\/wp-json\/wp\/v2\/posts\/919597\/revisions\/919600"}],"wp:featuredmedia":[{"embeddable":true,"href":"https:\/\/www.pm.pb.gov.br\/portal\/wp-json\/wp\/v2\/media\/915293"}],"wp:attachment":[{"href":"https:\/\/www.pm.pb.gov.br\/portal\/wp-json\/wp\/v2\/media?parent=919597"}],"wp:term":[{"taxonomy":"category","embeddable":true,"href":"https:\/\/www.pm.pb.gov.br\/portal\/wp-json\/wp\/v2\/categories?post=919597"},{"taxonomy":"post_tag","embeddable":true,"href":"https:\/\/www.pm.pb.gov.br\/portal\/wp-json\/wp\/v2\/tags?post=919597"}],"curies":[{"name":"wp","href":"https:\/\/api.w.org\/{rel}","templated":true}]}}