{"id":919562,"date":"2023-12-10T17:14:56","date_gmt":"2023-12-10T20:14:56","guid":{"rendered":"https:\/\/www.pm.pb.gov.br\/portal\/?p=919562"},"modified":"2023-12-10T20:06:56","modified_gmt":"2023-12-10T23:06:56","slug":"com-acoes-intensificadas-policia-militar-apreende-armas-drogas-e-colete-balistico-na-regiao-metropolitana-de-joao-pessoa","status":"publish","type":"post","link":"https:\/\/www.pm.pb.gov.br\/portal\/2023\/12\/10\/com-acoes-intensificadas-policia-militar-apreende-armas-drogas-e-colete-balistico-na-regiao-metropolitana-de-joao-pessoa\/","title":{"rendered":"Pol\u00edcia Militar apreende armas, drogas e colete bal\u00edstico na regi\u00e3o metropolitana de Jo\u00e3o Pessoa"},"content":{"rendered":"\n<p>A Pol\u00edcia Militar apreendeu 03 armas de fogo, muni\u00e7\u00f5es e um colete bal\u00edstico em a\u00e7\u00f5es realizadas neste s\u00e1bado (09) e domingo (10), na regi\u00e3o metropolitana de Jo\u00e3o Pessoa.<\/p>\n<p>Na a\u00e7\u00e3o mais recente, realizada na tarde deste domingo, policiais militares da For\u00e7a T\u00e1tica da 4\u00aa Companhia Independente apreenderam duas armas de fogo ap\u00f3s um confronto no bairro do Sesi, em Bayeux.<\/p>\n<p>As equipes encontravam-se em rondas quando tomaram conhecimento de que indiv\u00edduos armados estariam aterrorizando uma comunidade \u00e0s margens do mangue no citado bairro. No local, os policiais foram recebidos com disparos de arma de fogo, iniciando uma troca de tiros que culminou na fuga dos suspeitos e abandono de 2 armas de fogo, sendo um rev\u00f3lver calibre .38 e uma Pistola calibre .40, al\u00e9m de um total de 23 muni\u00e7\u00f5es. Ap\u00f3s a varredura no local, tamb\u00e9m foram encontradas balan\u00e7as de precis\u00e3o, roupas camufladas e uma balaclava (foto em destaque). Todo material apreendido foi conduzido \u00e0 6\u00aa Delegacia Distrital da cidade de Santa Rita.<\/p>\n<p><strong><img loading=\"lazy\" decoding=\"async\" class=\"wp-image-919569 alignright\" src=\"http:\/\/www.pm.pb.gov.br\/portal\/wp-content\/uploads\/2023\/12\/5bpm-Gramame-473x445.jpeg\" alt=\"\" width=\"229\" height=\"216\" srcset=\"https:\/\/www.pm.pb.gov.br\/portal\/wp-content\/uploads\/2023\/12\/5bpm-Gramame-473x445.jpeg 473w, https:\/\/www.pm.pb.gov.br\/portal\/wp-content\/uploads\/2023\/12\/5bpm-Gramame-605x570.jpeg 605w, https:\/\/www.pm.pb.gov.br\/portal\/wp-content\/uploads\/2023\/12\/5bpm-Gramame-768x723.jpeg 768w, https:\/\/www.pm.pb.gov.br\/portal\/wp-content\/uploads\/2023\/12\/5bpm-Gramame.jpeg 1024w\" sizes=\"(max-width: 229px) 100vw, 229px\" \/>Arma em Mu\u00e7umagro \u2013<\/strong> Em outra a\u00e7\u00e3o, na manh\u00e3 do s\u00e1bado, policiais militares da For\u00e7a Regional realizavam incurs\u00f5es na comunidade do Rabo da Gata, quando visualizaram dois indiv\u00edduos em uma rua \u00e0 beira da mata. Ao perceberem a presen\u00e7a policial, os suspeitos empreenderam fuga abandonando um rev\u00f3lver calibre .38 al\u00e9m de dezesseis muni\u00e7\u00f5es do mesmo calibre (foto \u00e0 direita). O material foi apresentado na Central de Fragrantes, no bairro do Geisel.<\/p>\n<p><strong>Em Gramame \u2013 <\/strong>Ainda na noite de s\u00e1bado, militares da For\u00e7a T\u00e1tica do 5\u00ba Batalh\u00e3o apreenderam um colete bal\u00edstico, 20 muni\u00e7\u00f5es, al\u00e9m de 188 embalagens de entorpecentes, entre crack, maconha e coca\u00edna, uma balan\u00e7a de precis\u00e3o e grande quantidade de dinheiro trocado (foto abaixo). O material foi encontrado abandonado ap\u00f3s uma den\u00fancia de tr\u00e1fico de entorpecentes na localidade e foi conduzido \u00e0 Central de Pol\u00edcia.<img loading=\"lazy\" decoding=\"async\" class=\"wp-image-919574 aligncenter\" src=\"http:\/\/www.pm.pb.gov.br\/portal\/wp-content\/uploads\/2023\/12\/5bpm-Gramame1-641x445.jpeg\" alt=\"\" width=\"377\" height=\"262\" srcset=\"https:\/\/www.pm.pb.gov.br\/portal\/wp-content\/uploads\/2023\/12\/5bpm-Gramame1-641x445.jpeg 641w, https:\/\/www.pm.pb.gov.br\/portal\/wp-content\/uploads\/2023\/12\/5bpm-Gramame1-821x570.jpeg 821w, https:\/\/www.pm.pb.gov.br\/portal\/wp-content\/uploads\/2023\/12\/5bpm-Gramame1-768x533.jpeg 768w, https:\/\/www.pm.pb.gov.br\/portal\/wp-content\/uploads\/2023\/12\/5bpm-Gramame1-392x272.jpeg 392w, https:\/\/www.pm.pb.gov.br\/portal\/wp-content\/uploads\/2023\/12\/5bpm-Gramame1-130x90.jpeg 130w, https:\/\/www.pm.pb.gov.br\/portal\/wp-content\/uploads\/2023\/12\/5bpm-Gramame1.jpeg 1024w\" sizes=\"(max-width: 377px) 100vw, 377px\" \/><\/p>\n","protected":false},"excerpt":{"rendered":"<p>A Pol\u00edcia Militar apreendeu 03 armas de fogo, muni\u00e7\u00f5es e um colete bal\u00edstico em a\u00e7\u00f5es realizadas neste s\u00e1bado (09) e<\/p>\n","protected":false},"author":5,"featured_media":919563,"comment_status":"closed","ping_status":"closed","sticky":false,"template":"","format":"standard","meta":{"_exactmetrics_skip_tracking":false,"_exactmetrics_sitenote_active":false,"_exactmetrics_sitenote_note":"","_exactmetrics_sitenote_category":0,"footnotes":""},"categories":[4],"tags":[],"yoast_head":"<!-- This site is optimized with the Yoast SEO plugin v22.0 - https:\/\/yoast.com\/wordpress\/plugins\/seo\/ -->\n<title>Pol\u00edcia Militar apreende armas, drogas e colete bal\u00edstico na regi\u00e3o metropolitana de Jo\u00e3o Pessoa - Pol\u00edcia Militar da Para\u00edba<\/title>\n<meta name=\"robots\" content=\"index, follow, max-snippet:-1, max-image-preview:large, max-video-preview:-1\" \/>\n<link rel=\"canonical\" href=\"https:\/\/www.pm.pb.gov.br\/portal\/2023\/12\/10\/com-acoes-intensificadas-policia-militar-apreende-armas-drogas-e-colete-balistico-na-regiao-metropolitana-de-joao-pessoa\/\" \/>\n<meta property=\"og:locale\" content=\"pt_BR\" \/>\n<meta property=\"og:type\" content=\"article\" \/>\n<meta property=\"og:title\" content=\"Pol\u00edcia Militar apreende armas, drogas e colete bal\u00edstico na regi\u00e3o metropolitana de Jo\u00e3o Pessoa - Pol\u00edcia Militar da Para\u00edba\" \/>\n<meta property=\"og:description\" content=\"A Pol\u00edcia Militar apreendeu 03 armas de fogo, muni\u00e7\u00f5es e um colete bal\u00edstico em a\u00e7\u00f5es realizadas neste s\u00e1bado (09) e\" \/>\n<meta property=\"og:url\" content=\"https:\/\/www.pm.pb.gov.br\/portal\/2023\/12\/10\/com-acoes-intensificadas-policia-militar-apreende-armas-drogas-e-colete-balistico-na-regiao-metropolitana-de-joao-pessoa\/\" \/>\n<meta property=\"og:site_name\" content=\"Pol\u00edcia Militar da Para\u00edba\" \/>\n<meta property=\"article:published_time\" content=\"2023-12-10T20:14:56+00:00\" \/>\n<meta property=\"article:modified_time\" content=\"2023-12-10T23:06:56+00:00\" \/>\n<meta property=\"og:image\" content=\"http:\/\/www.pm.pb.gov.br\/portal\/wp-content\/uploads\/2023\/12\/Destaque.jpeg\" \/>\n\t<meta property=\"og:image:width\" content=\"1600\" \/>\n\t<meta property=\"og:image:height\" content=\"900\" \/>\n\t<meta property=\"og:image:type\" content=\"image\/jpeg\" \/>\n<meta name=\"author\" content=\"Assessoria de Imprensa da PMPB\" \/>\n<meta name=\"twitter:card\" content=\"summary_large_image\" \/>\n<meta name=\"twitter:label1\" content=\"Escrito por\" \/>\n\t<meta name=\"twitter:data1\" content=\"Assessoria de Imprensa da PMPB\" \/>\n\t<meta name=\"twitter:label2\" content=\"Est. tempo de leitura\" \/>\n\t<meta name=\"twitter:data2\" content=\"3 minutos\" \/>\n<script type=\"application\/ld+json\" class=\"yoast-schema-graph\">{\"@context\":\"https:\/\/schema.org\",\"@graph\":[{\"@type\":\"Article\",\"@id\":\"https:\/\/www.pm.pb.gov.br\/portal\/2023\/12\/10\/com-acoes-intensificadas-policia-militar-apreende-armas-drogas-e-colete-balistico-na-regiao-metropolitana-de-joao-pessoa\/#article\",\"isPartOf\":{\"@id\":\"https:\/\/www.pm.pb.gov.br\/portal\/2023\/12\/10\/com-acoes-intensificadas-policia-militar-apreende-armas-drogas-e-colete-balistico-na-regiao-metropolitana-de-joao-pessoa\/\"},\"author\":{\"name\":\"Assessoria de Imprensa da PMPB\",\"@id\":\"https:\/\/www.pm.pb.gov.br\/portal\/#\/schema\/person\/e8454f46651c3ecf0e1ba3c1666d9947\"},\"headline\":\"Pol\u00edcia Militar apreende armas, drogas e colete bal\u00edstico na regi\u00e3o metropolitana de Jo\u00e3o Pessoa\",\"datePublished\":\"2023-12-10T20:14:56+00:00\",\"dateModified\":\"2023-12-10T23:06:56+00:00\",\"mainEntityOfPage\":{\"@id\":\"https:\/\/www.pm.pb.gov.br\/portal\/2023\/12\/10\/com-acoes-intensificadas-policia-militar-apreende-armas-drogas-e-colete-balistico-na-regiao-metropolitana-de-joao-pessoa\/\"},\"wordCount\":341,\"publisher\":{\"@id\":\"https:\/\/www.pm.pb.gov.br\/portal\/#organization\"},\"articleSection\":[\"A\u00e7\u00f5es Policiais\"],\"inLanguage\":\"pt-BR\"},{\"@type\":\"WebPage\",\"@id\":\"https:\/\/www.pm.pb.gov.br\/portal\/2023\/12\/10\/com-acoes-intensificadas-policia-militar-apreende-armas-drogas-e-colete-balistico-na-regiao-metropolitana-de-joao-pessoa\/\",\"url\":\"https:\/\/www.pm.pb.gov.br\/portal\/2023\/12\/10\/com-acoes-intensificadas-policia-militar-apreende-armas-drogas-e-colete-balistico-na-regiao-metropolitana-de-joao-pessoa\/\",\"name\":\"Pol\u00edcia Militar apreende armas, drogas e colete bal\u00edstico na regi\u00e3o metropolitana de Jo\u00e3o Pessoa - Pol\u00edcia Militar da Para\u00edba\",\"isPartOf\":{\"@id\":\"https:\/\/www.pm.pb.gov.br\/portal\/#website\"},\"datePublished\":\"2023-12-10T20:14:56+00:00\",\"dateModified\":\"2023-12-10T23:06:56+00:00\",\"breadcrumb\":{\"@id\":\"https:\/\/www.pm.pb.gov.br\/portal\/2023\/12\/10\/com-acoes-intensificadas-policia-militar-apreende-armas-drogas-e-colete-balistico-na-regiao-metropolitana-de-joao-pessoa\/#breadcrumb\"},\"inLanguage\":\"pt-BR\",\"potentialAction\":[{\"@type\":\"ReadAction\",\"target\":[\"https:\/\/www.pm.pb.gov.br\/portal\/2023\/12\/10\/com-acoes-intensificadas-policia-militar-apreende-armas-drogas-e-colete-balistico-na-regiao-metropolitana-de-joao-pessoa\/\"]}]},{\"@type\":\"BreadcrumbList\",\"@id\":\"https:\/\/www.pm.pb.gov.br\/portal\/2023\/12\/10\/com-acoes-intensificadas-policia-militar-apreende-armas-drogas-e-colete-balistico-na-regiao-metropolitana-de-joao-pessoa\/#breadcrumb\",\"itemListElement\":[{\"@type\":\"ListItem\",\"position\":1,\"name\":\"In\u00edcio\",\"item\":\"https:\/\/www.pm.pb.gov.br\/portal\/\"},{\"@type\":\"ListItem\",\"position\":2,\"name\":\"Pol\u00edcia Militar apreende armas, drogas e colete bal\u00edstico na regi\u00e3o metropolitana de Jo\u00e3o Pessoa\"}]},{\"@type\":\"WebSite\",\"@id\":\"https:\/\/www.pm.pb.gov.br\/portal\/#website\",\"url\":\"https:\/\/www.pm.pb.gov.br\/portal\/\",\"name\":\"Pol\u00edcia Militar da Para\u00edba\",\"description\":\"\",\"publisher\":{\"@id\":\"https:\/\/www.pm.pb.gov.br\/portal\/#organization\"},\"potentialAction\":[{\"@type\":\"SearchAction\",\"target\":{\"@type\":\"EntryPoint\",\"urlTemplate\":\"https:\/\/www.pm.pb.gov.br\/portal\/?s={search_term_string}\"},\"query-input\":\"required name=search_term_string\"}],\"inLanguage\":\"pt-BR\"},{\"@type\":\"Organization\",\"@id\":\"https:\/\/www.pm.pb.gov.br\/portal\/#organization\",\"name\":\"Pol\u00edcia Militar da Para\u00edba\",\"url\":\"https:\/\/www.pm.pb.gov.br\/portal\/\",\"logo\":{\"@type\":\"ImageObject\",\"inLanguage\":\"pt-BR\",\"@id\":\"https:\/\/www.pm.pb.gov.br\/portal\/#\/schema\/logo\/image\/\",\"url\":\"https:\/\/www.pm.pb.gov.br\/portal\/wp-content\/uploads\/2025\/03\/cropped-logo-site-mag2-1.png\",\"contentUrl\":\"https:\/\/www.pm.pb.gov.br\/portal\/wp-content\/uploads\/2025\/03\/cropped-logo-site-mag2-1.png\",\"width\":320,\"height\":90,\"caption\":\"Pol\u00edcia Militar da Para\u00edba\"},\"image\":{\"@id\":\"https:\/\/www.pm.pb.gov.br\/portal\/#\/schema\/logo\/image\/\"}},{\"@type\":\"Person\",\"@id\":\"https:\/\/www.pm.pb.gov.br\/portal\/#\/schema\/person\/e8454f46651c3ecf0e1ba3c1666d9947\",\"name\":\"Assessoria de Imprensa da PMPB\",\"image\":{\"@type\":\"ImageObject\",\"inLanguage\":\"pt-BR\",\"@id\":\"https:\/\/www.pm.pb.gov.br\/portal\/#\/schema\/person\/image\/\",\"url\":\"https:\/\/secure.gravatar.com\/avatar\/2efe197438265d1e90bd98c4c8e1acf8?s=96&d=mm&r=g\",\"contentUrl\":\"https:\/\/secure.gravatar.com\/avatar\/2efe197438265d1e90bd98c4c8e1acf8?s=96&d=mm&r=g\",\"caption\":\"Assessoria de Imprensa da PMPB\"},\"url\":\"https:\/\/www.pm.pb.gov.br\/portal\/author\/assessoria\/\"}]}<\/script>\n<!-- \/ Yoast SEO plugin. -->","yoast_head_json":{"title":"Pol\u00edcia Militar apreende armas, drogas e colete bal\u00edstico na regi\u00e3o metropolitana de Jo\u00e3o Pessoa - Pol\u00edcia Militar da Para\u00edba","robots":{"index":"index","follow":"follow","max-snippet":"max-snippet:-1","max-image-preview":"max-image-preview:large","max-video-preview":"max-video-preview:-1"},"canonical":"https:\/\/www.pm.pb.gov.br\/portal\/2023\/12\/10\/com-acoes-intensificadas-policia-militar-apreende-armas-drogas-e-colete-balistico-na-regiao-metropolitana-de-joao-pessoa\/","og_locale":"pt_BR","og_type":"article","og_title":"Pol\u00edcia Militar apreende armas, drogas e colete bal\u00edstico na regi\u00e3o metropolitana de Jo\u00e3o Pessoa - Pol\u00edcia Militar da Para\u00edba","og_description":"A Pol\u00edcia Militar apreendeu 03 armas de fogo, muni\u00e7\u00f5es e um colete bal\u00edstico em a\u00e7\u00f5es realizadas neste s\u00e1bado (09) e","og_url":"https:\/\/www.pm.pb.gov.br\/portal\/2023\/12\/10\/com-acoes-intensificadas-policia-militar-apreende-armas-drogas-e-colete-balistico-na-regiao-metropolitana-de-joao-pessoa\/","og_site_name":"Pol\u00edcia Militar da Para\u00edba","article_published_time":"2023-12-10T20:14:56+00:00","article_modified_time":"2023-12-10T23:06:56+00:00","og_image":[{"width":1600,"height":900,"url":"http:\/\/www.pm.pb.gov.br\/portal\/wp-content\/uploads\/2023\/12\/Destaque.jpeg","type":"image\/jpeg"}],"author":"Assessoria de Imprensa da PMPB","twitter_card":"summary_large_image","twitter_misc":{"Escrito por":"Assessoria de Imprensa da PMPB","Est. tempo de leitura":"3 minutos"},"schema":{"@context":"https:\/\/schema.org","@graph":[{"@type":"Article","@id":"https:\/\/www.pm.pb.gov.br\/portal\/2023\/12\/10\/com-acoes-intensificadas-policia-militar-apreende-armas-drogas-e-colete-balistico-na-regiao-metropolitana-de-joao-pessoa\/#article","isPartOf":{"@id":"https:\/\/www.pm.pb.gov.br\/portal\/2023\/12\/10\/com-acoes-intensificadas-policia-militar-apreende-armas-drogas-e-colete-balistico-na-regiao-metropolitana-de-joao-pessoa\/"},"author":{"name":"Assessoria de Imprensa da PMPB","@id":"https:\/\/www.pm.pb.gov.br\/portal\/#\/schema\/person\/e8454f46651c3ecf0e1ba3c1666d9947"},"headline":"Pol\u00edcia Militar apreende armas, drogas e colete bal\u00edstico na regi\u00e3o metropolitana de Jo\u00e3o Pessoa","datePublished":"2023-12-10T20:14:56+00:00","dateModified":"2023-12-10T23:06:56+00:00","mainEntityOfPage":{"@id":"https:\/\/www.pm.pb.gov.br\/portal\/2023\/12\/10\/com-acoes-intensificadas-policia-militar-apreende-armas-drogas-e-colete-balistico-na-regiao-metropolitana-de-joao-pessoa\/"},"wordCount":341,"publisher":{"@id":"https:\/\/www.pm.pb.gov.br\/portal\/#organization"},"articleSection":["A\u00e7\u00f5es Policiais"],"inLanguage":"pt-BR"},{"@type":"WebPage","@id":"https:\/\/www.pm.pb.gov.br\/portal\/2023\/12\/10\/com-acoes-intensificadas-policia-militar-apreende-armas-drogas-e-colete-balistico-na-regiao-metropolitana-de-joao-pessoa\/","url":"https:\/\/www.pm.pb.gov.br\/portal\/2023\/12\/10\/com-acoes-intensificadas-policia-militar-apreende-armas-drogas-e-colete-balistico-na-regiao-metropolitana-de-joao-pessoa\/","name":"Pol\u00edcia Militar apreende armas, drogas e colete bal\u00edstico na regi\u00e3o metropolitana de Jo\u00e3o Pessoa - Pol\u00edcia Militar da Para\u00edba","isPartOf":{"@id":"https:\/\/www.pm.pb.gov.br\/portal\/#website"},"datePublished":"2023-12-10T20:14:56+00:00","dateModified":"2023-12-10T23:06:56+00:00","breadcrumb":{"@id":"https:\/\/www.pm.pb.gov.br\/portal\/2023\/12\/10\/com-acoes-intensificadas-policia-militar-apreende-armas-drogas-e-colete-balistico-na-regiao-metropolitana-de-joao-pessoa\/#breadcrumb"},"inLanguage":"pt-BR","potentialAction":[{"@type":"ReadAction","target":["https:\/\/www.pm.pb.gov.br\/portal\/2023\/12\/10\/com-acoes-intensificadas-policia-militar-apreende-armas-drogas-e-colete-balistico-na-regiao-metropolitana-de-joao-pessoa\/"]}]},{"@type":"BreadcrumbList","@id":"https:\/\/www.pm.pb.gov.br\/portal\/2023\/12\/10\/com-acoes-intensificadas-policia-militar-apreende-armas-drogas-e-colete-balistico-na-regiao-metropolitana-de-joao-pessoa\/#breadcrumb","itemListElement":[{"@type":"ListItem","position":1,"name":"In\u00edcio","item":"https:\/\/www.pm.pb.gov.br\/portal\/"},{"@type":"ListItem","position":2,"name":"Pol\u00edcia Militar apreende armas, drogas e colete bal\u00edstico na regi\u00e3o metropolitana de Jo\u00e3o Pessoa"}]},{"@type":"WebSite","@id":"https:\/\/www.pm.pb.gov.br\/portal\/#website","url":"https:\/\/www.pm.pb.gov.br\/portal\/","name":"Pol\u00edcia Militar da Para\u00edba","description":"","publisher":{"@id":"https:\/\/www.pm.pb.gov.br\/portal\/#organization"},"potentialAction":[{"@type":"SearchAction","target":{"@type":"EntryPoint","urlTemplate":"https:\/\/www.pm.pb.gov.br\/portal\/?s={search_term_string}"},"query-input":"required name=search_term_string"}],"inLanguage":"pt-BR"},{"@type":"Organization","@id":"https:\/\/www.pm.pb.gov.br\/portal\/#organization","name":"Pol\u00edcia Militar da Para\u00edba","url":"https:\/\/www.pm.pb.gov.br\/portal\/","logo":{"@type":"ImageObject","inLanguage":"pt-BR","@id":"https:\/\/www.pm.pb.gov.br\/portal\/#\/schema\/logo\/image\/","url":"https:\/\/www.pm.pb.gov.br\/portal\/wp-content\/uploads\/2025\/03\/cropped-logo-site-mag2-1.png","contentUrl":"https:\/\/www.pm.pb.gov.br\/portal\/wp-content\/uploads\/2025\/03\/cropped-logo-site-mag2-1.png","width":320,"height":90,"caption":"Pol\u00edcia Militar da Para\u00edba"},"image":{"@id":"https:\/\/www.pm.pb.gov.br\/portal\/#\/schema\/logo\/image\/"}},{"@type":"Person","@id":"https:\/\/www.pm.pb.gov.br\/portal\/#\/schema\/person\/e8454f46651c3ecf0e1ba3c1666d9947","name":"Assessoria de Imprensa da PMPB","image":{"@type":"ImageObject","inLanguage":"pt-BR","@id":"https:\/\/www.pm.pb.gov.br\/portal\/#\/schema\/person\/image\/","url":"https:\/\/secure.gravatar.com\/avatar\/2efe197438265d1e90bd98c4c8e1acf8?s=96&d=mm&r=g","contentUrl":"https:\/\/secure.gravatar.com\/avatar\/2efe197438265d1e90bd98c4c8e1acf8?s=96&d=mm&r=g","caption":"Assessoria de Imprensa da PMPB"},"url":"https:\/\/www.pm.pb.gov.br\/portal\/author\/assessoria\/"}]}},"_links":{"self":[{"href":"https:\/\/www.pm.pb.gov.br\/portal\/wp-json\/wp\/v2\/posts\/919562"}],"collection":[{"href":"https:\/\/www.pm.pb.gov.br\/portal\/wp-json\/wp\/v2\/posts"}],"about":[{"href":"https:\/\/www.pm.pb.gov.br\/portal\/wp-json\/wp\/v2\/types\/post"}],"author":[{"embeddable":true,"href":"https:\/\/www.pm.pb.gov.br\/portal\/wp-json\/wp\/v2\/users\/5"}],"replies":[{"embeddable":true,"href":"https:\/\/www.pm.pb.gov.br\/portal\/wp-json\/wp\/v2\/comments?post=919562"}],"version-history":[{"count":9,"href":"https:\/\/www.pm.pb.gov.br\/portal\/wp-json\/wp\/v2\/posts\/919562\/revisions"}],"predecessor-version":[{"id":919579,"href":"https:\/\/www.pm.pb.gov.br\/portal\/wp-json\/wp\/v2\/posts\/919562\/revisions\/919579"}],"wp:featuredmedia":[{"embeddable":true,"href":"https:\/\/www.pm.pb.gov.br\/portal\/wp-json\/wp\/v2\/media\/919563"}],"wp:attachment":[{"href":"https:\/\/www.pm.pb.gov.br\/portal\/wp-json\/wp\/v2\/media?parent=919562"}],"wp:term":[{"taxonomy":"category","embeddable":true,"href":"https:\/\/www.pm.pb.gov.br\/portal\/wp-json\/wp\/v2\/categories?post=919562"},{"taxonomy":"post_tag","embeddable":true,"href":"https:\/\/www.pm.pb.gov.br\/portal\/wp-json\/wp\/v2\/tags?post=919562"}],"curies":[{"name":"wp","href":"https:\/\/api.w.org\/{rel}","templated":true}]}}