{"id":919556,"date":"2023-12-10T16:24:04","date_gmt":"2023-12-10T19:24:04","guid":{"rendered":"https:\/\/www.pm.pb.gov.br\/portal\/?p=919556"},"modified":"2023-12-10T16:24:05","modified_gmt":"2023-12-10T19:24:05","slug":"policia-militar-prende-suspeito-por-porte-ilegal-de-arma-de-fogo-na-zona-rural-de-lucena","status":"publish","type":"post","link":"https:\/\/www.pm.pb.gov.br\/portal\/2023\/12\/10\/policia-militar-prende-suspeito-por-porte-ilegal-de-arma-de-fogo-na-zona-rural-de-lucena\/","title":{"rendered":"Pol\u00edcia Militar prende suspeito por porte ilegal de arma de fogo na zona rural de Lucena"},"content":{"rendered":"\n<p><img loading=\"lazy\" decoding=\"async\" class=\"wp-image-919557 alignleft\" src=\"http:\/\/www.pm.pb.gov.br\/portal\/wp-content\/uploads\/2023\/12\/Policia-Militar-prende-suspeito-por-porte-ilegal-de-arma-de-fogo-na-zona-rural-de-Lucena-348x445.jpeg\" alt=\"\" width=\"218\" height=\"279\" srcset=\"https:\/\/www.pm.pb.gov.br\/portal\/wp-content\/uploads\/2023\/12\/Policia-Militar-prende-suspeito-por-porte-ilegal-de-arma-de-fogo-na-zona-rural-de-Lucena-348x445.jpeg 348w, https:\/\/www.pm.pb.gov.br\/portal\/wp-content\/uploads\/2023\/12\/Policia-Militar-prende-suspeito-por-porte-ilegal-de-arma-de-fogo-na-zona-rural-de-Lucena-445x570.jpeg 445w, https:\/\/www.pm.pb.gov.br\/portal\/wp-content\/uploads\/2023\/12\/Policia-Militar-prende-suspeito-por-porte-ilegal-de-arma-de-fogo-na-zona-rural-de-Lucena-768x983.jpeg 768w, https:\/\/www.pm.pb.gov.br\/portal\/wp-content\/uploads\/2023\/12\/Policia-Militar-prende-suspeito-por-porte-ilegal-de-arma-de-fogo-na-zona-rural-de-Lucena.jpeg 949w\" sizes=\"(max-width: 218px) 100vw, 218px\" \/>A Pol\u00edcia Militar prendeu, na tarde deste domingo (10), um homem que portava ilegalmente uma arma de fogo, no munic\u00edpio de Lucena.<\/p>\n<p>O suspeito, que tem 30 anos, dirigia um ve\u00edculo em alta velocidade na zona rural do munic\u00edpio, quando foi abordado por policiais militares do Batalh\u00e3o Especializado em Policiamento Tur\u00edstico (BEPTur), que intensificavam as a\u00e7\u00f5es na localidade em decorr\u00eancia do feriad\u00e3o. Com ele foi encontrada uma pistola 9 mil\u00edmetros e 32 muni\u00e7\u00f5es.<\/p>\n<p>O caso foi apresentado na 6\u00aa Delegacia de Pol\u00edcia Civil, em Santa Rita.<\/p>\n","protected":false},"excerpt":{"rendered":"<p>A Pol\u00edcia Militar prendeu, na tarde deste domingo (10), um homem que portava ilegalmente uma arma de fogo, no munic\u00edpio<\/p>\n","protected":false},"author":5,"featured_media":918359,"comment_status":"closed","ping_status":"closed","sticky":false,"template":"","format":"standard","meta":{"_exactmetrics_skip_tracking":false,"_exactmetrics_sitenote_active":false,"_exactmetrics_sitenote_note":"","_exactmetrics_sitenote_category":0,"footnotes":""},"categories":[4],"tags":[],"yoast_head":"<!-- This site is optimized with the Yoast SEO plugin v22.0 - https:\/\/yoast.com\/wordpress\/plugins\/seo\/ -->\n<title>Pol\u00edcia Militar prende suspeito por porte ilegal de arma de fogo na zona rural de Lucena - Pol\u00edcia Militar da Para\u00edba<\/title>\n<meta name=\"robots\" content=\"index, follow, max-snippet:-1, max-image-preview:large, max-video-preview:-1\" \/>\n<link rel=\"canonical\" href=\"https:\/\/www.pm.pb.gov.br\/portal\/2023\/12\/10\/policia-militar-prende-suspeito-por-porte-ilegal-de-arma-de-fogo-na-zona-rural-de-lucena\/\" \/>\n<meta property=\"og:locale\" content=\"pt_BR\" \/>\n<meta property=\"og:type\" content=\"article\" \/>\n<meta property=\"og:title\" content=\"Pol\u00edcia Militar prende suspeito por porte ilegal de arma de fogo na zona rural de Lucena - Pol\u00edcia Militar da Para\u00edba\" \/>\n<meta property=\"og:description\" content=\"A Pol\u00edcia Militar prendeu, na tarde deste domingo (10), um homem que portava ilegalmente uma arma de fogo, no munic\u00edpio\" \/>\n<meta property=\"og:url\" content=\"https:\/\/www.pm.pb.gov.br\/portal\/2023\/12\/10\/policia-militar-prende-suspeito-por-porte-ilegal-de-arma-de-fogo-na-zona-rural-de-lucena\/\" \/>\n<meta property=\"og:site_name\" content=\"Pol\u00edcia Militar da Para\u00edba\" \/>\n<meta property=\"article:published_time\" content=\"2023-12-10T19:24:04+00:00\" \/>\n<meta property=\"article:modified_time\" content=\"2023-12-10T19:24:05+00:00\" \/>\n<meta property=\"og:image\" content=\"http:\/\/www.pm.pb.gov.br\/portal\/wp-content\/uploads\/2023\/09\/beptur_ilustrativa.jpeg\" \/>\n\t<meta property=\"og:image:width\" content=\"800\" \/>\n\t<meta property=\"og:image:height\" content=\"445\" \/>\n\t<meta property=\"og:image:type\" content=\"image\/jpeg\" \/>\n<meta name=\"author\" content=\"Assessoria de Imprensa da PMPB\" \/>\n<meta name=\"twitter:card\" content=\"summary_large_image\" \/>\n<meta name=\"twitter:label1\" content=\"Escrito por\" \/>\n\t<meta name=\"twitter:data1\" content=\"Assessoria de Imprensa da PMPB\" \/>\n\t<meta name=\"twitter:label2\" content=\"Est. tempo de leitura\" \/>\n\t<meta name=\"twitter:data2\" content=\"1 minuto\" \/>\n<script type=\"application\/ld+json\" class=\"yoast-schema-graph\">{\"@context\":\"https:\/\/schema.org\",\"@graph\":[{\"@type\":\"Article\",\"@id\":\"https:\/\/www.pm.pb.gov.br\/portal\/2023\/12\/10\/policia-militar-prende-suspeito-por-porte-ilegal-de-arma-de-fogo-na-zona-rural-de-lucena\/#article\",\"isPartOf\":{\"@id\":\"https:\/\/www.pm.pb.gov.br\/portal\/2023\/12\/10\/policia-militar-prende-suspeito-por-porte-ilegal-de-arma-de-fogo-na-zona-rural-de-lucena\/\"},\"author\":{\"name\":\"Assessoria de Imprensa da PMPB\",\"@id\":\"https:\/\/www.pm.pb.gov.br\/portal\/#\/schema\/person\/e8454f46651c3ecf0e1ba3c1666d9947\"},\"headline\":\"Pol\u00edcia Militar prende suspeito por porte ilegal de arma de fogo na zona rural de Lucena\",\"datePublished\":\"2023-12-10T19:24:04+00:00\",\"dateModified\":\"2023-12-10T19:24:05+00:00\",\"mainEntityOfPage\":{\"@id\":\"https:\/\/www.pm.pb.gov.br\/portal\/2023\/12\/10\/policia-militar-prende-suspeito-por-porte-ilegal-de-arma-de-fogo-na-zona-rural-de-lucena\/\"},\"wordCount\":110,\"publisher\":{\"@id\":\"https:\/\/www.pm.pb.gov.br\/portal\/#organization\"},\"articleSection\":[\"A\u00e7\u00f5es Policiais\"],\"inLanguage\":\"pt-BR\"},{\"@type\":\"WebPage\",\"@id\":\"https:\/\/www.pm.pb.gov.br\/portal\/2023\/12\/10\/policia-militar-prende-suspeito-por-porte-ilegal-de-arma-de-fogo-na-zona-rural-de-lucena\/\",\"url\":\"https:\/\/www.pm.pb.gov.br\/portal\/2023\/12\/10\/policia-militar-prende-suspeito-por-porte-ilegal-de-arma-de-fogo-na-zona-rural-de-lucena\/\",\"name\":\"Pol\u00edcia Militar prende suspeito por porte ilegal de arma de fogo na zona rural de Lucena - Pol\u00edcia Militar da Para\u00edba\",\"isPartOf\":{\"@id\":\"https:\/\/www.pm.pb.gov.br\/portal\/#website\"},\"datePublished\":\"2023-12-10T19:24:04+00:00\",\"dateModified\":\"2023-12-10T19:24:05+00:00\",\"breadcrumb\":{\"@id\":\"https:\/\/www.pm.pb.gov.br\/portal\/2023\/12\/10\/policia-militar-prende-suspeito-por-porte-ilegal-de-arma-de-fogo-na-zona-rural-de-lucena\/#breadcrumb\"},\"inLanguage\":\"pt-BR\",\"potentialAction\":[{\"@type\":\"ReadAction\",\"target\":[\"https:\/\/www.pm.pb.gov.br\/portal\/2023\/12\/10\/policia-militar-prende-suspeito-por-porte-ilegal-de-arma-de-fogo-na-zona-rural-de-lucena\/\"]}]},{\"@type\":\"BreadcrumbList\",\"@id\":\"https:\/\/www.pm.pb.gov.br\/portal\/2023\/12\/10\/policia-militar-prende-suspeito-por-porte-ilegal-de-arma-de-fogo-na-zona-rural-de-lucena\/#breadcrumb\",\"itemListElement\":[{\"@type\":\"ListItem\",\"position\":1,\"name\":\"In\u00edcio\",\"item\":\"https:\/\/www.pm.pb.gov.br\/portal\/\"},{\"@type\":\"ListItem\",\"position\":2,\"name\":\"Pol\u00edcia Militar prende suspeito por porte ilegal de arma de fogo na zona rural de Lucena\"}]},{\"@type\":\"WebSite\",\"@id\":\"https:\/\/www.pm.pb.gov.br\/portal\/#website\",\"url\":\"https:\/\/www.pm.pb.gov.br\/portal\/\",\"name\":\"Pol\u00edcia Militar da Para\u00edba\",\"description\":\"\",\"publisher\":{\"@id\":\"https:\/\/www.pm.pb.gov.br\/portal\/#organization\"},\"potentialAction\":[{\"@type\":\"SearchAction\",\"target\":{\"@type\":\"EntryPoint\",\"urlTemplate\":\"https:\/\/www.pm.pb.gov.br\/portal\/?s={search_term_string}\"},\"query-input\":\"required name=search_term_string\"}],\"inLanguage\":\"pt-BR\"},{\"@type\":\"Organization\",\"@id\":\"https:\/\/www.pm.pb.gov.br\/portal\/#organization\",\"name\":\"Pol\u00edcia Militar da Para\u00edba\",\"url\":\"https:\/\/www.pm.pb.gov.br\/portal\/\",\"logo\":{\"@type\":\"ImageObject\",\"inLanguage\":\"pt-BR\",\"@id\":\"https:\/\/www.pm.pb.gov.br\/portal\/#\/schema\/logo\/image\/\",\"url\":\"https:\/\/www.pm.pb.gov.br\/portal\/wp-content\/uploads\/2025\/03\/cropped-logo-site-mag2-1.png\",\"contentUrl\":\"https:\/\/www.pm.pb.gov.br\/portal\/wp-content\/uploads\/2025\/03\/cropped-logo-site-mag2-1.png\",\"width\":320,\"height\":90,\"caption\":\"Pol\u00edcia Militar da Para\u00edba\"},\"image\":{\"@id\":\"https:\/\/www.pm.pb.gov.br\/portal\/#\/schema\/logo\/image\/\"}},{\"@type\":\"Person\",\"@id\":\"https:\/\/www.pm.pb.gov.br\/portal\/#\/schema\/person\/e8454f46651c3ecf0e1ba3c1666d9947\",\"name\":\"Assessoria de Imprensa da PMPB\",\"image\":{\"@type\":\"ImageObject\",\"inLanguage\":\"pt-BR\",\"@id\":\"https:\/\/www.pm.pb.gov.br\/portal\/#\/schema\/person\/image\/\",\"url\":\"https:\/\/secure.gravatar.com\/avatar\/2efe197438265d1e90bd98c4c8e1acf8?s=96&d=mm&r=g\",\"contentUrl\":\"https:\/\/secure.gravatar.com\/avatar\/2efe197438265d1e90bd98c4c8e1acf8?s=96&d=mm&r=g\",\"caption\":\"Assessoria de Imprensa da PMPB\"},\"url\":\"https:\/\/www.pm.pb.gov.br\/portal\/author\/assessoria\/\"}]}<\/script>\n<!-- \/ Yoast SEO plugin. -->","yoast_head_json":{"title":"Pol\u00edcia Militar prende suspeito por porte ilegal de arma de fogo na zona rural de Lucena - Pol\u00edcia Militar da Para\u00edba","robots":{"index":"index","follow":"follow","max-snippet":"max-snippet:-1","max-image-preview":"max-image-preview:large","max-video-preview":"max-video-preview:-1"},"canonical":"https:\/\/www.pm.pb.gov.br\/portal\/2023\/12\/10\/policia-militar-prende-suspeito-por-porte-ilegal-de-arma-de-fogo-na-zona-rural-de-lucena\/","og_locale":"pt_BR","og_type":"article","og_title":"Pol\u00edcia Militar prende suspeito por porte ilegal de arma de fogo na zona rural de Lucena - Pol\u00edcia Militar da Para\u00edba","og_description":"A Pol\u00edcia Militar prendeu, na tarde deste domingo (10), um homem que portava ilegalmente uma arma de fogo, no munic\u00edpio","og_url":"https:\/\/www.pm.pb.gov.br\/portal\/2023\/12\/10\/policia-militar-prende-suspeito-por-porte-ilegal-de-arma-de-fogo-na-zona-rural-de-lucena\/","og_site_name":"Pol\u00edcia Militar da Para\u00edba","article_published_time":"2023-12-10T19:24:04+00:00","article_modified_time":"2023-12-10T19:24:05+00:00","og_image":[{"width":800,"height":445,"url":"http:\/\/www.pm.pb.gov.br\/portal\/wp-content\/uploads\/2023\/09\/beptur_ilustrativa.jpeg","type":"image\/jpeg"}],"author":"Assessoria de Imprensa da PMPB","twitter_card":"summary_large_image","twitter_misc":{"Escrito por":"Assessoria de Imprensa da PMPB","Est. tempo de leitura":"1 minuto"},"schema":{"@context":"https:\/\/schema.org","@graph":[{"@type":"Article","@id":"https:\/\/www.pm.pb.gov.br\/portal\/2023\/12\/10\/policia-militar-prende-suspeito-por-porte-ilegal-de-arma-de-fogo-na-zona-rural-de-lucena\/#article","isPartOf":{"@id":"https:\/\/www.pm.pb.gov.br\/portal\/2023\/12\/10\/policia-militar-prende-suspeito-por-porte-ilegal-de-arma-de-fogo-na-zona-rural-de-lucena\/"},"author":{"name":"Assessoria de Imprensa da PMPB","@id":"https:\/\/www.pm.pb.gov.br\/portal\/#\/schema\/person\/e8454f46651c3ecf0e1ba3c1666d9947"},"headline":"Pol\u00edcia Militar prende suspeito por porte ilegal de arma de fogo na zona rural de Lucena","datePublished":"2023-12-10T19:24:04+00:00","dateModified":"2023-12-10T19:24:05+00:00","mainEntityOfPage":{"@id":"https:\/\/www.pm.pb.gov.br\/portal\/2023\/12\/10\/policia-militar-prende-suspeito-por-porte-ilegal-de-arma-de-fogo-na-zona-rural-de-lucena\/"},"wordCount":110,"publisher":{"@id":"https:\/\/www.pm.pb.gov.br\/portal\/#organization"},"articleSection":["A\u00e7\u00f5es Policiais"],"inLanguage":"pt-BR"},{"@type":"WebPage","@id":"https:\/\/www.pm.pb.gov.br\/portal\/2023\/12\/10\/policia-militar-prende-suspeito-por-porte-ilegal-de-arma-de-fogo-na-zona-rural-de-lucena\/","url":"https:\/\/www.pm.pb.gov.br\/portal\/2023\/12\/10\/policia-militar-prende-suspeito-por-porte-ilegal-de-arma-de-fogo-na-zona-rural-de-lucena\/","name":"Pol\u00edcia Militar prende suspeito por porte ilegal de arma de fogo na zona rural de Lucena - Pol\u00edcia Militar da Para\u00edba","isPartOf":{"@id":"https:\/\/www.pm.pb.gov.br\/portal\/#website"},"datePublished":"2023-12-10T19:24:04+00:00","dateModified":"2023-12-10T19:24:05+00:00","breadcrumb":{"@id":"https:\/\/www.pm.pb.gov.br\/portal\/2023\/12\/10\/policia-militar-prende-suspeito-por-porte-ilegal-de-arma-de-fogo-na-zona-rural-de-lucena\/#breadcrumb"},"inLanguage":"pt-BR","potentialAction":[{"@type":"ReadAction","target":["https:\/\/www.pm.pb.gov.br\/portal\/2023\/12\/10\/policia-militar-prende-suspeito-por-porte-ilegal-de-arma-de-fogo-na-zona-rural-de-lucena\/"]}]},{"@type":"BreadcrumbList","@id":"https:\/\/www.pm.pb.gov.br\/portal\/2023\/12\/10\/policia-militar-prende-suspeito-por-porte-ilegal-de-arma-de-fogo-na-zona-rural-de-lucena\/#breadcrumb","itemListElement":[{"@type":"ListItem","position":1,"name":"In\u00edcio","item":"https:\/\/www.pm.pb.gov.br\/portal\/"},{"@type":"ListItem","position":2,"name":"Pol\u00edcia Militar prende suspeito por porte ilegal de arma de fogo na zona rural de Lucena"}]},{"@type":"WebSite","@id":"https:\/\/www.pm.pb.gov.br\/portal\/#website","url":"https:\/\/www.pm.pb.gov.br\/portal\/","name":"Pol\u00edcia Militar da Para\u00edba","description":"","publisher":{"@id":"https:\/\/www.pm.pb.gov.br\/portal\/#organization"},"potentialAction":[{"@type":"SearchAction","target":{"@type":"EntryPoint","urlTemplate":"https:\/\/www.pm.pb.gov.br\/portal\/?s={search_term_string}"},"query-input":"required name=search_term_string"}],"inLanguage":"pt-BR"},{"@type":"Organization","@id":"https:\/\/www.pm.pb.gov.br\/portal\/#organization","name":"Pol\u00edcia Militar da Para\u00edba","url":"https:\/\/www.pm.pb.gov.br\/portal\/","logo":{"@type":"ImageObject","inLanguage":"pt-BR","@id":"https:\/\/www.pm.pb.gov.br\/portal\/#\/schema\/logo\/image\/","url":"https:\/\/www.pm.pb.gov.br\/portal\/wp-content\/uploads\/2025\/03\/cropped-logo-site-mag2-1.png","contentUrl":"https:\/\/www.pm.pb.gov.br\/portal\/wp-content\/uploads\/2025\/03\/cropped-logo-site-mag2-1.png","width":320,"height":90,"caption":"Pol\u00edcia Militar da Para\u00edba"},"image":{"@id":"https:\/\/www.pm.pb.gov.br\/portal\/#\/schema\/logo\/image\/"}},{"@type":"Person","@id":"https:\/\/www.pm.pb.gov.br\/portal\/#\/schema\/person\/e8454f46651c3ecf0e1ba3c1666d9947","name":"Assessoria de Imprensa da PMPB","image":{"@type":"ImageObject","inLanguage":"pt-BR","@id":"https:\/\/www.pm.pb.gov.br\/portal\/#\/schema\/person\/image\/","url":"https:\/\/secure.gravatar.com\/avatar\/2efe197438265d1e90bd98c4c8e1acf8?s=96&d=mm&r=g","contentUrl":"https:\/\/secure.gravatar.com\/avatar\/2efe197438265d1e90bd98c4c8e1acf8?s=96&d=mm&r=g","caption":"Assessoria de Imprensa da PMPB"},"url":"https:\/\/www.pm.pb.gov.br\/portal\/author\/assessoria\/"}]}},"_links":{"self":[{"href":"https:\/\/www.pm.pb.gov.br\/portal\/wp-json\/wp\/v2\/posts\/919556"}],"collection":[{"href":"https:\/\/www.pm.pb.gov.br\/portal\/wp-json\/wp\/v2\/posts"}],"about":[{"href":"https:\/\/www.pm.pb.gov.br\/portal\/wp-json\/wp\/v2\/types\/post"}],"author":[{"embeddable":true,"href":"https:\/\/www.pm.pb.gov.br\/portal\/wp-json\/wp\/v2\/users\/5"}],"replies":[{"embeddable":true,"href":"https:\/\/www.pm.pb.gov.br\/portal\/wp-json\/wp\/v2\/comments?post=919556"}],"version-history":[{"count":2,"href":"https:\/\/www.pm.pb.gov.br\/portal\/wp-json\/wp\/v2\/posts\/919556\/revisions"}],"predecessor-version":[{"id":919560,"href":"https:\/\/www.pm.pb.gov.br\/portal\/wp-json\/wp\/v2\/posts\/919556\/revisions\/919560"}],"wp:featuredmedia":[{"embeddable":true,"href":"https:\/\/www.pm.pb.gov.br\/portal\/wp-json\/wp\/v2\/media\/918359"}],"wp:attachment":[{"href":"https:\/\/www.pm.pb.gov.br\/portal\/wp-json\/wp\/v2\/media?parent=919556"}],"wp:term":[{"taxonomy":"category","embeddable":true,"href":"https:\/\/www.pm.pb.gov.br\/portal\/wp-json\/wp\/v2\/categories?post=919556"},{"taxonomy":"post_tag","embeddable":true,"href":"https:\/\/www.pm.pb.gov.br\/portal\/wp-json\/wp\/v2\/tags?post=919556"}],"curies":[{"name":"wp","href":"https:\/\/api.w.org\/{rel}","templated":true}]}}