{"id":919550,"date":"2023-12-09T13:01:55","date_gmt":"2023-12-09T16:01:55","guid":{"rendered":"https:\/\/www.pm.pb.gov.br\/portal\/?p=919550"},"modified":"2023-12-09T13:01:58","modified_gmt":"2023-12-09T16:01:58","slug":"policia-militar-prende-integrantes-de-grupo-criminoso-armados-em-comunidade-de-joao-pessoa","status":"publish","type":"post","link":"https:\/\/www.pm.pb.gov.br\/portal\/2023\/12\/09\/policia-militar-prende-integrantes-de-grupo-criminoso-armados-em-comunidade-de-joao-pessoa\/","title":{"rendered":"Pol\u00edcia Militar prende integrantes de grupo criminoso armados em comunidade de Jo\u00e3o Pessoa"},"content":{"rendered":"\n<p>Na tarde desta sexta-feira (08), a Pol\u00edcia Militar surpreendeu e prendeu tr\u00eas suspeitos que estariam armados e aterrorizando moradores da comunidade Porto do Capim, no bairro do Varadouro, em Jo\u00e3o Pessoa.<\/p>\n<p>A a\u00e7\u00e3o aconteceu durante uma incurs\u00e3o realizada por policiais militares da For\u00e7a T\u00e1tica e da 5\u00aa Companhia do 1\u00ba Batalh\u00e3o, ap\u00f3s as equipes tomarem conhecimento de que indiv\u00edduos pertencentes a um grupo criminoso estariam transitando armados na citada localidade. Em uma a\u00e7\u00e3o r\u00e1pida, os policiais conseguiram surpreender os suspeitos, abordando tr\u00eas homens, com os quais foram encontradas duas armas de fogo, sendo uma pistola calibre .380, com 20 muni\u00e7\u00f5es intactas, e um rev\u00f3lver calibre .38, com seis muni\u00e7\u00f5es intactas. Al\u00e9m das armas, com o terceiro suspeito foram encontradas tr\u00eas c\u00e2meras de monitoramento que seriam instaladas por ele nas vias da comunidade.<\/p>\n<p>O material apreendido e os suspeitos detidos foram apresentados na Central de Flagrantes, no bairro do Geisel.<\/p>\n","protected":false},"excerpt":{"rendered":"<p>Na tarde desta sexta-feira (08), a Pol\u00edcia Militar surpreendeu e prendeu tr\u00eas suspeitos que estariam armados e aterrorizando moradores da<\/p>\n","protected":false},"author":5,"featured_media":919551,"comment_status":"closed","ping_status":"closed","sticky":false,"template":"","format":"standard","meta":{"_exactmetrics_skip_tracking":false,"_exactmetrics_sitenote_active":false,"_exactmetrics_sitenote_note":"","_exactmetrics_sitenote_category":0,"footnotes":""},"categories":[4],"tags":[],"yoast_head":"<!-- This site is optimized with the Yoast SEO plugin v22.0 - https:\/\/yoast.com\/wordpress\/plugins\/seo\/ -->\n<title>Pol\u00edcia Militar prende integrantes de grupo criminoso armados em comunidade de Jo\u00e3o Pessoa - Pol\u00edcia Militar da Para\u00edba<\/title>\n<meta name=\"robots\" content=\"index, follow, max-snippet:-1, max-image-preview:large, max-video-preview:-1\" \/>\n<link rel=\"canonical\" href=\"https:\/\/www.pm.pb.gov.br\/portal\/2023\/12\/09\/policia-militar-prende-integrantes-de-grupo-criminoso-armados-em-comunidade-de-joao-pessoa\/\" \/>\n<meta property=\"og:locale\" content=\"pt_BR\" \/>\n<meta property=\"og:type\" content=\"article\" \/>\n<meta property=\"og:title\" content=\"Pol\u00edcia Militar prende integrantes de grupo criminoso armados em comunidade de Jo\u00e3o Pessoa - Pol\u00edcia Militar da Para\u00edba\" \/>\n<meta property=\"og:description\" content=\"Na tarde desta sexta-feira (08), a Pol\u00edcia Militar surpreendeu e prendeu tr\u00eas suspeitos que estariam armados e aterrorizando moradores da\" \/>\n<meta property=\"og:url\" content=\"https:\/\/www.pm.pb.gov.br\/portal\/2023\/12\/09\/policia-militar-prende-integrantes-de-grupo-criminoso-armados-em-comunidade-de-joao-pessoa\/\" \/>\n<meta property=\"og:site_name\" content=\"Pol\u00edcia Militar da Para\u00edba\" \/>\n<meta property=\"article:published_time\" content=\"2023-12-09T16:01:55+00:00\" \/>\n<meta property=\"article:modified_time\" content=\"2023-12-09T16:01:58+00:00\" \/>\n<meta property=\"og:image\" content=\"http:\/\/www.pm.pb.gov.br\/portal\/wp-content\/uploads\/2023\/12\/Policia-Militar-prende-integrantes-de-grupo-criminoso-com-armas-em-comunidade-de-Joao-Pessoa.jpg\" \/>\n\t<meta property=\"og:image:width\" content=\"1529\" \/>\n\t<meta property=\"og:image:height\" content=\"1135\" \/>\n\t<meta property=\"og:image:type\" content=\"image\/jpeg\" \/>\n<meta name=\"author\" content=\"Assessoria de Imprensa da PMPB\" \/>\n<meta name=\"twitter:card\" content=\"summary_large_image\" \/>\n<meta name=\"twitter:label1\" content=\"Escrito por\" \/>\n\t<meta name=\"twitter:data1\" content=\"Assessoria de Imprensa da PMPB\" \/>\n\t<meta name=\"twitter:label2\" content=\"Est. tempo de leitura\" \/>\n\t<meta name=\"twitter:data2\" content=\"1 minuto\" \/>\n<script type=\"application\/ld+json\" class=\"yoast-schema-graph\">{\"@context\":\"https:\/\/schema.org\",\"@graph\":[{\"@type\":\"Article\",\"@id\":\"https:\/\/www.pm.pb.gov.br\/portal\/2023\/12\/09\/policia-militar-prende-integrantes-de-grupo-criminoso-armados-em-comunidade-de-joao-pessoa\/#article\",\"isPartOf\":{\"@id\":\"https:\/\/www.pm.pb.gov.br\/portal\/2023\/12\/09\/policia-militar-prende-integrantes-de-grupo-criminoso-armados-em-comunidade-de-joao-pessoa\/\"},\"author\":{\"name\":\"Assessoria de Imprensa da PMPB\",\"@id\":\"https:\/\/www.pm.pb.gov.br\/portal\/#\/schema\/person\/e8454f46651c3ecf0e1ba3c1666d9947\"},\"headline\":\"Pol\u00edcia Militar prende integrantes de grupo criminoso armados em comunidade de Jo\u00e3o Pessoa\",\"datePublished\":\"2023-12-09T16:01:55+00:00\",\"dateModified\":\"2023-12-09T16:01:58+00:00\",\"mainEntityOfPage\":{\"@id\":\"https:\/\/www.pm.pb.gov.br\/portal\/2023\/12\/09\/policia-militar-prende-integrantes-de-grupo-criminoso-armados-em-comunidade-de-joao-pessoa\/\"},\"wordCount\":177,\"publisher\":{\"@id\":\"https:\/\/www.pm.pb.gov.br\/portal\/#organization\"},\"articleSection\":[\"A\u00e7\u00f5es Policiais\"],\"inLanguage\":\"pt-BR\"},{\"@type\":\"WebPage\",\"@id\":\"https:\/\/www.pm.pb.gov.br\/portal\/2023\/12\/09\/policia-militar-prende-integrantes-de-grupo-criminoso-armados-em-comunidade-de-joao-pessoa\/\",\"url\":\"https:\/\/www.pm.pb.gov.br\/portal\/2023\/12\/09\/policia-militar-prende-integrantes-de-grupo-criminoso-armados-em-comunidade-de-joao-pessoa\/\",\"name\":\"Pol\u00edcia Militar prende integrantes de grupo criminoso armados em comunidade de Jo\u00e3o Pessoa - Pol\u00edcia Militar da Para\u00edba\",\"isPartOf\":{\"@id\":\"https:\/\/www.pm.pb.gov.br\/portal\/#website\"},\"datePublished\":\"2023-12-09T16:01:55+00:00\",\"dateModified\":\"2023-12-09T16:01:58+00:00\",\"breadcrumb\":{\"@id\":\"https:\/\/www.pm.pb.gov.br\/portal\/2023\/12\/09\/policia-militar-prende-integrantes-de-grupo-criminoso-armados-em-comunidade-de-joao-pessoa\/#breadcrumb\"},\"inLanguage\":\"pt-BR\",\"potentialAction\":[{\"@type\":\"ReadAction\",\"target\":[\"https:\/\/www.pm.pb.gov.br\/portal\/2023\/12\/09\/policia-militar-prende-integrantes-de-grupo-criminoso-armados-em-comunidade-de-joao-pessoa\/\"]}]},{\"@type\":\"BreadcrumbList\",\"@id\":\"https:\/\/www.pm.pb.gov.br\/portal\/2023\/12\/09\/policia-militar-prende-integrantes-de-grupo-criminoso-armados-em-comunidade-de-joao-pessoa\/#breadcrumb\",\"itemListElement\":[{\"@type\":\"ListItem\",\"position\":1,\"name\":\"In\u00edcio\",\"item\":\"https:\/\/www.pm.pb.gov.br\/portal\/\"},{\"@type\":\"ListItem\",\"position\":2,\"name\":\"Pol\u00edcia Militar prende integrantes de grupo criminoso armados em comunidade de Jo\u00e3o Pessoa\"}]},{\"@type\":\"WebSite\",\"@id\":\"https:\/\/www.pm.pb.gov.br\/portal\/#website\",\"url\":\"https:\/\/www.pm.pb.gov.br\/portal\/\",\"name\":\"Pol\u00edcia Militar da Para\u00edba\",\"description\":\"\",\"publisher\":{\"@id\":\"https:\/\/www.pm.pb.gov.br\/portal\/#organization\"},\"potentialAction\":[{\"@type\":\"SearchAction\",\"target\":{\"@type\":\"EntryPoint\",\"urlTemplate\":\"https:\/\/www.pm.pb.gov.br\/portal\/?s={search_term_string}\"},\"query-input\":\"required name=search_term_string\"}],\"inLanguage\":\"pt-BR\"},{\"@type\":\"Organization\",\"@id\":\"https:\/\/www.pm.pb.gov.br\/portal\/#organization\",\"name\":\"Pol\u00edcia Militar da Para\u00edba\",\"url\":\"https:\/\/www.pm.pb.gov.br\/portal\/\",\"logo\":{\"@type\":\"ImageObject\",\"inLanguage\":\"pt-BR\",\"@id\":\"https:\/\/www.pm.pb.gov.br\/portal\/#\/schema\/logo\/image\/\",\"url\":\"https:\/\/www.pm.pb.gov.br\/portal\/wp-content\/uploads\/2025\/03\/cropped-logo-site-mag2-1.png\",\"contentUrl\":\"https:\/\/www.pm.pb.gov.br\/portal\/wp-content\/uploads\/2025\/03\/cropped-logo-site-mag2-1.png\",\"width\":320,\"height\":90,\"caption\":\"Pol\u00edcia Militar da Para\u00edba\"},\"image\":{\"@id\":\"https:\/\/www.pm.pb.gov.br\/portal\/#\/schema\/logo\/image\/\"}},{\"@type\":\"Person\",\"@id\":\"https:\/\/www.pm.pb.gov.br\/portal\/#\/schema\/person\/e8454f46651c3ecf0e1ba3c1666d9947\",\"name\":\"Assessoria de Imprensa da PMPB\",\"image\":{\"@type\":\"ImageObject\",\"inLanguage\":\"pt-BR\",\"@id\":\"https:\/\/www.pm.pb.gov.br\/portal\/#\/schema\/person\/image\/\",\"url\":\"https:\/\/secure.gravatar.com\/avatar\/2efe197438265d1e90bd98c4c8e1acf8?s=96&d=mm&r=g\",\"contentUrl\":\"https:\/\/secure.gravatar.com\/avatar\/2efe197438265d1e90bd98c4c8e1acf8?s=96&d=mm&r=g\",\"caption\":\"Assessoria de Imprensa da PMPB\"},\"url\":\"https:\/\/www.pm.pb.gov.br\/portal\/author\/assessoria\/\"}]}<\/script>\n<!-- \/ Yoast SEO plugin. -->","yoast_head_json":{"title":"Pol\u00edcia Militar prende integrantes de grupo criminoso armados em comunidade de Jo\u00e3o Pessoa - Pol\u00edcia Militar da Para\u00edba","robots":{"index":"index","follow":"follow","max-snippet":"max-snippet:-1","max-image-preview":"max-image-preview:large","max-video-preview":"max-video-preview:-1"},"canonical":"https:\/\/www.pm.pb.gov.br\/portal\/2023\/12\/09\/policia-militar-prende-integrantes-de-grupo-criminoso-armados-em-comunidade-de-joao-pessoa\/","og_locale":"pt_BR","og_type":"article","og_title":"Pol\u00edcia Militar prende integrantes de grupo criminoso armados em comunidade de Jo\u00e3o Pessoa - Pol\u00edcia Militar da Para\u00edba","og_description":"Na tarde desta sexta-feira (08), a Pol\u00edcia Militar surpreendeu e prendeu tr\u00eas suspeitos que estariam armados e aterrorizando moradores da","og_url":"https:\/\/www.pm.pb.gov.br\/portal\/2023\/12\/09\/policia-militar-prende-integrantes-de-grupo-criminoso-armados-em-comunidade-de-joao-pessoa\/","og_site_name":"Pol\u00edcia Militar da Para\u00edba","article_published_time":"2023-12-09T16:01:55+00:00","article_modified_time":"2023-12-09T16:01:58+00:00","og_image":[{"width":1529,"height":1135,"url":"http:\/\/www.pm.pb.gov.br\/portal\/wp-content\/uploads\/2023\/12\/Policia-Militar-prende-integrantes-de-grupo-criminoso-com-armas-em-comunidade-de-Joao-Pessoa.jpg","type":"image\/jpeg"}],"author":"Assessoria de Imprensa da PMPB","twitter_card":"summary_large_image","twitter_misc":{"Escrito por":"Assessoria de Imprensa da PMPB","Est. tempo de leitura":"1 minuto"},"schema":{"@context":"https:\/\/schema.org","@graph":[{"@type":"Article","@id":"https:\/\/www.pm.pb.gov.br\/portal\/2023\/12\/09\/policia-militar-prende-integrantes-de-grupo-criminoso-armados-em-comunidade-de-joao-pessoa\/#article","isPartOf":{"@id":"https:\/\/www.pm.pb.gov.br\/portal\/2023\/12\/09\/policia-militar-prende-integrantes-de-grupo-criminoso-armados-em-comunidade-de-joao-pessoa\/"},"author":{"name":"Assessoria de Imprensa da PMPB","@id":"https:\/\/www.pm.pb.gov.br\/portal\/#\/schema\/person\/e8454f46651c3ecf0e1ba3c1666d9947"},"headline":"Pol\u00edcia Militar prende integrantes de grupo criminoso armados em comunidade de Jo\u00e3o Pessoa","datePublished":"2023-12-09T16:01:55+00:00","dateModified":"2023-12-09T16:01:58+00:00","mainEntityOfPage":{"@id":"https:\/\/www.pm.pb.gov.br\/portal\/2023\/12\/09\/policia-militar-prende-integrantes-de-grupo-criminoso-armados-em-comunidade-de-joao-pessoa\/"},"wordCount":177,"publisher":{"@id":"https:\/\/www.pm.pb.gov.br\/portal\/#organization"},"articleSection":["A\u00e7\u00f5es Policiais"],"inLanguage":"pt-BR"},{"@type":"WebPage","@id":"https:\/\/www.pm.pb.gov.br\/portal\/2023\/12\/09\/policia-militar-prende-integrantes-de-grupo-criminoso-armados-em-comunidade-de-joao-pessoa\/","url":"https:\/\/www.pm.pb.gov.br\/portal\/2023\/12\/09\/policia-militar-prende-integrantes-de-grupo-criminoso-armados-em-comunidade-de-joao-pessoa\/","name":"Pol\u00edcia Militar prende integrantes de grupo criminoso armados em comunidade de Jo\u00e3o Pessoa - Pol\u00edcia Militar da Para\u00edba","isPartOf":{"@id":"https:\/\/www.pm.pb.gov.br\/portal\/#website"},"datePublished":"2023-12-09T16:01:55+00:00","dateModified":"2023-12-09T16:01:58+00:00","breadcrumb":{"@id":"https:\/\/www.pm.pb.gov.br\/portal\/2023\/12\/09\/policia-militar-prende-integrantes-de-grupo-criminoso-armados-em-comunidade-de-joao-pessoa\/#breadcrumb"},"inLanguage":"pt-BR","potentialAction":[{"@type":"ReadAction","target":["https:\/\/www.pm.pb.gov.br\/portal\/2023\/12\/09\/policia-militar-prende-integrantes-de-grupo-criminoso-armados-em-comunidade-de-joao-pessoa\/"]}]},{"@type":"BreadcrumbList","@id":"https:\/\/www.pm.pb.gov.br\/portal\/2023\/12\/09\/policia-militar-prende-integrantes-de-grupo-criminoso-armados-em-comunidade-de-joao-pessoa\/#breadcrumb","itemListElement":[{"@type":"ListItem","position":1,"name":"In\u00edcio","item":"https:\/\/www.pm.pb.gov.br\/portal\/"},{"@type":"ListItem","position":2,"name":"Pol\u00edcia Militar prende integrantes de grupo criminoso armados em comunidade de Jo\u00e3o Pessoa"}]},{"@type":"WebSite","@id":"https:\/\/www.pm.pb.gov.br\/portal\/#website","url":"https:\/\/www.pm.pb.gov.br\/portal\/","name":"Pol\u00edcia Militar da Para\u00edba","description":"","publisher":{"@id":"https:\/\/www.pm.pb.gov.br\/portal\/#organization"},"potentialAction":[{"@type":"SearchAction","target":{"@type":"EntryPoint","urlTemplate":"https:\/\/www.pm.pb.gov.br\/portal\/?s={search_term_string}"},"query-input":"required name=search_term_string"}],"inLanguage":"pt-BR"},{"@type":"Organization","@id":"https:\/\/www.pm.pb.gov.br\/portal\/#organization","name":"Pol\u00edcia Militar da Para\u00edba","url":"https:\/\/www.pm.pb.gov.br\/portal\/","logo":{"@type":"ImageObject","inLanguage":"pt-BR","@id":"https:\/\/www.pm.pb.gov.br\/portal\/#\/schema\/logo\/image\/","url":"https:\/\/www.pm.pb.gov.br\/portal\/wp-content\/uploads\/2025\/03\/cropped-logo-site-mag2-1.png","contentUrl":"https:\/\/www.pm.pb.gov.br\/portal\/wp-content\/uploads\/2025\/03\/cropped-logo-site-mag2-1.png","width":320,"height":90,"caption":"Pol\u00edcia Militar da Para\u00edba"},"image":{"@id":"https:\/\/www.pm.pb.gov.br\/portal\/#\/schema\/logo\/image\/"}},{"@type":"Person","@id":"https:\/\/www.pm.pb.gov.br\/portal\/#\/schema\/person\/e8454f46651c3ecf0e1ba3c1666d9947","name":"Assessoria de Imprensa da PMPB","image":{"@type":"ImageObject","inLanguage":"pt-BR","@id":"https:\/\/www.pm.pb.gov.br\/portal\/#\/schema\/person\/image\/","url":"https:\/\/secure.gravatar.com\/avatar\/2efe197438265d1e90bd98c4c8e1acf8?s=96&d=mm&r=g","contentUrl":"https:\/\/secure.gravatar.com\/avatar\/2efe197438265d1e90bd98c4c8e1acf8?s=96&d=mm&r=g","caption":"Assessoria de Imprensa da PMPB"},"url":"https:\/\/www.pm.pb.gov.br\/portal\/author\/assessoria\/"}]}},"_links":{"self":[{"href":"https:\/\/www.pm.pb.gov.br\/portal\/wp-json\/wp\/v2\/posts\/919550"}],"collection":[{"href":"https:\/\/www.pm.pb.gov.br\/portal\/wp-json\/wp\/v2\/posts"}],"about":[{"href":"https:\/\/www.pm.pb.gov.br\/portal\/wp-json\/wp\/v2\/types\/post"}],"author":[{"embeddable":true,"href":"https:\/\/www.pm.pb.gov.br\/portal\/wp-json\/wp\/v2\/users\/5"}],"replies":[{"embeddable":true,"href":"https:\/\/www.pm.pb.gov.br\/portal\/wp-json\/wp\/v2\/comments?post=919550"}],"version-history":[{"count":2,"href":"https:\/\/www.pm.pb.gov.br\/portal\/wp-json\/wp\/v2\/posts\/919550\/revisions"}],"predecessor-version":[{"id":919554,"href":"https:\/\/www.pm.pb.gov.br\/portal\/wp-json\/wp\/v2\/posts\/919550\/revisions\/919554"}],"wp:featuredmedia":[{"embeddable":true,"href":"https:\/\/www.pm.pb.gov.br\/portal\/wp-json\/wp\/v2\/media\/919551"}],"wp:attachment":[{"href":"https:\/\/www.pm.pb.gov.br\/portal\/wp-json\/wp\/v2\/media?parent=919550"}],"wp:term":[{"taxonomy":"category","embeddable":true,"href":"https:\/\/www.pm.pb.gov.br\/portal\/wp-json\/wp\/v2\/categories?post=919550"},{"taxonomy":"post_tag","embeddable":true,"href":"https:\/\/www.pm.pb.gov.br\/portal\/wp-json\/wp\/v2\/tags?post=919550"}],"curies":[{"name":"wp","href":"https:\/\/api.w.org\/{rel}","templated":true}]}}