{"id":919525,"date":"2023-12-07T18:34:41","date_gmt":"2023-12-07T21:34:41","guid":{"rendered":"https:\/\/www.pm.pb.gov.br\/portal\/?p=919525"},"modified":"2023-12-07T18:48:21","modified_gmt":"2023-12-07T21:48:21","slug":"comandante-geral-parabeniza-cadetes-pela-operacao-atalaia-que-reforcou-seguranca-na-grande-joao-pessoa","status":"publish","type":"post","link":"https:\/\/www.pm.pb.gov.br\/portal\/2023\/12\/07\/comandante-geral-parabeniza-cadetes-pela-operacao-atalaia-que-reforcou-seguranca-na-grande-joao-pessoa\/","title":{"rendered":"Comandante-geral parabeniza cadetes pela Opera\u00e7\u00e3o Atalaia, que refor\u00e7ou seguran\u00e7a na grande Jo\u00e3o Pessoa"},"content":{"rendered":"\n<p>O comandante-geral da Pol\u00edcia Militar da Para\u00edba, o coronel S\u00e9rgio Fonseca, parabenizou os cadetes da Academia de Pol\u00edcia Militar do Cabo Branco pelo planejamento e execu\u00e7\u00e3o da Opera\u00e7\u00e3o Atalaia, realizada na grande Jo\u00e3o Pessoa nesta quinta-feira (07). A opera\u00e7\u00e3o fortaleceu as a\u00e7\u00f5es de seguran\u00e7a nesta v\u00e9spera de feriado.<\/p>\n<p>Entre os resultados das a\u00e7\u00f5es esteve a pris\u00e3o de quase 20 acusados de diversos crimes, cinco armas de fogo e dois quilos de drogas apreendidos, al\u00e9m de tr\u00eas ve\u00edculos roubados, que estavam com criminosos, e que foram recuperados. N\u00e3o foram registrados crimes graves entre a manh\u00e3 at\u00e9 o in\u00edcio da noite, hor\u00e1rio das a\u00e7\u00f5es.<\/p>\n<figure id=\"attachment_919534\" aria-describedby=\"caption-attachment-919534\" style=\"width: 593px\" class=\"wp-caption aligncenter\"><img loading=\"lazy\" decoding=\"async\" class=\"wp-image-919534 size-medium\" src=\"http:\/\/www.pm.pb.gov.br\/portal\/wp-content\/uploads\/2023\/12\/WhatsApp-Image-2023-12-07-at-18.58.50-593x445.jpeg\" alt=\"\" width=\"593\" height=\"445\" srcset=\"https:\/\/www.pm.pb.gov.br\/portal\/wp-content\/uploads\/2023\/12\/WhatsApp-Image-2023-12-07-at-18.58.50-593x445.jpeg 593w, https:\/\/www.pm.pb.gov.br\/portal\/wp-content\/uploads\/2023\/12\/WhatsApp-Image-2023-12-07-at-18.58.50-760x570.jpeg 760w, https:\/\/www.pm.pb.gov.br\/portal\/wp-content\/uploads\/2023\/12\/WhatsApp-Image-2023-12-07-at-18.58.50-768x576.jpeg 768w, https:\/\/www.pm.pb.gov.br\/portal\/wp-content\/uploads\/2023\/12\/WhatsApp-Image-2023-12-07-at-18.58.50-1536x1152.jpeg 1536w, https:\/\/www.pm.pb.gov.br\/portal\/wp-content\/uploads\/2023\/12\/WhatsApp-Image-2023-12-07-at-18.58.50-2048x1536.jpeg 2048w\" sizes=\"(max-width: 593px) 100vw, 593px\" \/><figcaption id=\"caption-attachment-919534\" class=\"wp-caption-text\">T\u00e9rmino da Opera\u00e7\u00e3o ocorreu no Busto de Tamandar\u00e9<\/figcaption><\/figure>\n<p>\u201cEntre os objetivos da Opera\u00e7\u00e3o estava o de unir a teoria do que \u00e9 ensinado no Curso de Forma\u00e7\u00e3o de Oficiais (CFO), com a pr\u00e1tica da viv\u00eancia policial, e nossos cadetes cumpriram com \u00eaxito a miss\u00e3o, trazendo os resultados apresentados. A Opera\u00e7\u00e3o Atalaia trouxe, para esse in\u00edcio de feriad\u00e3o, ainda mais seguran\u00e7a e tranquilidade para a popula\u00e7\u00e3o paraibana e para os visitantes do estado\u201d, comemorou o coronel S\u00e9rgio, ao t\u00e9rmino da Opera\u00e7\u00e3o, com os cadetes (foto abaixo).<\/p>\n<p><img loading=\"lazy\" decoding=\"async\" class=\" wp-image-919531 aligncenter\" src=\"http:\/\/www.pm.pb.gov.br\/portal\/wp-content\/uploads\/2023\/12\/WhatsApp-Image-2023-12-07-at-18.58.49-593x445.jpeg\" alt=\"\" width=\"557\" height=\"418\" srcset=\"https:\/\/www.pm.pb.gov.br\/portal\/wp-content\/uploads\/2023\/12\/WhatsApp-Image-2023-12-07-at-18.58.49-593x445.jpeg 593w, https:\/\/www.pm.pb.gov.br\/portal\/wp-content\/uploads\/2023\/12\/WhatsApp-Image-2023-12-07-at-18.58.49-760x570.jpeg 760w, https:\/\/www.pm.pb.gov.br\/portal\/wp-content\/uploads\/2023\/12\/WhatsApp-Image-2023-12-07-at-18.58.49-768x576.jpeg 768w, https:\/\/www.pm.pb.gov.br\/portal\/wp-content\/uploads\/2023\/12\/WhatsApp-Image-2023-12-07-at-18.58.49-1536x1152.jpeg 1536w, https:\/\/www.pm.pb.gov.br\/portal\/wp-content\/uploads\/2023\/12\/WhatsApp-Image-2023-12-07-at-18.58.49-2048x1536.jpeg 2048w\" sizes=\"(max-width: 557px) 100vw, 557px\" \/><\/p>\n<p><strong>Forma\u00e7\u00e3o &#8211;<\/strong> As atividades desenvolvidas pelos futuros oficiais fazem parte das disciplinas Gest\u00e3o das Atividades de Comando e Intelig\u00eancia Policial, lecionadas durante o CFO. A Opera\u00e7\u00e3o Atalaia foi acompanhada por instrutores e oficiais da regi\u00e3o metropolitana, com apoio de tropas de \u00e1rea e especializadas.<\/p>\n<p>\u201cA opera\u00e7\u00e3o Atalaia demonstra o comprometimento dos futuros oficiais da Pol\u00edcia Militar e sua forma\u00e7\u00e3o pela Academia do Cabo Branco. Este sucesso da opera\u00e7\u00e3o \u00e9 o indicativo positivo para seguran\u00e7a p\u00fablica, servindo como modelo para demais opera\u00e7\u00f5es\u201d, disse a cadete Michelle, comandante da Opera\u00e7\u00e3o.<\/p>\n<p><img loading=\"lazy\" decoding=\"async\" class=\"size-medium wp-image-919533 aligncenter\" src=\"http:\/\/www.pm.pb.gov.br\/portal\/wp-content\/uploads\/2023\/12\/WhatsApp-Image-2023-12-07-at-18.58.49-1-593x445.jpeg\" alt=\"\" width=\"593\" height=\"445\" srcset=\"https:\/\/www.pm.pb.gov.br\/portal\/wp-content\/uploads\/2023\/12\/WhatsApp-Image-2023-12-07-at-18.58.49-1-593x445.jpeg 593w, https:\/\/www.pm.pb.gov.br\/portal\/wp-content\/uploads\/2023\/12\/WhatsApp-Image-2023-12-07-at-18.58.49-1-760x570.jpeg 760w, https:\/\/www.pm.pb.gov.br\/portal\/wp-content\/uploads\/2023\/12\/WhatsApp-Image-2023-12-07-at-18.58.49-1-768x576.jpeg 768w, https:\/\/www.pm.pb.gov.br\/portal\/wp-content\/uploads\/2023\/12\/WhatsApp-Image-2023-12-07-at-18.58.49-1-1536x1152.jpeg 1536w, https:\/\/www.pm.pb.gov.br\/portal\/wp-content\/uploads\/2023\/12\/WhatsApp-Image-2023-12-07-at-18.58.49-1-2048x1536.jpeg 2048w\" sizes=\"(max-width: 593px) 100vw, 593px\" \/><\/p>\n<p>\u00a0<\/p>\n<p><img loading=\"lazy\" decoding=\"async\" class=\"size-medium wp-image-919526 aligncenter\" src=\"http:\/\/www.pm.pb.gov.br\/portal\/wp-content\/uploads\/2023\/12\/WhatsApp-Image-2023-12-07-at-13.44.59-334x445.jpeg\" alt=\"\" width=\"334\" height=\"445\" srcset=\"https:\/\/www.pm.pb.gov.br\/portal\/wp-content\/uploads\/2023\/12\/WhatsApp-Image-2023-12-07-at-13.44.59-334x445.jpeg 334w, https:\/\/www.pm.pb.gov.br\/portal\/wp-content\/uploads\/2023\/12\/WhatsApp-Image-2023-12-07-at-13.44.59-428x570.jpeg 428w, https:\/\/www.pm.pb.gov.br\/portal\/wp-content\/uploads\/2023\/12\/WhatsApp-Image-2023-12-07-at-13.44.59-768x1024.jpeg 768w, https:\/\/www.pm.pb.gov.br\/portal\/wp-content\/uploads\/2023\/12\/WhatsApp-Image-2023-12-07-at-13.44.59-1152x1536.jpeg 1152w, https:\/\/www.pm.pb.gov.br\/portal\/wp-content\/uploads\/2023\/12\/WhatsApp-Image-2023-12-07-at-13.44.59.jpeg 1200w\" sizes=\"(max-width: 334px) 100vw, 334px\" \/><\/p>\n<p>\u00a0<\/p>\n<p><img loading=\"lazy\" decoding=\"async\" class=\" wp-image-919527 aligncenter\" src=\"http:\/\/www.pm.pb.gov.br\/portal\/wp-content\/uploads\/2023\/12\/atalaia2-609x445.jpeg\" alt=\"\" width=\"557\" height=\"407\" srcset=\"https:\/\/www.pm.pb.gov.br\/portal\/wp-content\/uploads\/2023\/12\/atalaia2-609x445.jpeg 609w, https:\/\/www.pm.pb.gov.br\/portal\/wp-content\/uploads\/2023\/12\/atalaia2-780x570.jpeg 780w, https:\/\/www.pm.pb.gov.br\/portal\/wp-content\/uploads\/2023\/12\/atalaia2-768x561.jpeg 768w, https:\/\/www.pm.pb.gov.br\/portal\/wp-content\/uploads\/2023\/12\/atalaia2.jpeg 1200w\" sizes=\"(max-width: 557px) 100vw, 557px\" \/><\/p>\n<p>\u00a0<\/p>\n<p>Fotos: Ascom Opera\u00e7\u00e3o Atalaia e OPMs.<\/p>\n<p><em>Atualizado \u00e0s 19h07.<\/em><\/p>\n","protected":false},"excerpt":{"rendered":"<p>O comandante-geral da Pol\u00edcia Militar da Para\u00edba, o coronel S\u00e9rgio Fonseca, parabenizou os cadetes da Academia de Pol\u00edcia Militar do<\/p>\n","protected":false},"author":12,"featured_media":919530,"comment_status":"closed","ping_status":"closed","sticky":false,"template":"","format":"standard","meta":{"_exactmetrics_skip_tracking":false,"_exactmetrics_sitenote_active":false,"_exactmetrics_sitenote_note":"","_exactmetrics_sitenote_category":0,"footnotes":""},"categories":[4],"tags":[],"yoast_head":"<!-- This site is optimized with the Yoast SEO plugin v22.0 - https:\/\/yoast.com\/wordpress\/plugins\/seo\/ -->\n<title>Comandante-geral parabeniza cadetes pela Opera\u00e7\u00e3o Atalaia, que refor\u00e7ou seguran\u00e7a na grande Jo\u00e3o Pessoa - Pol\u00edcia Militar da Para\u00edba<\/title>\n<meta name=\"description\" content=\"Entre os resultados das a\u00e7\u00f5es esteve a pris\u00e3o de quase 20 acusados de diversos crimes, cinco armas de fogo e dois quilos de drogas apreendidos\" \/>\n<meta name=\"robots\" content=\"index, follow, max-snippet:-1, max-image-preview:large, max-video-preview:-1\" \/>\n<link rel=\"canonical\" href=\"https:\/\/www.pm.pb.gov.br\/portal\/2023\/12\/07\/comandante-geral-parabeniza-cadetes-pela-operacao-atalaia-que-reforcou-seguranca-na-grande-joao-pessoa\/\" \/>\n<meta property=\"og:locale\" content=\"pt_BR\" \/>\n<meta property=\"og:type\" content=\"article\" \/>\n<meta property=\"og:title\" content=\"Comandante-geral parabeniza cadetes pela Opera\u00e7\u00e3o Atalaia, que refor\u00e7ou seguran\u00e7a na grande Jo\u00e3o Pessoa - Pol\u00edcia Militar da Para\u00edba\" \/>\n<meta property=\"og:description\" content=\"Entre os resultados das a\u00e7\u00f5es esteve a pris\u00e3o de quase 20 acusados de diversos crimes, cinco armas de fogo e dois quilos de drogas apreendidos\" \/>\n<meta property=\"og:url\" content=\"https:\/\/www.pm.pb.gov.br\/portal\/2023\/12\/07\/comandante-geral-parabeniza-cadetes-pela-operacao-atalaia-que-reforcou-seguranca-na-grande-joao-pessoa\/\" \/>\n<meta property=\"og:site_name\" content=\"Pol\u00edcia Militar da Para\u00edba\" \/>\n<meta property=\"article:published_time\" content=\"2023-12-07T21:34:41+00:00\" \/>\n<meta property=\"article:modified_time\" content=\"2023-12-07T21:48:21+00:00\" \/>\n<meta property=\"og:image\" content=\"http:\/\/www.pm.pb.gov.br\/portal\/wp-content\/uploads\/2023\/12\/atalaia1.jpeg\" \/>\n\t<meta property=\"og:image:width\" content=\"800\" \/>\n\t<meta property=\"og:image:height\" content=\"445\" \/>\n\t<meta property=\"og:image:type\" content=\"image\/jpeg\" \/>\n<meta name=\"author\" content=\"Tarcisio Oliveira\" \/>\n<meta name=\"twitter:card\" content=\"summary_large_image\" \/>\n<meta name=\"twitter:label1\" content=\"Escrito por\" \/>\n\t<meta name=\"twitter:data1\" content=\"Tarcisio Oliveira\" \/>\n\t<meta name=\"twitter:label2\" content=\"Est. tempo de leitura\" \/>\n\t<meta name=\"twitter:data2\" content=\"3 minutos\" \/>\n<script type=\"application\/ld+json\" class=\"yoast-schema-graph\">{\"@context\":\"https:\/\/schema.org\",\"@graph\":[{\"@type\":\"Article\",\"@id\":\"https:\/\/www.pm.pb.gov.br\/portal\/2023\/12\/07\/comandante-geral-parabeniza-cadetes-pela-operacao-atalaia-que-reforcou-seguranca-na-grande-joao-pessoa\/#article\",\"isPartOf\":{\"@id\":\"https:\/\/www.pm.pb.gov.br\/portal\/2023\/12\/07\/comandante-geral-parabeniza-cadetes-pela-operacao-atalaia-que-reforcou-seguranca-na-grande-joao-pessoa\/\"},\"author\":{\"name\":\"Tarcisio Oliveira\",\"@id\":\"https:\/\/www.pm.pb.gov.br\/portal\/#\/schema\/person\/f84f56dcc78ce4357054da888b8247fd\"},\"headline\":\"Comandante-geral parabeniza cadetes pela Opera\u00e7\u00e3o Atalaia, que refor\u00e7ou seguran\u00e7a na grande Jo\u00e3o Pessoa\",\"datePublished\":\"2023-12-07T21:34:41+00:00\",\"dateModified\":\"2023-12-07T21:48:21+00:00\",\"mainEntityOfPage\":{\"@id\":\"https:\/\/www.pm.pb.gov.br\/portal\/2023\/12\/07\/comandante-geral-parabeniza-cadetes-pela-operacao-atalaia-que-reforcou-seguranca-na-grande-joao-pessoa\/\"},\"wordCount\":353,\"publisher\":{\"@id\":\"https:\/\/www.pm.pb.gov.br\/portal\/#organization\"},\"articleSection\":[\"A\u00e7\u00f5es Policiais\"],\"inLanguage\":\"pt-BR\"},{\"@type\":\"WebPage\",\"@id\":\"https:\/\/www.pm.pb.gov.br\/portal\/2023\/12\/07\/comandante-geral-parabeniza-cadetes-pela-operacao-atalaia-que-reforcou-seguranca-na-grande-joao-pessoa\/\",\"url\":\"https:\/\/www.pm.pb.gov.br\/portal\/2023\/12\/07\/comandante-geral-parabeniza-cadetes-pela-operacao-atalaia-que-reforcou-seguranca-na-grande-joao-pessoa\/\",\"name\":\"Comandante-geral parabeniza cadetes pela Opera\u00e7\u00e3o Atalaia, que refor\u00e7ou seguran\u00e7a na grande Jo\u00e3o Pessoa - Pol\u00edcia Militar da Para\u00edba\",\"isPartOf\":{\"@id\":\"https:\/\/www.pm.pb.gov.br\/portal\/#website\"},\"datePublished\":\"2023-12-07T21:34:41+00:00\",\"dateModified\":\"2023-12-07T21:48:21+00:00\",\"description\":\"Entre os resultados das a\u00e7\u00f5es esteve a pris\u00e3o de quase 20 acusados de diversos crimes, cinco armas de fogo e dois quilos de drogas apreendidos\",\"breadcrumb\":{\"@id\":\"https:\/\/www.pm.pb.gov.br\/portal\/2023\/12\/07\/comandante-geral-parabeniza-cadetes-pela-operacao-atalaia-que-reforcou-seguranca-na-grande-joao-pessoa\/#breadcrumb\"},\"inLanguage\":\"pt-BR\",\"potentialAction\":[{\"@type\":\"ReadAction\",\"target\":[\"https:\/\/www.pm.pb.gov.br\/portal\/2023\/12\/07\/comandante-geral-parabeniza-cadetes-pela-operacao-atalaia-que-reforcou-seguranca-na-grande-joao-pessoa\/\"]}]},{\"@type\":\"BreadcrumbList\",\"@id\":\"https:\/\/www.pm.pb.gov.br\/portal\/2023\/12\/07\/comandante-geral-parabeniza-cadetes-pela-operacao-atalaia-que-reforcou-seguranca-na-grande-joao-pessoa\/#breadcrumb\",\"itemListElement\":[{\"@type\":\"ListItem\",\"position\":1,\"name\":\"In\u00edcio\",\"item\":\"https:\/\/www.pm.pb.gov.br\/portal\/\"},{\"@type\":\"ListItem\",\"position\":2,\"name\":\"Comandante-geral parabeniza cadetes pela Opera\u00e7\u00e3o Atalaia, que refor\u00e7ou seguran\u00e7a na grande Jo\u00e3o Pessoa\"}]},{\"@type\":\"WebSite\",\"@id\":\"https:\/\/www.pm.pb.gov.br\/portal\/#website\",\"url\":\"https:\/\/www.pm.pb.gov.br\/portal\/\",\"name\":\"Pol\u00edcia Militar da Para\u00edba\",\"description\":\"\",\"publisher\":{\"@id\":\"https:\/\/www.pm.pb.gov.br\/portal\/#organization\"},\"potentialAction\":[{\"@type\":\"SearchAction\",\"target\":{\"@type\":\"EntryPoint\",\"urlTemplate\":\"https:\/\/www.pm.pb.gov.br\/portal\/?s={search_term_string}\"},\"query-input\":\"required name=search_term_string\"}],\"inLanguage\":\"pt-BR\"},{\"@type\":\"Organization\",\"@id\":\"https:\/\/www.pm.pb.gov.br\/portal\/#organization\",\"name\":\"Pol\u00edcia Militar da Para\u00edba\",\"url\":\"https:\/\/www.pm.pb.gov.br\/portal\/\",\"logo\":{\"@type\":\"ImageObject\",\"inLanguage\":\"pt-BR\",\"@id\":\"https:\/\/www.pm.pb.gov.br\/portal\/#\/schema\/logo\/image\/\",\"url\":\"https:\/\/www.pm.pb.gov.br\/portal\/wp-content\/uploads\/2025\/03\/cropped-logo-site-mag2-1.png\",\"contentUrl\":\"https:\/\/www.pm.pb.gov.br\/portal\/wp-content\/uploads\/2025\/03\/cropped-logo-site-mag2-1.png\",\"width\":320,\"height\":90,\"caption\":\"Pol\u00edcia Militar da Para\u00edba\"},\"image\":{\"@id\":\"https:\/\/www.pm.pb.gov.br\/portal\/#\/schema\/logo\/image\/\"}},{\"@type\":\"Person\",\"@id\":\"https:\/\/www.pm.pb.gov.br\/portal\/#\/schema\/person\/f84f56dcc78ce4357054da888b8247fd\",\"name\":\"Tarcisio Oliveira\",\"image\":{\"@type\":\"ImageObject\",\"inLanguage\":\"pt-BR\",\"@id\":\"https:\/\/www.pm.pb.gov.br\/portal\/#\/schema\/person\/image\/\",\"url\":\"https:\/\/secure.gravatar.com\/avatar\/72917b630b69d31cd0297507f34bac97?s=96&d=mm&r=g\",\"contentUrl\":\"https:\/\/secure.gravatar.com\/avatar\/72917b630b69d31cd0297507f34bac97?s=96&d=mm&r=g\",\"caption\":\"Tarcisio Oliveira\"},\"url\":\"https:\/\/www.pm.pb.gov.br\/portal\/author\/tarcisio\/\"}]}<\/script>\n<!-- \/ Yoast SEO plugin. -->","yoast_head_json":{"title":"Comandante-geral parabeniza cadetes pela Opera\u00e7\u00e3o Atalaia, que refor\u00e7ou seguran\u00e7a na grande Jo\u00e3o Pessoa - Pol\u00edcia Militar da Para\u00edba","description":"Entre os resultados das a\u00e7\u00f5es esteve a pris\u00e3o de quase 20 acusados de diversos crimes, cinco armas de fogo e dois quilos de drogas apreendidos","robots":{"index":"index","follow":"follow","max-snippet":"max-snippet:-1","max-image-preview":"max-image-preview:large","max-video-preview":"max-video-preview:-1"},"canonical":"https:\/\/www.pm.pb.gov.br\/portal\/2023\/12\/07\/comandante-geral-parabeniza-cadetes-pela-operacao-atalaia-que-reforcou-seguranca-na-grande-joao-pessoa\/","og_locale":"pt_BR","og_type":"article","og_title":"Comandante-geral parabeniza cadetes pela Opera\u00e7\u00e3o Atalaia, que refor\u00e7ou seguran\u00e7a na grande Jo\u00e3o Pessoa - Pol\u00edcia Militar da Para\u00edba","og_description":"Entre os resultados das a\u00e7\u00f5es esteve a pris\u00e3o de quase 20 acusados de diversos crimes, cinco armas de fogo e dois quilos de drogas apreendidos","og_url":"https:\/\/www.pm.pb.gov.br\/portal\/2023\/12\/07\/comandante-geral-parabeniza-cadetes-pela-operacao-atalaia-que-reforcou-seguranca-na-grande-joao-pessoa\/","og_site_name":"Pol\u00edcia Militar da Para\u00edba","article_published_time":"2023-12-07T21:34:41+00:00","article_modified_time":"2023-12-07T21:48:21+00:00","og_image":[{"width":800,"height":445,"url":"http:\/\/www.pm.pb.gov.br\/portal\/wp-content\/uploads\/2023\/12\/atalaia1.jpeg","type":"image\/jpeg"}],"author":"Tarcisio Oliveira","twitter_card":"summary_large_image","twitter_misc":{"Escrito por":"Tarcisio Oliveira","Est. tempo de leitura":"3 minutos"},"schema":{"@context":"https:\/\/schema.org","@graph":[{"@type":"Article","@id":"https:\/\/www.pm.pb.gov.br\/portal\/2023\/12\/07\/comandante-geral-parabeniza-cadetes-pela-operacao-atalaia-que-reforcou-seguranca-na-grande-joao-pessoa\/#article","isPartOf":{"@id":"https:\/\/www.pm.pb.gov.br\/portal\/2023\/12\/07\/comandante-geral-parabeniza-cadetes-pela-operacao-atalaia-que-reforcou-seguranca-na-grande-joao-pessoa\/"},"author":{"name":"Tarcisio Oliveira","@id":"https:\/\/www.pm.pb.gov.br\/portal\/#\/schema\/person\/f84f56dcc78ce4357054da888b8247fd"},"headline":"Comandante-geral parabeniza cadetes pela Opera\u00e7\u00e3o Atalaia, que refor\u00e7ou seguran\u00e7a na grande Jo\u00e3o Pessoa","datePublished":"2023-12-07T21:34:41+00:00","dateModified":"2023-12-07T21:48:21+00:00","mainEntityOfPage":{"@id":"https:\/\/www.pm.pb.gov.br\/portal\/2023\/12\/07\/comandante-geral-parabeniza-cadetes-pela-operacao-atalaia-que-reforcou-seguranca-na-grande-joao-pessoa\/"},"wordCount":353,"publisher":{"@id":"https:\/\/www.pm.pb.gov.br\/portal\/#organization"},"articleSection":["A\u00e7\u00f5es Policiais"],"inLanguage":"pt-BR"},{"@type":"WebPage","@id":"https:\/\/www.pm.pb.gov.br\/portal\/2023\/12\/07\/comandante-geral-parabeniza-cadetes-pela-operacao-atalaia-que-reforcou-seguranca-na-grande-joao-pessoa\/","url":"https:\/\/www.pm.pb.gov.br\/portal\/2023\/12\/07\/comandante-geral-parabeniza-cadetes-pela-operacao-atalaia-que-reforcou-seguranca-na-grande-joao-pessoa\/","name":"Comandante-geral parabeniza cadetes pela Opera\u00e7\u00e3o Atalaia, que refor\u00e7ou seguran\u00e7a na grande Jo\u00e3o Pessoa - Pol\u00edcia Militar da Para\u00edba","isPartOf":{"@id":"https:\/\/www.pm.pb.gov.br\/portal\/#website"},"datePublished":"2023-12-07T21:34:41+00:00","dateModified":"2023-12-07T21:48:21+00:00","description":"Entre os resultados das a\u00e7\u00f5es esteve a pris\u00e3o de quase 20 acusados de diversos crimes, cinco armas de fogo e dois quilos de drogas apreendidos","breadcrumb":{"@id":"https:\/\/www.pm.pb.gov.br\/portal\/2023\/12\/07\/comandante-geral-parabeniza-cadetes-pela-operacao-atalaia-que-reforcou-seguranca-na-grande-joao-pessoa\/#breadcrumb"},"inLanguage":"pt-BR","potentialAction":[{"@type":"ReadAction","target":["https:\/\/www.pm.pb.gov.br\/portal\/2023\/12\/07\/comandante-geral-parabeniza-cadetes-pela-operacao-atalaia-que-reforcou-seguranca-na-grande-joao-pessoa\/"]}]},{"@type":"BreadcrumbList","@id":"https:\/\/www.pm.pb.gov.br\/portal\/2023\/12\/07\/comandante-geral-parabeniza-cadetes-pela-operacao-atalaia-que-reforcou-seguranca-na-grande-joao-pessoa\/#breadcrumb","itemListElement":[{"@type":"ListItem","position":1,"name":"In\u00edcio","item":"https:\/\/www.pm.pb.gov.br\/portal\/"},{"@type":"ListItem","position":2,"name":"Comandante-geral parabeniza cadetes pela Opera\u00e7\u00e3o Atalaia, que refor\u00e7ou seguran\u00e7a na grande Jo\u00e3o Pessoa"}]},{"@type":"WebSite","@id":"https:\/\/www.pm.pb.gov.br\/portal\/#website","url":"https:\/\/www.pm.pb.gov.br\/portal\/","name":"Pol\u00edcia Militar da Para\u00edba","description":"","publisher":{"@id":"https:\/\/www.pm.pb.gov.br\/portal\/#organization"},"potentialAction":[{"@type":"SearchAction","target":{"@type":"EntryPoint","urlTemplate":"https:\/\/www.pm.pb.gov.br\/portal\/?s={search_term_string}"},"query-input":"required name=search_term_string"}],"inLanguage":"pt-BR"},{"@type":"Organization","@id":"https:\/\/www.pm.pb.gov.br\/portal\/#organization","name":"Pol\u00edcia Militar da Para\u00edba","url":"https:\/\/www.pm.pb.gov.br\/portal\/","logo":{"@type":"ImageObject","inLanguage":"pt-BR","@id":"https:\/\/www.pm.pb.gov.br\/portal\/#\/schema\/logo\/image\/","url":"https:\/\/www.pm.pb.gov.br\/portal\/wp-content\/uploads\/2025\/03\/cropped-logo-site-mag2-1.png","contentUrl":"https:\/\/www.pm.pb.gov.br\/portal\/wp-content\/uploads\/2025\/03\/cropped-logo-site-mag2-1.png","width":320,"height":90,"caption":"Pol\u00edcia Militar da Para\u00edba"},"image":{"@id":"https:\/\/www.pm.pb.gov.br\/portal\/#\/schema\/logo\/image\/"}},{"@type":"Person","@id":"https:\/\/www.pm.pb.gov.br\/portal\/#\/schema\/person\/f84f56dcc78ce4357054da888b8247fd","name":"Tarcisio Oliveira","image":{"@type":"ImageObject","inLanguage":"pt-BR","@id":"https:\/\/www.pm.pb.gov.br\/portal\/#\/schema\/person\/image\/","url":"https:\/\/secure.gravatar.com\/avatar\/72917b630b69d31cd0297507f34bac97?s=96&d=mm&r=g","contentUrl":"https:\/\/secure.gravatar.com\/avatar\/72917b630b69d31cd0297507f34bac97?s=96&d=mm&r=g","caption":"Tarcisio Oliveira"},"url":"https:\/\/www.pm.pb.gov.br\/portal\/author\/tarcisio\/"}]}},"_links":{"self":[{"href":"https:\/\/www.pm.pb.gov.br\/portal\/wp-json\/wp\/v2\/posts\/919525"}],"collection":[{"href":"https:\/\/www.pm.pb.gov.br\/portal\/wp-json\/wp\/v2\/posts"}],"about":[{"href":"https:\/\/www.pm.pb.gov.br\/portal\/wp-json\/wp\/v2\/types\/post"}],"author":[{"embeddable":true,"href":"https:\/\/www.pm.pb.gov.br\/portal\/wp-json\/wp\/v2\/users\/12"}],"replies":[{"embeddable":true,"href":"https:\/\/www.pm.pb.gov.br\/portal\/wp-json\/wp\/v2\/comments?post=919525"}],"version-history":[{"count":2,"href":"https:\/\/www.pm.pb.gov.br\/portal\/wp-json\/wp\/v2\/posts\/919525\/revisions"}],"predecessor-version":[{"id":919535,"href":"https:\/\/www.pm.pb.gov.br\/portal\/wp-json\/wp\/v2\/posts\/919525\/revisions\/919535"}],"wp:featuredmedia":[{"embeddable":true,"href":"https:\/\/www.pm.pb.gov.br\/portal\/wp-json\/wp\/v2\/media\/919530"}],"wp:attachment":[{"href":"https:\/\/www.pm.pb.gov.br\/portal\/wp-json\/wp\/v2\/media?parent=919525"}],"wp:term":[{"taxonomy":"category","embeddable":true,"href":"https:\/\/www.pm.pb.gov.br\/portal\/wp-json\/wp\/v2\/categories?post=919525"},{"taxonomy":"post_tag","embeddable":true,"href":"https:\/\/www.pm.pb.gov.br\/portal\/wp-json\/wp\/v2\/tags?post=919525"}],"curies":[{"name":"wp","href":"https:\/\/api.w.org\/{rel}","templated":true}]}}