{"id":919517,"date":"2023-12-11T10:55:22","date_gmt":"2023-12-11T13:55:22","guid":{"rendered":"https:\/\/www.pm.pb.gov.br\/portal\/?p=919517"},"modified":"2023-12-11T10:57:06","modified_gmt":"2023-12-11T13:57:06","slug":"militares-paraibanos-sao-capacitados-pelo-ministerio-da-justica-para-uso-de-drones-em-atividades-policiais","status":"publish","type":"post","link":"https:\/\/www.pm.pb.gov.br\/portal\/2023\/12\/11\/militares-paraibanos-sao-capacitados-pelo-ministerio-da-justica-para-uso-de-drones-em-atividades-policiais\/","title":{"rendered":"Militares paraibanos s\u00e3o capacitados pelo Minist\u00e9rio da Justi\u00e7a para uso de drones em atividades policiais"},"content":{"rendered":"\n<p>O uso de aeronaves remotamente pilotadas \u2013 os drones \u2013 tem auxiliado nas atividades policiais, contribuindo com grandes pris\u00f5es e apreens\u00f5es no combate ao crime organizado. Para qualificar ainda mais os operadores dessa tecnologia, o capit\u00e3o PM Adilson Morais e o 3\u00b0 Sargento PM Jader Gurj\u00e3o participaram, na \u00faltima semana, de um curso promovido pelo Minist\u00e9rio da Justi\u00e7a, atrav\u00e9s da For\u00e7a Nacional de Seguran\u00e7a P\u00fablica, em Bras\u00edlia \u2013 DF.<br><br>Com instrutores que ministram curso nas principais pol\u00edcias do mundo, os militares paraibanos tiveram seis dias de conhecimentos pr\u00e1ticos e te\u00f3ricos, que ser\u00e3o difundidos no Comando de Opera\u00e7\u00f5es \u00c1reas (COA) da Pol\u00edcia Militar da Para\u00edba, com foco na preserva\u00e7\u00e3o da vida.<br><br>Como forma de contemplar policiais de v\u00e1rias regi\u00f5es, o comando da PMPB enviou um policial da capital e outro do interior, para garantir que capacita\u00e7\u00e3o alcance todos os policiais, refor\u00e7ando o compromisso em descentralizar as oportunidades de treinamento e promover a igualdade de acesso \u00e0s capacita\u00e7\u00f5es.<\/p>\n\n\n\n<p><img loading=\"lazy\" decoding=\"async\" width=\"1203\" height=\"965\" class=\"wp-image-919588\" style=\"width: 800px;\" src=\"http:\/\/www.pm.pb.gov.br\/portal\/wp-content\/uploads\/2023\/12\/WhatsApp-Image-2023-12-11-at-9.35.45-AM-1.jpeg\" alt=\"\" srcset=\"https:\/\/www.pm.pb.gov.br\/portal\/wp-content\/uploads\/2023\/12\/WhatsApp-Image-2023-12-11-at-9.35.45-AM-1.jpeg 1203w, https:\/\/www.pm.pb.gov.br\/portal\/wp-content\/uploads\/2023\/12\/WhatsApp-Image-2023-12-11-at-9.35.45-AM-1-555x445.jpeg 555w, https:\/\/www.pm.pb.gov.br\/portal\/wp-content\/uploads\/2023\/12\/WhatsApp-Image-2023-12-11-at-9.35.45-AM-1-711x570.jpeg 711w, https:\/\/www.pm.pb.gov.br\/portal\/wp-content\/uploads\/2023\/12\/WhatsApp-Image-2023-12-11-at-9.35.45-AM-1-768x616.jpeg 768w\" sizes=\"(max-width: 1203px) 100vw, 1203px\" \/><\/p>\n\n\n\n<p><img loading=\"lazy\" decoding=\"async\" width=\"1065\" height=\"837\" class=\"wp-image-919590\" style=\"width: 800px;\" src=\"http:\/\/www.pm.pb.gov.br\/portal\/wp-content\/uploads\/2023\/12\/WhatsApp-Image-2023-12-11-at-9.35.46-AM-1.jpeg\" alt=\"\" srcset=\"https:\/\/www.pm.pb.gov.br\/portal\/wp-content\/uploads\/2023\/12\/WhatsApp-Image-2023-12-11-at-9.35.46-AM-1.jpeg 1065w, https:\/\/www.pm.pb.gov.br\/portal\/wp-content\/uploads\/2023\/12\/WhatsApp-Image-2023-12-11-at-9.35.46-AM-1-566x445.jpeg 566w, https:\/\/www.pm.pb.gov.br\/portal\/wp-content\/uploads\/2023\/12\/WhatsApp-Image-2023-12-11-at-9.35.46-AM-1-725x570.jpeg 725w, https:\/\/www.pm.pb.gov.br\/portal\/wp-content\/uploads\/2023\/12\/WhatsApp-Image-2023-12-11-at-9.35.46-AM-1-768x604.jpeg 768w\" sizes=\"(max-width: 1065px) 100vw, 1065px\" \/><\/p>\n\n\n\n<p><img loading=\"lazy\" decoding=\"async\" width=\"1080\" height=\"857\" class=\"wp-image-919591\" style=\"width: 800px;\" src=\"http:\/\/www.pm.pb.gov.br\/portal\/wp-content\/uploads\/2023\/12\/WhatsApp-Image-2023-12-11-at-9.35.46-AM.jpeg\" alt=\"\" srcset=\"https:\/\/www.pm.pb.gov.br\/portal\/wp-content\/uploads\/2023\/12\/WhatsApp-Image-2023-12-11-at-9.35.46-AM.jpeg 1080w, https:\/\/www.pm.pb.gov.br\/portal\/wp-content\/uploads\/2023\/12\/WhatsApp-Image-2023-12-11-at-9.35.46-AM-561x445.jpeg 561w, https:\/\/www.pm.pb.gov.br\/portal\/wp-content\/uploads\/2023\/12\/WhatsApp-Image-2023-12-11-at-9.35.46-AM-718x570.jpeg 718w, https:\/\/www.pm.pb.gov.br\/portal\/wp-content\/uploads\/2023\/12\/WhatsApp-Image-2023-12-11-at-9.35.46-AM-768x609.jpeg 768w\" sizes=\"(max-width: 1080px) 100vw, 1080px\" \/><br><\/p>\n","protected":false},"excerpt":{"rendered":"<p>O uso de aeronaves remotamente pilotadas \u2013 os drones \u2013 tem auxiliado nas atividades policiais, contribuindo com grandes pris\u00f5es e<\/p>\n","protected":false},"author":5,"featured_media":919586,"comment_status":"closed","ping_status":"closed","sticky":false,"template":"","format":"standard","meta":{"_exactmetrics_skip_tracking":false,"_exactmetrics_sitenote_active":false,"_exactmetrics_sitenote_note":"","_exactmetrics_sitenote_category":0,"footnotes":""},"categories":[4],"tags":[],"yoast_head":"<!-- This site is optimized with the Yoast SEO plugin v22.0 - https:\/\/yoast.com\/wordpress\/plugins\/seo\/ -->\n<title>Militares paraibanos s\u00e3o capacitados pelo Minist\u00e9rio da Justi\u00e7a para uso de drones em atividades policiais - Pol\u00edcia Militar da Para\u00edba<\/title>\n<meta name=\"robots\" content=\"index, follow, max-snippet:-1, max-image-preview:large, max-video-preview:-1\" \/>\n<link rel=\"canonical\" href=\"https:\/\/www.pm.pb.gov.br\/portal\/2023\/12\/11\/militares-paraibanos-sao-capacitados-pelo-ministerio-da-justica-para-uso-de-drones-em-atividades-policiais\/\" \/>\n<meta property=\"og:locale\" content=\"pt_BR\" \/>\n<meta property=\"og:type\" content=\"article\" \/>\n<meta property=\"og:title\" content=\"Militares paraibanos s\u00e3o capacitados pelo Minist\u00e9rio da Justi\u00e7a para uso de drones em atividades policiais - Pol\u00edcia Militar da Para\u00edba\" \/>\n<meta property=\"og:description\" content=\"O uso de aeronaves remotamente pilotadas \u2013 os drones \u2013 tem auxiliado nas atividades policiais, contribuindo com grandes pris\u00f5es e\" \/>\n<meta property=\"og:url\" content=\"https:\/\/www.pm.pb.gov.br\/portal\/2023\/12\/11\/militares-paraibanos-sao-capacitados-pelo-ministerio-da-justica-para-uso-de-drones-em-atividades-policiais\/\" \/>\n<meta property=\"og:site_name\" content=\"Pol\u00edcia Militar da Para\u00edba\" \/>\n<meta property=\"article:published_time\" content=\"2023-12-11T13:55:22+00:00\" \/>\n<meta property=\"article:modified_time\" content=\"2023-12-11T13:57:06+00:00\" \/>\n<meta property=\"og:image\" content=\"http:\/\/www.pm.pb.gov.br\/portal\/wp-content\/uploads\/2023\/12\/WhatsApp-Image-2023-12-11-at-9.35.45-AM.jpeg\" \/>\n\t<meta property=\"og:image:width\" content=\"1280\" \/>\n\t<meta property=\"og:image:height\" content=\"849\" \/>\n\t<meta property=\"og:image:type\" content=\"image\/jpeg\" \/>\n<meta name=\"author\" content=\"Assessoria de Imprensa da PMPB\" \/>\n<meta name=\"twitter:card\" content=\"summary_large_image\" \/>\n<meta name=\"twitter:label1\" content=\"Escrito por\" \/>\n\t<meta name=\"twitter:data1\" content=\"Assessoria de Imprensa da PMPB\" \/>\n\t<meta name=\"twitter:label2\" content=\"Est. tempo de leitura\" \/>\n\t<meta name=\"twitter:data2\" content=\"2 minutos\" \/>\n<script type=\"application\/ld+json\" class=\"yoast-schema-graph\">{\"@context\":\"https:\/\/schema.org\",\"@graph\":[{\"@type\":\"Article\",\"@id\":\"https:\/\/www.pm.pb.gov.br\/portal\/2023\/12\/11\/militares-paraibanos-sao-capacitados-pelo-ministerio-da-justica-para-uso-de-drones-em-atividades-policiais\/#article\",\"isPartOf\":{\"@id\":\"https:\/\/www.pm.pb.gov.br\/portal\/2023\/12\/11\/militares-paraibanos-sao-capacitados-pelo-ministerio-da-justica-para-uso-de-drones-em-atividades-policiais\/\"},\"author\":{\"name\":\"Assessoria de Imprensa da PMPB\",\"@id\":\"https:\/\/www.pm.pb.gov.br\/portal\/#\/schema\/person\/e8454f46651c3ecf0e1ba3c1666d9947\"},\"headline\":\"Militares paraibanos s\u00e3o capacitados pelo Minist\u00e9rio da Justi\u00e7a para uso de drones em atividades policiais\",\"datePublished\":\"2023-12-11T13:55:22+00:00\",\"dateModified\":\"2023-12-11T13:57:06+00:00\",\"mainEntityOfPage\":{\"@id\":\"https:\/\/www.pm.pb.gov.br\/portal\/2023\/12\/11\/militares-paraibanos-sao-capacitados-pelo-ministerio-da-justica-para-uso-de-drones-em-atividades-policiais\/\"},\"wordCount\":194,\"publisher\":{\"@id\":\"https:\/\/www.pm.pb.gov.br\/portal\/#organization\"},\"articleSection\":[\"A\u00e7\u00f5es Policiais\"],\"inLanguage\":\"pt-BR\"},{\"@type\":\"WebPage\",\"@id\":\"https:\/\/www.pm.pb.gov.br\/portal\/2023\/12\/11\/militares-paraibanos-sao-capacitados-pelo-ministerio-da-justica-para-uso-de-drones-em-atividades-policiais\/\",\"url\":\"https:\/\/www.pm.pb.gov.br\/portal\/2023\/12\/11\/militares-paraibanos-sao-capacitados-pelo-ministerio-da-justica-para-uso-de-drones-em-atividades-policiais\/\",\"name\":\"Militares paraibanos s\u00e3o capacitados pelo Minist\u00e9rio da Justi\u00e7a para uso de drones em atividades policiais - Pol\u00edcia Militar da Para\u00edba\",\"isPartOf\":{\"@id\":\"https:\/\/www.pm.pb.gov.br\/portal\/#website\"},\"datePublished\":\"2023-12-11T13:55:22+00:00\",\"dateModified\":\"2023-12-11T13:57:06+00:00\",\"breadcrumb\":{\"@id\":\"https:\/\/www.pm.pb.gov.br\/portal\/2023\/12\/11\/militares-paraibanos-sao-capacitados-pelo-ministerio-da-justica-para-uso-de-drones-em-atividades-policiais\/#breadcrumb\"},\"inLanguage\":\"pt-BR\",\"potentialAction\":[{\"@type\":\"ReadAction\",\"target\":[\"https:\/\/www.pm.pb.gov.br\/portal\/2023\/12\/11\/militares-paraibanos-sao-capacitados-pelo-ministerio-da-justica-para-uso-de-drones-em-atividades-policiais\/\"]}]},{\"@type\":\"BreadcrumbList\",\"@id\":\"https:\/\/www.pm.pb.gov.br\/portal\/2023\/12\/11\/militares-paraibanos-sao-capacitados-pelo-ministerio-da-justica-para-uso-de-drones-em-atividades-policiais\/#breadcrumb\",\"itemListElement\":[{\"@type\":\"ListItem\",\"position\":1,\"name\":\"In\u00edcio\",\"item\":\"https:\/\/www.pm.pb.gov.br\/portal\/\"},{\"@type\":\"ListItem\",\"position\":2,\"name\":\"Militares paraibanos s\u00e3o capacitados pelo Minist\u00e9rio da Justi\u00e7a para uso de drones em atividades policiais\"}]},{\"@type\":\"WebSite\",\"@id\":\"https:\/\/www.pm.pb.gov.br\/portal\/#website\",\"url\":\"https:\/\/www.pm.pb.gov.br\/portal\/\",\"name\":\"Pol\u00edcia Militar da Para\u00edba\",\"description\":\"\",\"publisher\":{\"@id\":\"https:\/\/www.pm.pb.gov.br\/portal\/#organization\"},\"potentialAction\":[{\"@type\":\"SearchAction\",\"target\":{\"@type\":\"EntryPoint\",\"urlTemplate\":\"https:\/\/www.pm.pb.gov.br\/portal\/?s={search_term_string}\"},\"query-input\":\"required name=search_term_string\"}],\"inLanguage\":\"pt-BR\"},{\"@type\":\"Organization\",\"@id\":\"https:\/\/www.pm.pb.gov.br\/portal\/#organization\",\"name\":\"Pol\u00edcia Militar da Para\u00edba\",\"url\":\"https:\/\/www.pm.pb.gov.br\/portal\/\",\"logo\":{\"@type\":\"ImageObject\",\"inLanguage\":\"pt-BR\",\"@id\":\"https:\/\/www.pm.pb.gov.br\/portal\/#\/schema\/logo\/image\/\",\"url\":\"https:\/\/www.pm.pb.gov.br\/portal\/wp-content\/uploads\/2025\/03\/cropped-logo-site-mag2-1.png\",\"contentUrl\":\"https:\/\/www.pm.pb.gov.br\/portal\/wp-content\/uploads\/2025\/03\/cropped-logo-site-mag2-1.png\",\"width\":320,\"height\":90,\"caption\":\"Pol\u00edcia Militar da Para\u00edba\"},\"image\":{\"@id\":\"https:\/\/www.pm.pb.gov.br\/portal\/#\/schema\/logo\/image\/\"}},{\"@type\":\"Person\",\"@id\":\"https:\/\/www.pm.pb.gov.br\/portal\/#\/schema\/person\/e8454f46651c3ecf0e1ba3c1666d9947\",\"name\":\"Assessoria de Imprensa da PMPB\",\"image\":{\"@type\":\"ImageObject\",\"inLanguage\":\"pt-BR\",\"@id\":\"https:\/\/www.pm.pb.gov.br\/portal\/#\/schema\/person\/image\/\",\"url\":\"https:\/\/secure.gravatar.com\/avatar\/2efe197438265d1e90bd98c4c8e1acf8?s=96&d=mm&r=g\",\"contentUrl\":\"https:\/\/secure.gravatar.com\/avatar\/2efe197438265d1e90bd98c4c8e1acf8?s=96&d=mm&r=g\",\"caption\":\"Assessoria de Imprensa da PMPB\"},\"url\":\"https:\/\/www.pm.pb.gov.br\/portal\/author\/assessoria\/\"}]}<\/script>\n<!-- \/ Yoast SEO plugin. -->","yoast_head_json":{"title":"Militares paraibanos s\u00e3o capacitados pelo Minist\u00e9rio da Justi\u00e7a para uso de drones em atividades policiais - Pol\u00edcia Militar da Para\u00edba","robots":{"index":"index","follow":"follow","max-snippet":"max-snippet:-1","max-image-preview":"max-image-preview:large","max-video-preview":"max-video-preview:-1"},"canonical":"https:\/\/www.pm.pb.gov.br\/portal\/2023\/12\/11\/militares-paraibanos-sao-capacitados-pelo-ministerio-da-justica-para-uso-de-drones-em-atividades-policiais\/","og_locale":"pt_BR","og_type":"article","og_title":"Militares paraibanos s\u00e3o capacitados pelo Minist\u00e9rio da Justi\u00e7a para uso de drones em atividades policiais - Pol\u00edcia Militar da Para\u00edba","og_description":"O uso de aeronaves remotamente pilotadas \u2013 os drones \u2013 tem auxiliado nas atividades policiais, contribuindo com grandes pris\u00f5es e","og_url":"https:\/\/www.pm.pb.gov.br\/portal\/2023\/12\/11\/militares-paraibanos-sao-capacitados-pelo-ministerio-da-justica-para-uso-de-drones-em-atividades-policiais\/","og_site_name":"Pol\u00edcia Militar da Para\u00edba","article_published_time":"2023-12-11T13:55:22+00:00","article_modified_time":"2023-12-11T13:57:06+00:00","og_image":[{"width":1280,"height":849,"url":"http:\/\/www.pm.pb.gov.br\/portal\/wp-content\/uploads\/2023\/12\/WhatsApp-Image-2023-12-11-at-9.35.45-AM.jpeg","type":"image\/jpeg"}],"author":"Assessoria de Imprensa da PMPB","twitter_card":"summary_large_image","twitter_misc":{"Escrito por":"Assessoria de Imprensa da PMPB","Est. tempo de leitura":"2 minutos"},"schema":{"@context":"https:\/\/schema.org","@graph":[{"@type":"Article","@id":"https:\/\/www.pm.pb.gov.br\/portal\/2023\/12\/11\/militares-paraibanos-sao-capacitados-pelo-ministerio-da-justica-para-uso-de-drones-em-atividades-policiais\/#article","isPartOf":{"@id":"https:\/\/www.pm.pb.gov.br\/portal\/2023\/12\/11\/militares-paraibanos-sao-capacitados-pelo-ministerio-da-justica-para-uso-de-drones-em-atividades-policiais\/"},"author":{"name":"Assessoria de Imprensa da PMPB","@id":"https:\/\/www.pm.pb.gov.br\/portal\/#\/schema\/person\/e8454f46651c3ecf0e1ba3c1666d9947"},"headline":"Militares paraibanos s\u00e3o capacitados pelo Minist\u00e9rio da Justi\u00e7a para uso de drones em atividades policiais","datePublished":"2023-12-11T13:55:22+00:00","dateModified":"2023-12-11T13:57:06+00:00","mainEntityOfPage":{"@id":"https:\/\/www.pm.pb.gov.br\/portal\/2023\/12\/11\/militares-paraibanos-sao-capacitados-pelo-ministerio-da-justica-para-uso-de-drones-em-atividades-policiais\/"},"wordCount":194,"publisher":{"@id":"https:\/\/www.pm.pb.gov.br\/portal\/#organization"},"articleSection":["A\u00e7\u00f5es Policiais"],"inLanguage":"pt-BR"},{"@type":"WebPage","@id":"https:\/\/www.pm.pb.gov.br\/portal\/2023\/12\/11\/militares-paraibanos-sao-capacitados-pelo-ministerio-da-justica-para-uso-de-drones-em-atividades-policiais\/","url":"https:\/\/www.pm.pb.gov.br\/portal\/2023\/12\/11\/militares-paraibanos-sao-capacitados-pelo-ministerio-da-justica-para-uso-de-drones-em-atividades-policiais\/","name":"Militares paraibanos s\u00e3o capacitados pelo Minist\u00e9rio da Justi\u00e7a para uso de drones em atividades policiais - Pol\u00edcia Militar da Para\u00edba","isPartOf":{"@id":"https:\/\/www.pm.pb.gov.br\/portal\/#website"},"datePublished":"2023-12-11T13:55:22+00:00","dateModified":"2023-12-11T13:57:06+00:00","breadcrumb":{"@id":"https:\/\/www.pm.pb.gov.br\/portal\/2023\/12\/11\/militares-paraibanos-sao-capacitados-pelo-ministerio-da-justica-para-uso-de-drones-em-atividades-policiais\/#breadcrumb"},"inLanguage":"pt-BR","potentialAction":[{"@type":"ReadAction","target":["https:\/\/www.pm.pb.gov.br\/portal\/2023\/12\/11\/militares-paraibanos-sao-capacitados-pelo-ministerio-da-justica-para-uso-de-drones-em-atividades-policiais\/"]}]},{"@type":"BreadcrumbList","@id":"https:\/\/www.pm.pb.gov.br\/portal\/2023\/12\/11\/militares-paraibanos-sao-capacitados-pelo-ministerio-da-justica-para-uso-de-drones-em-atividades-policiais\/#breadcrumb","itemListElement":[{"@type":"ListItem","position":1,"name":"In\u00edcio","item":"https:\/\/www.pm.pb.gov.br\/portal\/"},{"@type":"ListItem","position":2,"name":"Militares paraibanos s\u00e3o capacitados pelo Minist\u00e9rio da Justi\u00e7a para uso de drones em atividades policiais"}]},{"@type":"WebSite","@id":"https:\/\/www.pm.pb.gov.br\/portal\/#website","url":"https:\/\/www.pm.pb.gov.br\/portal\/","name":"Pol\u00edcia Militar da Para\u00edba","description":"","publisher":{"@id":"https:\/\/www.pm.pb.gov.br\/portal\/#organization"},"potentialAction":[{"@type":"SearchAction","target":{"@type":"EntryPoint","urlTemplate":"https:\/\/www.pm.pb.gov.br\/portal\/?s={search_term_string}"},"query-input":"required name=search_term_string"}],"inLanguage":"pt-BR"},{"@type":"Organization","@id":"https:\/\/www.pm.pb.gov.br\/portal\/#organization","name":"Pol\u00edcia Militar da Para\u00edba","url":"https:\/\/www.pm.pb.gov.br\/portal\/","logo":{"@type":"ImageObject","inLanguage":"pt-BR","@id":"https:\/\/www.pm.pb.gov.br\/portal\/#\/schema\/logo\/image\/","url":"https:\/\/www.pm.pb.gov.br\/portal\/wp-content\/uploads\/2025\/03\/cropped-logo-site-mag2-1.png","contentUrl":"https:\/\/www.pm.pb.gov.br\/portal\/wp-content\/uploads\/2025\/03\/cropped-logo-site-mag2-1.png","width":320,"height":90,"caption":"Pol\u00edcia Militar da Para\u00edba"},"image":{"@id":"https:\/\/www.pm.pb.gov.br\/portal\/#\/schema\/logo\/image\/"}},{"@type":"Person","@id":"https:\/\/www.pm.pb.gov.br\/portal\/#\/schema\/person\/e8454f46651c3ecf0e1ba3c1666d9947","name":"Assessoria de Imprensa da PMPB","image":{"@type":"ImageObject","inLanguage":"pt-BR","@id":"https:\/\/www.pm.pb.gov.br\/portal\/#\/schema\/person\/image\/","url":"https:\/\/secure.gravatar.com\/avatar\/2efe197438265d1e90bd98c4c8e1acf8?s=96&d=mm&r=g","contentUrl":"https:\/\/secure.gravatar.com\/avatar\/2efe197438265d1e90bd98c4c8e1acf8?s=96&d=mm&r=g","caption":"Assessoria de Imprensa da PMPB"},"url":"https:\/\/www.pm.pb.gov.br\/portal\/author\/assessoria\/"}]}},"_links":{"self":[{"href":"https:\/\/www.pm.pb.gov.br\/portal\/wp-json\/wp\/v2\/posts\/919517"}],"collection":[{"href":"https:\/\/www.pm.pb.gov.br\/portal\/wp-json\/wp\/v2\/posts"}],"about":[{"href":"https:\/\/www.pm.pb.gov.br\/portal\/wp-json\/wp\/v2\/types\/post"}],"author":[{"embeddable":true,"href":"https:\/\/www.pm.pb.gov.br\/portal\/wp-json\/wp\/v2\/users\/5"}],"replies":[{"embeddable":true,"href":"https:\/\/www.pm.pb.gov.br\/portal\/wp-json\/wp\/v2\/comments?post=919517"}],"version-history":[{"count":3,"href":"https:\/\/www.pm.pb.gov.br\/portal\/wp-json\/wp\/v2\/posts\/919517\/revisions"}],"predecessor-version":[{"id":919592,"href":"https:\/\/www.pm.pb.gov.br\/portal\/wp-json\/wp\/v2\/posts\/919517\/revisions\/919592"}],"wp:featuredmedia":[{"embeddable":true,"href":"https:\/\/www.pm.pb.gov.br\/portal\/wp-json\/wp\/v2\/media\/919586"}],"wp:attachment":[{"href":"https:\/\/www.pm.pb.gov.br\/portal\/wp-json\/wp\/v2\/media?parent=919517"}],"wp:term":[{"taxonomy":"category","embeddable":true,"href":"https:\/\/www.pm.pb.gov.br\/portal\/wp-json\/wp\/v2\/categories?post=919517"},{"taxonomy":"post_tag","embeddable":true,"href":"https:\/\/www.pm.pb.gov.br\/portal\/wp-json\/wp\/v2\/tags?post=919517"}],"curies":[{"name":"wp","href":"https:\/\/api.w.org\/{rel}","templated":true}]}}