{"id":919507,"date":"2023-12-06T10:01:50","date_gmt":"2023-12-06T13:01:50","guid":{"rendered":"https:\/\/www.pm.pb.gov.br\/portal\/?p=919507"},"modified":"2023-12-06T10:05:38","modified_gmt":"2023-12-06T13:05:38","slug":"prisoes-e-apreensoes-sao-registradas-durante-o-estagio-dos-novos-aspirantes-da-policia-militar","status":"publish","type":"post","link":"https:\/\/www.pm.pb.gov.br\/portal\/2023\/12\/06\/prisoes-e-apreensoes-sao-registradas-durante-o-estagio-dos-novos-aspirantes-da-policia-militar\/","title":{"rendered":"Pris\u00f5es e apreens\u00f5es s\u00e3o registradas durante o est\u00e1gio dos novos aspirantes da Pol\u00edcia Militar"},"content":{"rendered":"\n<p>Um rev\u00f3lver foi apreendido em Cabedelo, uma pistola no Conde, um procurado da justi\u00e7a foi preso e uma moto roubada foi recuperada em Jo\u00e3o Pessoa, nessa ter\u00e7a-feira (5), durante a atua\u00e7\u00e3o dos novos aspirantes da Pol\u00edcia Militar da Para\u00edba, que est\u00e3o realizando o est\u00e1gio operacional nas unidades que integram o Comando de Policiamento Regional Metropolitano (CPRM).<br><br>Ap\u00f3s passarem tr\u00eas anos de forma\u00e7\u00e3o, que incluiu conhecimentos te\u00f3ricos e pr\u00e1ticos, eles entraram na fase de est\u00e1gio para coordenar o policiamento das unidades. Nas pris\u00f5es e apreens\u00f5es dessa ter\u00e7a-feira, foram utilizados os conhecimentos de policiamento ostensivo, de verifica\u00e7\u00e3o de identidade dos suspeitos, de documenta\u00e7\u00e3o de arma e de identifica\u00e7\u00e3o veicular.<br><br>Os novos aspirantes continuam nas ruas e novas a\u00e7\u00f5es devem acontecer nas pr\u00f3ximas horas. <br><\/p>\n","protected":false},"excerpt":{"rendered":"<p>Um rev\u00f3lver foi apreendido em Cabedelo, uma pistola no Conde, um procurado da justi\u00e7a foi preso e uma moto roubada<\/p>\n","protected":false},"author":5,"featured_media":919512,"comment_status":"closed","ping_status":"closed","sticky":false,"template":"","format":"standard","meta":{"_exactmetrics_skip_tracking":false,"_exactmetrics_sitenote_active":false,"_exactmetrics_sitenote_note":"","_exactmetrics_sitenote_category":0,"footnotes":""},"categories":[4],"tags":[],"yoast_head":"<!-- This site is optimized with the Yoast SEO plugin v22.0 - https:\/\/yoast.com\/wordpress\/plugins\/seo\/ -->\n<title>Pris\u00f5es e apreens\u00f5es s\u00e3o registradas durante o est\u00e1gio dos novos aspirantes da Pol\u00edcia Militar - Pol\u00edcia Militar da Para\u00edba<\/title>\n<meta name=\"robots\" content=\"index, follow, max-snippet:-1, max-image-preview:large, max-video-preview:-1\" \/>\n<link rel=\"canonical\" href=\"https:\/\/www.pm.pb.gov.br\/portal\/2023\/12\/06\/prisoes-e-apreensoes-sao-registradas-durante-o-estagio-dos-novos-aspirantes-da-policia-militar\/\" \/>\n<meta property=\"og:locale\" content=\"pt_BR\" \/>\n<meta property=\"og:type\" content=\"article\" \/>\n<meta property=\"og:title\" content=\"Pris\u00f5es e apreens\u00f5es s\u00e3o registradas durante o est\u00e1gio dos novos aspirantes da Pol\u00edcia Militar - Pol\u00edcia Militar da Para\u00edba\" \/>\n<meta property=\"og:description\" content=\"Um rev\u00f3lver foi apreendido em Cabedelo, uma pistola no Conde, um procurado da justi\u00e7a foi preso e uma moto roubada\" \/>\n<meta property=\"og:url\" content=\"https:\/\/www.pm.pb.gov.br\/portal\/2023\/12\/06\/prisoes-e-apreensoes-sao-registradas-durante-o-estagio-dos-novos-aspirantes-da-policia-militar\/\" \/>\n<meta property=\"og:site_name\" content=\"Pol\u00edcia Militar da Para\u00edba\" \/>\n<meta property=\"article:published_time\" content=\"2023-12-06T13:01:50+00:00\" \/>\n<meta property=\"article:modified_time\" content=\"2023-12-06T13:05:38+00:00\" \/>\n<meta property=\"og:image\" content=\"http:\/\/www.pm.pb.gov.br\/portal\/wp-content\/uploads\/2023\/12\/WhatsApp-Image-2023-12-06-at-10.18.51-AM.jpeg\" \/>\n\t<meta property=\"og:image:width\" content=\"1527\" \/>\n\t<meta property=\"og:image:height\" content=\"869\" \/>\n\t<meta property=\"og:image:type\" content=\"image\/jpeg\" \/>\n<meta name=\"author\" content=\"Assessoria de Imprensa da PMPB\" \/>\n<meta name=\"twitter:card\" content=\"summary_large_image\" \/>\n<meta name=\"twitter:label1\" content=\"Escrito por\" \/>\n\t<meta name=\"twitter:data1\" content=\"Assessoria de Imprensa da PMPB\" \/>\n\t<meta name=\"twitter:label2\" content=\"Est. tempo de leitura\" \/>\n\t<meta name=\"twitter:data2\" content=\"1 minuto\" \/>\n<script type=\"application\/ld+json\" class=\"yoast-schema-graph\">{\"@context\":\"https:\/\/schema.org\",\"@graph\":[{\"@type\":\"Article\",\"@id\":\"https:\/\/www.pm.pb.gov.br\/portal\/2023\/12\/06\/prisoes-e-apreensoes-sao-registradas-durante-o-estagio-dos-novos-aspirantes-da-policia-militar\/#article\",\"isPartOf\":{\"@id\":\"https:\/\/www.pm.pb.gov.br\/portal\/2023\/12\/06\/prisoes-e-apreensoes-sao-registradas-durante-o-estagio-dos-novos-aspirantes-da-policia-militar\/\"},\"author\":{\"name\":\"Assessoria de Imprensa da PMPB\",\"@id\":\"https:\/\/www.pm.pb.gov.br\/portal\/#\/schema\/person\/e8454f46651c3ecf0e1ba3c1666d9947\"},\"headline\":\"Pris\u00f5es e apreens\u00f5es s\u00e3o registradas durante o est\u00e1gio dos novos aspirantes da Pol\u00edcia Militar\",\"datePublished\":\"2023-12-06T13:01:50+00:00\",\"dateModified\":\"2023-12-06T13:05:38+00:00\",\"mainEntityOfPage\":{\"@id\":\"https:\/\/www.pm.pb.gov.br\/portal\/2023\/12\/06\/prisoes-e-apreensoes-sao-registradas-durante-o-estagio-dos-novos-aspirantes-da-policia-militar\/\"},\"wordCount\":162,\"publisher\":{\"@id\":\"https:\/\/www.pm.pb.gov.br\/portal\/#organization\"},\"articleSection\":[\"A\u00e7\u00f5es Policiais\"],\"inLanguage\":\"pt-BR\"},{\"@type\":\"WebPage\",\"@id\":\"https:\/\/www.pm.pb.gov.br\/portal\/2023\/12\/06\/prisoes-e-apreensoes-sao-registradas-durante-o-estagio-dos-novos-aspirantes-da-policia-militar\/\",\"url\":\"https:\/\/www.pm.pb.gov.br\/portal\/2023\/12\/06\/prisoes-e-apreensoes-sao-registradas-durante-o-estagio-dos-novos-aspirantes-da-policia-militar\/\",\"name\":\"Pris\u00f5es e apreens\u00f5es s\u00e3o registradas durante o est\u00e1gio dos novos aspirantes da Pol\u00edcia Militar - Pol\u00edcia Militar da Para\u00edba\",\"isPartOf\":{\"@id\":\"https:\/\/www.pm.pb.gov.br\/portal\/#website\"},\"datePublished\":\"2023-12-06T13:01:50+00:00\",\"dateModified\":\"2023-12-06T13:05:38+00:00\",\"breadcrumb\":{\"@id\":\"https:\/\/www.pm.pb.gov.br\/portal\/2023\/12\/06\/prisoes-e-apreensoes-sao-registradas-durante-o-estagio-dos-novos-aspirantes-da-policia-militar\/#breadcrumb\"},\"inLanguage\":\"pt-BR\",\"potentialAction\":[{\"@type\":\"ReadAction\",\"target\":[\"https:\/\/www.pm.pb.gov.br\/portal\/2023\/12\/06\/prisoes-e-apreensoes-sao-registradas-durante-o-estagio-dos-novos-aspirantes-da-policia-militar\/\"]}]},{\"@type\":\"BreadcrumbList\",\"@id\":\"https:\/\/www.pm.pb.gov.br\/portal\/2023\/12\/06\/prisoes-e-apreensoes-sao-registradas-durante-o-estagio-dos-novos-aspirantes-da-policia-militar\/#breadcrumb\",\"itemListElement\":[{\"@type\":\"ListItem\",\"position\":1,\"name\":\"In\u00edcio\",\"item\":\"https:\/\/www.pm.pb.gov.br\/portal\/\"},{\"@type\":\"ListItem\",\"position\":2,\"name\":\"Pris\u00f5es e apreens\u00f5es s\u00e3o registradas durante o est\u00e1gio dos novos aspirantes da Pol\u00edcia Militar\"}]},{\"@type\":\"WebSite\",\"@id\":\"https:\/\/www.pm.pb.gov.br\/portal\/#website\",\"url\":\"https:\/\/www.pm.pb.gov.br\/portal\/\",\"name\":\"Pol\u00edcia Militar da Para\u00edba\",\"description\":\"\",\"publisher\":{\"@id\":\"https:\/\/www.pm.pb.gov.br\/portal\/#organization\"},\"potentialAction\":[{\"@type\":\"SearchAction\",\"target\":{\"@type\":\"EntryPoint\",\"urlTemplate\":\"https:\/\/www.pm.pb.gov.br\/portal\/?s={search_term_string}\"},\"query-input\":\"required name=search_term_string\"}],\"inLanguage\":\"pt-BR\"},{\"@type\":\"Organization\",\"@id\":\"https:\/\/www.pm.pb.gov.br\/portal\/#organization\",\"name\":\"Pol\u00edcia Militar da Para\u00edba\",\"url\":\"https:\/\/www.pm.pb.gov.br\/portal\/\",\"logo\":{\"@type\":\"ImageObject\",\"inLanguage\":\"pt-BR\",\"@id\":\"https:\/\/www.pm.pb.gov.br\/portal\/#\/schema\/logo\/image\/\",\"url\":\"https:\/\/www.pm.pb.gov.br\/portal\/wp-content\/uploads\/2025\/03\/cropped-logo-site-mag2-1.png\",\"contentUrl\":\"https:\/\/www.pm.pb.gov.br\/portal\/wp-content\/uploads\/2025\/03\/cropped-logo-site-mag2-1.png\",\"width\":320,\"height\":90,\"caption\":\"Pol\u00edcia Militar da Para\u00edba\"},\"image\":{\"@id\":\"https:\/\/www.pm.pb.gov.br\/portal\/#\/schema\/logo\/image\/\"}},{\"@type\":\"Person\",\"@id\":\"https:\/\/www.pm.pb.gov.br\/portal\/#\/schema\/person\/e8454f46651c3ecf0e1ba3c1666d9947\",\"name\":\"Assessoria de Imprensa da PMPB\",\"image\":{\"@type\":\"ImageObject\",\"inLanguage\":\"pt-BR\",\"@id\":\"https:\/\/www.pm.pb.gov.br\/portal\/#\/schema\/person\/image\/\",\"url\":\"https:\/\/secure.gravatar.com\/avatar\/2efe197438265d1e90bd98c4c8e1acf8?s=96&d=mm&r=g\",\"contentUrl\":\"https:\/\/secure.gravatar.com\/avatar\/2efe197438265d1e90bd98c4c8e1acf8?s=96&d=mm&r=g\",\"caption\":\"Assessoria de Imprensa da PMPB\"},\"url\":\"https:\/\/www.pm.pb.gov.br\/portal\/author\/assessoria\/\"}]}<\/script>\n<!-- \/ Yoast SEO plugin. -->","yoast_head_json":{"title":"Pris\u00f5es e apreens\u00f5es s\u00e3o registradas durante o est\u00e1gio dos novos aspirantes da Pol\u00edcia Militar - Pol\u00edcia Militar da Para\u00edba","robots":{"index":"index","follow":"follow","max-snippet":"max-snippet:-1","max-image-preview":"max-image-preview:large","max-video-preview":"max-video-preview:-1"},"canonical":"https:\/\/www.pm.pb.gov.br\/portal\/2023\/12\/06\/prisoes-e-apreensoes-sao-registradas-durante-o-estagio-dos-novos-aspirantes-da-policia-militar\/","og_locale":"pt_BR","og_type":"article","og_title":"Pris\u00f5es e apreens\u00f5es s\u00e3o registradas durante o est\u00e1gio dos novos aspirantes da Pol\u00edcia Militar - Pol\u00edcia Militar da Para\u00edba","og_description":"Um rev\u00f3lver foi apreendido em Cabedelo, uma pistola no Conde, um procurado da justi\u00e7a foi preso e uma moto roubada","og_url":"https:\/\/www.pm.pb.gov.br\/portal\/2023\/12\/06\/prisoes-e-apreensoes-sao-registradas-durante-o-estagio-dos-novos-aspirantes-da-policia-militar\/","og_site_name":"Pol\u00edcia Militar da Para\u00edba","article_published_time":"2023-12-06T13:01:50+00:00","article_modified_time":"2023-12-06T13:05:38+00:00","og_image":[{"width":1527,"height":869,"url":"http:\/\/www.pm.pb.gov.br\/portal\/wp-content\/uploads\/2023\/12\/WhatsApp-Image-2023-12-06-at-10.18.51-AM.jpeg","type":"image\/jpeg"}],"author":"Assessoria de Imprensa da PMPB","twitter_card":"summary_large_image","twitter_misc":{"Escrito por":"Assessoria de Imprensa da PMPB","Est. tempo de leitura":"1 minuto"},"schema":{"@context":"https:\/\/schema.org","@graph":[{"@type":"Article","@id":"https:\/\/www.pm.pb.gov.br\/portal\/2023\/12\/06\/prisoes-e-apreensoes-sao-registradas-durante-o-estagio-dos-novos-aspirantes-da-policia-militar\/#article","isPartOf":{"@id":"https:\/\/www.pm.pb.gov.br\/portal\/2023\/12\/06\/prisoes-e-apreensoes-sao-registradas-durante-o-estagio-dos-novos-aspirantes-da-policia-militar\/"},"author":{"name":"Assessoria de Imprensa da PMPB","@id":"https:\/\/www.pm.pb.gov.br\/portal\/#\/schema\/person\/e8454f46651c3ecf0e1ba3c1666d9947"},"headline":"Pris\u00f5es e apreens\u00f5es s\u00e3o registradas durante o est\u00e1gio dos novos aspirantes da Pol\u00edcia Militar","datePublished":"2023-12-06T13:01:50+00:00","dateModified":"2023-12-06T13:05:38+00:00","mainEntityOfPage":{"@id":"https:\/\/www.pm.pb.gov.br\/portal\/2023\/12\/06\/prisoes-e-apreensoes-sao-registradas-durante-o-estagio-dos-novos-aspirantes-da-policia-militar\/"},"wordCount":162,"publisher":{"@id":"https:\/\/www.pm.pb.gov.br\/portal\/#organization"},"articleSection":["A\u00e7\u00f5es Policiais"],"inLanguage":"pt-BR"},{"@type":"WebPage","@id":"https:\/\/www.pm.pb.gov.br\/portal\/2023\/12\/06\/prisoes-e-apreensoes-sao-registradas-durante-o-estagio-dos-novos-aspirantes-da-policia-militar\/","url":"https:\/\/www.pm.pb.gov.br\/portal\/2023\/12\/06\/prisoes-e-apreensoes-sao-registradas-durante-o-estagio-dos-novos-aspirantes-da-policia-militar\/","name":"Pris\u00f5es e apreens\u00f5es s\u00e3o registradas durante o est\u00e1gio dos novos aspirantes da Pol\u00edcia Militar - Pol\u00edcia Militar da Para\u00edba","isPartOf":{"@id":"https:\/\/www.pm.pb.gov.br\/portal\/#website"},"datePublished":"2023-12-06T13:01:50+00:00","dateModified":"2023-12-06T13:05:38+00:00","breadcrumb":{"@id":"https:\/\/www.pm.pb.gov.br\/portal\/2023\/12\/06\/prisoes-e-apreensoes-sao-registradas-durante-o-estagio-dos-novos-aspirantes-da-policia-militar\/#breadcrumb"},"inLanguage":"pt-BR","potentialAction":[{"@type":"ReadAction","target":["https:\/\/www.pm.pb.gov.br\/portal\/2023\/12\/06\/prisoes-e-apreensoes-sao-registradas-durante-o-estagio-dos-novos-aspirantes-da-policia-militar\/"]}]},{"@type":"BreadcrumbList","@id":"https:\/\/www.pm.pb.gov.br\/portal\/2023\/12\/06\/prisoes-e-apreensoes-sao-registradas-durante-o-estagio-dos-novos-aspirantes-da-policia-militar\/#breadcrumb","itemListElement":[{"@type":"ListItem","position":1,"name":"In\u00edcio","item":"https:\/\/www.pm.pb.gov.br\/portal\/"},{"@type":"ListItem","position":2,"name":"Pris\u00f5es e apreens\u00f5es s\u00e3o registradas durante o est\u00e1gio dos novos aspirantes da Pol\u00edcia Militar"}]},{"@type":"WebSite","@id":"https:\/\/www.pm.pb.gov.br\/portal\/#website","url":"https:\/\/www.pm.pb.gov.br\/portal\/","name":"Pol\u00edcia Militar da Para\u00edba","description":"","publisher":{"@id":"https:\/\/www.pm.pb.gov.br\/portal\/#organization"},"potentialAction":[{"@type":"SearchAction","target":{"@type":"EntryPoint","urlTemplate":"https:\/\/www.pm.pb.gov.br\/portal\/?s={search_term_string}"},"query-input":"required name=search_term_string"}],"inLanguage":"pt-BR"},{"@type":"Organization","@id":"https:\/\/www.pm.pb.gov.br\/portal\/#organization","name":"Pol\u00edcia Militar da Para\u00edba","url":"https:\/\/www.pm.pb.gov.br\/portal\/","logo":{"@type":"ImageObject","inLanguage":"pt-BR","@id":"https:\/\/www.pm.pb.gov.br\/portal\/#\/schema\/logo\/image\/","url":"https:\/\/www.pm.pb.gov.br\/portal\/wp-content\/uploads\/2025\/03\/cropped-logo-site-mag2-1.png","contentUrl":"https:\/\/www.pm.pb.gov.br\/portal\/wp-content\/uploads\/2025\/03\/cropped-logo-site-mag2-1.png","width":320,"height":90,"caption":"Pol\u00edcia Militar da Para\u00edba"},"image":{"@id":"https:\/\/www.pm.pb.gov.br\/portal\/#\/schema\/logo\/image\/"}},{"@type":"Person","@id":"https:\/\/www.pm.pb.gov.br\/portal\/#\/schema\/person\/e8454f46651c3ecf0e1ba3c1666d9947","name":"Assessoria de Imprensa da PMPB","image":{"@type":"ImageObject","inLanguage":"pt-BR","@id":"https:\/\/www.pm.pb.gov.br\/portal\/#\/schema\/person\/image\/","url":"https:\/\/secure.gravatar.com\/avatar\/2efe197438265d1e90bd98c4c8e1acf8?s=96&d=mm&r=g","contentUrl":"https:\/\/secure.gravatar.com\/avatar\/2efe197438265d1e90bd98c4c8e1acf8?s=96&d=mm&r=g","caption":"Assessoria de Imprensa da PMPB"},"url":"https:\/\/www.pm.pb.gov.br\/portal\/author\/assessoria\/"}]}},"_links":{"self":[{"href":"https:\/\/www.pm.pb.gov.br\/portal\/wp-json\/wp\/v2\/posts\/919507"}],"collection":[{"href":"https:\/\/www.pm.pb.gov.br\/portal\/wp-json\/wp\/v2\/posts"}],"about":[{"href":"https:\/\/www.pm.pb.gov.br\/portal\/wp-json\/wp\/v2\/types\/post"}],"author":[{"embeddable":true,"href":"https:\/\/www.pm.pb.gov.br\/portal\/wp-json\/wp\/v2\/users\/5"}],"replies":[{"embeddable":true,"href":"https:\/\/www.pm.pb.gov.br\/portal\/wp-json\/wp\/v2\/comments?post=919507"}],"version-history":[{"count":2,"href":"https:\/\/www.pm.pb.gov.br\/portal\/wp-json\/wp\/v2\/posts\/919507\/revisions"}],"predecessor-version":[{"id":919513,"href":"https:\/\/www.pm.pb.gov.br\/portal\/wp-json\/wp\/v2\/posts\/919507\/revisions\/919513"}],"wp:featuredmedia":[{"embeddable":true,"href":"https:\/\/www.pm.pb.gov.br\/portal\/wp-json\/wp\/v2\/media\/919512"}],"wp:attachment":[{"href":"https:\/\/www.pm.pb.gov.br\/portal\/wp-json\/wp\/v2\/media?parent=919507"}],"wp:term":[{"taxonomy":"category","embeddable":true,"href":"https:\/\/www.pm.pb.gov.br\/portal\/wp-json\/wp\/v2\/categories?post=919507"},{"taxonomy":"post_tag","embeddable":true,"href":"https:\/\/www.pm.pb.gov.br\/portal\/wp-json\/wp\/v2\/tags?post=919507"}],"curies":[{"name":"wp","href":"https:\/\/api.w.org\/{rel}","templated":true}]}}