{"id":919478,"date":"2023-12-05T11:27:09","date_gmt":"2023-12-05T14:27:09","guid":{"rendered":"https:\/\/www.pm.pb.gov.br\/portal\/?p=919478"},"modified":"2023-12-05T11:29:02","modified_gmt":"2023-12-05T14:29:02","slug":"menina-atendida-pela-equoterapia-da-policia-militar-da-paraiba-e-destaque-em-competicao-em-sao-paulo","status":"publish","type":"post","link":"https:\/\/www.pm.pb.gov.br\/portal\/2023\/12\/05\/menina-atendida-pela-equoterapia-da-policia-militar-da-paraiba-e-destaque-em-competicao-em-sao-paulo\/","title":{"rendered":"Menina atendida pela equoterapia da Pol\u00edcia Militar da Para\u00edba \u00e9 destaque em competi\u00e7\u00e3o em S\u00e3o Paulo"},"content":{"rendered":"\n<p>Rebeca tem 12 anos e nasceu com paralisia cerebral que comprometeu a coordena\u00e7\u00e3o motora do lado direito do corpo. Mas as dificuldades n\u00e3o impediram em nada a vontade dela vencer, de sonhar. H\u00e1 mais de um ano sendo atendida pela equoterapia da Pol\u00edcia Militar, Rebeca vem desenvolvendo melhor suas atividades e isso ajudou no esporte que ela tanto ama: o atletismo.<br><br>Este m\u00eas, Rebeca, que \u00e9 aluna do 6\u00ba ano de uma escola particular do bairro de Mangabeira, zona sul de Jo\u00e3o Pessoa, foi destaque nos jogos paraescoloares brasileiros, realizado no Estado de S\u00e3o Paulo, onde ela representando a Para\u00edba ganhou tr\u00eas medalhas: ouro na corrida de 150 metros, prata na corrida de 60 metros e prata no arremesso de pelote.<br><br>A Equoterapia oferecida pela Pol\u00edcia Militar, por meio do Regimento de Pol\u00edcia Montada (RPMont), atende mais de 40 pacientes com algum tipo de defici\u00eancia ou transtorno. As atividades, que usam o cavalo como \u201cferramenta\u201d, s\u00e3o desenvolvidas por uma equipe multidisciplinar, composta por terapeutas ocupacionais, psic\u00f3logos, fisioterapeutas, fonoaudi\u00f3logos, equitadores e seus auxiliares, que s\u00e3o policiais militares.<br><img loading=\"lazy\" decoding=\"async\" width=\"900\" height=\"1600\" class=\"wp-image-919487\" style=\"width: 800px;\" src=\"http:\/\/www.pm.pb.gov.br\/portal\/wp-content\/uploads\/2023\/12\/WhatsApp-Image-2023-12-05-at-11.39.09-AM.jpeg\" alt=\"\" srcset=\"https:\/\/www.pm.pb.gov.br\/portal\/wp-content\/uploads\/2023\/12\/WhatsApp-Image-2023-12-05-at-11.39.09-AM.jpeg 900w, https:\/\/www.pm.pb.gov.br\/portal\/wp-content\/uploads\/2023\/12\/WhatsApp-Image-2023-12-05-at-11.39.09-AM-250x445.jpeg 250w, https:\/\/www.pm.pb.gov.br\/portal\/wp-content\/uploads\/2023\/12\/WhatsApp-Image-2023-12-05-at-11.39.09-AM-321x570.jpeg 321w, https:\/\/www.pm.pb.gov.br\/portal\/wp-content\/uploads\/2023\/12\/WhatsApp-Image-2023-12-05-at-11.39.09-AM-768x1365.jpeg 768w, https:\/\/www.pm.pb.gov.br\/portal\/wp-content\/uploads\/2023\/12\/WhatsApp-Image-2023-12-05-at-11.39.09-AM-864x1536.jpeg 864w\" sizes=\"(max-width: 900px) 100vw, 900px\" \/><\/p>\n\n\n\n<p><img loading=\"lazy\" decoding=\"async\" width=\"1600\" height=\"1599\" class=\"wp-image-919489\" style=\"width: 800px;\" src=\"http:\/\/www.pm.pb.gov.br\/portal\/wp-content\/uploads\/2023\/12\/WhatsApp-Image-2023-12-05-at-11.19.47-AM.jpeg\" alt=\"\" srcset=\"https:\/\/www.pm.pb.gov.br\/portal\/wp-content\/uploads\/2023\/12\/WhatsApp-Image-2023-12-05-at-11.19.47-AM.jpeg 1600w, https:\/\/www.pm.pb.gov.br\/portal\/wp-content\/uploads\/2023\/12\/WhatsApp-Image-2023-12-05-at-11.19.47-AM-445x445.jpeg 445w, https:\/\/www.pm.pb.gov.br\/portal\/wp-content\/uploads\/2023\/12\/WhatsApp-Image-2023-12-05-at-11.19.47-AM-570x570.jpeg 570w, https:\/\/www.pm.pb.gov.br\/portal\/wp-content\/uploads\/2023\/12\/WhatsApp-Image-2023-12-05-at-11.19.47-AM-768x768.jpeg 768w, https:\/\/www.pm.pb.gov.br\/portal\/wp-content\/uploads\/2023\/12\/WhatsApp-Image-2023-12-05-at-11.19.47-AM-1536x1536.jpeg 1536w, https:\/\/www.pm.pb.gov.br\/portal\/wp-content\/uploads\/2023\/12\/WhatsApp-Image-2023-12-05-at-11.19.47-AM-150x150.jpeg 150w\" sizes=\"(max-width: 1600px) 100vw, 1600px\" \/><\/p>\n\n\n\n<p><img loading=\"lazy\" decoding=\"async\" width=\"1200\" height=\"1600\" class=\"wp-image-919490\" style=\"width: 800px;\" src=\"http:\/\/www.pm.pb.gov.br\/portal\/wp-content\/uploads\/2023\/12\/WhatsApp-Image-2023-12-05-at-11.38.43-AM.jpeg\" alt=\"\" srcset=\"https:\/\/www.pm.pb.gov.br\/portal\/wp-content\/uploads\/2023\/12\/WhatsApp-Image-2023-12-05-at-11.38.43-AM.jpeg 1200w, https:\/\/www.pm.pb.gov.br\/portal\/wp-content\/uploads\/2023\/12\/WhatsApp-Image-2023-12-05-at-11.38.43-AM-334x445.jpeg 334w, https:\/\/www.pm.pb.gov.br\/portal\/wp-content\/uploads\/2023\/12\/WhatsApp-Image-2023-12-05-at-11.38.43-AM-428x570.jpeg 428w, https:\/\/www.pm.pb.gov.br\/portal\/wp-content\/uploads\/2023\/12\/WhatsApp-Image-2023-12-05-at-11.38.43-AM-768x1024.jpeg 768w, https:\/\/www.pm.pb.gov.br\/portal\/wp-content\/uploads\/2023\/12\/WhatsApp-Image-2023-12-05-at-11.38.43-AM-1152x1536.jpeg 1152w\" sizes=\"(max-width: 1200px) 100vw, 1200px\" \/><\/p>\n","protected":false},"excerpt":{"rendered":"<p>Rebeca tem 12 anos e nasceu com paralisia cerebral que comprometeu a coordena\u00e7\u00e3o motora do lado direito do corpo. Mas<\/p>\n","protected":false},"author":5,"featured_media":919485,"comment_status":"closed","ping_status":"closed","sticky":false,"template":"","format":"standard","meta":{"_exactmetrics_skip_tracking":false,"_exactmetrics_sitenote_active":false,"_exactmetrics_sitenote_note":"","_exactmetrics_sitenote_category":0,"footnotes":""},"categories":[4],"tags":[],"yoast_head":"<!-- This site is optimized with the Yoast SEO plugin v22.0 - https:\/\/yoast.com\/wordpress\/plugins\/seo\/ -->\n<title>Menina atendida pela equoterapia da Pol\u00edcia Militar da Para\u00edba \u00e9 destaque em competi\u00e7\u00e3o em S\u00e3o Paulo - Pol\u00edcia Militar da Para\u00edba<\/title>\n<meta name=\"robots\" content=\"index, follow, max-snippet:-1, max-image-preview:large, max-video-preview:-1\" \/>\n<link rel=\"canonical\" href=\"https:\/\/www.pm.pb.gov.br\/portal\/2023\/12\/05\/menina-atendida-pela-equoterapia-da-policia-militar-da-paraiba-e-destaque-em-competicao-em-sao-paulo\/\" \/>\n<meta property=\"og:locale\" content=\"pt_BR\" \/>\n<meta property=\"og:type\" content=\"article\" \/>\n<meta property=\"og:title\" content=\"Menina atendida pela equoterapia da Pol\u00edcia Militar da Para\u00edba \u00e9 destaque em competi\u00e7\u00e3o em S\u00e3o Paulo - Pol\u00edcia Militar da Para\u00edba\" \/>\n<meta property=\"og:description\" content=\"Rebeca tem 12 anos e nasceu com paralisia cerebral que comprometeu a coordena\u00e7\u00e3o motora do lado direito do corpo. Mas\" \/>\n<meta property=\"og:url\" content=\"https:\/\/www.pm.pb.gov.br\/portal\/2023\/12\/05\/menina-atendida-pela-equoterapia-da-policia-militar-da-paraiba-e-destaque-em-competicao-em-sao-paulo\/\" \/>\n<meta property=\"og:site_name\" content=\"Pol\u00edcia Militar da Para\u00edba\" \/>\n<meta property=\"article:published_time\" content=\"2023-12-05T14:27:09+00:00\" \/>\n<meta property=\"article:modified_time\" content=\"2023-12-05T14:29:02+00:00\" \/>\n<meta property=\"og:image\" content=\"http:\/\/www.pm.pb.gov.br\/portal\/wp-content\/uploads\/2023\/12\/WhatsApp-Image-2023-12-05-at-11.42.41-AM.jpeg\" \/>\n\t<meta property=\"og:image:width\" content=\"1600\" \/>\n\t<meta property=\"og:image:height\" content=\"909\" \/>\n\t<meta property=\"og:image:type\" content=\"image\/jpeg\" \/>\n<meta name=\"author\" content=\"Assessoria de Imprensa da PMPB\" \/>\n<meta name=\"twitter:card\" content=\"summary_large_image\" \/>\n<meta name=\"twitter:label1\" content=\"Escrito por\" \/>\n\t<meta name=\"twitter:data1\" content=\"Assessoria de Imprensa da PMPB\" \/>\n\t<meta name=\"twitter:label2\" content=\"Est. tempo de leitura\" \/>\n\t<meta name=\"twitter:data2\" content=\"2 minutos\" \/>\n<script type=\"application\/ld+json\" class=\"yoast-schema-graph\">{\"@context\":\"https:\/\/schema.org\",\"@graph\":[{\"@type\":\"Article\",\"@id\":\"https:\/\/www.pm.pb.gov.br\/portal\/2023\/12\/05\/menina-atendida-pela-equoterapia-da-policia-militar-da-paraiba-e-destaque-em-competicao-em-sao-paulo\/#article\",\"isPartOf\":{\"@id\":\"https:\/\/www.pm.pb.gov.br\/portal\/2023\/12\/05\/menina-atendida-pela-equoterapia-da-policia-militar-da-paraiba-e-destaque-em-competicao-em-sao-paulo\/\"},\"author\":{\"name\":\"Assessoria de Imprensa da PMPB\",\"@id\":\"https:\/\/www.pm.pb.gov.br\/portal\/#\/schema\/person\/e8454f46651c3ecf0e1ba3c1666d9947\"},\"headline\":\"Menina atendida pela equoterapia da Pol\u00edcia Militar da Para\u00edba \u00e9 destaque em competi\u00e7\u00e3o em S\u00e3o Paulo\",\"datePublished\":\"2023-12-05T14:27:09+00:00\",\"dateModified\":\"2023-12-05T14:29:02+00:00\",\"mainEntityOfPage\":{\"@id\":\"https:\/\/www.pm.pb.gov.br\/portal\/2023\/12\/05\/menina-atendida-pela-equoterapia-da-policia-militar-da-paraiba-e-destaque-em-competicao-em-sao-paulo\/\"},\"wordCount\":204,\"publisher\":{\"@id\":\"https:\/\/www.pm.pb.gov.br\/portal\/#organization\"},\"articleSection\":[\"A\u00e7\u00f5es Policiais\"],\"inLanguage\":\"pt-BR\"},{\"@type\":\"WebPage\",\"@id\":\"https:\/\/www.pm.pb.gov.br\/portal\/2023\/12\/05\/menina-atendida-pela-equoterapia-da-policia-militar-da-paraiba-e-destaque-em-competicao-em-sao-paulo\/\",\"url\":\"https:\/\/www.pm.pb.gov.br\/portal\/2023\/12\/05\/menina-atendida-pela-equoterapia-da-policia-militar-da-paraiba-e-destaque-em-competicao-em-sao-paulo\/\",\"name\":\"Menina atendida pela equoterapia da Pol\u00edcia Militar da Para\u00edba \u00e9 destaque em competi\u00e7\u00e3o em S\u00e3o Paulo - Pol\u00edcia Militar da Para\u00edba\",\"isPartOf\":{\"@id\":\"https:\/\/www.pm.pb.gov.br\/portal\/#website\"},\"datePublished\":\"2023-12-05T14:27:09+00:00\",\"dateModified\":\"2023-12-05T14:29:02+00:00\",\"breadcrumb\":{\"@id\":\"https:\/\/www.pm.pb.gov.br\/portal\/2023\/12\/05\/menina-atendida-pela-equoterapia-da-policia-militar-da-paraiba-e-destaque-em-competicao-em-sao-paulo\/#breadcrumb\"},\"inLanguage\":\"pt-BR\",\"potentialAction\":[{\"@type\":\"ReadAction\",\"target\":[\"https:\/\/www.pm.pb.gov.br\/portal\/2023\/12\/05\/menina-atendida-pela-equoterapia-da-policia-militar-da-paraiba-e-destaque-em-competicao-em-sao-paulo\/\"]}]},{\"@type\":\"BreadcrumbList\",\"@id\":\"https:\/\/www.pm.pb.gov.br\/portal\/2023\/12\/05\/menina-atendida-pela-equoterapia-da-policia-militar-da-paraiba-e-destaque-em-competicao-em-sao-paulo\/#breadcrumb\",\"itemListElement\":[{\"@type\":\"ListItem\",\"position\":1,\"name\":\"In\u00edcio\",\"item\":\"https:\/\/www.pm.pb.gov.br\/portal\/\"},{\"@type\":\"ListItem\",\"position\":2,\"name\":\"Menina atendida pela equoterapia da Pol\u00edcia Militar da Para\u00edba \u00e9 destaque em competi\u00e7\u00e3o em S\u00e3o Paulo\"}]},{\"@type\":\"WebSite\",\"@id\":\"https:\/\/www.pm.pb.gov.br\/portal\/#website\",\"url\":\"https:\/\/www.pm.pb.gov.br\/portal\/\",\"name\":\"Pol\u00edcia Militar da Para\u00edba\",\"description\":\"\",\"publisher\":{\"@id\":\"https:\/\/www.pm.pb.gov.br\/portal\/#organization\"},\"potentialAction\":[{\"@type\":\"SearchAction\",\"target\":{\"@type\":\"EntryPoint\",\"urlTemplate\":\"https:\/\/www.pm.pb.gov.br\/portal\/?s={search_term_string}\"},\"query-input\":\"required name=search_term_string\"}],\"inLanguage\":\"pt-BR\"},{\"@type\":\"Organization\",\"@id\":\"https:\/\/www.pm.pb.gov.br\/portal\/#organization\",\"name\":\"Pol\u00edcia Militar da Para\u00edba\",\"url\":\"https:\/\/www.pm.pb.gov.br\/portal\/\",\"logo\":{\"@type\":\"ImageObject\",\"inLanguage\":\"pt-BR\",\"@id\":\"https:\/\/www.pm.pb.gov.br\/portal\/#\/schema\/logo\/image\/\",\"url\":\"https:\/\/www.pm.pb.gov.br\/portal\/wp-content\/uploads\/2025\/03\/cropped-logo-site-mag2-1.png\",\"contentUrl\":\"https:\/\/www.pm.pb.gov.br\/portal\/wp-content\/uploads\/2025\/03\/cropped-logo-site-mag2-1.png\",\"width\":320,\"height\":90,\"caption\":\"Pol\u00edcia Militar da Para\u00edba\"},\"image\":{\"@id\":\"https:\/\/www.pm.pb.gov.br\/portal\/#\/schema\/logo\/image\/\"}},{\"@type\":\"Person\",\"@id\":\"https:\/\/www.pm.pb.gov.br\/portal\/#\/schema\/person\/e8454f46651c3ecf0e1ba3c1666d9947\",\"name\":\"Assessoria de Imprensa da PMPB\",\"image\":{\"@type\":\"ImageObject\",\"inLanguage\":\"pt-BR\",\"@id\":\"https:\/\/www.pm.pb.gov.br\/portal\/#\/schema\/person\/image\/\",\"url\":\"https:\/\/secure.gravatar.com\/avatar\/2efe197438265d1e90bd98c4c8e1acf8?s=96&d=mm&r=g\",\"contentUrl\":\"https:\/\/secure.gravatar.com\/avatar\/2efe197438265d1e90bd98c4c8e1acf8?s=96&d=mm&r=g\",\"caption\":\"Assessoria de Imprensa da PMPB\"},\"url\":\"https:\/\/www.pm.pb.gov.br\/portal\/author\/assessoria\/\"}]}<\/script>\n<!-- \/ Yoast SEO plugin. -->","yoast_head_json":{"title":"Menina atendida pela equoterapia da Pol\u00edcia Militar da Para\u00edba \u00e9 destaque em competi\u00e7\u00e3o em S\u00e3o Paulo - Pol\u00edcia Militar da Para\u00edba","robots":{"index":"index","follow":"follow","max-snippet":"max-snippet:-1","max-image-preview":"max-image-preview:large","max-video-preview":"max-video-preview:-1"},"canonical":"https:\/\/www.pm.pb.gov.br\/portal\/2023\/12\/05\/menina-atendida-pela-equoterapia-da-policia-militar-da-paraiba-e-destaque-em-competicao-em-sao-paulo\/","og_locale":"pt_BR","og_type":"article","og_title":"Menina atendida pela equoterapia da Pol\u00edcia Militar da Para\u00edba \u00e9 destaque em competi\u00e7\u00e3o em S\u00e3o Paulo - Pol\u00edcia Militar da Para\u00edba","og_description":"Rebeca tem 12 anos e nasceu com paralisia cerebral que comprometeu a coordena\u00e7\u00e3o motora do lado direito do corpo. Mas","og_url":"https:\/\/www.pm.pb.gov.br\/portal\/2023\/12\/05\/menina-atendida-pela-equoterapia-da-policia-militar-da-paraiba-e-destaque-em-competicao-em-sao-paulo\/","og_site_name":"Pol\u00edcia Militar da Para\u00edba","article_published_time":"2023-12-05T14:27:09+00:00","article_modified_time":"2023-12-05T14:29:02+00:00","og_image":[{"width":1600,"height":909,"url":"http:\/\/www.pm.pb.gov.br\/portal\/wp-content\/uploads\/2023\/12\/WhatsApp-Image-2023-12-05-at-11.42.41-AM.jpeg","type":"image\/jpeg"}],"author":"Assessoria de Imprensa da PMPB","twitter_card":"summary_large_image","twitter_misc":{"Escrito por":"Assessoria de Imprensa da PMPB","Est. tempo de leitura":"2 minutos"},"schema":{"@context":"https:\/\/schema.org","@graph":[{"@type":"Article","@id":"https:\/\/www.pm.pb.gov.br\/portal\/2023\/12\/05\/menina-atendida-pela-equoterapia-da-policia-militar-da-paraiba-e-destaque-em-competicao-em-sao-paulo\/#article","isPartOf":{"@id":"https:\/\/www.pm.pb.gov.br\/portal\/2023\/12\/05\/menina-atendida-pela-equoterapia-da-policia-militar-da-paraiba-e-destaque-em-competicao-em-sao-paulo\/"},"author":{"name":"Assessoria de Imprensa da PMPB","@id":"https:\/\/www.pm.pb.gov.br\/portal\/#\/schema\/person\/e8454f46651c3ecf0e1ba3c1666d9947"},"headline":"Menina atendida pela equoterapia da Pol\u00edcia Militar da Para\u00edba \u00e9 destaque em competi\u00e7\u00e3o em S\u00e3o Paulo","datePublished":"2023-12-05T14:27:09+00:00","dateModified":"2023-12-05T14:29:02+00:00","mainEntityOfPage":{"@id":"https:\/\/www.pm.pb.gov.br\/portal\/2023\/12\/05\/menina-atendida-pela-equoterapia-da-policia-militar-da-paraiba-e-destaque-em-competicao-em-sao-paulo\/"},"wordCount":204,"publisher":{"@id":"https:\/\/www.pm.pb.gov.br\/portal\/#organization"},"articleSection":["A\u00e7\u00f5es Policiais"],"inLanguage":"pt-BR"},{"@type":"WebPage","@id":"https:\/\/www.pm.pb.gov.br\/portal\/2023\/12\/05\/menina-atendida-pela-equoterapia-da-policia-militar-da-paraiba-e-destaque-em-competicao-em-sao-paulo\/","url":"https:\/\/www.pm.pb.gov.br\/portal\/2023\/12\/05\/menina-atendida-pela-equoterapia-da-policia-militar-da-paraiba-e-destaque-em-competicao-em-sao-paulo\/","name":"Menina atendida pela equoterapia da Pol\u00edcia Militar da Para\u00edba \u00e9 destaque em competi\u00e7\u00e3o em S\u00e3o Paulo - Pol\u00edcia Militar da Para\u00edba","isPartOf":{"@id":"https:\/\/www.pm.pb.gov.br\/portal\/#website"},"datePublished":"2023-12-05T14:27:09+00:00","dateModified":"2023-12-05T14:29:02+00:00","breadcrumb":{"@id":"https:\/\/www.pm.pb.gov.br\/portal\/2023\/12\/05\/menina-atendida-pela-equoterapia-da-policia-militar-da-paraiba-e-destaque-em-competicao-em-sao-paulo\/#breadcrumb"},"inLanguage":"pt-BR","potentialAction":[{"@type":"ReadAction","target":["https:\/\/www.pm.pb.gov.br\/portal\/2023\/12\/05\/menina-atendida-pela-equoterapia-da-policia-militar-da-paraiba-e-destaque-em-competicao-em-sao-paulo\/"]}]},{"@type":"BreadcrumbList","@id":"https:\/\/www.pm.pb.gov.br\/portal\/2023\/12\/05\/menina-atendida-pela-equoterapia-da-policia-militar-da-paraiba-e-destaque-em-competicao-em-sao-paulo\/#breadcrumb","itemListElement":[{"@type":"ListItem","position":1,"name":"In\u00edcio","item":"https:\/\/www.pm.pb.gov.br\/portal\/"},{"@type":"ListItem","position":2,"name":"Menina atendida pela equoterapia da Pol\u00edcia Militar da Para\u00edba \u00e9 destaque em competi\u00e7\u00e3o em S\u00e3o Paulo"}]},{"@type":"WebSite","@id":"https:\/\/www.pm.pb.gov.br\/portal\/#website","url":"https:\/\/www.pm.pb.gov.br\/portal\/","name":"Pol\u00edcia Militar da Para\u00edba","description":"","publisher":{"@id":"https:\/\/www.pm.pb.gov.br\/portal\/#organization"},"potentialAction":[{"@type":"SearchAction","target":{"@type":"EntryPoint","urlTemplate":"https:\/\/www.pm.pb.gov.br\/portal\/?s={search_term_string}"},"query-input":"required name=search_term_string"}],"inLanguage":"pt-BR"},{"@type":"Organization","@id":"https:\/\/www.pm.pb.gov.br\/portal\/#organization","name":"Pol\u00edcia Militar da Para\u00edba","url":"https:\/\/www.pm.pb.gov.br\/portal\/","logo":{"@type":"ImageObject","inLanguage":"pt-BR","@id":"https:\/\/www.pm.pb.gov.br\/portal\/#\/schema\/logo\/image\/","url":"https:\/\/www.pm.pb.gov.br\/portal\/wp-content\/uploads\/2025\/03\/cropped-logo-site-mag2-1.png","contentUrl":"https:\/\/www.pm.pb.gov.br\/portal\/wp-content\/uploads\/2025\/03\/cropped-logo-site-mag2-1.png","width":320,"height":90,"caption":"Pol\u00edcia Militar da Para\u00edba"},"image":{"@id":"https:\/\/www.pm.pb.gov.br\/portal\/#\/schema\/logo\/image\/"}},{"@type":"Person","@id":"https:\/\/www.pm.pb.gov.br\/portal\/#\/schema\/person\/e8454f46651c3ecf0e1ba3c1666d9947","name":"Assessoria de Imprensa da PMPB","image":{"@type":"ImageObject","inLanguage":"pt-BR","@id":"https:\/\/www.pm.pb.gov.br\/portal\/#\/schema\/person\/image\/","url":"https:\/\/secure.gravatar.com\/avatar\/2efe197438265d1e90bd98c4c8e1acf8?s=96&d=mm&r=g","contentUrl":"https:\/\/secure.gravatar.com\/avatar\/2efe197438265d1e90bd98c4c8e1acf8?s=96&d=mm&r=g","caption":"Assessoria de Imprensa da PMPB"},"url":"https:\/\/www.pm.pb.gov.br\/portal\/author\/assessoria\/"}]}},"_links":{"self":[{"href":"https:\/\/www.pm.pb.gov.br\/portal\/wp-json\/wp\/v2\/posts\/919478"}],"collection":[{"href":"https:\/\/www.pm.pb.gov.br\/portal\/wp-json\/wp\/v2\/posts"}],"about":[{"href":"https:\/\/www.pm.pb.gov.br\/portal\/wp-json\/wp\/v2\/types\/post"}],"author":[{"embeddable":true,"href":"https:\/\/www.pm.pb.gov.br\/portal\/wp-json\/wp\/v2\/users\/5"}],"replies":[{"embeddable":true,"href":"https:\/\/www.pm.pb.gov.br\/portal\/wp-json\/wp\/v2\/comments?post=919478"}],"version-history":[{"count":3,"href":"https:\/\/www.pm.pb.gov.br\/portal\/wp-json\/wp\/v2\/posts\/919478\/revisions"}],"predecessor-version":[{"id":919491,"href":"https:\/\/www.pm.pb.gov.br\/portal\/wp-json\/wp\/v2\/posts\/919478\/revisions\/919491"}],"wp:featuredmedia":[{"embeddable":true,"href":"https:\/\/www.pm.pb.gov.br\/portal\/wp-json\/wp\/v2\/media\/919485"}],"wp:attachment":[{"href":"https:\/\/www.pm.pb.gov.br\/portal\/wp-json\/wp\/v2\/media?parent=919478"}],"wp:term":[{"taxonomy":"category","embeddable":true,"href":"https:\/\/www.pm.pb.gov.br\/portal\/wp-json\/wp\/v2\/categories?post=919478"},{"taxonomy":"post_tag","embeddable":true,"href":"https:\/\/www.pm.pb.gov.br\/portal\/wp-json\/wp\/v2\/tags?post=919478"}],"curies":[{"name":"wp","href":"https:\/\/api.w.org\/{rel}","templated":true}]}}