{"id":919405,"date":"2023-12-01T12:40:00","date_gmt":"2023-12-01T15:40:00","guid":{"rendered":"https:\/\/www.pm.pb.gov.br\/portal\/?p=919405"},"modified":"2023-12-01T17:45:39","modified_gmt":"2023-12-01T20:45:39","slug":"acoes-preventivas-prendem-tres-acusados-e-frustram-furtos-em-campina-grande","status":"publish","type":"post","link":"https:\/\/www.pm.pb.gov.br\/portal\/2023\/12\/01\/acoes-preventivas-prendem-tres-acusados-e-frustram-furtos-em-campina-grande\/","title":{"rendered":"A\u00e7\u00f5es preventivas prendem tr\u00eas acusados e frustram furtos em Campina Grande"},"content":{"rendered":"\n<p>O trabalho preventivo de combate aos crimes patrimoniais neste fim de ano segue intenso na Para\u00edba. Em Campina Grande, tr\u00eas acusados de tentarem cometer furtos foram presos em flagrante pela Pol\u00edcia Militar (foto acima ilustrativa). As pris\u00f5es aconteceram na madrugada desta sexta-feira (01) abrindo as a\u00e7\u00f5es do m\u00eas de dezembro na Opera\u00e7\u00e3o Boas Festas.<\/p>\n<p>De acordo com o 10\u00ba Batalh\u00e3o, os acusados tentavam cometer furtos em uma igreja no bairro da Liberdade, e em um estabelecimento comercial, no Centro. Foram tr\u00eas presos, sendo dois deles no \u00faltimo local. Ainda de acordo com a unidade, um dos acusados j\u00e1 respondia em liberdade pelo crime de furto. Os acusados foram presos com facas, p\u00e9 de cabras e objetos que iriam subtrair dos locais, como condicionador de ar e ilumina\u00e7\u00e3o natalina.<\/p>\n<p>As ocorr\u00eancias foram encaminhadas para a delegacia para os procedimentos cab\u00edveis e devida autua\u00e7\u00e3o dos acusados.<\/p>\n<p><strong>Refor\u00e7o &#8211;<\/strong> A Opera\u00e7\u00e3o Boas Festas, da Pol\u00edcia Militar, refor\u00e7a o policiamento em diversas \u00e1reas comerciais da Para\u00edba para combater crimes patrimoniais e frustrar crimes contra vida. Novas a\u00e7\u00f5es devem acontecer durante todo o m\u00eas de dezembro.<\/p>\n\n\n","protected":false},"excerpt":{"rendered":"<p>O trabalho preventivo de combate aos crimes patrimoniais neste fim de ano segue intenso na Para\u00edba. Em Campina Grande, tr\u00eas<\/p>\n","protected":false},"author":12,"featured_media":905133,"comment_status":"closed","ping_status":"closed","sticky":false,"template":"","format":"standard","meta":{"_exactmetrics_skip_tracking":false,"_exactmetrics_sitenote_active":false,"_exactmetrics_sitenote_note":"","_exactmetrics_sitenote_category":0,"footnotes":""},"categories":[4],"tags":[],"yoast_head":"<!-- This site is optimized with the Yoast SEO plugin v22.0 - https:\/\/yoast.com\/wordpress\/plugins\/seo\/ -->\n<title>A\u00e7\u00f5es preventivas prendem tr\u00eas acusados e frustram furtos em Campina Grande - Pol\u00edcia Militar da Para\u00edba<\/title>\n<meta name=\"description\" content=\"Um dos acusados j\u00e1 respondia em liberdade por outro crime de furto. Opera\u00e7\u00e3o Boas Festas refor\u00e7a o policiamento em diversas \u00e1reas comerciais da Para\u00edba em dezembro.\" \/>\n<meta name=\"robots\" content=\"index, follow, max-snippet:-1, max-image-preview:large, max-video-preview:-1\" \/>\n<link rel=\"canonical\" href=\"https:\/\/www.pm.pb.gov.br\/portal\/2023\/12\/01\/acoes-preventivas-prendem-tres-acusados-e-frustram-furtos-em-campina-grande\/\" \/>\n<meta property=\"og:locale\" content=\"pt_BR\" \/>\n<meta property=\"og:type\" content=\"article\" \/>\n<meta property=\"og:title\" content=\"A\u00e7\u00f5es preventivas prendem tr\u00eas acusados e frustram furtos em Campina Grande - Pol\u00edcia Militar da Para\u00edba\" \/>\n<meta property=\"og:description\" content=\"Um dos acusados j\u00e1 respondia em liberdade por outro crime de furto. Opera\u00e7\u00e3o Boas Festas refor\u00e7a o policiamento em diversas \u00e1reas comerciais da Para\u00edba em dezembro.\" \/>\n<meta property=\"og:url\" content=\"https:\/\/www.pm.pb.gov.br\/portal\/2023\/12\/01\/acoes-preventivas-prendem-tres-acusados-e-frustram-furtos-em-campina-grande\/\" \/>\n<meta property=\"og:site_name\" content=\"Pol\u00edcia Militar da Para\u00edba\" \/>\n<meta property=\"article:published_time\" content=\"2023-12-01T15:40:00+00:00\" \/>\n<meta property=\"article:modified_time\" content=\"2023-12-01T20:45:39+00:00\" \/>\n<meta property=\"og:image\" content=\"http:\/\/www.pm.pb.gov.br\/portal\/wp-content\/uploads\/2020\/05\/10bpm.jpeg\" \/>\n\t<meta property=\"og:image:width\" content=\"800\" \/>\n\t<meta property=\"og:image:height\" content=\"445\" \/>\n\t<meta property=\"og:image:type\" content=\"image\/jpeg\" \/>\n<meta name=\"author\" content=\"Tarcisio Oliveira\" \/>\n<meta name=\"twitter:card\" content=\"summary_large_image\" \/>\n<meta name=\"twitter:label1\" content=\"Escrito por\" \/>\n\t<meta name=\"twitter:data1\" content=\"Tarcisio Oliveira\" \/>\n\t<meta name=\"twitter:label2\" content=\"Est. tempo de leitura\" \/>\n\t<meta name=\"twitter:data2\" content=\"1 minuto\" \/>\n<script type=\"application\/ld+json\" class=\"yoast-schema-graph\">{\"@context\":\"https:\/\/schema.org\",\"@graph\":[{\"@type\":\"Article\",\"@id\":\"https:\/\/www.pm.pb.gov.br\/portal\/2023\/12\/01\/acoes-preventivas-prendem-tres-acusados-e-frustram-furtos-em-campina-grande\/#article\",\"isPartOf\":{\"@id\":\"https:\/\/www.pm.pb.gov.br\/portal\/2023\/12\/01\/acoes-preventivas-prendem-tres-acusados-e-frustram-furtos-em-campina-grande\/\"},\"author\":{\"name\":\"Tarcisio Oliveira\",\"@id\":\"https:\/\/www.pm.pb.gov.br\/portal\/#\/schema\/person\/f84f56dcc78ce4357054da888b8247fd\"},\"headline\":\"A\u00e7\u00f5es preventivas prendem tr\u00eas acusados e frustram furtos em Campina Grande\",\"datePublished\":\"2023-12-01T15:40:00+00:00\",\"dateModified\":\"2023-12-01T20:45:39+00:00\",\"mainEntityOfPage\":{\"@id\":\"https:\/\/www.pm.pb.gov.br\/portal\/2023\/12\/01\/acoes-preventivas-prendem-tres-acusados-e-frustram-furtos-em-campina-grande\/\"},\"wordCount\":212,\"publisher\":{\"@id\":\"https:\/\/www.pm.pb.gov.br\/portal\/#organization\"},\"articleSection\":[\"A\u00e7\u00f5es Policiais\"],\"inLanguage\":\"pt-BR\"},{\"@type\":\"WebPage\",\"@id\":\"https:\/\/www.pm.pb.gov.br\/portal\/2023\/12\/01\/acoes-preventivas-prendem-tres-acusados-e-frustram-furtos-em-campina-grande\/\",\"url\":\"https:\/\/www.pm.pb.gov.br\/portal\/2023\/12\/01\/acoes-preventivas-prendem-tres-acusados-e-frustram-furtos-em-campina-grande\/\",\"name\":\"A\u00e7\u00f5es preventivas prendem tr\u00eas acusados e frustram furtos em Campina Grande - Pol\u00edcia Militar da Para\u00edba\",\"isPartOf\":{\"@id\":\"https:\/\/www.pm.pb.gov.br\/portal\/#website\"},\"datePublished\":\"2023-12-01T15:40:00+00:00\",\"dateModified\":\"2023-12-01T20:45:39+00:00\",\"description\":\"Um dos acusados j\u00e1 respondia em liberdade por outro crime de furto. Opera\u00e7\u00e3o Boas Festas refor\u00e7a o policiamento em diversas \u00e1reas comerciais da Para\u00edba em dezembro.\",\"breadcrumb\":{\"@id\":\"https:\/\/www.pm.pb.gov.br\/portal\/2023\/12\/01\/acoes-preventivas-prendem-tres-acusados-e-frustram-furtos-em-campina-grande\/#breadcrumb\"},\"inLanguage\":\"pt-BR\",\"potentialAction\":[{\"@type\":\"ReadAction\",\"target\":[\"https:\/\/www.pm.pb.gov.br\/portal\/2023\/12\/01\/acoes-preventivas-prendem-tres-acusados-e-frustram-furtos-em-campina-grande\/\"]}]},{\"@type\":\"BreadcrumbList\",\"@id\":\"https:\/\/www.pm.pb.gov.br\/portal\/2023\/12\/01\/acoes-preventivas-prendem-tres-acusados-e-frustram-furtos-em-campina-grande\/#breadcrumb\",\"itemListElement\":[{\"@type\":\"ListItem\",\"position\":1,\"name\":\"In\u00edcio\",\"item\":\"https:\/\/www.pm.pb.gov.br\/portal\/\"},{\"@type\":\"ListItem\",\"position\":2,\"name\":\"A\u00e7\u00f5es preventivas prendem tr\u00eas acusados e frustram furtos em Campina Grande\"}]},{\"@type\":\"WebSite\",\"@id\":\"https:\/\/www.pm.pb.gov.br\/portal\/#website\",\"url\":\"https:\/\/www.pm.pb.gov.br\/portal\/\",\"name\":\"Pol\u00edcia Militar da Para\u00edba\",\"description\":\"\",\"publisher\":{\"@id\":\"https:\/\/www.pm.pb.gov.br\/portal\/#organization\"},\"potentialAction\":[{\"@type\":\"SearchAction\",\"target\":{\"@type\":\"EntryPoint\",\"urlTemplate\":\"https:\/\/www.pm.pb.gov.br\/portal\/?s={search_term_string}\"},\"query-input\":\"required name=search_term_string\"}],\"inLanguage\":\"pt-BR\"},{\"@type\":\"Organization\",\"@id\":\"https:\/\/www.pm.pb.gov.br\/portal\/#organization\",\"name\":\"Pol\u00edcia Militar da Para\u00edba\",\"url\":\"https:\/\/www.pm.pb.gov.br\/portal\/\",\"logo\":{\"@type\":\"ImageObject\",\"inLanguage\":\"pt-BR\",\"@id\":\"https:\/\/www.pm.pb.gov.br\/portal\/#\/schema\/logo\/image\/\",\"url\":\"https:\/\/www.pm.pb.gov.br\/portal\/wp-content\/uploads\/2025\/03\/cropped-logo-site-mag2-1.png\",\"contentUrl\":\"https:\/\/www.pm.pb.gov.br\/portal\/wp-content\/uploads\/2025\/03\/cropped-logo-site-mag2-1.png\",\"width\":320,\"height\":90,\"caption\":\"Pol\u00edcia Militar da Para\u00edba\"},\"image\":{\"@id\":\"https:\/\/www.pm.pb.gov.br\/portal\/#\/schema\/logo\/image\/\"}},{\"@type\":\"Person\",\"@id\":\"https:\/\/www.pm.pb.gov.br\/portal\/#\/schema\/person\/f84f56dcc78ce4357054da888b8247fd\",\"name\":\"Tarcisio Oliveira\",\"image\":{\"@type\":\"ImageObject\",\"inLanguage\":\"pt-BR\",\"@id\":\"https:\/\/www.pm.pb.gov.br\/portal\/#\/schema\/person\/image\/\",\"url\":\"https:\/\/secure.gravatar.com\/avatar\/72917b630b69d31cd0297507f34bac97?s=96&d=mm&r=g\",\"contentUrl\":\"https:\/\/secure.gravatar.com\/avatar\/72917b630b69d31cd0297507f34bac97?s=96&d=mm&r=g\",\"caption\":\"Tarcisio Oliveira\"},\"url\":\"https:\/\/www.pm.pb.gov.br\/portal\/author\/tarcisio\/\"}]}<\/script>\n<!-- \/ Yoast SEO plugin. -->","yoast_head_json":{"title":"A\u00e7\u00f5es preventivas prendem tr\u00eas acusados e frustram furtos em Campina Grande - Pol\u00edcia Militar da Para\u00edba","description":"Um dos acusados j\u00e1 respondia em liberdade por outro crime de furto. Opera\u00e7\u00e3o Boas Festas refor\u00e7a o policiamento em diversas \u00e1reas comerciais da Para\u00edba em dezembro.","robots":{"index":"index","follow":"follow","max-snippet":"max-snippet:-1","max-image-preview":"max-image-preview:large","max-video-preview":"max-video-preview:-1"},"canonical":"https:\/\/www.pm.pb.gov.br\/portal\/2023\/12\/01\/acoes-preventivas-prendem-tres-acusados-e-frustram-furtos-em-campina-grande\/","og_locale":"pt_BR","og_type":"article","og_title":"A\u00e7\u00f5es preventivas prendem tr\u00eas acusados e frustram furtos em Campina Grande - Pol\u00edcia Militar da Para\u00edba","og_description":"Um dos acusados j\u00e1 respondia em liberdade por outro crime de furto. Opera\u00e7\u00e3o Boas Festas refor\u00e7a o policiamento em diversas \u00e1reas comerciais da Para\u00edba em dezembro.","og_url":"https:\/\/www.pm.pb.gov.br\/portal\/2023\/12\/01\/acoes-preventivas-prendem-tres-acusados-e-frustram-furtos-em-campina-grande\/","og_site_name":"Pol\u00edcia Militar da Para\u00edba","article_published_time":"2023-12-01T15:40:00+00:00","article_modified_time":"2023-12-01T20:45:39+00:00","og_image":[{"width":800,"height":445,"url":"http:\/\/www.pm.pb.gov.br\/portal\/wp-content\/uploads\/2020\/05\/10bpm.jpeg","type":"image\/jpeg"}],"author":"Tarcisio Oliveira","twitter_card":"summary_large_image","twitter_misc":{"Escrito por":"Tarcisio Oliveira","Est. tempo de leitura":"1 minuto"},"schema":{"@context":"https:\/\/schema.org","@graph":[{"@type":"Article","@id":"https:\/\/www.pm.pb.gov.br\/portal\/2023\/12\/01\/acoes-preventivas-prendem-tres-acusados-e-frustram-furtos-em-campina-grande\/#article","isPartOf":{"@id":"https:\/\/www.pm.pb.gov.br\/portal\/2023\/12\/01\/acoes-preventivas-prendem-tres-acusados-e-frustram-furtos-em-campina-grande\/"},"author":{"name":"Tarcisio Oliveira","@id":"https:\/\/www.pm.pb.gov.br\/portal\/#\/schema\/person\/f84f56dcc78ce4357054da888b8247fd"},"headline":"A\u00e7\u00f5es preventivas prendem tr\u00eas acusados e frustram furtos em Campina Grande","datePublished":"2023-12-01T15:40:00+00:00","dateModified":"2023-12-01T20:45:39+00:00","mainEntityOfPage":{"@id":"https:\/\/www.pm.pb.gov.br\/portal\/2023\/12\/01\/acoes-preventivas-prendem-tres-acusados-e-frustram-furtos-em-campina-grande\/"},"wordCount":212,"publisher":{"@id":"https:\/\/www.pm.pb.gov.br\/portal\/#organization"},"articleSection":["A\u00e7\u00f5es Policiais"],"inLanguage":"pt-BR"},{"@type":"WebPage","@id":"https:\/\/www.pm.pb.gov.br\/portal\/2023\/12\/01\/acoes-preventivas-prendem-tres-acusados-e-frustram-furtos-em-campina-grande\/","url":"https:\/\/www.pm.pb.gov.br\/portal\/2023\/12\/01\/acoes-preventivas-prendem-tres-acusados-e-frustram-furtos-em-campina-grande\/","name":"A\u00e7\u00f5es preventivas prendem tr\u00eas acusados e frustram furtos em Campina Grande - Pol\u00edcia Militar da Para\u00edba","isPartOf":{"@id":"https:\/\/www.pm.pb.gov.br\/portal\/#website"},"datePublished":"2023-12-01T15:40:00+00:00","dateModified":"2023-12-01T20:45:39+00:00","description":"Um dos acusados j\u00e1 respondia em liberdade por outro crime de furto. Opera\u00e7\u00e3o Boas Festas refor\u00e7a o policiamento em diversas \u00e1reas comerciais da Para\u00edba em dezembro.","breadcrumb":{"@id":"https:\/\/www.pm.pb.gov.br\/portal\/2023\/12\/01\/acoes-preventivas-prendem-tres-acusados-e-frustram-furtos-em-campina-grande\/#breadcrumb"},"inLanguage":"pt-BR","potentialAction":[{"@type":"ReadAction","target":["https:\/\/www.pm.pb.gov.br\/portal\/2023\/12\/01\/acoes-preventivas-prendem-tres-acusados-e-frustram-furtos-em-campina-grande\/"]}]},{"@type":"BreadcrumbList","@id":"https:\/\/www.pm.pb.gov.br\/portal\/2023\/12\/01\/acoes-preventivas-prendem-tres-acusados-e-frustram-furtos-em-campina-grande\/#breadcrumb","itemListElement":[{"@type":"ListItem","position":1,"name":"In\u00edcio","item":"https:\/\/www.pm.pb.gov.br\/portal\/"},{"@type":"ListItem","position":2,"name":"A\u00e7\u00f5es preventivas prendem tr\u00eas acusados e frustram furtos em Campina Grande"}]},{"@type":"WebSite","@id":"https:\/\/www.pm.pb.gov.br\/portal\/#website","url":"https:\/\/www.pm.pb.gov.br\/portal\/","name":"Pol\u00edcia Militar da Para\u00edba","description":"","publisher":{"@id":"https:\/\/www.pm.pb.gov.br\/portal\/#organization"},"potentialAction":[{"@type":"SearchAction","target":{"@type":"EntryPoint","urlTemplate":"https:\/\/www.pm.pb.gov.br\/portal\/?s={search_term_string}"},"query-input":"required name=search_term_string"}],"inLanguage":"pt-BR"},{"@type":"Organization","@id":"https:\/\/www.pm.pb.gov.br\/portal\/#organization","name":"Pol\u00edcia Militar da Para\u00edba","url":"https:\/\/www.pm.pb.gov.br\/portal\/","logo":{"@type":"ImageObject","inLanguage":"pt-BR","@id":"https:\/\/www.pm.pb.gov.br\/portal\/#\/schema\/logo\/image\/","url":"https:\/\/www.pm.pb.gov.br\/portal\/wp-content\/uploads\/2025\/03\/cropped-logo-site-mag2-1.png","contentUrl":"https:\/\/www.pm.pb.gov.br\/portal\/wp-content\/uploads\/2025\/03\/cropped-logo-site-mag2-1.png","width":320,"height":90,"caption":"Pol\u00edcia Militar da Para\u00edba"},"image":{"@id":"https:\/\/www.pm.pb.gov.br\/portal\/#\/schema\/logo\/image\/"}},{"@type":"Person","@id":"https:\/\/www.pm.pb.gov.br\/portal\/#\/schema\/person\/f84f56dcc78ce4357054da888b8247fd","name":"Tarcisio Oliveira","image":{"@type":"ImageObject","inLanguage":"pt-BR","@id":"https:\/\/www.pm.pb.gov.br\/portal\/#\/schema\/person\/image\/","url":"https:\/\/secure.gravatar.com\/avatar\/72917b630b69d31cd0297507f34bac97?s=96&d=mm&r=g","contentUrl":"https:\/\/secure.gravatar.com\/avatar\/72917b630b69d31cd0297507f34bac97?s=96&d=mm&r=g","caption":"Tarcisio Oliveira"},"url":"https:\/\/www.pm.pb.gov.br\/portal\/author\/tarcisio\/"}]}},"_links":{"self":[{"href":"https:\/\/www.pm.pb.gov.br\/portal\/wp-json\/wp\/v2\/posts\/919405"}],"collection":[{"href":"https:\/\/www.pm.pb.gov.br\/portal\/wp-json\/wp\/v2\/posts"}],"about":[{"href":"https:\/\/www.pm.pb.gov.br\/portal\/wp-json\/wp\/v2\/types\/post"}],"author":[{"embeddable":true,"href":"https:\/\/www.pm.pb.gov.br\/portal\/wp-json\/wp\/v2\/users\/12"}],"replies":[{"embeddable":true,"href":"https:\/\/www.pm.pb.gov.br\/portal\/wp-json\/wp\/v2\/comments?post=919405"}],"version-history":[{"count":1,"href":"https:\/\/www.pm.pb.gov.br\/portal\/wp-json\/wp\/v2\/posts\/919405\/revisions"}],"predecessor-version":[{"id":919406,"href":"https:\/\/www.pm.pb.gov.br\/portal\/wp-json\/wp\/v2\/posts\/919405\/revisions\/919406"}],"wp:featuredmedia":[{"embeddable":true,"href":"https:\/\/www.pm.pb.gov.br\/portal\/wp-json\/wp\/v2\/media\/905133"}],"wp:attachment":[{"href":"https:\/\/www.pm.pb.gov.br\/portal\/wp-json\/wp\/v2\/media?parent=919405"}],"wp:term":[{"taxonomy":"category","embeddable":true,"href":"https:\/\/www.pm.pb.gov.br\/portal\/wp-json\/wp\/v2\/categories?post=919405"},{"taxonomy":"post_tag","embeddable":true,"href":"https:\/\/www.pm.pb.gov.br\/portal\/wp-json\/wp\/v2\/tags?post=919405"}],"curies":[{"name":"wp","href":"https:\/\/api.w.org\/{rel}","templated":true}]}}