{"id":919402,"date":"2023-12-01T15:07:19","date_gmt":"2023-12-01T18:07:19","guid":{"rendered":"https:\/\/www.pm.pb.gov.br\/portal\/?p=919402"},"modified":"2023-12-01T15:07:21","modified_gmt":"2023-12-01T18:07:21","slug":"forca-integrada-combate-organizacao-criminosa-em-cabedelo","status":"publish","type":"post","link":"https:\/\/www.pm.pb.gov.br\/portal\/2023\/12\/01\/forca-integrada-combate-organizacao-criminosa-em-cabedelo\/","title":{"rendered":"For\u00e7a integrada combate organiza\u00e7\u00e3o criminosa em Cabedelo"},"content":{"rendered":"\n<p>A For\u00e7a Integrada de Combate \u00e0 Criminalidade Organizada na Para\u00edba, FICCO, deflagrou nesta manh\u00e3,(1\u00ba), a opera\u00e7\u00e3o Porto Seguro, que tem o objetivo de cumprir nove mandados de pris\u00e3o preventiva e 10 mandados de busca e apreens\u00e3o em desfavor de indiv\u00edduos que integram organiza\u00e7\u00e3o criminosa no Estado.<\/p>\n<p>As investiga\u00e7\u00f5es identificaram que os investigados, alguns deles com processos criminais em seu desfavor, realizam postagens em que demonstravam fazer parte de fac\u00e7\u00e3o local, gravando v\u00eddeos e publicando fotos em n\u00edtido apoio \u00e0s a\u00e7\u00f5es delitivas do grupo criminoso.<\/p>\n<p>A a\u00e7\u00e3o se desenvolveu na cidade de Cabedelo\/PB, local em que tem se dado um acr\u00e9scimo do n\u00famero de mortes violentas, inobstante as constantes e contundentes a\u00e7\u00f5es das for\u00e7as policiais que atuam no munic\u00edpio.<\/p>\n<p>Um dos alvos que seria preso na opera\u00e7\u00e3o foi v\u00edtima de homic\u00eddio no \u00faltimo fim de semana.<\/p>\n<p>As investiga\u00e7\u00f5es seguem seu curso, tentando identificar outros envolvidos na organiza\u00e7\u00e3o criminosa atuante na regi\u00e3o.<\/p>\n<p>O crime de integrar organiza\u00e7\u00e3o criminosa, trata-se de um delito aut\u00f4nomo que n\u00e3o necessita da pr\u00e1tica de outros delitos para se configurar. Basta integrar uma fac\u00e7\u00e3o que os investigados j\u00e1 est\u00e3o cometendo o crime, cuja pena pode chegar a 8 anos de reclus\u00e3o.<\/p>\n<p>A For\u00e7a Integrada de Combate ao Crime Organizado na Para\u00edba \u2013 FICCO \u2013 \u00e9 composta pela Pol\u00edcia Federal (PF), Pol\u00edcia Civil (PCPB), Pol\u00edcia Militar (PMPB), Secretaria Nacional de Pol\u00edticas Penais (SENAPPEN) e Secretaria de Estado de Administra\u00e7\u00e3o Penitenci\u00e1ria (SEAP).<\/p>\n<p>Texto e fotos: Ascom-PF<\/p>\n\n\n","protected":false},"excerpt":{"rendered":"<p>A For\u00e7a Integrada de Combate \u00e0 Criminalidade Organizada na Para\u00edba, FICCO, deflagrou nesta manh\u00e3,(1\u00ba), a opera\u00e7\u00e3o Porto Seguro, que tem<\/p>\n","protected":false},"author":12,"featured_media":919403,"comment_status":"closed","ping_status":"closed","sticky":false,"template":"","format":"standard","meta":{"_exactmetrics_skip_tracking":false,"_exactmetrics_sitenote_active":false,"_exactmetrics_sitenote_note":"","_exactmetrics_sitenote_category":0,"footnotes":""},"categories":[4],"tags":[],"yoast_head":"<!-- This site is optimized with the Yoast SEO plugin v22.0 - https:\/\/yoast.com\/wordpress\/plugins\/seo\/ -->\n<title>For\u00e7a integrada combate organiza\u00e7\u00e3o criminosa em Cabedelo - Pol\u00edcia Militar da Para\u00edba<\/title>\n<meta name=\"description\" content=\"Entre os objetivos estava cumprir nove mandados de pris\u00e3o preventiva e 10 mandados de busca e apreens\u00e3o em desfavor de indiv\u00edduos que integram organiza\u00e7\u00e3o criminosa.\" \/>\n<meta name=\"robots\" content=\"index, follow, max-snippet:-1, max-image-preview:large, max-video-preview:-1\" \/>\n<link rel=\"canonical\" href=\"https:\/\/www.pm.pb.gov.br\/portal\/2023\/12\/01\/forca-integrada-combate-organizacao-criminosa-em-cabedelo\/\" \/>\n<meta property=\"og:locale\" content=\"pt_BR\" \/>\n<meta property=\"og:type\" content=\"article\" \/>\n<meta property=\"og:title\" content=\"For\u00e7a integrada combate organiza\u00e7\u00e3o criminosa em Cabedelo - Pol\u00edcia Militar da Para\u00edba\" \/>\n<meta property=\"og:description\" content=\"Entre os objetivos estava cumprir nove mandados de pris\u00e3o preventiva e 10 mandados de busca e apreens\u00e3o em desfavor de indiv\u00edduos que integram organiza\u00e7\u00e3o criminosa.\" \/>\n<meta property=\"og:url\" content=\"https:\/\/www.pm.pb.gov.br\/portal\/2023\/12\/01\/forca-integrada-combate-organizacao-criminosa-em-cabedelo\/\" \/>\n<meta property=\"og:site_name\" content=\"Pol\u00edcia Militar da Para\u00edba\" \/>\n<meta property=\"article:published_time\" content=\"2023-12-01T18:07:19+00:00\" \/>\n<meta property=\"article:modified_time\" content=\"2023-12-01T18:07:21+00:00\" \/>\n<meta property=\"og:image\" content=\"http:\/\/www.pm.pb.gov.br\/portal\/wp-content\/uploads\/2023\/12\/WhatsApp-Image-2023-12-01-at-06.13.09.jpeg\" \/>\n\t<meta property=\"og:image:width\" content=\"800\" \/>\n\t<meta property=\"og:image:height\" content=\"447\" \/>\n\t<meta property=\"og:image:type\" content=\"image\/jpeg\" \/>\n<meta name=\"author\" content=\"Tarcisio Oliveira\" \/>\n<meta name=\"twitter:card\" content=\"summary_large_image\" \/>\n<meta name=\"twitter:label1\" content=\"Escrito por\" \/>\n\t<meta name=\"twitter:data1\" content=\"Tarcisio Oliveira\" \/>\n\t<meta name=\"twitter:label2\" content=\"Est. tempo de leitura\" \/>\n\t<meta name=\"twitter:data2\" content=\"2 minutos\" \/>\n<script type=\"application\/ld+json\" class=\"yoast-schema-graph\">{\"@context\":\"https:\/\/schema.org\",\"@graph\":[{\"@type\":\"Article\",\"@id\":\"https:\/\/www.pm.pb.gov.br\/portal\/2023\/12\/01\/forca-integrada-combate-organizacao-criminosa-em-cabedelo\/#article\",\"isPartOf\":{\"@id\":\"https:\/\/www.pm.pb.gov.br\/portal\/2023\/12\/01\/forca-integrada-combate-organizacao-criminosa-em-cabedelo\/\"},\"author\":{\"name\":\"Tarcisio Oliveira\",\"@id\":\"https:\/\/www.pm.pb.gov.br\/portal\/#\/schema\/person\/f84f56dcc78ce4357054da888b8247fd\"},\"headline\":\"For\u00e7a integrada combate organiza\u00e7\u00e3o criminosa em Cabedelo\",\"datePublished\":\"2023-12-01T18:07:19+00:00\",\"dateModified\":\"2023-12-01T18:07:21+00:00\",\"mainEntityOfPage\":{\"@id\":\"https:\/\/www.pm.pb.gov.br\/portal\/2023\/12\/01\/forca-integrada-combate-organizacao-criminosa-em-cabedelo\/\"},\"wordCount\":279,\"publisher\":{\"@id\":\"https:\/\/www.pm.pb.gov.br\/portal\/#organization\"},\"articleSection\":[\"A\u00e7\u00f5es Policiais\"],\"inLanguage\":\"pt-BR\"},{\"@type\":\"WebPage\",\"@id\":\"https:\/\/www.pm.pb.gov.br\/portal\/2023\/12\/01\/forca-integrada-combate-organizacao-criminosa-em-cabedelo\/\",\"url\":\"https:\/\/www.pm.pb.gov.br\/portal\/2023\/12\/01\/forca-integrada-combate-organizacao-criminosa-em-cabedelo\/\",\"name\":\"For\u00e7a integrada combate organiza\u00e7\u00e3o criminosa em Cabedelo - Pol\u00edcia Militar da Para\u00edba\",\"isPartOf\":{\"@id\":\"https:\/\/www.pm.pb.gov.br\/portal\/#website\"},\"datePublished\":\"2023-12-01T18:07:19+00:00\",\"dateModified\":\"2023-12-01T18:07:21+00:00\",\"description\":\"Entre os objetivos estava cumprir nove mandados de pris\u00e3o preventiva e 10 mandados de busca e apreens\u00e3o em desfavor de indiv\u00edduos que integram organiza\u00e7\u00e3o criminosa.\",\"breadcrumb\":{\"@id\":\"https:\/\/www.pm.pb.gov.br\/portal\/2023\/12\/01\/forca-integrada-combate-organizacao-criminosa-em-cabedelo\/#breadcrumb\"},\"inLanguage\":\"pt-BR\",\"potentialAction\":[{\"@type\":\"ReadAction\",\"target\":[\"https:\/\/www.pm.pb.gov.br\/portal\/2023\/12\/01\/forca-integrada-combate-organizacao-criminosa-em-cabedelo\/\"]}]},{\"@type\":\"BreadcrumbList\",\"@id\":\"https:\/\/www.pm.pb.gov.br\/portal\/2023\/12\/01\/forca-integrada-combate-organizacao-criminosa-em-cabedelo\/#breadcrumb\",\"itemListElement\":[{\"@type\":\"ListItem\",\"position\":1,\"name\":\"In\u00edcio\",\"item\":\"https:\/\/www.pm.pb.gov.br\/portal\/\"},{\"@type\":\"ListItem\",\"position\":2,\"name\":\"For\u00e7a integrada combate organiza\u00e7\u00e3o criminosa em Cabedelo\"}]},{\"@type\":\"WebSite\",\"@id\":\"https:\/\/www.pm.pb.gov.br\/portal\/#website\",\"url\":\"https:\/\/www.pm.pb.gov.br\/portal\/\",\"name\":\"Pol\u00edcia Militar da Para\u00edba\",\"description\":\"\",\"publisher\":{\"@id\":\"https:\/\/www.pm.pb.gov.br\/portal\/#organization\"},\"potentialAction\":[{\"@type\":\"SearchAction\",\"target\":{\"@type\":\"EntryPoint\",\"urlTemplate\":\"https:\/\/www.pm.pb.gov.br\/portal\/?s={search_term_string}\"},\"query-input\":\"required name=search_term_string\"}],\"inLanguage\":\"pt-BR\"},{\"@type\":\"Organization\",\"@id\":\"https:\/\/www.pm.pb.gov.br\/portal\/#organization\",\"name\":\"Pol\u00edcia Militar da Para\u00edba\",\"url\":\"https:\/\/www.pm.pb.gov.br\/portal\/\",\"logo\":{\"@type\":\"ImageObject\",\"inLanguage\":\"pt-BR\",\"@id\":\"https:\/\/www.pm.pb.gov.br\/portal\/#\/schema\/logo\/image\/\",\"url\":\"https:\/\/www.pm.pb.gov.br\/portal\/wp-content\/uploads\/2025\/03\/cropped-logo-site-mag2-1.png\",\"contentUrl\":\"https:\/\/www.pm.pb.gov.br\/portal\/wp-content\/uploads\/2025\/03\/cropped-logo-site-mag2-1.png\",\"width\":320,\"height\":90,\"caption\":\"Pol\u00edcia Militar da Para\u00edba\"},\"image\":{\"@id\":\"https:\/\/www.pm.pb.gov.br\/portal\/#\/schema\/logo\/image\/\"}},{\"@type\":\"Person\",\"@id\":\"https:\/\/www.pm.pb.gov.br\/portal\/#\/schema\/person\/f84f56dcc78ce4357054da888b8247fd\",\"name\":\"Tarcisio Oliveira\",\"image\":{\"@type\":\"ImageObject\",\"inLanguage\":\"pt-BR\",\"@id\":\"https:\/\/www.pm.pb.gov.br\/portal\/#\/schema\/person\/image\/\",\"url\":\"https:\/\/secure.gravatar.com\/avatar\/72917b630b69d31cd0297507f34bac97?s=96&d=mm&r=g\",\"contentUrl\":\"https:\/\/secure.gravatar.com\/avatar\/72917b630b69d31cd0297507f34bac97?s=96&d=mm&r=g\",\"caption\":\"Tarcisio Oliveira\"},\"url\":\"https:\/\/www.pm.pb.gov.br\/portal\/author\/tarcisio\/\"}]}<\/script>\n<!-- \/ Yoast SEO plugin. -->","yoast_head_json":{"title":"For\u00e7a integrada combate organiza\u00e7\u00e3o criminosa em Cabedelo - Pol\u00edcia Militar da Para\u00edba","description":"Entre os objetivos estava cumprir nove mandados de pris\u00e3o preventiva e 10 mandados de busca e apreens\u00e3o em desfavor de indiv\u00edduos que integram organiza\u00e7\u00e3o criminosa.","robots":{"index":"index","follow":"follow","max-snippet":"max-snippet:-1","max-image-preview":"max-image-preview:large","max-video-preview":"max-video-preview:-1"},"canonical":"https:\/\/www.pm.pb.gov.br\/portal\/2023\/12\/01\/forca-integrada-combate-organizacao-criminosa-em-cabedelo\/","og_locale":"pt_BR","og_type":"article","og_title":"For\u00e7a integrada combate organiza\u00e7\u00e3o criminosa em Cabedelo - Pol\u00edcia Militar da Para\u00edba","og_description":"Entre os objetivos estava cumprir nove mandados de pris\u00e3o preventiva e 10 mandados de busca e apreens\u00e3o em desfavor de indiv\u00edduos que integram organiza\u00e7\u00e3o criminosa.","og_url":"https:\/\/www.pm.pb.gov.br\/portal\/2023\/12\/01\/forca-integrada-combate-organizacao-criminosa-em-cabedelo\/","og_site_name":"Pol\u00edcia Militar da Para\u00edba","article_published_time":"2023-12-01T18:07:19+00:00","article_modified_time":"2023-12-01T18:07:21+00:00","og_image":[{"width":800,"height":447,"url":"http:\/\/www.pm.pb.gov.br\/portal\/wp-content\/uploads\/2023\/12\/WhatsApp-Image-2023-12-01-at-06.13.09.jpeg","type":"image\/jpeg"}],"author":"Tarcisio Oliveira","twitter_card":"summary_large_image","twitter_misc":{"Escrito por":"Tarcisio Oliveira","Est. tempo de leitura":"2 minutos"},"schema":{"@context":"https:\/\/schema.org","@graph":[{"@type":"Article","@id":"https:\/\/www.pm.pb.gov.br\/portal\/2023\/12\/01\/forca-integrada-combate-organizacao-criminosa-em-cabedelo\/#article","isPartOf":{"@id":"https:\/\/www.pm.pb.gov.br\/portal\/2023\/12\/01\/forca-integrada-combate-organizacao-criminosa-em-cabedelo\/"},"author":{"name":"Tarcisio Oliveira","@id":"https:\/\/www.pm.pb.gov.br\/portal\/#\/schema\/person\/f84f56dcc78ce4357054da888b8247fd"},"headline":"For\u00e7a integrada combate organiza\u00e7\u00e3o criminosa em Cabedelo","datePublished":"2023-12-01T18:07:19+00:00","dateModified":"2023-12-01T18:07:21+00:00","mainEntityOfPage":{"@id":"https:\/\/www.pm.pb.gov.br\/portal\/2023\/12\/01\/forca-integrada-combate-organizacao-criminosa-em-cabedelo\/"},"wordCount":279,"publisher":{"@id":"https:\/\/www.pm.pb.gov.br\/portal\/#organization"},"articleSection":["A\u00e7\u00f5es Policiais"],"inLanguage":"pt-BR"},{"@type":"WebPage","@id":"https:\/\/www.pm.pb.gov.br\/portal\/2023\/12\/01\/forca-integrada-combate-organizacao-criminosa-em-cabedelo\/","url":"https:\/\/www.pm.pb.gov.br\/portal\/2023\/12\/01\/forca-integrada-combate-organizacao-criminosa-em-cabedelo\/","name":"For\u00e7a integrada combate organiza\u00e7\u00e3o criminosa em Cabedelo - Pol\u00edcia Militar da Para\u00edba","isPartOf":{"@id":"https:\/\/www.pm.pb.gov.br\/portal\/#website"},"datePublished":"2023-12-01T18:07:19+00:00","dateModified":"2023-12-01T18:07:21+00:00","description":"Entre os objetivos estava cumprir nove mandados de pris\u00e3o preventiva e 10 mandados de busca e apreens\u00e3o em desfavor de indiv\u00edduos que integram organiza\u00e7\u00e3o criminosa.","breadcrumb":{"@id":"https:\/\/www.pm.pb.gov.br\/portal\/2023\/12\/01\/forca-integrada-combate-organizacao-criminosa-em-cabedelo\/#breadcrumb"},"inLanguage":"pt-BR","potentialAction":[{"@type":"ReadAction","target":["https:\/\/www.pm.pb.gov.br\/portal\/2023\/12\/01\/forca-integrada-combate-organizacao-criminosa-em-cabedelo\/"]}]},{"@type":"BreadcrumbList","@id":"https:\/\/www.pm.pb.gov.br\/portal\/2023\/12\/01\/forca-integrada-combate-organizacao-criminosa-em-cabedelo\/#breadcrumb","itemListElement":[{"@type":"ListItem","position":1,"name":"In\u00edcio","item":"https:\/\/www.pm.pb.gov.br\/portal\/"},{"@type":"ListItem","position":2,"name":"For\u00e7a integrada combate organiza\u00e7\u00e3o criminosa em Cabedelo"}]},{"@type":"WebSite","@id":"https:\/\/www.pm.pb.gov.br\/portal\/#website","url":"https:\/\/www.pm.pb.gov.br\/portal\/","name":"Pol\u00edcia Militar da Para\u00edba","description":"","publisher":{"@id":"https:\/\/www.pm.pb.gov.br\/portal\/#organization"},"potentialAction":[{"@type":"SearchAction","target":{"@type":"EntryPoint","urlTemplate":"https:\/\/www.pm.pb.gov.br\/portal\/?s={search_term_string}"},"query-input":"required name=search_term_string"}],"inLanguage":"pt-BR"},{"@type":"Organization","@id":"https:\/\/www.pm.pb.gov.br\/portal\/#organization","name":"Pol\u00edcia Militar da Para\u00edba","url":"https:\/\/www.pm.pb.gov.br\/portal\/","logo":{"@type":"ImageObject","inLanguage":"pt-BR","@id":"https:\/\/www.pm.pb.gov.br\/portal\/#\/schema\/logo\/image\/","url":"https:\/\/www.pm.pb.gov.br\/portal\/wp-content\/uploads\/2025\/03\/cropped-logo-site-mag2-1.png","contentUrl":"https:\/\/www.pm.pb.gov.br\/portal\/wp-content\/uploads\/2025\/03\/cropped-logo-site-mag2-1.png","width":320,"height":90,"caption":"Pol\u00edcia Militar da Para\u00edba"},"image":{"@id":"https:\/\/www.pm.pb.gov.br\/portal\/#\/schema\/logo\/image\/"}},{"@type":"Person","@id":"https:\/\/www.pm.pb.gov.br\/portal\/#\/schema\/person\/f84f56dcc78ce4357054da888b8247fd","name":"Tarcisio Oliveira","image":{"@type":"ImageObject","inLanguage":"pt-BR","@id":"https:\/\/www.pm.pb.gov.br\/portal\/#\/schema\/person\/image\/","url":"https:\/\/secure.gravatar.com\/avatar\/72917b630b69d31cd0297507f34bac97?s=96&d=mm&r=g","contentUrl":"https:\/\/secure.gravatar.com\/avatar\/72917b630b69d31cd0297507f34bac97?s=96&d=mm&r=g","caption":"Tarcisio Oliveira"},"url":"https:\/\/www.pm.pb.gov.br\/portal\/author\/tarcisio\/"}]}},"_links":{"self":[{"href":"https:\/\/www.pm.pb.gov.br\/portal\/wp-json\/wp\/v2\/posts\/919402"}],"collection":[{"href":"https:\/\/www.pm.pb.gov.br\/portal\/wp-json\/wp\/v2\/posts"}],"about":[{"href":"https:\/\/www.pm.pb.gov.br\/portal\/wp-json\/wp\/v2\/types\/post"}],"author":[{"embeddable":true,"href":"https:\/\/www.pm.pb.gov.br\/portal\/wp-json\/wp\/v2\/users\/12"}],"replies":[{"embeddable":true,"href":"https:\/\/www.pm.pb.gov.br\/portal\/wp-json\/wp\/v2\/comments?post=919402"}],"version-history":[{"count":1,"href":"https:\/\/www.pm.pb.gov.br\/portal\/wp-json\/wp\/v2\/posts\/919402\/revisions"}],"predecessor-version":[{"id":919404,"href":"https:\/\/www.pm.pb.gov.br\/portal\/wp-json\/wp\/v2\/posts\/919402\/revisions\/919404"}],"wp:featuredmedia":[{"embeddable":true,"href":"https:\/\/www.pm.pb.gov.br\/portal\/wp-json\/wp\/v2\/media\/919403"}],"wp:attachment":[{"href":"https:\/\/www.pm.pb.gov.br\/portal\/wp-json\/wp\/v2\/media?parent=919402"}],"wp:term":[{"taxonomy":"category","embeddable":true,"href":"https:\/\/www.pm.pb.gov.br\/portal\/wp-json\/wp\/v2\/categories?post=919402"},{"taxonomy":"post_tag","embeddable":true,"href":"https:\/\/www.pm.pb.gov.br\/portal\/wp-json\/wp\/v2\/tags?post=919402"}],"curies":[{"name":"wp","href":"https:\/\/api.w.org\/{rel}","templated":true}]}}