{"id":9194,"date":"2014-03-18T12:03:24","date_gmt":"2014-03-18T15:03:24","guid":{"rendered":"http:\/\/www.pm.pb.gov.br\/portal\/2014\/03\/batalhao_ambiental_ja_capturou_645_animais_silvestres_este_ano\/"},"modified":"2014-03-18T12:03:24","modified_gmt":"2014-03-18T15:03:24","slug":"batalhao_ambiental_ja_capturou_645_animais_silvestres_este_ano","status":"publish","type":"post","link":"https:\/\/www.pm.pb.gov.br\/portal\/2014\/03\/18\/batalhao_ambiental_ja_capturou_645_animais_silvestres_este_ano\/","title":{"rendered":"Batalh\u00e3o Ambiental j\u00e1 capturou 645 animais silvestres este ano"},"content":{"rendered":"<figure style=\"width: 500px\" class=\"wp-caption alignnone\"><img decoding=\"async\" class=\"alignnone size-medium\" src=\"http:\/\/www.pm.pb.gov.br\/portal\/wp-content\/uploads\/2014\/03\/9194_12536.jpg\" title=\"Aves silvestres est\u00e3o entre os animais mais apreendidos durante as a\u00e7\u00f5es\" width=\"100%\" \/><figcaption class=\"wp-caption-text\">Aves silvestres est\u00e3o entre os animais mais apreendidos durante as a\u00e7\u00f5es<\/figcaption><\/figure>\n<div style=\"text-align: justify;\">O Batalh\u00e3o de Pol\u00edcia Militar Ambiental (BPAmb) j\u00e1 apreendeu, nos dois primeiros meses deste ano, 645 animais que estavam sendo mantidos irregularmente em cativeiro em resid\u00eancias ou em criadouros para com\u00e9rcio ilegal. As a\u00e7\u00f5es aconteceram em diversos bairros da Regi\u00e3o Metropolitana de Jo\u00e3o Pessoa, dentro da Opera\u00e7\u00e3o Resgate.  Entre os bichos que mais aparecem entre aqueles resgatados est\u00e3o esp\u00e9cies de aves de forma geral, r\u00e9pteis e anf\u00edbios.<\/p>\n<p>Conforme o comandante do Batalh\u00e3o Ambiental, tenente coronel Paulo S\u00e9rgio, os flagrantes s\u00e3o feitos muitas vezes nas feiras livres, local onde acontece a venda ilegal, e em resid\u00eancias pr\u00f3ximas a reservas, onde h\u00e1 a cria\u00e7\u00e3o dom\u00e9stica irregular. \u0093A multa para quem pratica esses crimes variar de R$ 500, por animal, at\u00e9 R$ 5 mil se ele estiver amea\u00e7ado de extin\u00e7\u00e3o\u0094, alertou o oficial, ao lembrar que maus tratos a qualquer tipo de bicho, mesmo aqueles que podem ser criados em domic\u00edlio, tamb\u00e9m geram penalidades.<\/p>\n<p>Dentro do montante de apreens\u00f5es, segundo e Paulo S\u00e9rgio, tamb\u00e9m aparecem os animais resgatados ap\u00f3s fugirem de matas e invadirem ruas ou resid\u00eancias. Nesses casos, ele orienta que a popula\u00e7\u00e3o ligue para o 190 e espere uma equipe especializada para realizar a captura do bicho.<\/p>\n<p>Nunca tentar conter o animal, que pode reagir e provocar um ferimento ou ainda transmitir doen\u00e7as.  Segundo Paulo S\u00e9rgio, ap\u00f3s a apreens\u00e3o, os animais s\u00e3o levados para o Centro de Triagem de Animais Silvestres, em Cabedelo (Regi\u00e3o Metropolitana), no qual passam por um tratamento para serem reintegrados \u00e0 natureza. Somente de 2013 at\u00e9 fevereiro deste ano, os n\u00fameros do BPAmb apontam um total de 2.907 animais apreendidos . \u0093Os flagrantes vem diminuindo porque as pessoas t\u00eam se conscientizado que \u00e9 crime e que a pol\u00edcia est\u00e1 fiscalizando\u0094, completou Paulo S\u00e9rgio.<\/p>\n<p>Polui\u00e7\u00e3o Sonora<\/p>\n<p> A Pol\u00edcia Ambiental tamb\u00e9m tem combatido os crimes de polui\u00e7\u00e3o sonora e realizado autua\u00e7\u00f5es. S\u00f3 este ano, 15 pessoas foram notificadas e respondem processo junto a Superintend\u00eancia Estadual de Administra\u00e7\u00e3o do Meio Ambiente (Sudema) por terem desrespeitado os limites de som. Conforme o tenente coronel Paulo S\u00e9rgio, apesar do n\u00famero de notifica\u00e7\u00f5es n\u00e3o ser expressivo, a quantidade de chamados \u00e9 bem alta.<\/p>\n<p>\u0093S\u00e3o mais de 200 telefonemas recebidos pelo 190 todos os fins de semana com den\u00fancias desse tipo de crime\u0094, disse ele, ao explicar que na primeira abordagem a pol\u00edcia orienta e pede que o cidad\u00e3o baixe o volume do aparelho e apenas os casos reincidentes s\u00e3o notificados. \u0093Primamos primeiramente pelo di\u00e1logo, pela conscientiza\u00e7\u00e3o da pessoa. Se ela insistir em infringir a lei, aplicamos a puni\u00e7\u00e3o\u0094, contou.<\/p>\n<p>A multa varia de R$ 5 a 50 mil, al\u00e9m da apreens\u00e3o do som e a instaura\u00e7\u00e3o do devido processo administrativo. A recupera\u00e7\u00e3o do equipamento s\u00f3 \u00e9 obtida ap\u00f3s o pagamento da notifica\u00e7\u00e3o e \u00e9 feita com a Sudema. \u0093O atendimento dessas ocorr\u00eancias s\u00e3o constantes e, por isso, vamos reiniciar a Opera\u00e7\u00e3o Sossego, com apoio de outros \u00f3rg\u00e3os como Pol\u00edcia Civil e a Sudema, a fim de intensificar as rondas e prevenir os abusos\u0094, adiantou Paulo S\u00e9rgio. Segundo ele, o n\u00famero para den\u00fancias \u00e9 o 190.<\/p>\n<p>Ele orienta ainda que o cidad\u00e3o que se sentir lesado tente inicialmente o di\u00e1logo com o infrator e, caso n\u00e3o seja atendido, acione a PM. \u0093No entanto, alertamos para a conversa sadia, evitando qualquer tipo de conflito e viol\u00eancia\u0094, enfatizou.  De acordo com a legisla\u00e7\u00e3o, o limite permitido para volume de som varia de 45 a 65 decib\u00e9is, dependendo da localiza\u00e7\u00e3o dentro do munic\u00edpio.<\/p>\n<p>Balan\u00e7o<\/p>\n<p>De Janeiro de 2013 at\u00e9 fevereiro deste ano o Batalh\u00e3o Ambiental j\u00e1 registrou 291 autua\u00e7\u00f5es por polui\u00e7\u00e3o sonora. Os casos acontecem sobretudo nos fins de semana, em cidades e bairros litor\u00e2neos (como Jacum\u00e3, Lucena e Conde), e em estabelecimentos comerciais urbanos.<\/p>\n<div class=\"row\" align=\"center\"><a href=\"http:\/\/www.pm.pb.gov.br\/portal\/wp-content\/uploads\/2014\/03\/9194_12537.jpg\"><figure style=\"width: 500px\" class=\"wp-caption alignnone\"><img decoding=\"async\" class=\"image-responsive\" src=\"http:\/\/www.pm.pb.gov.br\/portal\/wp-content\/uploads\/2014\/03\/9194_12537.jpg\" title=\"Policiais tamb\u00e9m resgatam bichos que saem das matas e invadem a zona urbana\" width=\"100%\" \/><figcaption class=\"wp-caption-text\">Policiais tamb\u00e9m resgatam bichos que saem das matas e invadem a zona urbana<\/figcaption><\/figure><\/a><\/div>\n<\/div>\n","protected":false},"excerpt":{"rendered":"<p>O Batalh\u00e3o de Pol\u00edcia Militar Ambiental (BPAmb) j\u00e1 apreendeu, nos dois primeiros meses deste ano, 645 animais que estavam sendo<\/p>\n","protected":false},"author":5,"featured_media":12536,"comment_status":"closed","ping_status":"closed","sticky":false,"template":"","format":"standard","meta":{"_exactmetrics_skip_tracking":false,"_exactmetrics_sitenote_active":false,"_exactmetrics_sitenote_note":"","_exactmetrics_sitenote_category":0,"footnotes":""},"categories":[4],"tags":[],"yoast_head":"<!-- This site is optimized with the Yoast SEO plugin v22.0 - https:\/\/yoast.com\/wordpress\/plugins\/seo\/ -->\n<title>Batalh\u00e3o Ambiental j\u00e1 capturou 645 animais silvestres este ano - Pol\u00edcia Militar da Para\u00edba<\/title>\n<meta name=\"robots\" content=\"index, follow, max-snippet:-1, max-image-preview:large, max-video-preview:-1\" \/>\n<link rel=\"canonical\" href=\"https:\/\/www.pm.pb.gov.br\/portal\/2014\/03\/18\/batalhao_ambiental_ja_capturou_645_animais_silvestres_este_ano\/\" \/>\n<meta property=\"og:locale\" content=\"pt_BR\" \/>\n<meta property=\"og:type\" content=\"article\" \/>\n<meta property=\"og:title\" content=\"Batalh\u00e3o Ambiental j\u00e1 capturou 645 animais silvestres este ano - Pol\u00edcia Militar da Para\u00edba\" \/>\n<meta property=\"og:description\" content=\"O Batalh\u00e3o de Pol\u00edcia Militar Ambiental (BPAmb) j\u00e1 apreendeu, nos dois primeiros meses deste ano, 645 animais que estavam sendo\" \/>\n<meta property=\"og:url\" content=\"https:\/\/www.pm.pb.gov.br\/portal\/2014\/03\/18\/batalhao_ambiental_ja_capturou_645_animais_silvestres_este_ano\/\" \/>\n<meta property=\"og:site_name\" content=\"Pol\u00edcia Militar da Para\u00edba\" \/>\n<meta property=\"article:published_time\" content=\"2014-03-18T15:03:24+00:00\" \/>\n<meta property=\"og:image\" content=\"https:\/\/www.pm.pb.gov.br\/portal\/wp-content\/uploads\/2014\/03\/9194_12536.jpg\" \/>\n\t<meta property=\"og:image:width\" content=\"500\" \/>\n\t<meta property=\"og:image:height\" content=\"375\" \/>\n\t<meta property=\"og:image:type\" content=\"image\/jpeg\" \/>\n<meta name=\"author\" content=\"Assessoria de Imprensa da PMPB\" \/>\n<meta name=\"twitter:card\" content=\"summary_large_image\" \/>\n<meta name=\"twitter:label1\" content=\"Escrito por\" \/>\n\t<meta name=\"twitter:data1\" content=\"Assessoria de Imprensa da PMPB\" \/>\n\t<meta name=\"twitter:label2\" content=\"Est. tempo de leitura\" \/>\n\t<meta name=\"twitter:data2\" content=\"4 minutos\" \/>\n<script type=\"application\/ld+json\" class=\"yoast-schema-graph\">{\"@context\":\"https:\/\/schema.org\",\"@graph\":[{\"@type\":\"Article\",\"@id\":\"https:\/\/www.pm.pb.gov.br\/portal\/2014\/03\/18\/batalhao_ambiental_ja_capturou_645_animais_silvestres_este_ano\/#article\",\"isPartOf\":{\"@id\":\"https:\/\/www.pm.pb.gov.br\/portal\/2014\/03\/18\/batalhao_ambiental_ja_capturou_645_animais_silvestres_este_ano\/\"},\"author\":{\"name\":\"Assessoria de Imprensa da PMPB\",\"@id\":\"https:\/\/www.pm.pb.gov.br\/portal\/#\/schema\/person\/e8454f46651c3ecf0e1ba3c1666d9947\"},\"headline\":\"Batalh\u00e3o Ambiental j\u00e1 capturou 645 animais silvestres este ano\",\"datePublished\":\"2014-03-18T15:03:24+00:00\",\"dateModified\":\"2014-03-18T15:03:24+00:00\",\"mainEntityOfPage\":{\"@id\":\"https:\/\/www.pm.pb.gov.br\/portal\/2014\/03\/18\/batalhao_ambiental_ja_capturou_645_animais_silvestres_este_ano\/\"},\"wordCount\":718,\"publisher\":{\"@id\":\"https:\/\/www.pm.pb.gov.br\/portal\/#organization\"},\"articleSection\":[\"A\u00e7\u00f5es Policiais\"],\"inLanguage\":\"pt-BR\"},{\"@type\":\"WebPage\",\"@id\":\"https:\/\/www.pm.pb.gov.br\/portal\/2014\/03\/18\/batalhao_ambiental_ja_capturou_645_animais_silvestres_este_ano\/\",\"url\":\"https:\/\/www.pm.pb.gov.br\/portal\/2014\/03\/18\/batalhao_ambiental_ja_capturou_645_animais_silvestres_este_ano\/\",\"name\":\"Batalh\u00e3o Ambiental j\u00e1 capturou 645 animais silvestres este ano - Pol\u00edcia Militar da Para\u00edba\",\"isPartOf\":{\"@id\":\"https:\/\/www.pm.pb.gov.br\/portal\/#website\"},\"datePublished\":\"2014-03-18T15:03:24+00:00\",\"dateModified\":\"2014-03-18T15:03:24+00:00\",\"breadcrumb\":{\"@id\":\"https:\/\/www.pm.pb.gov.br\/portal\/2014\/03\/18\/batalhao_ambiental_ja_capturou_645_animais_silvestres_este_ano\/#breadcrumb\"},\"inLanguage\":\"pt-BR\",\"potentialAction\":[{\"@type\":\"ReadAction\",\"target\":[\"https:\/\/www.pm.pb.gov.br\/portal\/2014\/03\/18\/batalhao_ambiental_ja_capturou_645_animais_silvestres_este_ano\/\"]}]},{\"@type\":\"BreadcrumbList\",\"@id\":\"https:\/\/www.pm.pb.gov.br\/portal\/2014\/03\/18\/batalhao_ambiental_ja_capturou_645_animais_silvestres_este_ano\/#breadcrumb\",\"itemListElement\":[{\"@type\":\"ListItem\",\"position\":1,\"name\":\"In\u00edcio\",\"item\":\"https:\/\/www.pm.pb.gov.br\/portal\/\"},{\"@type\":\"ListItem\",\"position\":2,\"name\":\"Batalh\u00e3o Ambiental j\u00e1 capturou 645 animais silvestres este ano\"}]},{\"@type\":\"WebSite\",\"@id\":\"https:\/\/www.pm.pb.gov.br\/portal\/#website\",\"url\":\"https:\/\/www.pm.pb.gov.br\/portal\/\",\"name\":\"Pol\u00edcia Militar da Para\u00edba\",\"description\":\"\",\"publisher\":{\"@id\":\"https:\/\/www.pm.pb.gov.br\/portal\/#organization\"},\"potentialAction\":[{\"@type\":\"SearchAction\",\"target\":{\"@type\":\"EntryPoint\",\"urlTemplate\":\"https:\/\/www.pm.pb.gov.br\/portal\/?s={search_term_string}\"},\"query-input\":\"required name=search_term_string\"}],\"inLanguage\":\"pt-BR\"},{\"@type\":\"Organization\",\"@id\":\"https:\/\/www.pm.pb.gov.br\/portal\/#organization\",\"name\":\"Pol\u00edcia Militar da Para\u00edba\",\"url\":\"https:\/\/www.pm.pb.gov.br\/portal\/\",\"logo\":{\"@type\":\"ImageObject\",\"inLanguage\":\"pt-BR\",\"@id\":\"https:\/\/www.pm.pb.gov.br\/portal\/#\/schema\/logo\/image\/\",\"url\":\"https:\/\/www.pm.pb.gov.br\/portal\/wp-content\/uploads\/2025\/03\/cropped-logo-site-mag2-1.png\",\"contentUrl\":\"https:\/\/www.pm.pb.gov.br\/portal\/wp-content\/uploads\/2025\/03\/cropped-logo-site-mag2-1.png\",\"width\":320,\"height\":90,\"caption\":\"Pol\u00edcia Militar da Para\u00edba\"},\"image\":{\"@id\":\"https:\/\/www.pm.pb.gov.br\/portal\/#\/schema\/logo\/image\/\"}},{\"@type\":\"Person\",\"@id\":\"https:\/\/www.pm.pb.gov.br\/portal\/#\/schema\/person\/e8454f46651c3ecf0e1ba3c1666d9947\",\"name\":\"Assessoria de Imprensa da PMPB\",\"image\":{\"@type\":\"ImageObject\",\"inLanguage\":\"pt-BR\",\"@id\":\"https:\/\/www.pm.pb.gov.br\/portal\/#\/schema\/person\/image\/\",\"url\":\"https:\/\/secure.gravatar.com\/avatar\/2efe197438265d1e90bd98c4c8e1acf8?s=96&d=mm&r=g\",\"contentUrl\":\"https:\/\/secure.gravatar.com\/avatar\/2efe197438265d1e90bd98c4c8e1acf8?s=96&d=mm&r=g\",\"caption\":\"Assessoria de Imprensa da PMPB\"},\"url\":\"https:\/\/www.pm.pb.gov.br\/portal\/author\/assessoria\/\"}]}<\/script>\n<!-- \/ Yoast SEO plugin. -->","yoast_head_json":{"title":"Batalh\u00e3o Ambiental j\u00e1 capturou 645 animais silvestres este ano - Pol\u00edcia Militar da Para\u00edba","robots":{"index":"index","follow":"follow","max-snippet":"max-snippet:-1","max-image-preview":"max-image-preview:large","max-video-preview":"max-video-preview:-1"},"canonical":"https:\/\/www.pm.pb.gov.br\/portal\/2014\/03\/18\/batalhao_ambiental_ja_capturou_645_animais_silvestres_este_ano\/","og_locale":"pt_BR","og_type":"article","og_title":"Batalh\u00e3o Ambiental j\u00e1 capturou 645 animais silvestres este ano - Pol\u00edcia Militar da Para\u00edba","og_description":"O Batalh\u00e3o de Pol\u00edcia Militar Ambiental (BPAmb) j\u00e1 apreendeu, nos dois primeiros meses deste ano, 645 animais que estavam sendo","og_url":"https:\/\/www.pm.pb.gov.br\/portal\/2014\/03\/18\/batalhao_ambiental_ja_capturou_645_animais_silvestres_este_ano\/","og_site_name":"Pol\u00edcia Militar da Para\u00edba","article_published_time":"2014-03-18T15:03:24+00:00","og_image":[{"width":500,"height":375,"url":"https:\/\/www.pm.pb.gov.br\/portal\/wp-content\/uploads\/2014\/03\/9194_12536.jpg","type":"image\/jpeg"}],"author":"Assessoria de Imprensa da PMPB","twitter_card":"summary_large_image","twitter_misc":{"Escrito por":"Assessoria de Imprensa da PMPB","Est. tempo de leitura":"4 minutos"},"schema":{"@context":"https:\/\/schema.org","@graph":[{"@type":"Article","@id":"https:\/\/www.pm.pb.gov.br\/portal\/2014\/03\/18\/batalhao_ambiental_ja_capturou_645_animais_silvestres_este_ano\/#article","isPartOf":{"@id":"https:\/\/www.pm.pb.gov.br\/portal\/2014\/03\/18\/batalhao_ambiental_ja_capturou_645_animais_silvestres_este_ano\/"},"author":{"name":"Assessoria de Imprensa da PMPB","@id":"https:\/\/www.pm.pb.gov.br\/portal\/#\/schema\/person\/e8454f46651c3ecf0e1ba3c1666d9947"},"headline":"Batalh\u00e3o Ambiental j\u00e1 capturou 645 animais silvestres este ano","datePublished":"2014-03-18T15:03:24+00:00","dateModified":"2014-03-18T15:03:24+00:00","mainEntityOfPage":{"@id":"https:\/\/www.pm.pb.gov.br\/portal\/2014\/03\/18\/batalhao_ambiental_ja_capturou_645_animais_silvestres_este_ano\/"},"wordCount":718,"publisher":{"@id":"https:\/\/www.pm.pb.gov.br\/portal\/#organization"},"articleSection":["A\u00e7\u00f5es Policiais"],"inLanguage":"pt-BR"},{"@type":"WebPage","@id":"https:\/\/www.pm.pb.gov.br\/portal\/2014\/03\/18\/batalhao_ambiental_ja_capturou_645_animais_silvestres_este_ano\/","url":"https:\/\/www.pm.pb.gov.br\/portal\/2014\/03\/18\/batalhao_ambiental_ja_capturou_645_animais_silvestres_este_ano\/","name":"Batalh\u00e3o Ambiental j\u00e1 capturou 645 animais silvestres este ano - Pol\u00edcia Militar da Para\u00edba","isPartOf":{"@id":"https:\/\/www.pm.pb.gov.br\/portal\/#website"},"datePublished":"2014-03-18T15:03:24+00:00","dateModified":"2014-03-18T15:03:24+00:00","breadcrumb":{"@id":"https:\/\/www.pm.pb.gov.br\/portal\/2014\/03\/18\/batalhao_ambiental_ja_capturou_645_animais_silvestres_este_ano\/#breadcrumb"},"inLanguage":"pt-BR","potentialAction":[{"@type":"ReadAction","target":["https:\/\/www.pm.pb.gov.br\/portal\/2014\/03\/18\/batalhao_ambiental_ja_capturou_645_animais_silvestres_este_ano\/"]}]},{"@type":"BreadcrumbList","@id":"https:\/\/www.pm.pb.gov.br\/portal\/2014\/03\/18\/batalhao_ambiental_ja_capturou_645_animais_silvestres_este_ano\/#breadcrumb","itemListElement":[{"@type":"ListItem","position":1,"name":"In\u00edcio","item":"https:\/\/www.pm.pb.gov.br\/portal\/"},{"@type":"ListItem","position":2,"name":"Batalh\u00e3o Ambiental j\u00e1 capturou 645 animais silvestres este ano"}]},{"@type":"WebSite","@id":"https:\/\/www.pm.pb.gov.br\/portal\/#website","url":"https:\/\/www.pm.pb.gov.br\/portal\/","name":"Pol\u00edcia Militar da Para\u00edba","description":"","publisher":{"@id":"https:\/\/www.pm.pb.gov.br\/portal\/#organization"},"potentialAction":[{"@type":"SearchAction","target":{"@type":"EntryPoint","urlTemplate":"https:\/\/www.pm.pb.gov.br\/portal\/?s={search_term_string}"},"query-input":"required name=search_term_string"}],"inLanguage":"pt-BR"},{"@type":"Organization","@id":"https:\/\/www.pm.pb.gov.br\/portal\/#organization","name":"Pol\u00edcia Militar da Para\u00edba","url":"https:\/\/www.pm.pb.gov.br\/portal\/","logo":{"@type":"ImageObject","inLanguage":"pt-BR","@id":"https:\/\/www.pm.pb.gov.br\/portal\/#\/schema\/logo\/image\/","url":"https:\/\/www.pm.pb.gov.br\/portal\/wp-content\/uploads\/2025\/03\/cropped-logo-site-mag2-1.png","contentUrl":"https:\/\/www.pm.pb.gov.br\/portal\/wp-content\/uploads\/2025\/03\/cropped-logo-site-mag2-1.png","width":320,"height":90,"caption":"Pol\u00edcia Militar da Para\u00edba"},"image":{"@id":"https:\/\/www.pm.pb.gov.br\/portal\/#\/schema\/logo\/image\/"}},{"@type":"Person","@id":"https:\/\/www.pm.pb.gov.br\/portal\/#\/schema\/person\/e8454f46651c3ecf0e1ba3c1666d9947","name":"Assessoria de Imprensa da PMPB","image":{"@type":"ImageObject","inLanguage":"pt-BR","@id":"https:\/\/www.pm.pb.gov.br\/portal\/#\/schema\/person\/image\/","url":"https:\/\/secure.gravatar.com\/avatar\/2efe197438265d1e90bd98c4c8e1acf8?s=96&d=mm&r=g","contentUrl":"https:\/\/secure.gravatar.com\/avatar\/2efe197438265d1e90bd98c4c8e1acf8?s=96&d=mm&r=g","caption":"Assessoria de Imprensa da PMPB"},"url":"https:\/\/www.pm.pb.gov.br\/portal\/author\/assessoria\/"}]}},"_links":{"self":[{"href":"https:\/\/www.pm.pb.gov.br\/portal\/wp-json\/wp\/v2\/posts\/9194"}],"collection":[{"href":"https:\/\/www.pm.pb.gov.br\/portal\/wp-json\/wp\/v2\/posts"}],"about":[{"href":"https:\/\/www.pm.pb.gov.br\/portal\/wp-json\/wp\/v2\/types\/post"}],"author":[{"embeddable":true,"href":"https:\/\/www.pm.pb.gov.br\/portal\/wp-json\/wp\/v2\/users\/5"}],"replies":[{"embeddable":true,"href":"https:\/\/www.pm.pb.gov.br\/portal\/wp-json\/wp\/v2\/comments?post=9194"}],"version-history":[{"count":0,"href":"https:\/\/www.pm.pb.gov.br\/portal\/wp-json\/wp\/v2\/posts\/9194\/revisions"}],"wp:featuredmedia":[{"embeddable":true,"href":"https:\/\/www.pm.pb.gov.br\/portal\/wp-json\/wp\/v2\/media\/12536"}],"wp:attachment":[{"href":"https:\/\/www.pm.pb.gov.br\/portal\/wp-json\/wp\/v2\/media?parent=9194"}],"wp:term":[{"taxonomy":"category","embeddable":true,"href":"https:\/\/www.pm.pb.gov.br\/portal\/wp-json\/wp\/v2\/categories?post=9194"},{"taxonomy":"post_tag","embeddable":true,"href":"https:\/\/www.pm.pb.gov.br\/portal\/wp-json\/wp\/v2\/tags?post=9194"}],"curies":[{"name":"wp","href":"https:\/\/api.w.org\/{rel}","templated":true}]}}