{"id":919394,"date":"2023-11-30T22:35:35","date_gmt":"2023-12-01T01:35:35","guid":{"rendered":"https:\/\/www.pm.pb.gov.br\/portal\/?p=919394"},"modified":"2023-11-30T22:36:37","modified_gmt":"2023-12-01T01:36:37","slug":"policia-militar-forma-novos-aspirantes-para-reforcar-a-seguranca-publica-na-paraiba","status":"publish","type":"post","link":"https:\/\/www.pm.pb.gov.br\/portal\/2023\/11\/30\/policia-militar-forma-novos-aspirantes-para-reforcar-a-seguranca-publica-na-paraiba\/","title":{"rendered":"Pol\u00edcia Militar forma novos aspirantes para refor\u00e7ar a seguran\u00e7a p\u00fablica na Para\u00edba"},"content":{"rendered":"\n\n\n<p>A Pol\u00edcia Militar da Para\u00edba formou a nova turma de aspirantes a oficial de 2023. A solenidade militar, rito tradicional que antecede a entrada no oficialato da institui\u00e7\u00e3o, aconteceu na tarde desta quinta-feira (30) no Centro de Educa\u00e7\u00e3o, em Jo\u00e3o Pessoa. \u00a0<\/p>\n<p>O ato foi acompanhado pelo alto comando da institui\u00e7\u00e3o, pra\u00e7as, oficiais, familiares dos formados, autoridades civis e representantes das For\u00e7as de Seguran\u00e7a. Entre os presentes estavam o vice-governador da Para\u00edba, Lucas Ribeiro, o secret\u00e1rio de Seguran\u00e7a e Defesa Social, Jean Nunes, o comandante do 1\u00ba Grupamento de Engenharia do Ex\u00e9rcito Brasileiro, general de Brigada Alessandro da Silva, e o comandante-geral da PMPB, coronel S\u00e9rgio Fonseca.<\/p>\n<figure id=\"attachment_919396\" aria-describedby=\"caption-attachment-919396\" style=\"width: 748px\" class=\"wp-caption aligncenter\"><img loading=\"lazy\" decoding=\"async\" class=\"wp-image-919396\" src=\"http:\/\/www.pm.pb.gov.br\/portal\/wp-content\/uploads\/2023\/11\/cfo1.jpg\" alt=\"\" width=\"748\" height=\"416\" srcset=\"https:\/\/www.pm.pb.gov.br\/portal\/wp-content\/uploads\/2023\/11\/cfo1.jpg 800w, https:\/\/www.pm.pb.gov.br\/portal\/wp-content\/uploads\/2023\/11\/cfo1-245x136.jpg 245w, https:\/\/www.pm.pb.gov.br\/portal\/wp-content\/uploads\/2023\/11\/cfo1-768x427.jpg 768w\" sizes=\"(max-width: 748px) 100vw, 748px\" \/><figcaption id=\"caption-attachment-919396\" class=\"wp-caption-text\">Espada, arma-s\u00edmbolo do oficial, e distintivo de curso do CFO foram entregues aos formandos junto com a estrela de aspirante<\/figcaption><\/figure>\n<p>O primeiro colocado do curso, o aspirante Barbosa foi homenageado com a Medalha do M\u00e9rito Acad\u00eamico \u201cCoronel Ademar Naziazene\u201d, destinada aos primeiros lugares dos cursos da institui\u00e7\u00e3o (no centro, na foto abaixo). A turma de formandos, intitulada \u201cSubtenente Rom\u00e9rio de Almeida Borges\u201d tem 36 formandos, que passaram por 101 disciplinas em 3.710 horas-aulas durante o curso de forma\u00e7\u00e3o. Agora, os aspirantes dever\u00e3o fortalecer as a\u00e7\u00f5es de seguran\u00e7a p\u00fablica, no patrulhamento preventivo, e no comando de tropas de unidades operacionais. Entre os formandos est\u00e3o dois policiais militares de Alagoas e Amazonas.<\/p>\n<figure id=\"attachment_919398\" aria-describedby=\"caption-attachment-919398\" style=\"width: 621px\" class=\"wp-caption aligncenter\"><img loading=\"lazy\" decoding=\"async\" class=\"wp-image-919398\" src=\"http:\/\/www.pm.pb.gov.br\/portal\/wp-content\/uploads\/2023\/11\/cfo2-3-667x445.jpg\" alt=\"\" width=\"621\" height=\"414\" srcset=\"https:\/\/www.pm.pb.gov.br\/portal\/wp-content\/uploads\/2023\/11\/cfo2-3-667x445.jpg 667w, https:\/\/www.pm.pb.gov.br\/portal\/wp-content\/uploads\/2023\/11\/cfo2-3-855x570.jpg 855w, https:\/\/www.pm.pb.gov.br\/portal\/wp-content\/uploads\/2023\/11\/cfo2-3-768x512.jpg 768w, https:\/\/www.pm.pb.gov.br\/portal\/wp-content\/uploads\/2023\/11\/cfo2-3-272x182.jpg 272w, https:\/\/www.pm.pb.gov.br\/portal\/wp-content\/uploads\/2023\/11\/cfo2-3.jpg 1024w\" sizes=\"(max-width: 621px) 100vw, 621px\" \/><figcaption id=\"caption-attachment-919398\" class=\"wp-caption-text\">Autoridades realizaram a entrega da Medalha ao aspirante Barbosa.<\/figcaption><\/figure>\n<p>As autoridades parabenizaram os formandos e destacaram o compromisso dos futuros oficiais e das institui\u00e7\u00f5es de seguran\u00e7a com a Para\u00edba e o povo paraibano. \u201cEssa \u00e9 a consci\u00eancia que devemos ter: n\u00f3s servimos ao povo, todos que est\u00e3o aqui servem ao povo. Esse \u00e9 o servi\u00e7o que temos que nos dedicar todos os dias e que come\u00e7a, com voc\u00eas formandos, a partir de hoje\u201d, disse o vice-governador Lucas Ribeiro.<\/p>\n<p><img loading=\"lazy\" decoding=\"async\" class=\" wp-image-919397 aligncenter\" src=\"http:\/\/www.pm.pb.gov.br\/portal\/wp-content\/uploads\/2023\/11\/cfo1-1-667x445.jpg\" alt=\"\" width=\"630\" height=\"420\" srcset=\"https:\/\/www.pm.pb.gov.br\/portal\/wp-content\/uploads\/2023\/11\/cfo1-1-667x445.jpg 667w, https:\/\/www.pm.pb.gov.br\/portal\/wp-content\/uploads\/2023\/11\/cfo1-1-855x570.jpg 855w, https:\/\/www.pm.pb.gov.br\/portal\/wp-content\/uploads\/2023\/11\/cfo1-1-768x512.jpg 768w, https:\/\/www.pm.pb.gov.br\/portal\/wp-content\/uploads\/2023\/11\/cfo1-1-272x182.jpg 272w, https:\/\/www.pm.pb.gov.br\/portal\/wp-content\/uploads\/2023\/11\/cfo1-1.jpg 1024w\" sizes=\"(max-width: 630px) 100vw, 630px\" \/><\/p>\n<p>\u201cOs aspirantes chegam com uma responsabilidade muito grande: devem manter o ritmo das a\u00e7\u00f5es, melhorar o que precisa ser melhorado, isso em um estado que tem batido recordes de apreens\u00e3o de armas de fogo e drogas. De 2019 at\u00e9 agora, temos mais de 18 mil armas apreendidas\u201d, destacou o secret\u00e1rio de Seguran\u00e7a.<\/p>\n<p>O comandante-geral da PM parabenizou a turma pelo novo patamar alcan\u00e7ado e pelo trabalho que ser\u00e1 desenvolvido com a tropa em todo o estado. \u201cA sociedade confia em voc\u00eas como guardi\u00f5es da paz, defensores da Justi\u00e7a e her\u00f3is silenciosos. Parab\u00e9ns por este marco significado, e que cada a\u00e7\u00e3o de voc\u00eas seja guiada pela coragem e pelo compromisso de criar um amanh\u00e3 mais seguro e promissor para todos n\u00f3s. Que Deus aben\u00e7oe a vida dos senhores e das senhoras\u201d, declarou o coronel S\u00e9rgio (em destaque na foto abaixo).<\/p>\n<p><img loading=\"lazy\" decoding=\"async\" class=\" wp-image-919399 aligncenter\" src=\"http:\/\/www.pm.pb.gov.br\/portal\/wp-content\/uploads\/2023\/11\/cfo3-2-667x445.jpg\" alt=\"\" width=\"595\" height=\"397\" srcset=\"https:\/\/www.pm.pb.gov.br\/portal\/wp-content\/uploads\/2023\/11\/cfo3-2-667x445.jpg 667w, https:\/\/www.pm.pb.gov.br\/portal\/wp-content\/uploads\/2023\/11\/cfo3-2-855x570.jpg 855w, https:\/\/www.pm.pb.gov.br\/portal\/wp-content\/uploads\/2023\/11\/cfo3-2-768x512.jpg 768w, https:\/\/www.pm.pb.gov.br\/portal\/wp-content\/uploads\/2023\/11\/cfo3-2-272x182.jpg 272w, https:\/\/www.pm.pb.gov.br\/portal\/wp-content\/uploads\/2023\/11\/cfo3-2.jpg 1024w\" sizes=\"(max-width: 595px) 100vw, 595px\" \/><\/p>\n","protected":false},"excerpt":{"rendered":"<p>A Pol\u00edcia Militar da Para\u00edba formou a nova turma de aspirantes a oficial de 2023. A solenidade militar, rito tradicional<\/p>\n","protected":false},"author":12,"featured_media":919395,"comment_status":"closed","ping_status":"closed","sticky":false,"template":"","format":"standard","meta":{"_exactmetrics_skip_tracking":false,"_exactmetrics_sitenote_active":false,"_exactmetrics_sitenote_note":"","_exactmetrics_sitenote_category":0,"footnotes":""},"categories":[6,9],"tags":[],"yoast_head":"<!-- This site is optimized with the Yoast SEO plugin v22.0 - https:\/\/yoast.com\/wordpress\/plugins\/seo\/ -->\n<title>Pol\u00edcia Militar forma novos aspirantes para refor\u00e7ar a seguran\u00e7a p\u00fablica na Para\u00edba - Pol\u00edcia Militar da Para\u00edba<\/title>\n<meta name=\"description\" content=\"Solenidade militar, rito tradicional que antecede a entrada no oficialato da institui\u00e7\u00e3o, aconteceu na tarde desta quinta-feira (30) no Centro de Educa\u00e7\u00e3o.\" \/>\n<meta name=\"robots\" content=\"index, follow, max-snippet:-1, max-image-preview:large, max-video-preview:-1\" \/>\n<link rel=\"canonical\" href=\"https:\/\/www.pm.pb.gov.br\/portal\/2023\/11\/30\/policia-militar-forma-novos-aspirantes-para-reforcar-a-seguranca-publica-na-paraiba\/\" \/>\n<meta property=\"og:locale\" content=\"pt_BR\" \/>\n<meta property=\"og:type\" content=\"article\" \/>\n<meta property=\"og:title\" content=\"Pol\u00edcia Militar forma novos aspirantes para refor\u00e7ar a seguran\u00e7a p\u00fablica na Para\u00edba - Pol\u00edcia Militar da Para\u00edba\" \/>\n<meta property=\"og:description\" content=\"Solenidade militar, rito tradicional que antecede a entrada no oficialato da institui\u00e7\u00e3o, aconteceu na tarde desta quinta-feira (30) no Centro de Educa\u00e7\u00e3o.\" \/>\n<meta property=\"og:url\" content=\"https:\/\/www.pm.pb.gov.br\/portal\/2023\/11\/30\/policia-militar-forma-novos-aspirantes-para-reforcar-a-seguranca-publica-na-paraiba\/\" \/>\n<meta property=\"og:site_name\" content=\"Pol\u00edcia Militar da Para\u00edba\" \/>\n<meta property=\"article:published_time\" content=\"2023-12-01T01:35:35+00:00\" \/>\n<meta property=\"article:modified_time\" content=\"2023-12-01T01:36:37+00:00\" \/>\n<meta property=\"og:image\" content=\"http:\/\/www.pm.pb.gov.br\/portal\/wp-content\/uploads\/2023\/11\/cfo2-2.jpg\" \/>\n\t<meta property=\"og:image:width\" content=\"800\" \/>\n\t<meta property=\"og:image:height\" content=\"445\" \/>\n\t<meta property=\"og:image:type\" content=\"image\/jpeg\" \/>\n<meta name=\"author\" content=\"Tarcisio Oliveira\" \/>\n<meta name=\"twitter:card\" content=\"summary_large_image\" \/>\n<meta name=\"twitter:label1\" content=\"Escrito por\" \/>\n\t<meta name=\"twitter:data1\" content=\"Tarcisio Oliveira\" \/>\n\t<meta name=\"twitter:label2\" content=\"Est. tempo de leitura\" \/>\n\t<meta name=\"twitter:data2\" content=\"4 minutos\" \/>\n<script type=\"application\/ld+json\" class=\"yoast-schema-graph\">{\"@context\":\"https:\/\/schema.org\",\"@graph\":[{\"@type\":\"Article\",\"@id\":\"https:\/\/www.pm.pb.gov.br\/portal\/2023\/11\/30\/policia-militar-forma-novos-aspirantes-para-reforcar-a-seguranca-publica-na-paraiba\/#article\",\"isPartOf\":{\"@id\":\"https:\/\/www.pm.pb.gov.br\/portal\/2023\/11\/30\/policia-militar-forma-novos-aspirantes-para-reforcar-a-seguranca-publica-na-paraiba\/\"},\"author\":{\"name\":\"Tarcisio Oliveira\",\"@id\":\"https:\/\/www.pm.pb.gov.br\/portal\/#\/schema\/person\/f84f56dcc78ce4357054da888b8247fd\"},\"headline\":\"Pol\u00edcia Militar forma novos aspirantes para refor\u00e7ar a seguran\u00e7a p\u00fablica na Para\u00edba\",\"datePublished\":\"2023-12-01T01:35:35+00:00\",\"dateModified\":\"2023-12-01T01:36:37+00:00\",\"mainEntityOfPage\":{\"@id\":\"https:\/\/www.pm.pb.gov.br\/portal\/2023\/11\/30\/policia-militar-forma-novos-aspirantes-para-reforcar-a-seguranca-publica-na-paraiba\/\"},\"wordCount\":503,\"publisher\":{\"@id\":\"https:\/\/www.pm.pb.gov.br\/portal\/#organization\"},\"articleSection\":[\"Cursos\",\"Eventos\"],\"inLanguage\":\"pt-BR\"},{\"@type\":\"WebPage\",\"@id\":\"https:\/\/www.pm.pb.gov.br\/portal\/2023\/11\/30\/policia-militar-forma-novos-aspirantes-para-reforcar-a-seguranca-publica-na-paraiba\/\",\"url\":\"https:\/\/www.pm.pb.gov.br\/portal\/2023\/11\/30\/policia-militar-forma-novos-aspirantes-para-reforcar-a-seguranca-publica-na-paraiba\/\",\"name\":\"Pol\u00edcia Militar forma novos aspirantes para refor\u00e7ar a seguran\u00e7a p\u00fablica na Para\u00edba - Pol\u00edcia Militar da Para\u00edba\",\"isPartOf\":{\"@id\":\"https:\/\/www.pm.pb.gov.br\/portal\/#website\"},\"datePublished\":\"2023-12-01T01:35:35+00:00\",\"dateModified\":\"2023-12-01T01:36:37+00:00\",\"description\":\"Solenidade militar, rito tradicional que antecede a entrada no oficialato da institui\u00e7\u00e3o, aconteceu na tarde desta quinta-feira (30) no Centro de Educa\u00e7\u00e3o.\",\"breadcrumb\":{\"@id\":\"https:\/\/www.pm.pb.gov.br\/portal\/2023\/11\/30\/policia-militar-forma-novos-aspirantes-para-reforcar-a-seguranca-publica-na-paraiba\/#breadcrumb\"},\"inLanguage\":\"pt-BR\",\"potentialAction\":[{\"@type\":\"ReadAction\",\"target\":[\"https:\/\/www.pm.pb.gov.br\/portal\/2023\/11\/30\/policia-militar-forma-novos-aspirantes-para-reforcar-a-seguranca-publica-na-paraiba\/\"]}]},{\"@type\":\"BreadcrumbList\",\"@id\":\"https:\/\/www.pm.pb.gov.br\/portal\/2023\/11\/30\/policia-militar-forma-novos-aspirantes-para-reforcar-a-seguranca-publica-na-paraiba\/#breadcrumb\",\"itemListElement\":[{\"@type\":\"ListItem\",\"position\":1,\"name\":\"In\u00edcio\",\"item\":\"https:\/\/www.pm.pb.gov.br\/portal\/\"},{\"@type\":\"ListItem\",\"position\":2,\"name\":\"Pol\u00edcia Militar forma novos aspirantes para refor\u00e7ar a seguran\u00e7a p\u00fablica na Para\u00edba\"}]},{\"@type\":\"WebSite\",\"@id\":\"https:\/\/www.pm.pb.gov.br\/portal\/#website\",\"url\":\"https:\/\/www.pm.pb.gov.br\/portal\/\",\"name\":\"Pol\u00edcia Militar da Para\u00edba\",\"description\":\"\",\"publisher\":{\"@id\":\"https:\/\/www.pm.pb.gov.br\/portal\/#organization\"},\"potentialAction\":[{\"@type\":\"SearchAction\",\"target\":{\"@type\":\"EntryPoint\",\"urlTemplate\":\"https:\/\/www.pm.pb.gov.br\/portal\/?s={search_term_string}\"},\"query-input\":\"required name=search_term_string\"}],\"inLanguage\":\"pt-BR\"},{\"@type\":\"Organization\",\"@id\":\"https:\/\/www.pm.pb.gov.br\/portal\/#organization\",\"name\":\"Pol\u00edcia Militar da Para\u00edba\",\"url\":\"https:\/\/www.pm.pb.gov.br\/portal\/\",\"logo\":{\"@type\":\"ImageObject\",\"inLanguage\":\"pt-BR\",\"@id\":\"https:\/\/www.pm.pb.gov.br\/portal\/#\/schema\/logo\/image\/\",\"url\":\"https:\/\/www.pm.pb.gov.br\/portal\/wp-content\/uploads\/2025\/03\/cropped-logo-site-mag2-1.png\",\"contentUrl\":\"https:\/\/www.pm.pb.gov.br\/portal\/wp-content\/uploads\/2025\/03\/cropped-logo-site-mag2-1.png\",\"width\":320,\"height\":90,\"caption\":\"Pol\u00edcia Militar da Para\u00edba\"},\"image\":{\"@id\":\"https:\/\/www.pm.pb.gov.br\/portal\/#\/schema\/logo\/image\/\"}},{\"@type\":\"Person\",\"@id\":\"https:\/\/www.pm.pb.gov.br\/portal\/#\/schema\/person\/f84f56dcc78ce4357054da888b8247fd\",\"name\":\"Tarcisio Oliveira\",\"image\":{\"@type\":\"ImageObject\",\"inLanguage\":\"pt-BR\",\"@id\":\"https:\/\/www.pm.pb.gov.br\/portal\/#\/schema\/person\/image\/\",\"url\":\"https:\/\/secure.gravatar.com\/avatar\/72917b630b69d31cd0297507f34bac97?s=96&d=mm&r=g\",\"contentUrl\":\"https:\/\/secure.gravatar.com\/avatar\/72917b630b69d31cd0297507f34bac97?s=96&d=mm&r=g\",\"caption\":\"Tarcisio Oliveira\"},\"url\":\"https:\/\/www.pm.pb.gov.br\/portal\/author\/tarcisio\/\"}]}<\/script>\n<!-- \/ Yoast SEO plugin. -->","yoast_head_json":{"title":"Pol\u00edcia Militar forma novos aspirantes para refor\u00e7ar a seguran\u00e7a p\u00fablica na Para\u00edba - Pol\u00edcia Militar da Para\u00edba","description":"Solenidade militar, rito tradicional que antecede a entrada no oficialato da institui\u00e7\u00e3o, aconteceu na tarde desta quinta-feira (30) no Centro de Educa\u00e7\u00e3o.","robots":{"index":"index","follow":"follow","max-snippet":"max-snippet:-1","max-image-preview":"max-image-preview:large","max-video-preview":"max-video-preview:-1"},"canonical":"https:\/\/www.pm.pb.gov.br\/portal\/2023\/11\/30\/policia-militar-forma-novos-aspirantes-para-reforcar-a-seguranca-publica-na-paraiba\/","og_locale":"pt_BR","og_type":"article","og_title":"Pol\u00edcia Militar forma novos aspirantes para refor\u00e7ar a seguran\u00e7a p\u00fablica na Para\u00edba - Pol\u00edcia Militar da Para\u00edba","og_description":"Solenidade militar, rito tradicional que antecede a entrada no oficialato da institui\u00e7\u00e3o, aconteceu na tarde desta quinta-feira (30) no Centro de Educa\u00e7\u00e3o.","og_url":"https:\/\/www.pm.pb.gov.br\/portal\/2023\/11\/30\/policia-militar-forma-novos-aspirantes-para-reforcar-a-seguranca-publica-na-paraiba\/","og_site_name":"Pol\u00edcia Militar da Para\u00edba","article_published_time":"2023-12-01T01:35:35+00:00","article_modified_time":"2023-12-01T01:36:37+00:00","og_image":[{"width":800,"height":445,"url":"http:\/\/www.pm.pb.gov.br\/portal\/wp-content\/uploads\/2023\/11\/cfo2-2.jpg","type":"image\/jpeg"}],"author":"Tarcisio Oliveira","twitter_card":"summary_large_image","twitter_misc":{"Escrito por":"Tarcisio Oliveira","Est. tempo de leitura":"4 minutos"},"schema":{"@context":"https:\/\/schema.org","@graph":[{"@type":"Article","@id":"https:\/\/www.pm.pb.gov.br\/portal\/2023\/11\/30\/policia-militar-forma-novos-aspirantes-para-reforcar-a-seguranca-publica-na-paraiba\/#article","isPartOf":{"@id":"https:\/\/www.pm.pb.gov.br\/portal\/2023\/11\/30\/policia-militar-forma-novos-aspirantes-para-reforcar-a-seguranca-publica-na-paraiba\/"},"author":{"name":"Tarcisio Oliveira","@id":"https:\/\/www.pm.pb.gov.br\/portal\/#\/schema\/person\/f84f56dcc78ce4357054da888b8247fd"},"headline":"Pol\u00edcia Militar forma novos aspirantes para refor\u00e7ar a seguran\u00e7a p\u00fablica na Para\u00edba","datePublished":"2023-12-01T01:35:35+00:00","dateModified":"2023-12-01T01:36:37+00:00","mainEntityOfPage":{"@id":"https:\/\/www.pm.pb.gov.br\/portal\/2023\/11\/30\/policia-militar-forma-novos-aspirantes-para-reforcar-a-seguranca-publica-na-paraiba\/"},"wordCount":503,"publisher":{"@id":"https:\/\/www.pm.pb.gov.br\/portal\/#organization"},"articleSection":["Cursos","Eventos"],"inLanguage":"pt-BR"},{"@type":"WebPage","@id":"https:\/\/www.pm.pb.gov.br\/portal\/2023\/11\/30\/policia-militar-forma-novos-aspirantes-para-reforcar-a-seguranca-publica-na-paraiba\/","url":"https:\/\/www.pm.pb.gov.br\/portal\/2023\/11\/30\/policia-militar-forma-novos-aspirantes-para-reforcar-a-seguranca-publica-na-paraiba\/","name":"Pol\u00edcia Militar forma novos aspirantes para refor\u00e7ar a seguran\u00e7a p\u00fablica na Para\u00edba - Pol\u00edcia Militar da Para\u00edba","isPartOf":{"@id":"https:\/\/www.pm.pb.gov.br\/portal\/#website"},"datePublished":"2023-12-01T01:35:35+00:00","dateModified":"2023-12-01T01:36:37+00:00","description":"Solenidade militar, rito tradicional que antecede a entrada no oficialato da institui\u00e7\u00e3o, aconteceu na tarde desta quinta-feira (30) no Centro de Educa\u00e7\u00e3o.","breadcrumb":{"@id":"https:\/\/www.pm.pb.gov.br\/portal\/2023\/11\/30\/policia-militar-forma-novos-aspirantes-para-reforcar-a-seguranca-publica-na-paraiba\/#breadcrumb"},"inLanguage":"pt-BR","potentialAction":[{"@type":"ReadAction","target":["https:\/\/www.pm.pb.gov.br\/portal\/2023\/11\/30\/policia-militar-forma-novos-aspirantes-para-reforcar-a-seguranca-publica-na-paraiba\/"]}]},{"@type":"BreadcrumbList","@id":"https:\/\/www.pm.pb.gov.br\/portal\/2023\/11\/30\/policia-militar-forma-novos-aspirantes-para-reforcar-a-seguranca-publica-na-paraiba\/#breadcrumb","itemListElement":[{"@type":"ListItem","position":1,"name":"In\u00edcio","item":"https:\/\/www.pm.pb.gov.br\/portal\/"},{"@type":"ListItem","position":2,"name":"Pol\u00edcia Militar forma novos aspirantes para refor\u00e7ar a seguran\u00e7a p\u00fablica na Para\u00edba"}]},{"@type":"WebSite","@id":"https:\/\/www.pm.pb.gov.br\/portal\/#website","url":"https:\/\/www.pm.pb.gov.br\/portal\/","name":"Pol\u00edcia Militar da Para\u00edba","description":"","publisher":{"@id":"https:\/\/www.pm.pb.gov.br\/portal\/#organization"},"potentialAction":[{"@type":"SearchAction","target":{"@type":"EntryPoint","urlTemplate":"https:\/\/www.pm.pb.gov.br\/portal\/?s={search_term_string}"},"query-input":"required name=search_term_string"}],"inLanguage":"pt-BR"},{"@type":"Organization","@id":"https:\/\/www.pm.pb.gov.br\/portal\/#organization","name":"Pol\u00edcia Militar da Para\u00edba","url":"https:\/\/www.pm.pb.gov.br\/portal\/","logo":{"@type":"ImageObject","inLanguage":"pt-BR","@id":"https:\/\/www.pm.pb.gov.br\/portal\/#\/schema\/logo\/image\/","url":"https:\/\/www.pm.pb.gov.br\/portal\/wp-content\/uploads\/2025\/03\/cropped-logo-site-mag2-1.png","contentUrl":"https:\/\/www.pm.pb.gov.br\/portal\/wp-content\/uploads\/2025\/03\/cropped-logo-site-mag2-1.png","width":320,"height":90,"caption":"Pol\u00edcia Militar da Para\u00edba"},"image":{"@id":"https:\/\/www.pm.pb.gov.br\/portal\/#\/schema\/logo\/image\/"}},{"@type":"Person","@id":"https:\/\/www.pm.pb.gov.br\/portal\/#\/schema\/person\/f84f56dcc78ce4357054da888b8247fd","name":"Tarcisio Oliveira","image":{"@type":"ImageObject","inLanguage":"pt-BR","@id":"https:\/\/www.pm.pb.gov.br\/portal\/#\/schema\/person\/image\/","url":"https:\/\/secure.gravatar.com\/avatar\/72917b630b69d31cd0297507f34bac97?s=96&d=mm&r=g","contentUrl":"https:\/\/secure.gravatar.com\/avatar\/72917b630b69d31cd0297507f34bac97?s=96&d=mm&r=g","caption":"Tarcisio Oliveira"},"url":"https:\/\/www.pm.pb.gov.br\/portal\/author\/tarcisio\/"}]}},"_links":{"self":[{"href":"https:\/\/www.pm.pb.gov.br\/portal\/wp-json\/wp\/v2\/posts\/919394"}],"collection":[{"href":"https:\/\/www.pm.pb.gov.br\/portal\/wp-json\/wp\/v2\/posts"}],"about":[{"href":"https:\/\/www.pm.pb.gov.br\/portal\/wp-json\/wp\/v2\/types\/post"}],"author":[{"embeddable":true,"href":"https:\/\/www.pm.pb.gov.br\/portal\/wp-json\/wp\/v2\/users\/12"}],"replies":[{"embeddable":true,"href":"https:\/\/www.pm.pb.gov.br\/portal\/wp-json\/wp\/v2\/comments?post=919394"}],"version-history":[{"count":2,"href":"https:\/\/www.pm.pb.gov.br\/portal\/wp-json\/wp\/v2\/posts\/919394\/revisions"}],"predecessor-version":[{"id":919401,"href":"https:\/\/www.pm.pb.gov.br\/portal\/wp-json\/wp\/v2\/posts\/919394\/revisions\/919401"}],"wp:featuredmedia":[{"embeddable":true,"href":"https:\/\/www.pm.pb.gov.br\/portal\/wp-json\/wp\/v2\/media\/919395"}],"wp:attachment":[{"href":"https:\/\/www.pm.pb.gov.br\/portal\/wp-json\/wp\/v2\/media?parent=919394"}],"wp:term":[{"taxonomy":"category","embeddable":true,"href":"https:\/\/www.pm.pb.gov.br\/portal\/wp-json\/wp\/v2\/categories?post=919394"},{"taxonomy":"post_tag","embeddable":true,"href":"https:\/\/www.pm.pb.gov.br\/portal\/wp-json\/wp\/v2\/tags?post=919394"}],"curies":[{"name":"wp","href":"https:\/\/api.w.org\/{rel}","templated":true}]}}