{"id":919385,"date":"2023-11-29T13:53:10","date_gmt":"2023-11-29T16:53:10","guid":{"rendered":"https:\/\/www.pm.pb.gov.br\/portal\/?p=919385"},"modified":"2023-11-29T13:53:11","modified_gmt":"2023-11-29T16:53:11","slug":"reincidencia-policia-militar-prende-acusado-de-roubo-que-havia-deixado-presidio-ha-10-dias-na-capital","status":"publish","type":"post","link":"https:\/\/www.pm.pb.gov.br\/portal\/2023\/11\/29\/reincidencia-policia-militar-prende-acusado-de-roubo-que-havia-deixado-presidio-ha-10-dias-na-capital\/","title":{"rendered":"REINCID\u00caNCIA: Pol\u00edcia Militar prende acusado de roubo que havia deixado pres\u00eddio h\u00e1 10 dias, na capital"},"content":{"rendered":"\n<p>A Pol\u00edcia Militar prendeu, em flagrante, um homem acusado de roubo que havia deixado o pres\u00eddio h\u00e1 10 dias, onde ele j\u00e1 cumpria pena por crimes patrimoniais. A pris\u00e3o desta quarta-feira (29) aconteceu em Mana\u00edra, bairro onde o acusado j\u00e1 havia sido preso anteriormente no \u00faltimo m\u00eas de julho.<\/p>\n<p>Dessa vez, o infrator de 21 anos de idade, foi localizado nas proximidades do bairro S\u00e3o Jos\u00e9, logo ap\u00f3s cometer assaltos usando uma faca. De acordo com os policiais do Batalh\u00e3o Especializado em Policiamento Tur\u00edstico (BEPTur), ele usava uma bicicleta para se locomover, e estava com celulares e uma corrente, objetos tomados durante os crimes.<\/p>\n<p>\u201cFomos informados dos delitos pelas v\u00edtimas, e fizemos um cerco, chegando at\u00e9 o paradeiro do acusado. Na abordagem, constatamos que ele j\u00e1 havia sido preso por nossas guarni\u00e7\u00f5es em julho, estava no pres\u00eddio onde cumpria pena, mas foi colocado em liberdade h\u00e1 10 dias\u201d, explicou o major Bruno, comandante do BEPTur.<\/p>\n<p><img loading=\"lazy\" decoding=\"async\" class=\"size-medium wp-image-919386 aligncenter\" src=\"http:\/\/www.pm.pb.gov.br\/portal\/wp-content\/uploads\/2023\/11\/WhatsApp-Image-2023-11-29-at-14.00.48-250x445.jpeg\" alt=\"\" width=\"250\" height=\"445\" srcset=\"https:\/\/www.pm.pb.gov.br\/portal\/wp-content\/uploads\/2023\/11\/WhatsApp-Image-2023-11-29-at-14.00.48-250x445.jpeg 250w, https:\/\/www.pm.pb.gov.br\/portal\/wp-content\/uploads\/2023\/11\/WhatsApp-Image-2023-11-29-at-14.00.48-321x570.jpeg 321w, https:\/\/www.pm.pb.gov.br\/portal\/wp-content\/uploads\/2023\/11\/WhatsApp-Image-2023-11-29-at-14.00.48.jpeg 576w\" sizes=\"(max-width: 250px) 100vw, 250px\" \/><\/p>\n<p>A ocorr\u00eancia foi apresentada na Central de Flagrantes onde as v\u00edtimas reconheceram o acusado e tiveram seus bens devolvidos. Ainda de acordo com o comando do BEPTur, o homem preso novamente nesta quarta, j\u00e1 havia sido apreendido quando era menor de idade. Ele segue a disposi\u00e7\u00e3o da Justi\u00e7a.<\/p>\n\n\n","protected":false},"excerpt":{"rendered":"<p>A Pol\u00edcia Militar prendeu, em flagrante, um homem acusado de roubo que havia deixado o pres\u00eddio h\u00e1 10 dias, onde<\/p>\n","protected":false},"author":12,"featured_media":917312,"comment_status":"closed","ping_status":"closed","sticky":false,"template":"","format":"standard","meta":{"_exactmetrics_skip_tracking":false,"_exactmetrics_sitenote_active":false,"_exactmetrics_sitenote_note":"","_exactmetrics_sitenote_category":0,"footnotes":""},"categories":[4],"tags":[],"yoast_head":"<!-- This site is optimized with the Yoast SEO plugin v22.0 - https:\/\/yoast.com\/wordpress\/plugins\/seo\/ -->\n<title>REINCID\u00caNCIA: Pol\u00edcia Militar prende acusado de roubo que havia deixado pres\u00eddio h\u00e1 10 dias, na capital - Pol\u00edcia Militar da Para\u00edba<\/title>\n<meta name=\"description\" content=\"A pris\u00e3o desta quarta-feira (29) aconteceu em Mana\u00edra, bairro onde o acusado j\u00e1 havia sido preso anteriormente no \u00faltimo m\u00eas de julho.\" \/>\n<meta name=\"robots\" content=\"index, follow, max-snippet:-1, max-image-preview:large, max-video-preview:-1\" \/>\n<link rel=\"canonical\" href=\"https:\/\/www.pm.pb.gov.br\/portal\/2023\/11\/29\/reincidencia-policia-militar-prende-acusado-de-roubo-que-havia-deixado-presidio-ha-10-dias-na-capital\/\" \/>\n<meta property=\"og:locale\" content=\"pt_BR\" \/>\n<meta property=\"og:type\" content=\"article\" \/>\n<meta property=\"og:title\" content=\"REINCID\u00caNCIA: Pol\u00edcia Militar prende acusado de roubo que havia deixado pres\u00eddio h\u00e1 10 dias, na capital - Pol\u00edcia Militar da Para\u00edba\" \/>\n<meta property=\"og:description\" content=\"A pris\u00e3o desta quarta-feira (29) aconteceu em Mana\u00edra, bairro onde o acusado j\u00e1 havia sido preso anteriormente no \u00faltimo m\u00eas de julho.\" \/>\n<meta property=\"og:url\" content=\"https:\/\/www.pm.pb.gov.br\/portal\/2023\/11\/29\/reincidencia-policia-militar-prende-acusado-de-roubo-que-havia-deixado-presidio-ha-10-dias-na-capital\/\" \/>\n<meta property=\"og:site_name\" content=\"Pol\u00edcia Militar da Para\u00edba\" \/>\n<meta property=\"article:published_time\" content=\"2023-11-29T16:53:10+00:00\" \/>\n<meta property=\"article:modified_time\" content=\"2023-11-29T16:53:11+00:00\" \/>\n<meta property=\"og:image\" content=\"http:\/\/www.pm.pb.gov.br\/portal\/wp-content\/uploads\/2023\/07\/beptur.jpeg\" \/>\n\t<meta property=\"og:image:width\" content=\"800\" \/>\n\t<meta property=\"og:image:height\" content=\"445\" \/>\n\t<meta property=\"og:image:type\" content=\"image\/jpeg\" \/>\n<meta name=\"author\" content=\"Tarcisio Oliveira\" \/>\n<meta name=\"twitter:card\" content=\"summary_large_image\" \/>\n<meta name=\"twitter:label1\" content=\"Escrito por\" \/>\n\t<meta name=\"twitter:data1\" content=\"Tarcisio Oliveira\" \/>\n\t<meta name=\"twitter:label2\" content=\"Est. tempo de leitura\" \/>\n\t<meta name=\"twitter:data2\" content=\"2 minutos\" \/>\n<script type=\"application\/ld+json\" class=\"yoast-schema-graph\">{\"@context\":\"https:\/\/schema.org\",\"@graph\":[{\"@type\":\"Article\",\"@id\":\"https:\/\/www.pm.pb.gov.br\/portal\/2023\/11\/29\/reincidencia-policia-militar-prende-acusado-de-roubo-que-havia-deixado-presidio-ha-10-dias-na-capital\/#article\",\"isPartOf\":{\"@id\":\"https:\/\/www.pm.pb.gov.br\/portal\/2023\/11\/29\/reincidencia-policia-militar-prende-acusado-de-roubo-que-havia-deixado-presidio-ha-10-dias-na-capital\/\"},\"author\":{\"name\":\"Tarcisio Oliveira\",\"@id\":\"https:\/\/www.pm.pb.gov.br\/portal\/#\/schema\/person\/f84f56dcc78ce4357054da888b8247fd\"},\"headline\":\"REINCID\u00caNCIA: Pol\u00edcia Militar prende acusado de roubo que havia deixado pres\u00eddio h\u00e1 10 dias, na capital\",\"datePublished\":\"2023-11-29T16:53:10+00:00\",\"dateModified\":\"2023-11-29T16:53:11+00:00\",\"mainEntityOfPage\":{\"@id\":\"https:\/\/www.pm.pb.gov.br\/portal\/2023\/11\/29\/reincidencia-policia-militar-prende-acusado-de-roubo-que-havia-deixado-presidio-ha-10-dias-na-capital\/\"},\"wordCount\":233,\"publisher\":{\"@id\":\"https:\/\/www.pm.pb.gov.br\/portal\/#organization\"},\"articleSection\":[\"A\u00e7\u00f5es Policiais\"],\"inLanguage\":\"pt-BR\"},{\"@type\":\"WebPage\",\"@id\":\"https:\/\/www.pm.pb.gov.br\/portal\/2023\/11\/29\/reincidencia-policia-militar-prende-acusado-de-roubo-que-havia-deixado-presidio-ha-10-dias-na-capital\/\",\"url\":\"https:\/\/www.pm.pb.gov.br\/portal\/2023\/11\/29\/reincidencia-policia-militar-prende-acusado-de-roubo-que-havia-deixado-presidio-ha-10-dias-na-capital\/\",\"name\":\"REINCID\u00caNCIA: Pol\u00edcia Militar prende acusado de roubo que havia deixado pres\u00eddio h\u00e1 10 dias, na capital - Pol\u00edcia Militar da Para\u00edba\",\"isPartOf\":{\"@id\":\"https:\/\/www.pm.pb.gov.br\/portal\/#website\"},\"datePublished\":\"2023-11-29T16:53:10+00:00\",\"dateModified\":\"2023-11-29T16:53:11+00:00\",\"description\":\"A pris\u00e3o desta quarta-feira (29) aconteceu em Mana\u00edra, bairro onde o acusado j\u00e1 havia sido preso anteriormente no \u00faltimo m\u00eas de julho.\",\"breadcrumb\":{\"@id\":\"https:\/\/www.pm.pb.gov.br\/portal\/2023\/11\/29\/reincidencia-policia-militar-prende-acusado-de-roubo-que-havia-deixado-presidio-ha-10-dias-na-capital\/#breadcrumb\"},\"inLanguage\":\"pt-BR\",\"potentialAction\":[{\"@type\":\"ReadAction\",\"target\":[\"https:\/\/www.pm.pb.gov.br\/portal\/2023\/11\/29\/reincidencia-policia-militar-prende-acusado-de-roubo-que-havia-deixado-presidio-ha-10-dias-na-capital\/\"]}]},{\"@type\":\"BreadcrumbList\",\"@id\":\"https:\/\/www.pm.pb.gov.br\/portal\/2023\/11\/29\/reincidencia-policia-militar-prende-acusado-de-roubo-que-havia-deixado-presidio-ha-10-dias-na-capital\/#breadcrumb\",\"itemListElement\":[{\"@type\":\"ListItem\",\"position\":1,\"name\":\"In\u00edcio\",\"item\":\"https:\/\/www.pm.pb.gov.br\/portal\/\"},{\"@type\":\"ListItem\",\"position\":2,\"name\":\"REINCID\u00caNCIA: Pol\u00edcia Militar prende acusado de roubo que havia deixado pres\u00eddio h\u00e1 10 dias, na capital\"}]},{\"@type\":\"WebSite\",\"@id\":\"https:\/\/www.pm.pb.gov.br\/portal\/#website\",\"url\":\"https:\/\/www.pm.pb.gov.br\/portal\/\",\"name\":\"Pol\u00edcia Militar da Para\u00edba\",\"description\":\"\",\"publisher\":{\"@id\":\"https:\/\/www.pm.pb.gov.br\/portal\/#organization\"},\"potentialAction\":[{\"@type\":\"SearchAction\",\"target\":{\"@type\":\"EntryPoint\",\"urlTemplate\":\"https:\/\/www.pm.pb.gov.br\/portal\/?s={search_term_string}\"},\"query-input\":\"required name=search_term_string\"}],\"inLanguage\":\"pt-BR\"},{\"@type\":\"Organization\",\"@id\":\"https:\/\/www.pm.pb.gov.br\/portal\/#organization\",\"name\":\"Pol\u00edcia Militar da Para\u00edba\",\"url\":\"https:\/\/www.pm.pb.gov.br\/portal\/\",\"logo\":{\"@type\":\"ImageObject\",\"inLanguage\":\"pt-BR\",\"@id\":\"https:\/\/www.pm.pb.gov.br\/portal\/#\/schema\/logo\/image\/\",\"url\":\"https:\/\/www.pm.pb.gov.br\/portal\/wp-content\/uploads\/2025\/03\/cropped-logo-site-mag2-1.png\",\"contentUrl\":\"https:\/\/www.pm.pb.gov.br\/portal\/wp-content\/uploads\/2025\/03\/cropped-logo-site-mag2-1.png\",\"width\":320,\"height\":90,\"caption\":\"Pol\u00edcia Militar da Para\u00edba\"},\"image\":{\"@id\":\"https:\/\/www.pm.pb.gov.br\/portal\/#\/schema\/logo\/image\/\"}},{\"@type\":\"Person\",\"@id\":\"https:\/\/www.pm.pb.gov.br\/portal\/#\/schema\/person\/f84f56dcc78ce4357054da888b8247fd\",\"name\":\"Tarcisio Oliveira\",\"image\":{\"@type\":\"ImageObject\",\"inLanguage\":\"pt-BR\",\"@id\":\"https:\/\/www.pm.pb.gov.br\/portal\/#\/schema\/person\/image\/\",\"url\":\"https:\/\/secure.gravatar.com\/avatar\/72917b630b69d31cd0297507f34bac97?s=96&d=mm&r=g\",\"contentUrl\":\"https:\/\/secure.gravatar.com\/avatar\/72917b630b69d31cd0297507f34bac97?s=96&d=mm&r=g\",\"caption\":\"Tarcisio Oliveira\"},\"url\":\"https:\/\/www.pm.pb.gov.br\/portal\/author\/tarcisio\/\"}]}<\/script>\n<!-- \/ Yoast SEO plugin. -->","yoast_head_json":{"title":"REINCID\u00caNCIA: Pol\u00edcia Militar prende acusado de roubo que havia deixado pres\u00eddio h\u00e1 10 dias, na capital - Pol\u00edcia Militar da Para\u00edba","description":"A pris\u00e3o desta quarta-feira (29) aconteceu em Mana\u00edra, bairro onde o acusado j\u00e1 havia sido preso anteriormente no \u00faltimo m\u00eas de julho.","robots":{"index":"index","follow":"follow","max-snippet":"max-snippet:-1","max-image-preview":"max-image-preview:large","max-video-preview":"max-video-preview:-1"},"canonical":"https:\/\/www.pm.pb.gov.br\/portal\/2023\/11\/29\/reincidencia-policia-militar-prende-acusado-de-roubo-que-havia-deixado-presidio-ha-10-dias-na-capital\/","og_locale":"pt_BR","og_type":"article","og_title":"REINCID\u00caNCIA: Pol\u00edcia Militar prende acusado de roubo que havia deixado pres\u00eddio h\u00e1 10 dias, na capital - Pol\u00edcia Militar da Para\u00edba","og_description":"A pris\u00e3o desta quarta-feira (29) aconteceu em Mana\u00edra, bairro onde o acusado j\u00e1 havia sido preso anteriormente no \u00faltimo m\u00eas de julho.","og_url":"https:\/\/www.pm.pb.gov.br\/portal\/2023\/11\/29\/reincidencia-policia-militar-prende-acusado-de-roubo-que-havia-deixado-presidio-ha-10-dias-na-capital\/","og_site_name":"Pol\u00edcia Militar da Para\u00edba","article_published_time":"2023-11-29T16:53:10+00:00","article_modified_time":"2023-11-29T16:53:11+00:00","og_image":[{"width":800,"height":445,"url":"http:\/\/www.pm.pb.gov.br\/portal\/wp-content\/uploads\/2023\/07\/beptur.jpeg","type":"image\/jpeg"}],"author":"Tarcisio Oliveira","twitter_card":"summary_large_image","twitter_misc":{"Escrito por":"Tarcisio Oliveira","Est. tempo de leitura":"2 minutos"},"schema":{"@context":"https:\/\/schema.org","@graph":[{"@type":"Article","@id":"https:\/\/www.pm.pb.gov.br\/portal\/2023\/11\/29\/reincidencia-policia-militar-prende-acusado-de-roubo-que-havia-deixado-presidio-ha-10-dias-na-capital\/#article","isPartOf":{"@id":"https:\/\/www.pm.pb.gov.br\/portal\/2023\/11\/29\/reincidencia-policia-militar-prende-acusado-de-roubo-que-havia-deixado-presidio-ha-10-dias-na-capital\/"},"author":{"name":"Tarcisio Oliveira","@id":"https:\/\/www.pm.pb.gov.br\/portal\/#\/schema\/person\/f84f56dcc78ce4357054da888b8247fd"},"headline":"REINCID\u00caNCIA: Pol\u00edcia Militar prende acusado de roubo que havia deixado pres\u00eddio h\u00e1 10 dias, na capital","datePublished":"2023-11-29T16:53:10+00:00","dateModified":"2023-11-29T16:53:11+00:00","mainEntityOfPage":{"@id":"https:\/\/www.pm.pb.gov.br\/portal\/2023\/11\/29\/reincidencia-policia-militar-prende-acusado-de-roubo-que-havia-deixado-presidio-ha-10-dias-na-capital\/"},"wordCount":233,"publisher":{"@id":"https:\/\/www.pm.pb.gov.br\/portal\/#organization"},"articleSection":["A\u00e7\u00f5es Policiais"],"inLanguage":"pt-BR"},{"@type":"WebPage","@id":"https:\/\/www.pm.pb.gov.br\/portal\/2023\/11\/29\/reincidencia-policia-militar-prende-acusado-de-roubo-que-havia-deixado-presidio-ha-10-dias-na-capital\/","url":"https:\/\/www.pm.pb.gov.br\/portal\/2023\/11\/29\/reincidencia-policia-militar-prende-acusado-de-roubo-que-havia-deixado-presidio-ha-10-dias-na-capital\/","name":"REINCID\u00caNCIA: Pol\u00edcia Militar prende acusado de roubo que havia deixado pres\u00eddio h\u00e1 10 dias, na capital - Pol\u00edcia Militar da Para\u00edba","isPartOf":{"@id":"https:\/\/www.pm.pb.gov.br\/portal\/#website"},"datePublished":"2023-11-29T16:53:10+00:00","dateModified":"2023-11-29T16:53:11+00:00","description":"A pris\u00e3o desta quarta-feira (29) aconteceu em Mana\u00edra, bairro onde o acusado j\u00e1 havia sido preso anteriormente no \u00faltimo m\u00eas de julho.","breadcrumb":{"@id":"https:\/\/www.pm.pb.gov.br\/portal\/2023\/11\/29\/reincidencia-policia-militar-prende-acusado-de-roubo-que-havia-deixado-presidio-ha-10-dias-na-capital\/#breadcrumb"},"inLanguage":"pt-BR","potentialAction":[{"@type":"ReadAction","target":["https:\/\/www.pm.pb.gov.br\/portal\/2023\/11\/29\/reincidencia-policia-militar-prende-acusado-de-roubo-que-havia-deixado-presidio-ha-10-dias-na-capital\/"]}]},{"@type":"BreadcrumbList","@id":"https:\/\/www.pm.pb.gov.br\/portal\/2023\/11\/29\/reincidencia-policia-militar-prende-acusado-de-roubo-que-havia-deixado-presidio-ha-10-dias-na-capital\/#breadcrumb","itemListElement":[{"@type":"ListItem","position":1,"name":"In\u00edcio","item":"https:\/\/www.pm.pb.gov.br\/portal\/"},{"@type":"ListItem","position":2,"name":"REINCID\u00caNCIA: Pol\u00edcia Militar prende acusado de roubo que havia deixado pres\u00eddio h\u00e1 10 dias, na capital"}]},{"@type":"WebSite","@id":"https:\/\/www.pm.pb.gov.br\/portal\/#website","url":"https:\/\/www.pm.pb.gov.br\/portal\/","name":"Pol\u00edcia Militar da Para\u00edba","description":"","publisher":{"@id":"https:\/\/www.pm.pb.gov.br\/portal\/#organization"},"potentialAction":[{"@type":"SearchAction","target":{"@type":"EntryPoint","urlTemplate":"https:\/\/www.pm.pb.gov.br\/portal\/?s={search_term_string}"},"query-input":"required name=search_term_string"}],"inLanguage":"pt-BR"},{"@type":"Organization","@id":"https:\/\/www.pm.pb.gov.br\/portal\/#organization","name":"Pol\u00edcia Militar da Para\u00edba","url":"https:\/\/www.pm.pb.gov.br\/portal\/","logo":{"@type":"ImageObject","inLanguage":"pt-BR","@id":"https:\/\/www.pm.pb.gov.br\/portal\/#\/schema\/logo\/image\/","url":"https:\/\/www.pm.pb.gov.br\/portal\/wp-content\/uploads\/2025\/03\/cropped-logo-site-mag2-1.png","contentUrl":"https:\/\/www.pm.pb.gov.br\/portal\/wp-content\/uploads\/2025\/03\/cropped-logo-site-mag2-1.png","width":320,"height":90,"caption":"Pol\u00edcia Militar da Para\u00edba"},"image":{"@id":"https:\/\/www.pm.pb.gov.br\/portal\/#\/schema\/logo\/image\/"}},{"@type":"Person","@id":"https:\/\/www.pm.pb.gov.br\/portal\/#\/schema\/person\/f84f56dcc78ce4357054da888b8247fd","name":"Tarcisio Oliveira","image":{"@type":"ImageObject","inLanguage":"pt-BR","@id":"https:\/\/www.pm.pb.gov.br\/portal\/#\/schema\/person\/image\/","url":"https:\/\/secure.gravatar.com\/avatar\/72917b630b69d31cd0297507f34bac97?s=96&d=mm&r=g","contentUrl":"https:\/\/secure.gravatar.com\/avatar\/72917b630b69d31cd0297507f34bac97?s=96&d=mm&r=g","caption":"Tarcisio Oliveira"},"url":"https:\/\/www.pm.pb.gov.br\/portal\/author\/tarcisio\/"}]}},"_links":{"self":[{"href":"https:\/\/www.pm.pb.gov.br\/portal\/wp-json\/wp\/v2\/posts\/919385"}],"collection":[{"href":"https:\/\/www.pm.pb.gov.br\/portal\/wp-json\/wp\/v2\/posts"}],"about":[{"href":"https:\/\/www.pm.pb.gov.br\/portal\/wp-json\/wp\/v2\/types\/post"}],"author":[{"embeddable":true,"href":"https:\/\/www.pm.pb.gov.br\/portal\/wp-json\/wp\/v2\/users\/12"}],"replies":[{"embeddable":true,"href":"https:\/\/www.pm.pb.gov.br\/portal\/wp-json\/wp\/v2\/comments?post=919385"}],"version-history":[{"count":1,"href":"https:\/\/www.pm.pb.gov.br\/portal\/wp-json\/wp\/v2\/posts\/919385\/revisions"}],"predecessor-version":[{"id":919387,"href":"https:\/\/www.pm.pb.gov.br\/portal\/wp-json\/wp\/v2\/posts\/919385\/revisions\/919387"}],"wp:featuredmedia":[{"embeddable":true,"href":"https:\/\/www.pm.pb.gov.br\/portal\/wp-json\/wp\/v2\/media\/917312"}],"wp:attachment":[{"href":"https:\/\/www.pm.pb.gov.br\/portal\/wp-json\/wp\/v2\/media?parent=919385"}],"wp:term":[{"taxonomy":"category","embeddable":true,"href":"https:\/\/www.pm.pb.gov.br\/portal\/wp-json\/wp\/v2\/categories?post=919385"},{"taxonomy":"post_tag","embeddable":true,"href":"https:\/\/www.pm.pb.gov.br\/portal\/wp-json\/wp\/v2\/tags?post=919385"}],"curies":[{"name":"wp","href":"https:\/\/api.w.org\/{rel}","templated":true}]}}