{"id":919366,"date":"2023-12-04T10:16:13","date_gmt":"2023-12-04T13:16:13","guid":{"rendered":"https:\/\/www.pm.pb.gov.br\/portal\/?p=919366"},"modified":"2023-12-04T10:16:14","modified_gmt":"2023-12-04T13:16:14","slug":"policia-militar-aborda-homem-e-apreende-revolver-e-material-suspeito-na-cidade-de-bayeux","status":"publish","type":"post","link":"https:\/\/www.pm.pb.gov.br\/portal\/2023\/12\/04\/policia-militar-aborda-homem-e-apreende-revolver-e-material-suspeito-na-cidade-de-bayeux\/","title":{"rendered":"Pol\u00edcia Militar aborda homem e apreende rev\u00f3lver e material suspeito na cidade de Bayeux"},"content":{"rendered":"\n<p>Policiais da For\u00e7a Regional apreenderam um rev\u00f3lver calibre 38, seis muni\u00e7\u00f5es, v\u00e1rios cart\u00f5es, dinheiro em esp\u00e9cie, caderno de anota\u00e7\u00f5es, promiss\u00f3rias e um aparelho celular, nesse domingo (3), ao abordar um acusado que tinha acabado de descer de uma moto, no bairro M\u00e1rio Andreazza, na cidade de Bayeux.<br><br>A arma estava em uma pochete e o restante do material, em uma sacola. O suspeito que conduzia a moto n\u00e3o foi localizado. A abordagem foi realizada durante rondas de refor\u00e7o da seguran\u00e7a no munic\u00edpio. O homem encontrado com o material foi levado para a 6\u00aa Delegacia Distrital, em Santa Rita.<br><br><\/p>\n","protected":false},"excerpt":{"rendered":"<p>Policiais da For\u00e7a Regional apreenderam um rev\u00f3lver calibre 38, seis muni\u00e7\u00f5es, v\u00e1rios cart\u00f5es, dinheiro em esp\u00e9cie, caderno de anota\u00e7\u00f5es, promiss\u00f3rias<\/p>\n","protected":false},"author":5,"featured_media":919447,"comment_status":"closed","ping_status":"closed","sticky":false,"template":"","format":"standard","meta":{"_exactmetrics_skip_tracking":false,"_exactmetrics_sitenote_active":false,"_exactmetrics_sitenote_note":"","_exactmetrics_sitenote_category":0,"footnotes":""},"categories":[4],"tags":[],"yoast_head":"<!-- This site is optimized with the Yoast SEO plugin v22.0 - https:\/\/yoast.com\/wordpress\/plugins\/seo\/ -->\n<title>Pol\u00edcia Militar aborda homem e apreende rev\u00f3lver e material suspeito na cidade de Bayeux - Pol\u00edcia Militar da Para\u00edba<\/title>\n<meta name=\"robots\" content=\"index, follow, max-snippet:-1, max-image-preview:large, max-video-preview:-1\" \/>\n<link rel=\"canonical\" href=\"https:\/\/www.pm.pb.gov.br\/portal\/2023\/12\/04\/policia-militar-aborda-homem-e-apreende-revolver-e-material-suspeito-na-cidade-de-bayeux\/\" \/>\n<meta property=\"og:locale\" content=\"pt_BR\" \/>\n<meta property=\"og:type\" content=\"article\" \/>\n<meta property=\"og:title\" content=\"Pol\u00edcia Militar aborda homem e apreende rev\u00f3lver e material suspeito na cidade de Bayeux - Pol\u00edcia Militar da Para\u00edba\" \/>\n<meta property=\"og:description\" content=\"Policiais da For\u00e7a Regional apreenderam um rev\u00f3lver calibre 38, seis muni\u00e7\u00f5es, v\u00e1rios cart\u00f5es, dinheiro em esp\u00e9cie, caderno de anota\u00e7\u00f5es, promiss\u00f3rias\" \/>\n<meta property=\"og:url\" content=\"https:\/\/www.pm.pb.gov.br\/portal\/2023\/12\/04\/policia-militar-aborda-homem-e-apreende-revolver-e-material-suspeito-na-cidade-de-bayeux\/\" \/>\n<meta property=\"og:site_name\" content=\"Pol\u00edcia Militar da Para\u00edba\" \/>\n<meta property=\"article:published_time\" content=\"2023-12-04T13:16:13+00:00\" \/>\n<meta property=\"article:modified_time\" content=\"2023-12-04T13:16:14+00:00\" \/>\n<meta property=\"og:image\" content=\"http:\/\/www.pm.pb.gov.br\/portal\/wp-content\/uploads\/2023\/12\/WhatsApp-Image-2023-12-03-at-7.57.47-PM-1.jpeg\" \/>\n\t<meta property=\"og:image:width\" content=\"1600\" \/>\n\t<meta property=\"og:image:height\" content=\"1600\" \/>\n\t<meta property=\"og:image:type\" content=\"image\/jpeg\" \/>\n<meta name=\"author\" content=\"Assessoria de Imprensa da PMPB\" \/>\n<meta name=\"twitter:card\" content=\"summary_large_image\" \/>\n<meta name=\"twitter:label1\" content=\"Escrito por\" \/>\n\t<meta name=\"twitter:data1\" content=\"Assessoria de Imprensa da PMPB\" \/>\n\t<meta name=\"twitter:label2\" content=\"Est. tempo de leitura\" \/>\n\t<meta name=\"twitter:data2\" content=\"1 minuto\" \/>\n<script type=\"application\/ld+json\" class=\"yoast-schema-graph\">{\"@context\":\"https:\/\/schema.org\",\"@graph\":[{\"@type\":\"Article\",\"@id\":\"https:\/\/www.pm.pb.gov.br\/portal\/2023\/12\/04\/policia-militar-aborda-homem-e-apreende-revolver-e-material-suspeito-na-cidade-de-bayeux\/#article\",\"isPartOf\":{\"@id\":\"https:\/\/www.pm.pb.gov.br\/portal\/2023\/12\/04\/policia-militar-aborda-homem-e-apreende-revolver-e-material-suspeito-na-cidade-de-bayeux\/\"},\"author\":{\"name\":\"Assessoria de Imprensa da PMPB\",\"@id\":\"https:\/\/www.pm.pb.gov.br\/portal\/#\/schema\/person\/e8454f46651c3ecf0e1ba3c1666d9947\"},\"headline\":\"Pol\u00edcia Militar aborda homem e apreende rev\u00f3lver e material suspeito na cidade de Bayeux\",\"datePublished\":\"2023-12-04T13:16:13+00:00\",\"dateModified\":\"2023-12-04T13:16:14+00:00\",\"mainEntityOfPage\":{\"@id\":\"https:\/\/www.pm.pb.gov.br\/portal\/2023\/12\/04\/policia-militar-aborda-homem-e-apreende-revolver-e-material-suspeito-na-cidade-de-bayeux\/\"},\"wordCount\":124,\"publisher\":{\"@id\":\"https:\/\/www.pm.pb.gov.br\/portal\/#organization\"},\"articleSection\":[\"A\u00e7\u00f5es Policiais\"],\"inLanguage\":\"pt-BR\"},{\"@type\":\"WebPage\",\"@id\":\"https:\/\/www.pm.pb.gov.br\/portal\/2023\/12\/04\/policia-militar-aborda-homem-e-apreende-revolver-e-material-suspeito-na-cidade-de-bayeux\/\",\"url\":\"https:\/\/www.pm.pb.gov.br\/portal\/2023\/12\/04\/policia-militar-aborda-homem-e-apreende-revolver-e-material-suspeito-na-cidade-de-bayeux\/\",\"name\":\"Pol\u00edcia Militar aborda homem e apreende rev\u00f3lver e material suspeito na cidade de Bayeux - Pol\u00edcia Militar da Para\u00edba\",\"isPartOf\":{\"@id\":\"https:\/\/www.pm.pb.gov.br\/portal\/#website\"},\"datePublished\":\"2023-12-04T13:16:13+00:00\",\"dateModified\":\"2023-12-04T13:16:14+00:00\",\"breadcrumb\":{\"@id\":\"https:\/\/www.pm.pb.gov.br\/portal\/2023\/12\/04\/policia-militar-aborda-homem-e-apreende-revolver-e-material-suspeito-na-cidade-de-bayeux\/#breadcrumb\"},\"inLanguage\":\"pt-BR\",\"potentialAction\":[{\"@type\":\"ReadAction\",\"target\":[\"https:\/\/www.pm.pb.gov.br\/portal\/2023\/12\/04\/policia-militar-aborda-homem-e-apreende-revolver-e-material-suspeito-na-cidade-de-bayeux\/\"]}]},{\"@type\":\"BreadcrumbList\",\"@id\":\"https:\/\/www.pm.pb.gov.br\/portal\/2023\/12\/04\/policia-militar-aborda-homem-e-apreende-revolver-e-material-suspeito-na-cidade-de-bayeux\/#breadcrumb\",\"itemListElement\":[{\"@type\":\"ListItem\",\"position\":1,\"name\":\"In\u00edcio\",\"item\":\"https:\/\/www.pm.pb.gov.br\/portal\/\"},{\"@type\":\"ListItem\",\"position\":2,\"name\":\"Pol\u00edcia Militar aborda homem e apreende rev\u00f3lver e material suspeito na cidade de Bayeux\"}]},{\"@type\":\"WebSite\",\"@id\":\"https:\/\/www.pm.pb.gov.br\/portal\/#website\",\"url\":\"https:\/\/www.pm.pb.gov.br\/portal\/\",\"name\":\"Pol\u00edcia Militar da Para\u00edba\",\"description\":\"\",\"publisher\":{\"@id\":\"https:\/\/www.pm.pb.gov.br\/portal\/#organization\"},\"potentialAction\":[{\"@type\":\"SearchAction\",\"target\":{\"@type\":\"EntryPoint\",\"urlTemplate\":\"https:\/\/www.pm.pb.gov.br\/portal\/?s={search_term_string}\"},\"query-input\":\"required name=search_term_string\"}],\"inLanguage\":\"pt-BR\"},{\"@type\":\"Organization\",\"@id\":\"https:\/\/www.pm.pb.gov.br\/portal\/#organization\",\"name\":\"Pol\u00edcia Militar da Para\u00edba\",\"url\":\"https:\/\/www.pm.pb.gov.br\/portal\/\",\"logo\":{\"@type\":\"ImageObject\",\"inLanguage\":\"pt-BR\",\"@id\":\"https:\/\/www.pm.pb.gov.br\/portal\/#\/schema\/logo\/image\/\",\"url\":\"https:\/\/www.pm.pb.gov.br\/portal\/wp-content\/uploads\/2025\/03\/cropped-logo-site-mag2-1.png\",\"contentUrl\":\"https:\/\/www.pm.pb.gov.br\/portal\/wp-content\/uploads\/2025\/03\/cropped-logo-site-mag2-1.png\",\"width\":320,\"height\":90,\"caption\":\"Pol\u00edcia Militar da Para\u00edba\"},\"image\":{\"@id\":\"https:\/\/www.pm.pb.gov.br\/portal\/#\/schema\/logo\/image\/\"}},{\"@type\":\"Person\",\"@id\":\"https:\/\/www.pm.pb.gov.br\/portal\/#\/schema\/person\/e8454f46651c3ecf0e1ba3c1666d9947\",\"name\":\"Assessoria de Imprensa da PMPB\",\"image\":{\"@type\":\"ImageObject\",\"inLanguage\":\"pt-BR\",\"@id\":\"https:\/\/www.pm.pb.gov.br\/portal\/#\/schema\/person\/image\/\",\"url\":\"https:\/\/secure.gravatar.com\/avatar\/2efe197438265d1e90bd98c4c8e1acf8?s=96&d=mm&r=g\",\"contentUrl\":\"https:\/\/secure.gravatar.com\/avatar\/2efe197438265d1e90bd98c4c8e1acf8?s=96&d=mm&r=g\",\"caption\":\"Assessoria de Imprensa da PMPB\"},\"url\":\"https:\/\/www.pm.pb.gov.br\/portal\/author\/assessoria\/\"}]}<\/script>\n<!-- \/ Yoast SEO plugin. -->","yoast_head_json":{"title":"Pol\u00edcia Militar aborda homem e apreende rev\u00f3lver e material suspeito na cidade de Bayeux - Pol\u00edcia Militar da Para\u00edba","robots":{"index":"index","follow":"follow","max-snippet":"max-snippet:-1","max-image-preview":"max-image-preview:large","max-video-preview":"max-video-preview:-1"},"canonical":"https:\/\/www.pm.pb.gov.br\/portal\/2023\/12\/04\/policia-militar-aborda-homem-e-apreende-revolver-e-material-suspeito-na-cidade-de-bayeux\/","og_locale":"pt_BR","og_type":"article","og_title":"Pol\u00edcia Militar aborda homem e apreende rev\u00f3lver e material suspeito na cidade de Bayeux - Pol\u00edcia Militar da Para\u00edba","og_description":"Policiais da For\u00e7a Regional apreenderam um rev\u00f3lver calibre 38, seis muni\u00e7\u00f5es, v\u00e1rios cart\u00f5es, dinheiro em esp\u00e9cie, caderno de anota\u00e7\u00f5es, promiss\u00f3rias","og_url":"https:\/\/www.pm.pb.gov.br\/portal\/2023\/12\/04\/policia-militar-aborda-homem-e-apreende-revolver-e-material-suspeito-na-cidade-de-bayeux\/","og_site_name":"Pol\u00edcia Militar da Para\u00edba","article_published_time":"2023-12-04T13:16:13+00:00","article_modified_time":"2023-12-04T13:16:14+00:00","og_image":[{"width":1600,"height":1600,"url":"http:\/\/www.pm.pb.gov.br\/portal\/wp-content\/uploads\/2023\/12\/WhatsApp-Image-2023-12-03-at-7.57.47-PM-1.jpeg","type":"image\/jpeg"}],"author":"Assessoria de Imprensa da PMPB","twitter_card":"summary_large_image","twitter_misc":{"Escrito por":"Assessoria de Imprensa da PMPB","Est. tempo de leitura":"1 minuto"},"schema":{"@context":"https:\/\/schema.org","@graph":[{"@type":"Article","@id":"https:\/\/www.pm.pb.gov.br\/portal\/2023\/12\/04\/policia-militar-aborda-homem-e-apreende-revolver-e-material-suspeito-na-cidade-de-bayeux\/#article","isPartOf":{"@id":"https:\/\/www.pm.pb.gov.br\/portal\/2023\/12\/04\/policia-militar-aborda-homem-e-apreende-revolver-e-material-suspeito-na-cidade-de-bayeux\/"},"author":{"name":"Assessoria de Imprensa da PMPB","@id":"https:\/\/www.pm.pb.gov.br\/portal\/#\/schema\/person\/e8454f46651c3ecf0e1ba3c1666d9947"},"headline":"Pol\u00edcia Militar aborda homem e apreende rev\u00f3lver e material suspeito na cidade de Bayeux","datePublished":"2023-12-04T13:16:13+00:00","dateModified":"2023-12-04T13:16:14+00:00","mainEntityOfPage":{"@id":"https:\/\/www.pm.pb.gov.br\/portal\/2023\/12\/04\/policia-militar-aborda-homem-e-apreende-revolver-e-material-suspeito-na-cidade-de-bayeux\/"},"wordCount":124,"publisher":{"@id":"https:\/\/www.pm.pb.gov.br\/portal\/#organization"},"articleSection":["A\u00e7\u00f5es Policiais"],"inLanguage":"pt-BR"},{"@type":"WebPage","@id":"https:\/\/www.pm.pb.gov.br\/portal\/2023\/12\/04\/policia-militar-aborda-homem-e-apreende-revolver-e-material-suspeito-na-cidade-de-bayeux\/","url":"https:\/\/www.pm.pb.gov.br\/portal\/2023\/12\/04\/policia-militar-aborda-homem-e-apreende-revolver-e-material-suspeito-na-cidade-de-bayeux\/","name":"Pol\u00edcia Militar aborda homem e apreende rev\u00f3lver e material suspeito na cidade de Bayeux - Pol\u00edcia Militar da Para\u00edba","isPartOf":{"@id":"https:\/\/www.pm.pb.gov.br\/portal\/#website"},"datePublished":"2023-12-04T13:16:13+00:00","dateModified":"2023-12-04T13:16:14+00:00","breadcrumb":{"@id":"https:\/\/www.pm.pb.gov.br\/portal\/2023\/12\/04\/policia-militar-aborda-homem-e-apreende-revolver-e-material-suspeito-na-cidade-de-bayeux\/#breadcrumb"},"inLanguage":"pt-BR","potentialAction":[{"@type":"ReadAction","target":["https:\/\/www.pm.pb.gov.br\/portal\/2023\/12\/04\/policia-militar-aborda-homem-e-apreende-revolver-e-material-suspeito-na-cidade-de-bayeux\/"]}]},{"@type":"BreadcrumbList","@id":"https:\/\/www.pm.pb.gov.br\/portal\/2023\/12\/04\/policia-militar-aborda-homem-e-apreende-revolver-e-material-suspeito-na-cidade-de-bayeux\/#breadcrumb","itemListElement":[{"@type":"ListItem","position":1,"name":"In\u00edcio","item":"https:\/\/www.pm.pb.gov.br\/portal\/"},{"@type":"ListItem","position":2,"name":"Pol\u00edcia Militar aborda homem e apreende rev\u00f3lver e material suspeito na cidade de Bayeux"}]},{"@type":"WebSite","@id":"https:\/\/www.pm.pb.gov.br\/portal\/#website","url":"https:\/\/www.pm.pb.gov.br\/portal\/","name":"Pol\u00edcia Militar da Para\u00edba","description":"","publisher":{"@id":"https:\/\/www.pm.pb.gov.br\/portal\/#organization"},"potentialAction":[{"@type":"SearchAction","target":{"@type":"EntryPoint","urlTemplate":"https:\/\/www.pm.pb.gov.br\/portal\/?s={search_term_string}"},"query-input":"required name=search_term_string"}],"inLanguage":"pt-BR"},{"@type":"Organization","@id":"https:\/\/www.pm.pb.gov.br\/portal\/#organization","name":"Pol\u00edcia Militar da Para\u00edba","url":"https:\/\/www.pm.pb.gov.br\/portal\/","logo":{"@type":"ImageObject","inLanguage":"pt-BR","@id":"https:\/\/www.pm.pb.gov.br\/portal\/#\/schema\/logo\/image\/","url":"https:\/\/www.pm.pb.gov.br\/portal\/wp-content\/uploads\/2025\/03\/cropped-logo-site-mag2-1.png","contentUrl":"https:\/\/www.pm.pb.gov.br\/portal\/wp-content\/uploads\/2025\/03\/cropped-logo-site-mag2-1.png","width":320,"height":90,"caption":"Pol\u00edcia Militar da Para\u00edba"},"image":{"@id":"https:\/\/www.pm.pb.gov.br\/portal\/#\/schema\/logo\/image\/"}},{"@type":"Person","@id":"https:\/\/www.pm.pb.gov.br\/portal\/#\/schema\/person\/e8454f46651c3ecf0e1ba3c1666d9947","name":"Assessoria de Imprensa da PMPB","image":{"@type":"ImageObject","inLanguage":"pt-BR","@id":"https:\/\/www.pm.pb.gov.br\/portal\/#\/schema\/person\/image\/","url":"https:\/\/secure.gravatar.com\/avatar\/2efe197438265d1e90bd98c4c8e1acf8?s=96&d=mm&r=g","contentUrl":"https:\/\/secure.gravatar.com\/avatar\/2efe197438265d1e90bd98c4c8e1acf8?s=96&d=mm&r=g","caption":"Assessoria de Imprensa da PMPB"},"url":"https:\/\/www.pm.pb.gov.br\/portal\/author\/assessoria\/"}]}},"_links":{"self":[{"href":"https:\/\/www.pm.pb.gov.br\/portal\/wp-json\/wp\/v2\/posts\/919366"}],"collection":[{"href":"https:\/\/www.pm.pb.gov.br\/portal\/wp-json\/wp\/v2\/posts"}],"about":[{"href":"https:\/\/www.pm.pb.gov.br\/portal\/wp-json\/wp\/v2\/types\/post"}],"author":[{"embeddable":true,"href":"https:\/\/www.pm.pb.gov.br\/portal\/wp-json\/wp\/v2\/users\/5"}],"replies":[{"embeddable":true,"href":"https:\/\/www.pm.pb.gov.br\/portal\/wp-json\/wp\/v2\/comments?post=919366"}],"version-history":[{"count":2,"href":"https:\/\/www.pm.pb.gov.br\/portal\/wp-json\/wp\/v2\/posts\/919366\/revisions"}],"predecessor-version":[{"id":919448,"href":"https:\/\/www.pm.pb.gov.br\/portal\/wp-json\/wp\/v2\/posts\/919366\/revisions\/919448"}],"wp:featuredmedia":[{"embeddable":true,"href":"https:\/\/www.pm.pb.gov.br\/portal\/wp-json\/wp\/v2\/media\/919447"}],"wp:attachment":[{"href":"https:\/\/www.pm.pb.gov.br\/portal\/wp-json\/wp\/v2\/media?parent=919366"}],"wp:term":[{"taxonomy":"category","embeddable":true,"href":"https:\/\/www.pm.pb.gov.br\/portal\/wp-json\/wp\/v2\/categories?post=919366"},{"taxonomy":"post_tag","embeddable":true,"href":"https:\/\/www.pm.pb.gov.br\/portal\/wp-json\/wp\/v2\/tags?post=919366"}],"curies":[{"name":"wp","href":"https:\/\/api.w.org\/{rel}","templated":true}]}}