{"id":919313,"date":"2023-11-23T11:26:00","date_gmt":"2023-11-23T14:26:00","guid":{"rendered":"https:\/\/www.pm.pb.gov.br\/portal\/?p=919313"},"modified":"2023-11-23T12:43:49","modified_gmt":"2023-11-23T15:43:49","slug":"operacao-integrada-em-aracagi-cumpre-mandados-de-busca-e-apreensao-e-apreende-mais-de-10-armas-de-diversos-calibres","status":"publish","type":"post","link":"https:\/\/www.pm.pb.gov.br\/portal\/2023\/11\/23\/operacao-integrada-em-aracagi-cumpre-mandados-de-busca-e-apreensao-e-apreende-mais-de-10-armas-de-diversos-calibres\/","title":{"rendered":"Opera\u00e7\u00e3o integrada em Ara\u00e7agi cumpre mandados de busca e apreens\u00e3o, e apreende mais de 10 armas de diversos calibres"},"content":{"rendered":"\n<p>As For\u00e7as de Seguran\u00e7a cumpriram, nas primeiras horas da manh\u00e3 desta quinta-feira (23), 15 mandados de busca e apreens\u00e3o na cidade de Ara\u00e7agi, em uma opera\u00e7\u00e3o que reuniu cerca de 120 agentes da seguran\u00e7a p\u00fablica, entre policiais militares, civis e bombeiros.<\/p>\n<p><img loading=\"lazy\" decoding=\"async\" class=\" wp-image-919315 aligncenter\" src=\"http:\/\/www.pm.pb.gov.br\/portal\/wp-content\/uploads\/2023\/11\/WhatsApp-Image-2023-11-23-at-09.18.00-791x445.jpeg\" alt=\"\" width=\"725\" height=\"408\" srcset=\"https:\/\/www.pm.pb.gov.br\/portal\/wp-content\/uploads\/2023\/11\/WhatsApp-Image-2023-11-23-at-09.18.00-791x445.jpeg 791w, https:\/\/www.pm.pb.gov.br\/portal\/wp-content\/uploads\/2023\/11\/WhatsApp-Image-2023-11-23-at-09.18.00-1014x570.jpeg 1014w, https:\/\/www.pm.pb.gov.br\/portal\/wp-content\/uploads\/2023\/11\/WhatsApp-Image-2023-11-23-at-09.18.00-768x432.jpeg 768w, https:\/\/www.pm.pb.gov.br\/portal\/wp-content\/uploads\/2023\/11\/WhatsApp-Image-2023-11-23-at-09.18.00-1536x864.jpeg 1536w, https:\/\/www.pm.pb.gov.br\/portal\/wp-content\/uploads\/2023\/11\/WhatsApp-Image-2023-11-23-at-09.18.00.jpeg 1599w\" sizes=\"(max-width: 725px) 100vw, 725px\" \/><\/p>\n<p>At\u00e9 o fim desta manh\u00e3,\u00a0 a a\u00e7\u00e3o havia apreendido\u00a012 armas de fogo sendo uma submetralhadora, nove rev\u00f3lveres, duas espingardas de fabrica\u00e7\u00e3o caseira, al\u00e9m de dois simulacros de pistola. Sete pessoas com liga\u00e7\u00e3o com o tr\u00e1fico de drogas tamb\u00e9m foram presas.<\/p>\n<p>As a\u00e7\u00f5es foram comandadas pela 4\u00aa Regi\u00e3o Integrada de Seguran\u00e7a P\u00fablica, com o delegado superintendente regional Luciano, e o comandante de policiamento regional 3, coronel Damasceno \u00e0 frente das a\u00e7\u00f5es.<\/p>\n<p><em>Atualizado \u00e0s 13h01.<\/em><\/p>\n\n\n","protected":false},"excerpt":{"rendered":"<p>As For\u00e7as de Seguran\u00e7a cumpriram, nas primeiras horas da manh\u00e3 desta quinta-feira (23), 15 mandados de busca e apreens\u00e3o na<\/p>\n","protected":false},"author":12,"featured_media":919314,"comment_status":"closed","ping_status":"closed","sticky":false,"template":"","format":"standard","meta":{"_exactmetrics_skip_tracking":false,"_exactmetrics_sitenote_active":false,"_exactmetrics_sitenote_note":"","_exactmetrics_sitenote_category":0,"footnotes":""},"categories":[4],"tags":[],"yoast_head":"<!-- This site is optimized with the Yoast SEO plugin v22.0 - https:\/\/yoast.com\/wordpress\/plugins\/seo\/ -->\n<title>Opera\u00e7\u00e3o integrada em Ara\u00e7agi cumpre mandados de busca e apreens\u00e3o, e apreende mais de 10 armas de diversos calibres - Pol\u00edcia Militar da Para\u00edba<\/title>\n<meta name=\"description\" content=\"Saldo final da opera\u00e7\u00e3o ainda ser\u00e1 divulgado pelas For\u00e7as de Seguran\u00e7a.\" \/>\n<meta name=\"robots\" content=\"index, follow, max-snippet:-1, max-image-preview:large, max-video-preview:-1\" \/>\n<link rel=\"canonical\" href=\"https:\/\/www.pm.pb.gov.br\/portal\/2023\/11\/23\/operacao-integrada-em-aracagi-cumpre-mandados-de-busca-e-apreensao-e-apreende-mais-de-10-armas-de-diversos-calibres\/\" \/>\n<meta property=\"og:locale\" content=\"pt_BR\" \/>\n<meta property=\"og:type\" content=\"article\" \/>\n<meta property=\"og:title\" content=\"Opera\u00e7\u00e3o integrada em Ara\u00e7agi cumpre mandados de busca e apreens\u00e3o, e apreende mais de 10 armas de diversos calibres - Pol\u00edcia Militar da Para\u00edba\" \/>\n<meta property=\"og:description\" content=\"Saldo final da opera\u00e7\u00e3o ainda ser\u00e1 divulgado pelas For\u00e7as de Seguran\u00e7a.\" \/>\n<meta property=\"og:url\" content=\"https:\/\/www.pm.pb.gov.br\/portal\/2023\/11\/23\/operacao-integrada-em-aracagi-cumpre-mandados-de-busca-e-apreensao-e-apreende-mais-de-10-armas-de-diversos-calibres\/\" \/>\n<meta property=\"og:site_name\" content=\"Pol\u00edcia Militar da Para\u00edba\" \/>\n<meta property=\"article:published_time\" content=\"2023-11-23T14:26:00+00:00\" \/>\n<meta property=\"article:modified_time\" content=\"2023-11-23T15:43:49+00:00\" \/>\n<meta property=\"og:image\" content=\"http:\/\/www.pm.pb.gov.br\/portal\/wp-content\/uploads\/2023\/11\/WhatsApp-Image-2023-11-23-at-12.44.05.jpeg\" \/>\n\t<meta property=\"og:image:width\" content=\"800\" \/>\n\t<meta property=\"og:image:height\" content=\"448\" \/>\n\t<meta property=\"og:image:type\" content=\"image\/jpeg\" \/>\n<meta name=\"author\" content=\"Tarcisio Oliveira\" \/>\n<meta name=\"twitter:card\" content=\"summary_large_image\" \/>\n<meta name=\"twitter:label1\" content=\"Escrito por\" \/>\n\t<meta name=\"twitter:data1\" content=\"Tarcisio Oliveira\" \/>\n\t<meta name=\"twitter:label2\" content=\"Est. tempo de leitura\" \/>\n\t<meta name=\"twitter:data2\" content=\"1 minuto\" \/>\n<script type=\"application\/ld+json\" class=\"yoast-schema-graph\">{\"@context\":\"https:\/\/schema.org\",\"@graph\":[{\"@type\":\"Article\",\"@id\":\"https:\/\/www.pm.pb.gov.br\/portal\/2023\/11\/23\/operacao-integrada-em-aracagi-cumpre-mandados-de-busca-e-apreensao-e-apreende-mais-de-10-armas-de-diversos-calibres\/#article\",\"isPartOf\":{\"@id\":\"https:\/\/www.pm.pb.gov.br\/portal\/2023\/11\/23\/operacao-integrada-em-aracagi-cumpre-mandados-de-busca-e-apreensao-e-apreende-mais-de-10-armas-de-diversos-calibres\/\"},\"author\":{\"name\":\"Tarcisio Oliveira\",\"@id\":\"https:\/\/www.pm.pb.gov.br\/portal\/#\/schema\/person\/f84f56dcc78ce4357054da888b8247fd\"},\"headline\":\"Opera\u00e7\u00e3o integrada em Ara\u00e7agi cumpre mandados de busca e apreens\u00e3o, e apreende mais de 10 armas de diversos calibres\",\"datePublished\":\"2023-11-23T14:26:00+00:00\",\"dateModified\":\"2023-11-23T15:43:49+00:00\",\"mainEntityOfPage\":{\"@id\":\"https:\/\/www.pm.pb.gov.br\/portal\/2023\/11\/23\/operacao-integrada-em-aracagi-cumpre-mandados-de-busca-e-apreensao-e-apreende-mais-de-10-armas-de-diversos-calibres\/\"},\"wordCount\":148,\"publisher\":{\"@id\":\"https:\/\/www.pm.pb.gov.br\/portal\/#organization\"},\"articleSection\":[\"A\u00e7\u00f5es Policiais\"],\"inLanguage\":\"pt-BR\"},{\"@type\":\"WebPage\",\"@id\":\"https:\/\/www.pm.pb.gov.br\/portal\/2023\/11\/23\/operacao-integrada-em-aracagi-cumpre-mandados-de-busca-e-apreensao-e-apreende-mais-de-10-armas-de-diversos-calibres\/\",\"url\":\"https:\/\/www.pm.pb.gov.br\/portal\/2023\/11\/23\/operacao-integrada-em-aracagi-cumpre-mandados-de-busca-e-apreensao-e-apreende-mais-de-10-armas-de-diversos-calibres\/\",\"name\":\"Opera\u00e7\u00e3o integrada em Ara\u00e7agi cumpre mandados de busca e apreens\u00e3o, e apreende mais de 10 armas de diversos calibres - Pol\u00edcia Militar da Para\u00edba\",\"isPartOf\":{\"@id\":\"https:\/\/www.pm.pb.gov.br\/portal\/#website\"},\"datePublished\":\"2023-11-23T14:26:00+00:00\",\"dateModified\":\"2023-11-23T15:43:49+00:00\",\"description\":\"Saldo final da opera\u00e7\u00e3o ainda ser\u00e1 divulgado pelas For\u00e7as de Seguran\u00e7a.\",\"breadcrumb\":{\"@id\":\"https:\/\/www.pm.pb.gov.br\/portal\/2023\/11\/23\/operacao-integrada-em-aracagi-cumpre-mandados-de-busca-e-apreensao-e-apreende-mais-de-10-armas-de-diversos-calibres\/#breadcrumb\"},\"inLanguage\":\"pt-BR\",\"potentialAction\":[{\"@type\":\"ReadAction\",\"target\":[\"https:\/\/www.pm.pb.gov.br\/portal\/2023\/11\/23\/operacao-integrada-em-aracagi-cumpre-mandados-de-busca-e-apreensao-e-apreende-mais-de-10-armas-de-diversos-calibres\/\"]}]},{\"@type\":\"BreadcrumbList\",\"@id\":\"https:\/\/www.pm.pb.gov.br\/portal\/2023\/11\/23\/operacao-integrada-em-aracagi-cumpre-mandados-de-busca-e-apreensao-e-apreende-mais-de-10-armas-de-diversos-calibres\/#breadcrumb\",\"itemListElement\":[{\"@type\":\"ListItem\",\"position\":1,\"name\":\"In\u00edcio\",\"item\":\"https:\/\/www.pm.pb.gov.br\/portal\/\"},{\"@type\":\"ListItem\",\"position\":2,\"name\":\"Opera\u00e7\u00e3o integrada em Ara\u00e7agi cumpre mandados de busca e apreens\u00e3o, e apreende mais de 10 armas de diversos calibres\"}]},{\"@type\":\"WebSite\",\"@id\":\"https:\/\/www.pm.pb.gov.br\/portal\/#website\",\"url\":\"https:\/\/www.pm.pb.gov.br\/portal\/\",\"name\":\"Pol\u00edcia Militar da Para\u00edba\",\"description\":\"\",\"publisher\":{\"@id\":\"https:\/\/www.pm.pb.gov.br\/portal\/#organization\"},\"potentialAction\":[{\"@type\":\"SearchAction\",\"target\":{\"@type\":\"EntryPoint\",\"urlTemplate\":\"https:\/\/www.pm.pb.gov.br\/portal\/?s={search_term_string}\"},\"query-input\":\"required name=search_term_string\"}],\"inLanguage\":\"pt-BR\"},{\"@type\":\"Organization\",\"@id\":\"https:\/\/www.pm.pb.gov.br\/portal\/#organization\",\"name\":\"Pol\u00edcia Militar da Para\u00edba\",\"url\":\"https:\/\/www.pm.pb.gov.br\/portal\/\",\"logo\":{\"@type\":\"ImageObject\",\"inLanguage\":\"pt-BR\",\"@id\":\"https:\/\/www.pm.pb.gov.br\/portal\/#\/schema\/logo\/image\/\",\"url\":\"https:\/\/www.pm.pb.gov.br\/portal\/wp-content\/uploads\/2025\/03\/cropped-logo-site-mag2-1.png\",\"contentUrl\":\"https:\/\/www.pm.pb.gov.br\/portal\/wp-content\/uploads\/2025\/03\/cropped-logo-site-mag2-1.png\",\"width\":320,\"height\":90,\"caption\":\"Pol\u00edcia Militar da Para\u00edba\"},\"image\":{\"@id\":\"https:\/\/www.pm.pb.gov.br\/portal\/#\/schema\/logo\/image\/\"}},{\"@type\":\"Person\",\"@id\":\"https:\/\/www.pm.pb.gov.br\/portal\/#\/schema\/person\/f84f56dcc78ce4357054da888b8247fd\",\"name\":\"Tarcisio Oliveira\",\"image\":{\"@type\":\"ImageObject\",\"inLanguage\":\"pt-BR\",\"@id\":\"https:\/\/www.pm.pb.gov.br\/portal\/#\/schema\/person\/image\/\",\"url\":\"https:\/\/secure.gravatar.com\/avatar\/72917b630b69d31cd0297507f34bac97?s=96&d=mm&r=g\",\"contentUrl\":\"https:\/\/secure.gravatar.com\/avatar\/72917b630b69d31cd0297507f34bac97?s=96&d=mm&r=g\",\"caption\":\"Tarcisio Oliveira\"},\"url\":\"https:\/\/www.pm.pb.gov.br\/portal\/author\/tarcisio\/\"}]}<\/script>\n<!-- \/ Yoast SEO plugin. -->","yoast_head_json":{"title":"Opera\u00e7\u00e3o integrada em Ara\u00e7agi cumpre mandados de busca e apreens\u00e3o, e apreende mais de 10 armas de diversos calibres - Pol\u00edcia Militar da Para\u00edba","description":"Saldo final da opera\u00e7\u00e3o ainda ser\u00e1 divulgado pelas For\u00e7as de Seguran\u00e7a.","robots":{"index":"index","follow":"follow","max-snippet":"max-snippet:-1","max-image-preview":"max-image-preview:large","max-video-preview":"max-video-preview:-1"},"canonical":"https:\/\/www.pm.pb.gov.br\/portal\/2023\/11\/23\/operacao-integrada-em-aracagi-cumpre-mandados-de-busca-e-apreensao-e-apreende-mais-de-10-armas-de-diversos-calibres\/","og_locale":"pt_BR","og_type":"article","og_title":"Opera\u00e7\u00e3o integrada em Ara\u00e7agi cumpre mandados de busca e apreens\u00e3o, e apreende mais de 10 armas de diversos calibres - Pol\u00edcia Militar da Para\u00edba","og_description":"Saldo final da opera\u00e7\u00e3o ainda ser\u00e1 divulgado pelas For\u00e7as de Seguran\u00e7a.","og_url":"https:\/\/www.pm.pb.gov.br\/portal\/2023\/11\/23\/operacao-integrada-em-aracagi-cumpre-mandados-de-busca-e-apreensao-e-apreende-mais-de-10-armas-de-diversos-calibres\/","og_site_name":"Pol\u00edcia Militar da Para\u00edba","article_published_time":"2023-11-23T14:26:00+00:00","article_modified_time":"2023-11-23T15:43:49+00:00","og_image":[{"width":800,"height":448,"url":"http:\/\/www.pm.pb.gov.br\/portal\/wp-content\/uploads\/2023\/11\/WhatsApp-Image-2023-11-23-at-12.44.05.jpeg","type":"image\/jpeg"}],"author":"Tarcisio Oliveira","twitter_card":"summary_large_image","twitter_misc":{"Escrito por":"Tarcisio Oliveira","Est. tempo de leitura":"1 minuto"},"schema":{"@context":"https:\/\/schema.org","@graph":[{"@type":"Article","@id":"https:\/\/www.pm.pb.gov.br\/portal\/2023\/11\/23\/operacao-integrada-em-aracagi-cumpre-mandados-de-busca-e-apreensao-e-apreende-mais-de-10-armas-de-diversos-calibres\/#article","isPartOf":{"@id":"https:\/\/www.pm.pb.gov.br\/portal\/2023\/11\/23\/operacao-integrada-em-aracagi-cumpre-mandados-de-busca-e-apreensao-e-apreende-mais-de-10-armas-de-diversos-calibres\/"},"author":{"name":"Tarcisio Oliveira","@id":"https:\/\/www.pm.pb.gov.br\/portal\/#\/schema\/person\/f84f56dcc78ce4357054da888b8247fd"},"headline":"Opera\u00e7\u00e3o integrada em Ara\u00e7agi cumpre mandados de busca e apreens\u00e3o, e apreende mais de 10 armas de diversos calibres","datePublished":"2023-11-23T14:26:00+00:00","dateModified":"2023-11-23T15:43:49+00:00","mainEntityOfPage":{"@id":"https:\/\/www.pm.pb.gov.br\/portal\/2023\/11\/23\/operacao-integrada-em-aracagi-cumpre-mandados-de-busca-e-apreensao-e-apreende-mais-de-10-armas-de-diversos-calibres\/"},"wordCount":148,"publisher":{"@id":"https:\/\/www.pm.pb.gov.br\/portal\/#organization"},"articleSection":["A\u00e7\u00f5es Policiais"],"inLanguage":"pt-BR"},{"@type":"WebPage","@id":"https:\/\/www.pm.pb.gov.br\/portal\/2023\/11\/23\/operacao-integrada-em-aracagi-cumpre-mandados-de-busca-e-apreensao-e-apreende-mais-de-10-armas-de-diversos-calibres\/","url":"https:\/\/www.pm.pb.gov.br\/portal\/2023\/11\/23\/operacao-integrada-em-aracagi-cumpre-mandados-de-busca-e-apreensao-e-apreende-mais-de-10-armas-de-diversos-calibres\/","name":"Opera\u00e7\u00e3o integrada em Ara\u00e7agi cumpre mandados de busca e apreens\u00e3o, e apreende mais de 10 armas de diversos calibres - Pol\u00edcia Militar da Para\u00edba","isPartOf":{"@id":"https:\/\/www.pm.pb.gov.br\/portal\/#website"},"datePublished":"2023-11-23T14:26:00+00:00","dateModified":"2023-11-23T15:43:49+00:00","description":"Saldo final da opera\u00e7\u00e3o ainda ser\u00e1 divulgado pelas For\u00e7as de Seguran\u00e7a.","breadcrumb":{"@id":"https:\/\/www.pm.pb.gov.br\/portal\/2023\/11\/23\/operacao-integrada-em-aracagi-cumpre-mandados-de-busca-e-apreensao-e-apreende-mais-de-10-armas-de-diversos-calibres\/#breadcrumb"},"inLanguage":"pt-BR","potentialAction":[{"@type":"ReadAction","target":["https:\/\/www.pm.pb.gov.br\/portal\/2023\/11\/23\/operacao-integrada-em-aracagi-cumpre-mandados-de-busca-e-apreensao-e-apreende-mais-de-10-armas-de-diversos-calibres\/"]}]},{"@type":"BreadcrumbList","@id":"https:\/\/www.pm.pb.gov.br\/portal\/2023\/11\/23\/operacao-integrada-em-aracagi-cumpre-mandados-de-busca-e-apreensao-e-apreende-mais-de-10-armas-de-diversos-calibres\/#breadcrumb","itemListElement":[{"@type":"ListItem","position":1,"name":"In\u00edcio","item":"https:\/\/www.pm.pb.gov.br\/portal\/"},{"@type":"ListItem","position":2,"name":"Opera\u00e7\u00e3o integrada em Ara\u00e7agi cumpre mandados de busca e apreens\u00e3o, e apreende mais de 10 armas de diversos calibres"}]},{"@type":"WebSite","@id":"https:\/\/www.pm.pb.gov.br\/portal\/#website","url":"https:\/\/www.pm.pb.gov.br\/portal\/","name":"Pol\u00edcia Militar da Para\u00edba","description":"","publisher":{"@id":"https:\/\/www.pm.pb.gov.br\/portal\/#organization"},"potentialAction":[{"@type":"SearchAction","target":{"@type":"EntryPoint","urlTemplate":"https:\/\/www.pm.pb.gov.br\/portal\/?s={search_term_string}"},"query-input":"required name=search_term_string"}],"inLanguage":"pt-BR"},{"@type":"Organization","@id":"https:\/\/www.pm.pb.gov.br\/portal\/#organization","name":"Pol\u00edcia Militar da Para\u00edba","url":"https:\/\/www.pm.pb.gov.br\/portal\/","logo":{"@type":"ImageObject","inLanguage":"pt-BR","@id":"https:\/\/www.pm.pb.gov.br\/portal\/#\/schema\/logo\/image\/","url":"https:\/\/www.pm.pb.gov.br\/portal\/wp-content\/uploads\/2025\/03\/cropped-logo-site-mag2-1.png","contentUrl":"https:\/\/www.pm.pb.gov.br\/portal\/wp-content\/uploads\/2025\/03\/cropped-logo-site-mag2-1.png","width":320,"height":90,"caption":"Pol\u00edcia Militar da Para\u00edba"},"image":{"@id":"https:\/\/www.pm.pb.gov.br\/portal\/#\/schema\/logo\/image\/"}},{"@type":"Person","@id":"https:\/\/www.pm.pb.gov.br\/portal\/#\/schema\/person\/f84f56dcc78ce4357054da888b8247fd","name":"Tarcisio Oliveira","image":{"@type":"ImageObject","inLanguage":"pt-BR","@id":"https:\/\/www.pm.pb.gov.br\/portal\/#\/schema\/person\/image\/","url":"https:\/\/secure.gravatar.com\/avatar\/72917b630b69d31cd0297507f34bac97?s=96&d=mm&r=g","contentUrl":"https:\/\/secure.gravatar.com\/avatar\/72917b630b69d31cd0297507f34bac97?s=96&d=mm&r=g","caption":"Tarcisio Oliveira"},"url":"https:\/\/www.pm.pb.gov.br\/portal\/author\/tarcisio\/"}]}},"_links":{"self":[{"href":"https:\/\/www.pm.pb.gov.br\/portal\/wp-json\/wp\/v2\/posts\/919313"}],"collection":[{"href":"https:\/\/www.pm.pb.gov.br\/portal\/wp-json\/wp\/v2\/posts"}],"about":[{"href":"https:\/\/www.pm.pb.gov.br\/portal\/wp-json\/wp\/v2\/types\/post"}],"author":[{"embeddable":true,"href":"https:\/\/www.pm.pb.gov.br\/portal\/wp-json\/wp\/v2\/users\/12"}],"replies":[{"embeddable":true,"href":"https:\/\/www.pm.pb.gov.br\/portal\/wp-json\/wp\/v2\/comments?post=919313"}],"version-history":[{"count":3,"href":"https:\/\/www.pm.pb.gov.br\/portal\/wp-json\/wp\/v2\/posts\/919313\/revisions"}],"predecessor-version":[{"id":919319,"href":"https:\/\/www.pm.pb.gov.br\/portal\/wp-json\/wp\/v2\/posts\/919313\/revisions\/919319"}],"wp:featuredmedia":[{"embeddable":true,"href":"https:\/\/www.pm.pb.gov.br\/portal\/wp-json\/wp\/v2\/media\/919314"}],"wp:attachment":[{"href":"https:\/\/www.pm.pb.gov.br\/portal\/wp-json\/wp\/v2\/media?parent=919313"}],"wp:term":[{"taxonomy":"category","embeddable":true,"href":"https:\/\/www.pm.pb.gov.br\/portal\/wp-json\/wp\/v2\/categories?post=919313"},{"taxonomy":"post_tag","embeddable":true,"href":"https:\/\/www.pm.pb.gov.br\/portal\/wp-json\/wp\/v2\/tags?post=919313"}],"curies":[{"name":"wp","href":"https:\/\/api.w.org\/{rel}","templated":true}]}}