{"id":919306,"date":"2023-11-22T20:24:00","date_gmt":"2023-11-22T23:24:00","guid":{"rendered":"https:\/\/www.pm.pb.gov.br\/portal\/?p=919306"},"modified":"2023-11-23T11:28:30","modified_gmt":"2023-11-23T14:28:30","slug":"em-dois-duas-quatro-armas-de-fogo-sao-apreendidas-com-menores-em-cabedelo","status":"publish","type":"post","link":"https:\/\/www.pm.pb.gov.br\/portal\/2023\/11\/22\/em-dois-duas-quatro-armas-de-fogo-sao-apreendidas-com-menores-em-cabedelo\/","title":{"rendered":"Em dois dias, quatro armas de fogo s\u00e3o apreendidas com menores em Cabedelo"},"content":{"rendered":"\n<p>A Pol\u00edcia Militar apreendeu mais uma arma de fogo que estava com uma adolescente, no munic\u00edpio de Cabedelo, nesta \u00faltima quarta-feira (22). Com esta a\u00e7\u00e3o, j\u00e1 s\u00e3o quatro armas apreendidas com dois adolescentes nos \u00faltimos dois dias na cidade (foto acima ilustrativa).<\/p>\n<p>Dessa vez, uma pistola, drogas e muni\u00e7\u00f5es foram localizadas com uma adolescente no bairro Portal do Po\u00e7o (foto abaixo). De acordo com o comando da 6\u00aa Companhia Independente, unidade respons\u00e1vel pela a\u00e7\u00e3o, a menor ainda tentou fugir ao perceber a presen\u00e7a da PM na regi\u00e3o, mas o ato foi frustrado.<\/p>\n<p><img loading=\"lazy\" decoding=\"async\" class=\"size-medium wp-image-919307 aligncenter\" src=\"http:\/\/www.pm.pb.gov.br\/portal\/wp-content\/uploads\/2023\/11\/WhatsApp-Image-2023-11-22-at-17.27.10-358x445.jpeg\" alt=\"\" width=\"358\" height=\"445\" srcset=\"https:\/\/www.pm.pb.gov.br\/portal\/wp-content\/uploads\/2023\/11\/WhatsApp-Image-2023-11-22-at-17.27.10-358x445.jpeg 358w, https:\/\/www.pm.pb.gov.br\/portal\/wp-content\/uploads\/2023\/11\/WhatsApp-Image-2023-11-22-at-17.27.10-459x570.jpeg 459w, https:\/\/www.pm.pb.gov.br\/portal\/wp-content\/uploads\/2023\/11\/WhatsApp-Image-2023-11-22-at-17.27.10-768x954.jpeg 768w, https:\/\/www.pm.pb.gov.br\/portal\/wp-content\/uploads\/2023\/11\/WhatsApp-Image-2023-11-22-at-17.27.10.jpeg 828w\" sizes=\"(max-width: 358px) 100vw, 358px\" \/><\/p>\n<p>Com ela a PM encontrou mais de 120 por\u00e7\u00f5es de subst\u00e2ncia an\u00e1loga a maconha em diversos tamanhos, a pistola e mais 13 muni\u00e7\u00f5es. A proced\u00eancia do material dever\u00e1 ser investigada. A ocorr\u00eancia foi encaminhada para a delegacia para os procedimentos cab\u00edveis e devida autua\u00e7\u00e3o do ato infracional.<\/p>\n<p>Na \u00faltima ter\u00e7a-feira (21), tr\u00eas armas de fogo entre pistola e dois rev\u00f3lveres, e um simulacro, foram apreendidos com outro adolescente em Cabedelo. O menor tamb\u00e9m estava com por\u00e7\u00f5es de drogas e maquineta para cart\u00e3o de cr\u00e9dito (foto abaixo). A ocorr\u00eancia foi apresentada na Delegacia da Inf\u00e2ncia e Juventude na capital.<\/p>\n<p><img loading=\"lazy\" decoding=\"async\" class=\"wp-image-919286 aligncenter\" src=\"http:\/\/www.pm.pb.gov.br\/portal\/wp-content\/uploads\/2023\/11\/WhatsApp-Image-2023-11-21-at-17.52.31.jpeg\" alt=\"\" width=\"705\" height=\"392\" srcset=\"https:\/\/www.pm.pb.gov.br\/portal\/wp-content\/uploads\/2023\/11\/WhatsApp-Image-2023-11-21-at-17.52.31.jpeg 800w, https:\/\/www.pm.pb.gov.br\/portal\/wp-content\/uploads\/2023\/11\/WhatsApp-Image-2023-11-21-at-17.52.31-245x136.jpeg 245w, https:\/\/www.pm.pb.gov.br\/portal\/wp-content\/uploads\/2023\/11\/WhatsApp-Image-2023-11-21-at-17.52.31-768x427.jpeg 768w\" sizes=\"(max-width: 705px) 100vw, 705px\" \/><\/p>\n\n\n","protected":false},"excerpt":{"rendered":"<p>A Pol\u00edcia Militar apreendeu mais uma arma de fogo que estava com uma adolescente, no munic\u00edpio de Cabedelo, nesta \u00faltima<\/p>\n","protected":false},"author":12,"featured_media":916035,"comment_status":"closed","ping_status":"closed","sticky":false,"template":"","format":"standard","meta":{"_exactmetrics_skip_tracking":false,"_exactmetrics_sitenote_active":false,"_exactmetrics_sitenote_note":"","_exactmetrics_sitenote_category":0,"footnotes":""},"categories":[4],"tags":[],"yoast_head":"<!-- This site is optimized with the Yoast SEO plugin v22.0 - https:\/\/yoast.com\/wordpress\/plugins\/seo\/ -->\n<title>Em dois dias, quatro armas de fogo s\u00e3o apreendidas com menores em Cabedelo - Pol\u00edcia Militar da Para\u00edba<\/title>\n<meta name=\"description\" content=\"Dessa vez, uma pistola, drogas e muni\u00e7\u00f5es foram localizadas com uma adolescente no bairro Portal do Po\u00e7o\" \/>\n<meta name=\"robots\" content=\"index, follow, max-snippet:-1, max-image-preview:large, max-video-preview:-1\" \/>\n<link rel=\"canonical\" href=\"https:\/\/www.pm.pb.gov.br\/portal\/2023\/11\/22\/em-dois-duas-quatro-armas-de-fogo-sao-apreendidas-com-menores-em-cabedelo\/\" \/>\n<meta property=\"og:locale\" content=\"pt_BR\" \/>\n<meta property=\"og:type\" content=\"article\" \/>\n<meta property=\"og:title\" content=\"Em dois dias, quatro armas de fogo s\u00e3o apreendidas com menores em Cabedelo - Pol\u00edcia Militar da Para\u00edba\" \/>\n<meta property=\"og:description\" content=\"Dessa vez, uma pistola, drogas e muni\u00e7\u00f5es foram localizadas com uma adolescente no bairro Portal do Po\u00e7o\" \/>\n<meta property=\"og:url\" content=\"https:\/\/www.pm.pb.gov.br\/portal\/2023\/11\/22\/em-dois-duas-quatro-armas-de-fogo-sao-apreendidas-com-menores-em-cabedelo\/\" \/>\n<meta property=\"og:site_name\" content=\"Pol\u00edcia Militar da Para\u00edba\" \/>\n<meta property=\"article:published_time\" content=\"2023-11-22T23:24:00+00:00\" \/>\n<meta property=\"article:modified_time\" content=\"2023-11-23T14:28:30+00:00\" \/>\n<meta property=\"og:image\" content=\"http:\/\/www.pm.pb.gov.br\/portal\/wp-content\/uploads\/2023\/03\/6acipm.jpeg\" \/>\n\t<meta property=\"og:image:width\" content=\"800\" \/>\n\t<meta property=\"og:image:height\" content=\"445\" \/>\n\t<meta property=\"og:image:type\" content=\"image\/jpeg\" \/>\n<meta name=\"author\" content=\"Tarcisio Oliveira\" \/>\n<meta name=\"twitter:card\" content=\"summary_large_image\" \/>\n<meta name=\"twitter:label1\" content=\"Escrito por\" \/>\n\t<meta name=\"twitter:data1\" content=\"Tarcisio Oliveira\" \/>\n\t<meta name=\"twitter:label2\" content=\"Est. tempo de leitura\" \/>\n\t<meta name=\"twitter:data2\" content=\"2 minutos\" \/>\n<script type=\"application\/ld+json\" class=\"yoast-schema-graph\">{\"@context\":\"https:\/\/schema.org\",\"@graph\":[{\"@type\":\"Article\",\"@id\":\"https:\/\/www.pm.pb.gov.br\/portal\/2023\/11\/22\/em-dois-duas-quatro-armas-de-fogo-sao-apreendidas-com-menores-em-cabedelo\/#article\",\"isPartOf\":{\"@id\":\"https:\/\/www.pm.pb.gov.br\/portal\/2023\/11\/22\/em-dois-duas-quatro-armas-de-fogo-sao-apreendidas-com-menores-em-cabedelo\/\"},\"author\":{\"name\":\"Tarcisio Oliveira\",\"@id\":\"https:\/\/www.pm.pb.gov.br\/portal\/#\/schema\/person\/f84f56dcc78ce4357054da888b8247fd\"},\"headline\":\"Em dois dias, quatro armas de fogo s\u00e3o apreendidas com menores em Cabedelo\",\"datePublished\":\"2023-11-22T23:24:00+00:00\",\"dateModified\":\"2023-11-23T14:28:30+00:00\",\"mainEntityOfPage\":{\"@id\":\"https:\/\/www.pm.pb.gov.br\/portal\/2023\/11\/22\/em-dois-duas-quatro-armas-de-fogo-sao-apreendidas-com-menores-em-cabedelo\/\"},\"wordCount\":226,\"publisher\":{\"@id\":\"https:\/\/www.pm.pb.gov.br\/portal\/#organization\"},\"articleSection\":[\"A\u00e7\u00f5es Policiais\"],\"inLanguage\":\"pt-BR\"},{\"@type\":\"WebPage\",\"@id\":\"https:\/\/www.pm.pb.gov.br\/portal\/2023\/11\/22\/em-dois-duas-quatro-armas-de-fogo-sao-apreendidas-com-menores-em-cabedelo\/\",\"url\":\"https:\/\/www.pm.pb.gov.br\/portal\/2023\/11\/22\/em-dois-duas-quatro-armas-de-fogo-sao-apreendidas-com-menores-em-cabedelo\/\",\"name\":\"Em dois dias, quatro armas de fogo s\u00e3o apreendidas com menores em Cabedelo - Pol\u00edcia Militar da Para\u00edba\",\"isPartOf\":{\"@id\":\"https:\/\/www.pm.pb.gov.br\/portal\/#website\"},\"datePublished\":\"2023-11-22T23:24:00+00:00\",\"dateModified\":\"2023-11-23T14:28:30+00:00\",\"description\":\"Dessa vez, uma pistola, drogas e muni\u00e7\u00f5es foram localizadas com uma adolescente no bairro Portal do Po\u00e7o\",\"breadcrumb\":{\"@id\":\"https:\/\/www.pm.pb.gov.br\/portal\/2023\/11\/22\/em-dois-duas-quatro-armas-de-fogo-sao-apreendidas-com-menores-em-cabedelo\/#breadcrumb\"},\"inLanguage\":\"pt-BR\",\"potentialAction\":[{\"@type\":\"ReadAction\",\"target\":[\"https:\/\/www.pm.pb.gov.br\/portal\/2023\/11\/22\/em-dois-duas-quatro-armas-de-fogo-sao-apreendidas-com-menores-em-cabedelo\/\"]}]},{\"@type\":\"BreadcrumbList\",\"@id\":\"https:\/\/www.pm.pb.gov.br\/portal\/2023\/11\/22\/em-dois-duas-quatro-armas-de-fogo-sao-apreendidas-com-menores-em-cabedelo\/#breadcrumb\",\"itemListElement\":[{\"@type\":\"ListItem\",\"position\":1,\"name\":\"In\u00edcio\",\"item\":\"https:\/\/www.pm.pb.gov.br\/portal\/\"},{\"@type\":\"ListItem\",\"position\":2,\"name\":\"Em dois dias, quatro armas de fogo s\u00e3o apreendidas com menores em Cabedelo\"}]},{\"@type\":\"WebSite\",\"@id\":\"https:\/\/www.pm.pb.gov.br\/portal\/#website\",\"url\":\"https:\/\/www.pm.pb.gov.br\/portal\/\",\"name\":\"Pol\u00edcia Militar da Para\u00edba\",\"description\":\"\",\"publisher\":{\"@id\":\"https:\/\/www.pm.pb.gov.br\/portal\/#organization\"},\"potentialAction\":[{\"@type\":\"SearchAction\",\"target\":{\"@type\":\"EntryPoint\",\"urlTemplate\":\"https:\/\/www.pm.pb.gov.br\/portal\/?s={search_term_string}\"},\"query-input\":\"required name=search_term_string\"}],\"inLanguage\":\"pt-BR\"},{\"@type\":\"Organization\",\"@id\":\"https:\/\/www.pm.pb.gov.br\/portal\/#organization\",\"name\":\"Pol\u00edcia Militar da Para\u00edba\",\"url\":\"https:\/\/www.pm.pb.gov.br\/portal\/\",\"logo\":{\"@type\":\"ImageObject\",\"inLanguage\":\"pt-BR\",\"@id\":\"https:\/\/www.pm.pb.gov.br\/portal\/#\/schema\/logo\/image\/\",\"url\":\"https:\/\/www.pm.pb.gov.br\/portal\/wp-content\/uploads\/2025\/03\/cropped-logo-site-mag2-1.png\",\"contentUrl\":\"https:\/\/www.pm.pb.gov.br\/portal\/wp-content\/uploads\/2025\/03\/cropped-logo-site-mag2-1.png\",\"width\":320,\"height\":90,\"caption\":\"Pol\u00edcia Militar da Para\u00edba\"},\"image\":{\"@id\":\"https:\/\/www.pm.pb.gov.br\/portal\/#\/schema\/logo\/image\/\"}},{\"@type\":\"Person\",\"@id\":\"https:\/\/www.pm.pb.gov.br\/portal\/#\/schema\/person\/f84f56dcc78ce4357054da888b8247fd\",\"name\":\"Tarcisio Oliveira\",\"image\":{\"@type\":\"ImageObject\",\"inLanguage\":\"pt-BR\",\"@id\":\"https:\/\/www.pm.pb.gov.br\/portal\/#\/schema\/person\/image\/\",\"url\":\"https:\/\/secure.gravatar.com\/avatar\/72917b630b69d31cd0297507f34bac97?s=96&d=mm&r=g\",\"contentUrl\":\"https:\/\/secure.gravatar.com\/avatar\/72917b630b69d31cd0297507f34bac97?s=96&d=mm&r=g\",\"caption\":\"Tarcisio Oliveira\"},\"url\":\"https:\/\/www.pm.pb.gov.br\/portal\/author\/tarcisio\/\"}]}<\/script>\n<!-- \/ Yoast SEO plugin. -->","yoast_head_json":{"title":"Em dois dias, quatro armas de fogo s\u00e3o apreendidas com menores em Cabedelo - Pol\u00edcia Militar da Para\u00edba","description":"Dessa vez, uma pistola, drogas e muni\u00e7\u00f5es foram localizadas com uma adolescente no bairro Portal do Po\u00e7o","robots":{"index":"index","follow":"follow","max-snippet":"max-snippet:-1","max-image-preview":"max-image-preview:large","max-video-preview":"max-video-preview:-1"},"canonical":"https:\/\/www.pm.pb.gov.br\/portal\/2023\/11\/22\/em-dois-duas-quatro-armas-de-fogo-sao-apreendidas-com-menores-em-cabedelo\/","og_locale":"pt_BR","og_type":"article","og_title":"Em dois dias, quatro armas de fogo s\u00e3o apreendidas com menores em Cabedelo - Pol\u00edcia Militar da Para\u00edba","og_description":"Dessa vez, uma pistola, drogas e muni\u00e7\u00f5es foram localizadas com uma adolescente no bairro Portal do Po\u00e7o","og_url":"https:\/\/www.pm.pb.gov.br\/portal\/2023\/11\/22\/em-dois-duas-quatro-armas-de-fogo-sao-apreendidas-com-menores-em-cabedelo\/","og_site_name":"Pol\u00edcia Militar da Para\u00edba","article_published_time":"2023-11-22T23:24:00+00:00","article_modified_time":"2023-11-23T14:28:30+00:00","og_image":[{"width":800,"height":445,"url":"http:\/\/www.pm.pb.gov.br\/portal\/wp-content\/uploads\/2023\/03\/6acipm.jpeg","type":"image\/jpeg"}],"author":"Tarcisio Oliveira","twitter_card":"summary_large_image","twitter_misc":{"Escrito por":"Tarcisio Oliveira","Est. tempo de leitura":"2 minutos"},"schema":{"@context":"https:\/\/schema.org","@graph":[{"@type":"Article","@id":"https:\/\/www.pm.pb.gov.br\/portal\/2023\/11\/22\/em-dois-duas-quatro-armas-de-fogo-sao-apreendidas-com-menores-em-cabedelo\/#article","isPartOf":{"@id":"https:\/\/www.pm.pb.gov.br\/portal\/2023\/11\/22\/em-dois-duas-quatro-armas-de-fogo-sao-apreendidas-com-menores-em-cabedelo\/"},"author":{"name":"Tarcisio Oliveira","@id":"https:\/\/www.pm.pb.gov.br\/portal\/#\/schema\/person\/f84f56dcc78ce4357054da888b8247fd"},"headline":"Em dois dias, quatro armas de fogo s\u00e3o apreendidas com menores em Cabedelo","datePublished":"2023-11-22T23:24:00+00:00","dateModified":"2023-11-23T14:28:30+00:00","mainEntityOfPage":{"@id":"https:\/\/www.pm.pb.gov.br\/portal\/2023\/11\/22\/em-dois-duas-quatro-armas-de-fogo-sao-apreendidas-com-menores-em-cabedelo\/"},"wordCount":226,"publisher":{"@id":"https:\/\/www.pm.pb.gov.br\/portal\/#organization"},"articleSection":["A\u00e7\u00f5es Policiais"],"inLanguage":"pt-BR"},{"@type":"WebPage","@id":"https:\/\/www.pm.pb.gov.br\/portal\/2023\/11\/22\/em-dois-duas-quatro-armas-de-fogo-sao-apreendidas-com-menores-em-cabedelo\/","url":"https:\/\/www.pm.pb.gov.br\/portal\/2023\/11\/22\/em-dois-duas-quatro-armas-de-fogo-sao-apreendidas-com-menores-em-cabedelo\/","name":"Em dois dias, quatro armas de fogo s\u00e3o apreendidas com menores em Cabedelo - Pol\u00edcia Militar da Para\u00edba","isPartOf":{"@id":"https:\/\/www.pm.pb.gov.br\/portal\/#website"},"datePublished":"2023-11-22T23:24:00+00:00","dateModified":"2023-11-23T14:28:30+00:00","description":"Dessa vez, uma pistola, drogas e muni\u00e7\u00f5es foram localizadas com uma adolescente no bairro Portal do Po\u00e7o","breadcrumb":{"@id":"https:\/\/www.pm.pb.gov.br\/portal\/2023\/11\/22\/em-dois-duas-quatro-armas-de-fogo-sao-apreendidas-com-menores-em-cabedelo\/#breadcrumb"},"inLanguage":"pt-BR","potentialAction":[{"@type":"ReadAction","target":["https:\/\/www.pm.pb.gov.br\/portal\/2023\/11\/22\/em-dois-duas-quatro-armas-de-fogo-sao-apreendidas-com-menores-em-cabedelo\/"]}]},{"@type":"BreadcrumbList","@id":"https:\/\/www.pm.pb.gov.br\/portal\/2023\/11\/22\/em-dois-duas-quatro-armas-de-fogo-sao-apreendidas-com-menores-em-cabedelo\/#breadcrumb","itemListElement":[{"@type":"ListItem","position":1,"name":"In\u00edcio","item":"https:\/\/www.pm.pb.gov.br\/portal\/"},{"@type":"ListItem","position":2,"name":"Em dois dias, quatro armas de fogo s\u00e3o apreendidas com menores em Cabedelo"}]},{"@type":"WebSite","@id":"https:\/\/www.pm.pb.gov.br\/portal\/#website","url":"https:\/\/www.pm.pb.gov.br\/portal\/","name":"Pol\u00edcia Militar da Para\u00edba","description":"","publisher":{"@id":"https:\/\/www.pm.pb.gov.br\/portal\/#organization"},"potentialAction":[{"@type":"SearchAction","target":{"@type":"EntryPoint","urlTemplate":"https:\/\/www.pm.pb.gov.br\/portal\/?s={search_term_string}"},"query-input":"required name=search_term_string"}],"inLanguage":"pt-BR"},{"@type":"Organization","@id":"https:\/\/www.pm.pb.gov.br\/portal\/#organization","name":"Pol\u00edcia Militar da Para\u00edba","url":"https:\/\/www.pm.pb.gov.br\/portal\/","logo":{"@type":"ImageObject","inLanguage":"pt-BR","@id":"https:\/\/www.pm.pb.gov.br\/portal\/#\/schema\/logo\/image\/","url":"https:\/\/www.pm.pb.gov.br\/portal\/wp-content\/uploads\/2025\/03\/cropped-logo-site-mag2-1.png","contentUrl":"https:\/\/www.pm.pb.gov.br\/portal\/wp-content\/uploads\/2025\/03\/cropped-logo-site-mag2-1.png","width":320,"height":90,"caption":"Pol\u00edcia Militar da Para\u00edba"},"image":{"@id":"https:\/\/www.pm.pb.gov.br\/portal\/#\/schema\/logo\/image\/"}},{"@type":"Person","@id":"https:\/\/www.pm.pb.gov.br\/portal\/#\/schema\/person\/f84f56dcc78ce4357054da888b8247fd","name":"Tarcisio Oliveira","image":{"@type":"ImageObject","inLanguage":"pt-BR","@id":"https:\/\/www.pm.pb.gov.br\/portal\/#\/schema\/person\/image\/","url":"https:\/\/secure.gravatar.com\/avatar\/72917b630b69d31cd0297507f34bac97?s=96&d=mm&r=g","contentUrl":"https:\/\/secure.gravatar.com\/avatar\/72917b630b69d31cd0297507f34bac97?s=96&d=mm&r=g","caption":"Tarcisio Oliveira"},"url":"https:\/\/www.pm.pb.gov.br\/portal\/author\/tarcisio\/"}]}},"_links":{"self":[{"href":"https:\/\/www.pm.pb.gov.br\/portal\/wp-json\/wp\/v2\/posts\/919306"}],"collection":[{"href":"https:\/\/www.pm.pb.gov.br\/portal\/wp-json\/wp\/v2\/posts"}],"about":[{"href":"https:\/\/www.pm.pb.gov.br\/portal\/wp-json\/wp\/v2\/types\/post"}],"author":[{"embeddable":true,"href":"https:\/\/www.pm.pb.gov.br\/portal\/wp-json\/wp\/v2\/users\/12"}],"replies":[{"embeddable":true,"href":"https:\/\/www.pm.pb.gov.br\/portal\/wp-json\/wp\/v2\/comments?post=919306"}],"version-history":[{"count":2,"href":"https:\/\/www.pm.pb.gov.br\/portal\/wp-json\/wp\/v2\/posts\/919306\/revisions"}],"predecessor-version":[{"id":919309,"href":"https:\/\/www.pm.pb.gov.br\/portal\/wp-json\/wp\/v2\/posts\/919306\/revisions\/919309"}],"wp:featuredmedia":[{"embeddable":true,"href":"https:\/\/www.pm.pb.gov.br\/portal\/wp-json\/wp\/v2\/media\/916035"}],"wp:attachment":[{"href":"https:\/\/www.pm.pb.gov.br\/portal\/wp-json\/wp\/v2\/media?parent=919306"}],"wp:term":[{"taxonomy":"category","embeddable":true,"href":"https:\/\/www.pm.pb.gov.br\/portal\/wp-json\/wp\/v2\/categories?post=919306"},{"taxonomy":"post_tag","embeddable":true,"href":"https:\/\/www.pm.pb.gov.br\/portal\/wp-json\/wp\/v2\/tags?post=919306"}],"curies":[{"name":"wp","href":"https:\/\/api.w.org\/{rel}","templated":true}]}}