{"id":9193,"date":"2014-03-18T10:03:37","date_gmt":"2014-03-18T13:03:37","guid":{"rendered":"http:\/\/www.pm.pb.gov.br\/portal\/2014\/03\/policias_aprendem_arma_municoes_e_veiculos_irregulares_em_monteiro\/"},"modified":"2014-03-18T10:03:37","modified_gmt":"2014-03-18T13:03:37","slug":"policias_aprendem_arma_municoes_e_veiculos_irregulares_em_monteiro","status":"publish","type":"post","link":"https:\/\/www.pm.pb.gov.br\/portal\/2014\/03\/18\/policias_aprendem_arma_municoes_e_veiculos_irregulares_em_monteiro\/","title":{"rendered":"Pol\u00edcias aprendem arma, muni\u00e7\u00f5es e ve\u00edculos irregulares em Monteiro"},"content":{"rendered":"<figure style=\"width: 500px\" class=\"wp-caption alignnone\"><img decoding=\"async\" class=\"alignnone size-medium\" src=\"http:\/\/www.pm.pb.gov.br\/portal\/wp-content\/uploads\/2014\/03\/9193_12535.jpg\" title=\"Foto Ilustrativa\" width=\"100%\" \/><figcaption class=\"wp-caption-text\">Foto Ilustrativa<\/figcaption><\/figure>\n<div style=\"text-align: justify;\">Uma opera\u00e7\u00e3o conjunta das Pol\u00edcias Militar e Civil, com apoio da Superintend\u00eancia Estadual de Meio Ambiente, na cidade de Monteiro (na Borborema), resultou na apreens\u00e3o de arma, muni\u00e7\u00f5es e ve\u00edculos em situa\u00e7\u00e3o irregular. A a\u00e7\u00e3o, que aconteceu no domingo \u00e0 noite (16), teve o objetivo de coibir assaltos, tr\u00e1fico de drogas e a venda de bebidas alc\u00f3olicas a adolescentes.<\/p>\n<p>Conforme o cabo Daniel Santos, da 3\u00aa Companhia de Policiamento de Tr\u00e2nsito, o Minist\u00e9rio P\u00fablico e o Conselho Tutelar tamb\u00e9m deram apoio \u00e0s atividades, que foram desencadeadas ap\u00f3s den\u00fancias an\u00f4nimas da popula\u00e7\u00e3o. O primeiro flagrante aconteceu em um bar conhecido como \u0091do Dau\u0092, no qual um cliente, Elinealdo Gomes da Rocha, foi preso portando um rev\u00f3lver calibre 38 com seis muni\u00e7\u00f5es intactas. O propriet\u00e1rio do estabelecimento tamb\u00e9m foi autuado pela Sudema por polui\u00e7\u00e3o sonora, j\u00e1 que o som do bar estava acima do permitido.<\/p>\n<p>No mesmo munic\u00edpio, o dono de outro estabelecimento comercial foi conduzido \u00e0 delegacia por comercializar bebidas para menores de 18 anos. Quando a equipe chegou ao local, um adolescente de 17 anos estava consumindo a subst\u00e2ncia. Ainda no domingo (16), os policiais flagraram um senhor identificado como Josilvado Viana de posse de uma muni\u00e7\u00e3o calibre 38, encontrada no interior do ve\u00edculo dele. Josilvado foi abordado inicialmente em um bar e revistado pelos PMs que desconfiaram da atitude dele.<\/p>\n<p>Conforme o cabo Daniel Santos, ao final das a\u00e7\u00f5es, que inclu\u00edram fiscaliza\u00e7\u00f5es de tr\u00e2nsito, foram apreendidas oito motocicletas que estavam circulando sem a documenta\u00e7\u00e3o devida. \u0093A opera\u00e7\u00e3o foi bastante positiva e a ideia \u00e9 estend\u00ea-la para outras cidades\u0094, adiantou o policial.<\/p>\n<p>Em Campina Grande<\/p>\n<p>O trabalho da 3\u00ba CPTran durante o fim de semana, em Campina Grande, culminou  na apreens\u00e3o de 68 ve\u00edculos com irregularidades e na notifica\u00e7\u00e3o de quatro motoristas dentro da Opera\u00e7\u00e3o Lei Seca.  Um deles chegou a ser preso e encaminhado \u00e0 delegacia por apresentar um n\u00edvel de \u00e1lcool no sangue muito elevado.<\/p>\n<p>Tamb\u00e9m foi recuperado um ve\u00edculo roubado e apreendida uma carteira de habilita\u00e7\u00e3o falsificada. \u0093As Blitz de tr\u00e2nsito continuar\u00e3o intensificadas para coibirmos o \u00edndice de criminalidade e fazer cumprir o que o C\u00f3digo de Tr\u00e2nsito Brasileiro estabelece\u0094, comentou o cabo Daniel Santos.<\/p>\n<div class=\"row\" align=\"center\"><\/div>\n<\/div>\n","protected":false},"excerpt":{"rendered":"<p>Uma opera\u00e7\u00e3o conjunta das Pol\u00edcias Militar e Civil, com apoio da Superintend\u00eancia Estadual de Meio Ambiente, na cidade de Monteiro<\/p>\n","protected":false},"author":5,"featured_media":12535,"comment_status":"closed","ping_status":"closed","sticky":false,"template":"","format":"standard","meta":{"_exactmetrics_skip_tracking":false,"_exactmetrics_sitenote_active":false,"_exactmetrics_sitenote_note":"","_exactmetrics_sitenote_category":0,"footnotes":""},"categories":[4],"tags":[],"yoast_head":"<!-- This site is optimized with the Yoast SEO plugin v22.0 - https:\/\/yoast.com\/wordpress\/plugins\/seo\/ -->\n<title>Pol\u00edcias aprendem arma, muni\u00e7\u00f5es e ve\u00edculos irregulares em Monteiro - Pol\u00edcia Militar da Para\u00edba<\/title>\n<meta name=\"robots\" content=\"index, follow, max-snippet:-1, max-image-preview:large, max-video-preview:-1\" \/>\n<link rel=\"canonical\" href=\"https:\/\/www.pm.pb.gov.br\/portal\/2014\/03\/18\/policias_aprendem_arma_municoes_e_veiculos_irregulares_em_monteiro\/\" \/>\n<meta property=\"og:locale\" content=\"pt_BR\" \/>\n<meta property=\"og:type\" content=\"article\" \/>\n<meta property=\"og:title\" content=\"Pol\u00edcias aprendem arma, muni\u00e7\u00f5es e ve\u00edculos irregulares em Monteiro - Pol\u00edcia Militar da Para\u00edba\" \/>\n<meta property=\"og:description\" content=\"Uma opera\u00e7\u00e3o conjunta das Pol\u00edcias Militar e Civil, com apoio da Superintend\u00eancia Estadual de Meio Ambiente, na cidade de Monteiro\" \/>\n<meta property=\"og:url\" content=\"https:\/\/www.pm.pb.gov.br\/portal\/2014\/03\/18\/policias_aprendem_arma_municoes_e_veiculos_irregulares_em_monteiro\/\" \/>\n<meta property=\"og:site_name\" content=\"Pol\u00edcia Militar da Para\u00edba\" \/>\n<meta property=\"article:published_time\" content=\"2014-03-18T13:03:37+00:00\" \/>\n<meta property=\"og:image\" content=\"https:\/\/www.pm.pb.gov.br\/portal\/wp-content\/uploads\/2014\/03\/9193_12535.jpg\" \/>\n\t<meta property=\"og:image:width\" content=\"500\" \/>\n\t<meta property=\"og:image:height\" content=\"194\" \/>\n\t<meta property=\"og:image:type\" content=\"image\/jpeg\" \/>\n<meta name=\"author\" content=\"Assessoria de Imprensa da PMPB\" \/>\n<meta name=\"twitter:card\" content=\"summary_large_image\" \/>\n<meta name=\"twitter:label1\" content=\"Escrito por\" \/>\n\t<meta name=\"twitter:data1\" content=\"Assessoria de Imprensa da PMPB\" \/>\n\t<meta name=\"twitter:label2\" content=\"Est. tempo de leitura\" \/>\n\t<meta name=\"twitter:data2\" content=\"2 minutos\" \/>\n<script type=\"application\/ld+json\" class=\"yoast-schema-graph\">{\"@context\":\"https:\/\/schema.org\",\"@graph\":[{\"@type\":\"Article\",\"@id\":\"https:\/\/www.pm.pb.gov.br\/portal\/2014\/03\/18\/policias_aprendem_arma_municoes_e_veiculos_irregulares_em_monteiro\/#article\",\"isPartOf\":{\"@id\":\"https:\/\/www.pm.pb.gov.br\/portal\/2014\/03\/18\/policias_aprendem_arma_municoes_e_veiculos_irregulares_em_monteiro\/\"},\"author\":{\"name\":\"Assessoria de Imprensa da PMPB\",\"@id\":\"https:\/\/www.pm.pb.gov.br\/portal\/#\/schema\/person\/e8454f46651c3ecf0e1ba3c1666d9947\"},\"headline\":\"Pol\u00edcias aprendem arma, muni\u00e7\u00f5es e ve\u00edculos irregulares em Monteiro\",\"datePublished\":\"2014-03-18T13:03:37+00:00\",\"dateModified\":\"2014-03-18T13:03:37+00:00\",\"mainEntityOfPage\":{\"@id\":\"https:\/\/www.pm.pb.gov.br\/portal\/2014\/03\/18\/policias_aprendem_arma_municoes_e_veiculos_irregulares_em_monteiro\/\"},\"wordCount\":411,\"publisher\":{\"@id\":\"https:\/\/www.pm.pb.gov.br\/portal\/#organization\"},\"articleSection\":[\"A\u00e7\u00f5es Policiais\"],\"inLanguage\":\"pt-BR\"},{\"@type\":\"WebPage\",\"@id\":\"https:\/\/www.pm.pb.gov.br\/portal\/2014\/03\/18\/policias_aprendem_arma_municoes_e_veiculos_irregulares_em_monteiro\/\",\"url\":\"https:\/\/www.pm.pb.gov.br\/portal\/2014\/03\/18\/policias_aprendem_arma_municoes_e_veiculos_irregulares_em_monteiro\/\",\"name\":\"Pol\u00edcias aprendem arma, muni\u00e7\u00f5es e ve\u00edculos irregulares em Monteiro - Pol\u00edcia Militar da Para\u00edba\",\"isPartOf\":{\"@id\":\"https:\/\/www.pm.pb.gov.br\/portal\/#website\"},\"datePublished\":\"2014-03-18T13:03:37+00:00\",\"dateModified\":\"2014-03-18T13:03:37+00:00\",\"breadcrumb\":{\"@id\":\"https:\/\/www.pm.pb.gov.br\/portal\/2014\/03\/18\/policias_aprendem_arma_municoes_e_veiculos_irregulares_em_monteiro\/#breadcrumb\"},\"inLanguage\":\"pt-BR\",\"potentialAction\":[{\"@type\":\"ReadAction\",\"target\":[\"https:\/\/www.pm.pb.gov.br\/portal\/2014\/03\/18\/policias_aprendem_arma_municoes_e_veiculos_irregulares_em_monteiro\/\"]}]},{\"@type\":\"BreadcrumbList\",\"@id\":\"https:\/\/www.pm.pb.gov.br\/portal\/2014\/03\/18\/policias_aprendem_arma_municoes_e_veiculos_irregulares_em_monteiro\/#breadcrumb\",\"itemListElement\":[{\"@type\":\"ListItem\",\"position\":1,\"name\":\"In\u00edcio\",\"item\":\"https:\/\/www.pm.pb.gov.br\/portal\/\"},{\"@type\":\"ListItem\",\"position\":2,\"name\":\"Pol\u00edcias aprendem arma, muni\u00e7\u00f5es e ve\u00edculos irregulares em Monteiro\"}]},{\"@type\":\"WebSite\",\"@id\":\"https:\/\/www.pm.pb.gov.br\/portal\/#website\",\"url\":\"https:\/\/www.pm.pb.gov.br\/portal\/\",\"name\":\"Pol\u00edcia Militar da Para\u00edba\",\"description\":\"\",\"publisher\":{\"@id\":\"https:\/\/www.pm.pb.gov.br\/portal\/#organization\"},\"potentialAction\":[{\"@type\":\"SearchAction\",\"target\":{\"@type\":\"EntryPoint\",\"urlTemplate\":\"https:\/\/www.pm.pb.gov.br\/portal\/?s={search_term_string}\"},\"query-input\":\"required name=search_term_string\"}],\"inLanguage\":\"pt-BR\"},{\"@type\":\"Organization\",\"@id\":\"https:\/\/www.pm.pb.gov.br\/portal\/#organization\",\"name\":\"Pol\u00edcia Militar da Para\u00edba\",\"url\":\"https:\/\/www.pm.pb.gov.br\/portal\/\",\"logo\":{\"@type\":\"ImageObject\",\"inLanguage\":\"pt-BR\",\"@id\":\"https:\/\/www.pm.pb.gov.br\/portal\/#\/schema\/logo\/image\/\",\"url\":\"https:\/\/www.pm.pb.gov.br\/portal\/wp-content\/uploads\/2025\/03\/cropped-logo-site-mag2-1.png\",\"contentUrl\":\"https:\/\/www.pm.pb.gov.br\/portal\/wp-content\/uploads\/2025\/03\/cropped-logo-site-mag2-1.png\",\"width\":320,\"height\":90,\"caption\":\"Pol\u00edcia Militar da Para\u00edba\"},\"image\":{\"@id\":\"https:\/\/www.pm.pb.gov.br\/portal\/#\/schema\/logo\/image\/\"}},{\"@type\":\"Person\",\"@id\":\"https:\/\/www.pm.pb.gov.br\/portal\/#\/schema\/person\/e8454f46651c3ecf0e1ba3c1666d9947\",\"name\":\"Assessoria de Imprensa da PMPB\",\"image\":{\"@type\":\"ImageObject\",\"inLanguage\":\"pt-BR\",\"@id\":\"https:\/\/www.pm.pb.gov.br\/portal\/#\/schema\/person\/image\/\",\"url\":\"https:\/\/secure.gravatar.com\/avatar\/2efe197438265d1e90bd98c4c8e1acf8?s=96&d=mm&r=g\",\"contentUrl\":\"https:\/\/secure.gravatar.com\/avatar\/2efe197438265d1e90bd98c4c8e1acf8?s=96&d=mm&r=g\",\"caption\":\"Assessoria de Imprensa da PMPB\"},\"url\":\"https:\/\/www.pm.pb.gov.br\/portal\/author\/assessoria\/\"}]}<\/script>\n<!-- \/ Yoast SEO plugin. -->","yoast_head_json":{"title":"Pol\u00edcias aprendem arma, muni\u00e7\u00f5es e ve\u00edculos irregulares em Monteiro - Pol\u00edcia Militar da Para\u00edba","robots":{"index":"index","follow":"follow","max-snippet":"max-snippet:-1","max-image-preview":"max-image-preview:large","max-video-preview":"max-video-preview:-1"},"canonical":"https:\/\/www.pm.pb.gov.br\/portal\/2014\/03\/18\/policias_aprendem_arma_municoes_e_veiculos_irregulares_em_monteiro\/","og_locale":"pt_BR","og_type":"article","og_title":"Pol\u00edcias aprendem arma, muni\u00e7\u00f5es e ve\u00edculos irregulares em Monteiro - Pol\u00edcia Militar da Para\u00edba","og_description":"Uma opera\u00e7\u00e3o conjunta das Pol\u00edcias Militar e Civil, com apoio da Superintend\u00eancia Estadual de Meio Ambiente, na cidade de Monteiro","og_url":"https:\/\/www.pm.pb.gov.br\/portal\/2014\/03\/18\/policias_aprendem_arma_municoes_e_veiculos_irregulares_em_monteiro\/","og_site_name":"Pol\u00edcia Militar da Para\u00edba","article_published_time":"2014-03-18T13:03:37+00:00","og_image":[{"width":500,"height":194,"url":"https:\/\/www.pm.pb.gov.br\/portal\/wp-content\/uploads\/2014\/03\/9193_12535.jpg","type":"image\/jpeg"}],"author":"Assessoria de Imprensa da PMPB","twitter_card":"summary_large_image","twitter_misc":{"Escrito por":"Assessoria de Imprensa da PMPB","Est. tempo de leitura":"2 minutos"},"schema":{"@context":"https:\/\/schema.org","@graph":[{"@type":"Article","@id":"https:\/\/www.pm.pb.gov.br\/portal\/2014\/03\/18\/policias_aprendem_arma_municoes_e_veiculos_irregulares_em_monteiro\/#article","isPartOf":{"@id":"https:\/\/www.pm.pb.gov.br\/portal\/2014\/03\/18\/policias_aprendem_arma_municoes_e_veiculos_irregulares_em_monteiro\/"},"author":{"name":"Assessoria de Imprensa da PMPB","@id":"https:\/\/www.pm.pb.gov.br\/portal\/#\/schema\/person\/e8454f46651c3ecf0e1ba3c1666d9947"},"headline":"Pol\u00edcias aprendem arma, muni\u00e7\u00f5es e ve\u00edculos irregulares em Monteiro","datePublished":"2014-03-18T13:03:37+00:00","dateModified":"2014-03-18T13:03:37+00:00","mainEntityOfPage":{"@id":"https:\/\/www.pm.pb.gov.br\/portal\/2014\/03\/18\/policias_aprendem_arma_municoes_e_veiculos_irregulares_em_monteiro\/"},"wordCount":411,"publisher":{"@id":"https:\/\/www.pm.pb.gov.br\/portal\/#organization"},"articleSection":["A\u00e7\u00f5es Policiais"],"inLanguage":"pt-BR"},{"@type":"WebPage","@id":"https:\/\/www.pm.pb.gov.br\/portal\/2014\/03\/18\/policias_aprendem_arma_municoes_e_veiculos_irregulares_em_monteiro\/","url":"https:\/\/www.pm.pb.gov.br\/portal\/2014\/03\/18\/policias_aprendem_arma_municoes_e_veiculos_irregulares_em_monteiro\/","name":"Pol\u00edcias aprendem arma, muni\u00e7\u00f5es e ve\u00edculos irregulares em Monteiro - Pol\u00edcia Militar da Para\u00edba","isPartOf":{"@id":"https:\/\/www.pm.pb.gov.br\/portal\/#website"},"datePublished":"2014-03-18T13:03:37+00:00","dateModified":"2014-03-18T13:03:37+00:00","breadcrumb":{"@id":"https:\/\/www.pm.pb.gov.br\/portal\/2014\/03\/18\/policias_aprendem_arma_municoes_e_veiculos_irregulares_em_monteiro\/#breadcrumb"},"inLanguage":"pt-BR","potentialAction":[{"@type":"ReadAction","target":["https:\/\/www.pm.pb.gov.br\/portal\/2014\/03\/18\/policias_aprendem_arma_municoes_e_veiculos_irregulares_em_monteiro\/"]}]},{"@type":"BreadcrumbList","@id":"https:\/\/www.pm.pb.gov.br\/portal\/2014\/03\/18\/policias_aprendem_arma_municoes_e_veiculos_irregulares_em_monteiro\/#breadcrumb","itemListElement":[{"@type":"ListItem","position":1,"name":"In\u00edcio","item":"https:\/\/www.pm.pb.gov.br\/portal\/"},{"@type":"ListItem","position":2,"name":"Pol\u00edcias aprendem arma, muni\u00e7\u00f5es e ve\u00edculos irregulares em Monteiro"}]},{"@type":"WebSite","@id":"https:\/\/www.pm.pb.gov.br\/portal\/#website","url":"https:\/\/www.pm.pb.gov.br\/portal\/","name":"Pol\u00edcia Militar da Para\u00edba","description":"","publisher":{"@id":"https:\/\/www.pm.pb.gov.br\/portal\/#organization"},"potentialAction":[{"@type":"SearchAction","target":{"@type":"EntryPoint","urlTemplate":"https:\/\/www.pm.pb.gov.br\/portal\/?s={search_term_string}"},"query-input":"required name=search_term_string"}],"inLanguage":"pt-BR"},{"@type":"Organization","@id":"https:\/\/www.pm.pb.gov.br\/portal\/#organization","name":"Pol\u00edcia Militar da Para\u00edba","url":"https:\/\/www.pm.pb.gov.br\/portal\/","logo":{"@type":"ImageObject","inLanguage":"pt-BR","@id":"https:\/\/www.pm.pb.gov.br\/portal\/#\/schema\/logo\/image\/","url":"https:\/\/www.pm.pb.gov.br\/portal\/wp-content\/uploads\/2025\/03\/cropped-logo-site-mag2-1.png","contentUrl":"https:\/\/www.pm.pb.gov.br\/portal\/wp-content\/uploads\/2025\/03\/cropped-logo-site-mag2-1.png","width":320,"height":90,"caption":"Pol\u00edcia Militar da Para\u00edba"},"image":{"@id":"https:\/\/www.pm.pb.gov.br\/portal\/#\/schema\/logo\/image\/"}},{"@type":"Person","@id":"https:\/\/www.pm.pb.gov.br\/portal\/#\/schema\/person\/e8454f46651c3ecf0e1ba3c1666d9947","name":"Assessoria de Imprensa da PMPB","image":{"@type":"ImageObject","inLanguage":"pt-BR","@id":"https:\/\/www.pm.pb.gov.br\/portal\/#\/schema\/person\/image\/","url":"https:\/\/secure.gravatar.com\/avatar\/2efe197438265d1e90bd98c4c8e1acf8?s=96&d=mm&r=g","contentUrl":"https:\/\/secure.gravatar.com\/avatar\/2efe197438265d1e90bd98c4c8e1acf8?s=96&d=mm&r=g","caption":"Assessoria de Imprensa da PMPB"},"url":"https:\/\/www.pm.pb.gov.br\/portal\/author\/assessoria\/"}]}},"_links":{"self":[{"href":"https:\/\/www.pm.pb.gov.br\/portal\/wp-json\/wp\/v2\/posts\/9193"}],"collection":[{"href":"https:\/\/www.pm.pb.gov.br\/portal\/wp-json\/wp\/v2\/posts"}],"about":[{"href":"https:\/\/www.pm.pb.gov.br\/portal\/wp-json\/wp\/v2\/types\/post"}],"author":[{"embeddable":true,"href":"https:\/\/www.pm.pb.gov.br\/portal\/wp-json\/wp\/v2\/users\/5"}],"replies":[{"embeddable":true,"href":"https:\/\/www.pm.pb.gov.br\/portal\/wp-json\/wp\/v2\/comments?post=9193"}],"version-history":[{"count":0,"href":"https:\/\/www.pm.pb.gov.br\/portal\/wp-json\/wp\/v2\/posts\/9193\/revisions"}],"wp:featuredmedia":[{"embeddable":true,"href":"https:\/\/www.pm.pb.gov.br\/portal\/wp-json\/wp\/v2\/media\/12535"}],"wp:attachment":[{"href":"https:\/\/www.pm.pb.gov.br\/portal\/wp-json\/wp\/v2\/media?parent=9193"}],"wp:term":[{"taxonomy":"category","embeddable":true,"href":"https:\/\/www.pm.pb.gov.br\/portal\/wp-json\/wp\/v2\/categories?post=9193"},{"taxonomy":"post_tag","embeddable":true,"href":"https:\/\/www.pm.pb.gov.br\/portal\/wp-json\/wp\/v2\/tags?post=9193"}],"curies":[{"name":"wp","href":"https:\/\/api.w.org\/{rel}","templated":true}]}}