{"id":919298,"date":"2023-11-21T23:14:14","date_gmt":"2023-11-22T02:14:14","guid":{"rendered":"https:\/\/www.pm.pb.gov.br\/portal\/?p=919298"},"modified":"2023-11-21T23:14:16","modified_gmt":"2023-11-22T02:14:16","slug":"policia-militar-apreende-nove-armas-de-fogo-na-regiao-metropolitana-da-capital","status":"publish","type":"post","link":"https:\/\/www.pm.pb.gov.br\/portal\/2023\/11\/21\/policia-militar-apreende-nove-armas-de-fogo-na-regiao-metropolitana-da-capital\/","title":{"rendered":"Pol\u00edcia Militar apreende nove armas de fogo na regi\u00e3o metropolitana da Capital"},"content":{"rendered":"\n<p>As a\u00e7\u00f5es de seguran\u00e7a da Pol\u00edcia Militar levaram \u00e0 apreens\u00e3o de nove armas de fogo na grande Jo\u00e3o Pessoa. Pistolas, rev\u00f3lveres e espingarda que estavam nas m\u00e3os de criminosos foram apreendidas ap\u00f3s confrontos, pris\u00e3o de suspeitos e apreens\u00e3o de adolescente, ocorr\u00eancias desta \u00faltima ter\u00e7a-feira (21).<\/p>\n<p>A maior parte das armas foi apreendida em Cabedelo, quando um adolescente foi encontrado com dois rev\u00f3lveres e uma pistola, al\u00e9m de um simulacro de pistola. Outras duas pistolas foram apreendidas em uma regi\u00e3o de mata entre Bayeux e Jo\u00e3o Pessoa, com dois criminosos que entraram em confronto com a PM.<\/p>\n<figure id=\"attachment_919286\" aria-describedby=\"caption-attachment-919286\" style=\"width: 723px\" class=\"wp-caption aligncenter\"><img loading=\"lazy\" decoding=\"async\" class=\"wp-image-919286\" src=\"http:\/\/www.pm.pb.gov.br\/portal\/wp-content\/uploads\/2023\/11\/WhatsApp-Image-2023-11-21-at-17.52.31.jpeg\" alt=\"\" width=\"723\" height=\"402\" srcset=\"https:\/\/www.pm.pb.gov.br\/portal\/wp-content\/uploads\/2023\/11\/WhatsApp-Image-2023-11-21-at-17.52.31.jpeg 800w, https:\/\/www.pm.pb.gov.br\/portal\/wp-content\/uploads\/2023\/11\/WhatsApp-Image-2023-11-21-at-17.52.31-245x136.jpeg 245w, https:\/\/www.pm.pb.gov.br\/portal\/wp-content\/uploads\/2023\/11\/WhatsApp-Image-2023-11-21-at-17.52.31-768x427.jpeg 768w\" sizes=\"(max-width: 723px) 100vw, 723px\" \/><figcaption id=\"caption-attachment-919286\" class=\"wp-caption-text\">Cabedelo<\/figcaption><\/figure>\n<figure id=\"attachment_919300\" aria-describedby=\"caption-attachment-919300\" style=\"width: 680px\" class=\"wp-caption aligncenter\"><img loading=\"lazy\" decoding=\"async\" class=\"wp-image-919300\" src=\"http:\/\/www.pm.pb.gov.br\/portal\/wp-content\/uploads\/2023\/11\/bayeux-1-800x421.jpeg\" alt=\"\" width=\"680\" height=\"358\" srcset=\"https:\/\/www.pm.pb.gov.br\/portal\/wp-content\/uploads\/2023\/11\/bayeux-1-800x421.jpeg 800w, https:\/\/www.pm.pb.gov.br\/portal\/wp-content\/uploads\/2023\/11\/bayeux-1-1024x538.jpeg 1024w, https:\/\/www.pm.pb.gov.br\/portal\/wp-content\/uploads\/2023\/11\/bayeux-1-768x404.jpeg 768w, https:\/\/www.pm.pb.gov.br\/portal\/wp-content\/uploads\/2023\/11\/bayeux-1-1536x807.jpeg 1536w, https:\/\/www.pm.pb.gov.br\/portal\/wp-content\/uploads\/2023\/11\/bayeux-1-390x205.jpeg 390w, https:\/\/www.pm.pb.gov.br\/portal\/wp-content\/uploads\/2023\/11\/bayeux-1.jpeg 1600w\" sizes=\"(max-width: 680px) 100vw, 680px\" \/><figcaption id=\"caption-attachment-919300\" class=\"wp-caption-text\">Bayeux<\/figcaption><\/figure>\n<p>Uma espingarda e um rev\u00f3lver tamb\u00e9m foram apreendidos na zona sul da capital. A primeira arma foi abandonada por criminosos que fugiram ao perceber a chegada da PM em uma comunidade no bairro de Valentina de Figueiredo. J\u00e1 a outra arma estava com um homem abordado e localizado com drogas, em Paratibe (fotos abaixo).<\/p>\n<p><img loading=\"lazy\" decoding=\"async\" class=\" wp-image-919303 aligncenter\" src=\"http:\/\/www.pm.pb.gov.br\/portal\/wp-content\/uploads\/2023\/11\/zonasul-2-620x445.jpeg\" alt=\"\" width=\"557\" height=\"400\" srcset=\"https:\/\/www.pm.pb.gov.br\/portal\/wp-content\/uploads\/2023\/11\/zonasul-2-620x445.jpeg 620w, https:\/\/www.pm.pb.gov.br\/portal\/wp-content\/uploads\/2023\/11\/zonasul-2-795x570.jpeg 795w, https:\/\/www.pm.pb.gov.br\/portal\/wp-content\/uploads\/2023\/11\/zonasul-2-768x551.jpeg 768w, https:\/\/www.pm.pb.gov.br\/portal\/wp-content\/uploads\/2023\/11\/zonasul-2.jpeg 1280w\" sizes=\"(max-width: 557px) 100vw, 557px\" \/><\/p>\n<p><img loading=\"lazy\" decoding=\"async\" class=\" wp-image-919304 aligncenter\" src=\"http:\/\/www.pm.pb.gov.br\/portal\/wp-content\/uploads\/2023\/11\/zonasul-3-593x445.jpeg\" alt=\"\" width=\"556\" height=\"417\" srcset=\"https:\/\/www.pm.pb.gov.br\/portal\/wp-content\/uploads\/2023\/11\/zonasul-3-593x445.jpeg 593w, https:\/\/www.pm.pb.gov.br\/portal\/wp-content\/uploads\/2023\/11\/zonasul-3-760x570.jpeg 760w, https:\/\/www.pm.pb.gov.br\/portal\/wp-content\/uploads\/2023\/11\/zonasul-3-768x576.jpeg 768w, https:\/\/www.pm.pb.gov.br\/portal\/wp-content\/uploads\/2023\/11\/zonasul-3.jpeg 1280w\" sizes=\"(max-width: 556px) 100vw, 556px\" \/><\/p>\n<p>A\u00e7\u00f5es e fiscaliza\u00e7\u00f5es no tr\u00e2nsito tamb\u00e9m resultaram na apreens\u00e3o de uma pistola, no bairro do Ernesto Geisel. O armamento estava com um condutor de um ve\u00edculo vistoriado pela PM em um checkpoint (foto abaixo).<\/p>\n<p><img loading=\"lazy\" decoding=\"async\" class=\" wp-image-919302 aligncenter\" src=\"http:\/\/www.pm.pb.gov.br\/portal\/wp-content\/uploads\/2023\/11\/zonasul-11-532x445.jpeg\" alt=\"\" width=\"470\" height=\"393\" srcset=\"https:\/\/www.pm.pb.gov.br\/portal\/wp-content\/uploads\/2023\/11\/zonasul-11-532x445.jpeg 532w, https:\/\/www.pm.pb.gov.br\/portal\/wp-content\/uploads\/2023\/11\/zonasul-11-682x570.jpeg 682w, https:\/\/www.pm.pb.gov.br\/portal\/wp-content\/uploads\/2023\/11\/zonasul-11.jpeg 768w\" sizes=\"(max-width: 470px) 100vw, 470px\" \/><\/p>\n<p><strong>Litoral sul \u2013<\/strong> Al\u00e9m das oito armas apreendidas na grande Jo\u00e3o Pessoa, um rev\u00f3lver tamb\u00e9m foi apreendido pela PM em um ve\u00edculo que vinha de Pernambuco (foto abaixo). A abordagem ao carro e pris\u00e3o do acusado aconteceu no munic\u00edpio de Caapor\u00e3 nesta ter\u00e7a-feira.<\/p>\n<p><img loading=\"lazy\" decoding=\"async\" class=\"size-medium wp-image-919301 aligncenter\" src=\"http:\/\/www.pm.pb.gov.br\/portal\/wp-content\/uploads\/2023\/11\/caapora-334x445.jpeg\" alt=\"\" width=\"334\" height=\"445\" srcset=\"https:\/\/www.pm.pb.gov.br\/portal\/wp-content\/uploads\/2023\/11\/caapora-334x445.jpeg 334w, https:\/\/www.pm.pb.gov.br\/portal\/wp-content\/uploads\/2023\/11\/caapora-428x570.jpeg 428w, https:\/\/www.pm.pb.gov.br\/portal\/wp-content\/uploads\/2023\/11\/caapora.jpeg 768w\" sizes=\"(max-width: 334px) 100vw, 334px\" \/><\/p>\n<p>Todo o armamento, muni\u00e7\u00f5es, carregadores, drogas e os infratores foram apresentados nas delegacias para os procedimentos cab\u00edveis e a devida autua\u00e7\u00e3o. O trabalho de preventivo e repressivo deve continuar.<\/p>\n\n\n","protected":false},"excerpt":{"rendered":"<p>As a\u00e7\u00f5es de seguran\u00e7a da Pol\u00edcia Militar levaram \u00e0 apreens\u00e3o de nove armas de fogo na grande Jo\u00e3o Pessoa. Pistolas,<\/p>\n","protected":false},"author":12,"featured_media":919299,"comment_status":"closed","ping_status":"closed","sticky":false,"template":"","format":"standard","meta":{"_exactmetrics_skip_tracking":false,"_exactmetrics_sitenote_active":false,"_exactmetrics_sitenote_note":"","_exactmetrics_sitenote_category":0,"footnotes":""},"categories":[4],"tags":[],"yoast_head":"<!-- This site is optimized with the Yoast SEO plugin v22.0 - https:\/\/yoast.com\/wordpress\/plugins\/seo\/ -->\n<title>Pol\u00edcia Militar apreende nove armas de fogo na regi\u00e3o metropolitana da Capital - Pol\u00edcia Militar da Para\u00edba<\/title>\n<meta name=\"description\" content=\"Pistolas, rev\u00f3lveres e espingarda que estavam nas m\u00e3os de criminosos foram apreendidas ap\u00f3s confrontos, pris\u00e3o de suspeitos e apreens\u00e3o de adolescente, ocorr\u00eancias desta \u00faltima ter\u00e7a-feira (21).\" \/>\n<meta name=\"robots\" content=\"index, follow, max-snippet:-1, max-image-preview:large, max-video-preview:-1\" \/>\n<link rel=\"canonical\" href=\"https:\/\/www.pm.pb.gov.br\/portal\/2023\/11\/21\/policia-militar-apreende-nove-armas-de-fogo-na-regiao-metropolitana-da-capital\/\" \/>\n<meta property=\"og:locale\" content=\"pt_BR\" \/>\n<meta property=\"og:type\" content=\"article\" \/>\n<meta property=\"og:title\" content=\"Pol\u00edcia Militar apreende nove armas de fogo na regi\u00e3o metropolitana da Capital - Pol\u00edcia Militar da Para\u00edba\" \/>\n<meta property=\"og:description\" content=\"Pistolas, rev\u00f3lveres e espingarda que estavam nas m\u00e3os de criminosos foram apreendidas ap\u00f3s confrontos, pris\u00e3o de suspeitos e apreens\u00e3o de adolescente, ocorr\u00eancias desta \u00faltima ter\u00e7a-feira (21).\" \/>\n<meta property=\"og:url\" content=\"https:\/\/www.pm.pb.gov.br\/portal\/2023\/11\/21\/policia-militar-apreende-nove-armas-de-fogo-na-regiao-metropolitana-da-capital\/\" \/>\n<meta property=\"og:site_name\" content=\"Pol\u00edcia Militar da Para\u00edba\" \/>\n<meta property=\"article:published_time\" content=\"2023-11-22T02:14:14+00:00\" \/>\n<meta property=\"article:modified_time\" content=\"2023-11-22T02:14:16+00:00\" \/>\n<meta property=\"og:image\" content=\"http:\/\/www.pm.pb.gov.br\/portal\/wp-content\/uploads\/2023\/11\/cabedelo-12.jpeg\" \/>\n\t<meta property=\"og:image:width\" content=\"800\" \/>\n\t<meta property=\"og:image:height\" content=\"445\" \/>\n\t<meta property=\"og:image:type\" content=\"image\/jpeg\" \/>\n<meta name=\"author\" content=\"Tarcisio Oliveira\" \/>\n<meta name=\"twitter:card\" content=\"summary_large_image\" \/>\n<meta name=\"twitter:label1\" content=\"Escrito por\" \/>\n\t<meta name=\"twitter:data1\" content=\"Tarcisio Oliveira\" \/>\n\t<meta name=\"twitter:label2\" content=\"Est. tempo de leitura\" \/>\n\t<meta name=\"twitter:data2\" content=\"3 minutos\" \/>\n<script type=\"application\/ld+json\" class=\"yoast-schema-graph\">{\"@context\":\"https:\/\/schema.org\",\"@graph\":[{\"@type\":\"Article\",\"@id\":\"https:\/\/www.pm.pb.gov.br\/portal\/2023\/11\/21\/policia-militar-apreende-nove-armas-de-fogo-na-regiao-metropolitana-da-capital\/#article\",\"isPartOf\":{\"@id\":\"https:\/\/www.pm.pb.gov.br\/portal\/2023\/11\/21\/policia-militar-apreende-nove-armas-de-fogo-na-regiao-metropolitana-da-capital\/\"},\"author\":{\"name\":\"Tarcisio Oliveira\",\"@id\":\"https:\/\/www.pm.pb.gov.br\/portal\/#\/schema\/person\/f84f56dcc78ce4357054da888b8247fd\"},\"headline\":\"Pol\u00edcia Militar apreende nove armas de fogo na regi\u00e3o metropolitana da Capital\",\"datePublished\":\"2023-11-22T02:14:14+00:00\",\"dateModified\":\"2023-11-22T02:14:16+00:00\",\"mainEntityOfPage\":{\"@id\":\"https:\/\/www.pm.pb.gov.br\/portal\/2023\/11\/21\/policia-militar-apreende-nove-armas-de-fogo-na-regiao-metropolitana-da-capital\/\"},\"wordCount\":318,\"publisher\":{\"@id\":\"https:\/\/www.pm.pb.gov.br\/portal\/#organization\"},\"articleSection\":[\"A\u00e7\u00f5es Policiais\"],\"inLanguage\":\"pt-BR\"},{\"@type\":\"WebPage\",\"@id\":\"https:\/\/www.pm.pb.gov.br\/portal\/2023\/11\/21\/policia-militar-apreende-nove-armas-de-fogo-na-regiao-metropolitana-da-capital\/\",\"url\":\"https:\/\/www.pm.pb.gov.br\/portal\/2023\/11\/21\/policia-militar-apreende-nove-armas-de-fogo-na-regiao-metropolitana-da-capital\/\",\"name\":\"Pol\u00edcia Militar apreende nove armas de fogo na regi\u00e3o metropolitana da Capital - Pol\u00edcia Militar da Para\u00edba\",\"isPartOf\":{\"@id\":\"https:\/\/www.pm.pb.gov.br\/portal\/#website\"},\"datePublished\":\"2023-11-22T02:14:14+00:00\",\"dateModified\":\"2023-11-22T02:14:16+00:00\",\"description\":\"Pistolas, rev\u00f3lveres e espingarda que estavam nas m\u00e3os de criminosos foram apreendidas ap\u00f3s confrontos, pris\u00e3o de suspeitos e apreens\u00e3o de adolescente, ocorr\u00eancias desta \u00faltima ter\u00e7a-feira (21).\",\"breadcrumb\":{\"@id\":\"https:\/\/www.pm.pb.gov.br\/portal\/2023\/11\/21\/policia-militar-apreende-nove-armas-de-fogo-na-regiao-metropolitana-da-capital\/#breadcrumb\"},\"inLanguage\":\"pt-BR\",\"potentialAction\":[{\"@type\":\"ReadAction\",\"target\":[\"https:\/\/www.pm.pb.gov.br\/portal\/2023\/11\/21\/policia-militar-apreende-nove-armas-de-fogo-na-regiao-metropolitana-da-capital\/\"]}]},{\"@type\":\"BreadcrumbList\",\"@id\":\"https:\/\/www.pm.pb.gov.br\/portal\/2023\/11\/21\/policia-militar-apreende-nove-armas-de-fogo-na-regiao-metropolitana-da-capital\/#breadcrumb\",\"itemListElement\":[{\"@type\":\"ListItem\",\"position\":1,\"name\":\"In\u00edcio\",\"item\":\"https:\/\/www.pm.pb.gov.br\/portal\/\"},{\"@type\":\"ListItem\",\"position\":2,\"name\":\"Pol\u00edcia Militar apreende nove armas de fogo na regi\u00e3o metropolitana da Capital\"}]},{\"@type\":\"WebSite\",\"@id\":\"https:\/\/www.pm.pb.gov.br\/portal\/#website\",\"url\":\"https:\/\/www.pm.pb.gov.br\/portal\/\",\"name\":\"Pol\u00edcia Militar da Para\u00edba\",\"description\":\"\",\"publisher\":{\"@id\":\"https:\/\/www.pm.pb.gov.br\/portal\/#organization\"},\"potentialAction\":[{\"@type\":\"SearchAction\",\"target\":{\"@type\":\"EntryPoint\",\"urlTemplate\":\"https:\/\/www.pm.pb.gov.br\/portal\/?s={search_term_string}\"},\"query-input\":\"required name=search_term_string\"}],\"inLanguage\":\"pt-BR\"},{\"@type\":\"Organization\",\"@id\":\"https:\/\/www.pm.pb.gov.br\/portal\/#organization\",\"name\":\"Pol\u00edcia Militar da Para\u00edba\",\"url\":\"https:\/\/www.pm.pb.gov.br\/portal\/\",\"logo\":{\"@type\":\"ImageObject\",\"inLanguage\":\"pt-BR\",\"@id\":\"https:\/\/www.pm.pb.gov.br\/portal\/#\/schema\/logo\/image\/\",\"url\":\"https:\/\/www.pm.pb.gov.br\/portal\/wp-content\/uploads\/2025\/03\/cropped-logo-site-mag2-1.png\",\"contentUrl\":\"https:\/\/www.pm.pb.gov.br\/portal\/wp-content\/uploads\/2025\/03\/cropped-logo-site-mag2-1.png\",\"width\":320,\"height\":90,\"caption\":\"Pol\u00edcia Militar da Para\u00edba\"},\"image\":{\"@id\":\"https:\/\/www.pm.pb.gov.br\/portal\/#\/schema\/logo\/image\/\"}},{\"@type\":\"Person\",\"@id\":\"https:\/\/www.pm.pb.gov.br\/portal\/#\/schema\/person\/f84f56dcc78ce4357054da888b8247fd\",\"name\":\"Tarcisio Oliveira\",\"image\":{\"@type\":\"ImageObject\",\"inLanguage\":\"pt-BR\",\"@id\":\"https:\/\/www.pm.pb.gov.br\/portal\/#\/schema\/person\/image\/\",\"url\":\"https:\/\/secure.gravatar.com\/avatar\/72917b630b69d31cd0297507f34bac97?s=96&d=mm&r=g\",\"contentUrl\":\"https:\/\/secure.gravatar.com\/avatar\/72917b630b69d31cd0297507f34bac97?s=96&d=mm&r=g\",\"caption\":\"Tarcisio Oliveira\"},\"url\":\"https:\/\/www.pm.pb.gov.br\/portal\/author\/tarcisio\/\"}]}<\/script>\n<!-- \/ Yoast SEO plugin. -->","yoast_head_json":{"title":"Pol\u00edcia Militar apreende nove armas de fogo na regi\u00e3o metropolitana da Capital - Pol\u00edcia Militar da Para\u00edba","description":"Pistolas, rev\u00f3lveres e espingarda que estavam nas m\u00e3os de criminosos foram apreendidas ap\u00f3s confrontos, pris\u00e3o de suspeitos e apreens\u00e3o de adolescente, ocorr\u00eancias desta \u00faltima ter\u00e7a-feira (21).","robots":{"index":"index","follow":"follow","max-snippet":"max-snippet:-1","max-image-preview":"max-image-preview:large","max-video-preview":"max-video-preview:-1"},"canonical":"https:\/\/www.pm.pb.gov.br\/portal\/2023\/11\/21\/policia-militar-apreende-nove-armas-de-fogo-na-regiao-metropolitana-da-capital\/","og_locale":"pt_BR","og_type":"article","og_title":"Pol\u00edcia Militar apreende nove armas de fogo na regi\u00e3o metropolitana da Capital - Pol\u00edcia Militar da Para\u00edba","og_description":"Pistolas, rev\u00f3lveres e espingarda que estavam nas m\u00e3os de criminosos foram apreendidas ap\u00f3s confrontos, pris\u00e3o de suspeitos e apreens\u00e3o de adolescente, ocorr\u00eancias desta \u00faltima ter\u00e7a-feira (21).","og_url":"https:\/\/www.pm.pb.gov.br\/portal\/2023\/11\/21\/policia-militar-apreende-nove-armas-de-fogo-na-regiao-metropolitana-da-capital\/","og_site_name":"Pol\u00edcia Militar da Para\u00edba","article_published_time":"2023-11-22T02:14:14+00:00","article_modified_time":"2023-11-22T02:14:16+00:00","og_image":[{"width":800,"height":445,"url":"http:\/\/www.pm.pb.gov.br\/portal\/wp-content\/uploads\/2023\/11\/cabedelo-12.jpeg","type":"image\/jpeg"}],"author":"Tarcisio Oliveira","twitter_card":"summary_large_image","twitter_misc":{"Escrito por":"Tarcisio Oliveira","Est. tempo de leitura":"3 minutos"},"schema":{"@context":"https:\/\/schema.org","@graph":[{"@type":"Article","@id":"https:\/\/www.pm.pb.gov.br\/portal\/2023\/11\/21\/policia-militar-apreende-nove-armas-de-fogo-na-regiao-metropolitana-da-capital\/#article","isPartOf":{"@id":"https:\/\/www.pm.pb.gov.br\/portal\/2023\/11\/21\/policia-militar-apreende-nove-armas-de-fogo-na-regiao-metropolitana-da-capital\/"},"author":{"name":"Tarcisio Oliveira","@id":"https:\/\/www.pm.pb.gov.br\/portal\/#\/schema\/person\/f84f56dcc78ce4357054da888b8247fd"},"headline":"Pol\u00edcia Militar apreende nove armas de fogo na regi\u00e3o metropolitana da Capital","datePublished":"2023-11-22T02:14:14+00:00","dateModified":"2023-11-22T02:14:16+00:00","mainEntityOfPage":{"@id":"https:\/\/www.pm.pb.gov.br\/portal\/2023\/11\/21\/policia-militar-apreende-nove-armas-de-fogo-na-regiao-metropolitana-da-capital\/"},"wordCount":318,"publisher":{"@id":"https:\/\/www.pm.pb.gov.br\/portal\/#organization"},"articleSection":["A\u00e7\u00f5es Policiais"],"inLanguage":"pt-BR"},{"@type":"WebPage","@id":"https:\/\/www.pm.pb.gov.br\/portal\/2023\/11\/21\/policia-militar-apreende-nove-armas-de-fogo-na-regiao-metropolitana-da-capital\/","url":"https:\/\/www.pm.pb.gov.br\/portal\/2023\/11\/21\/policia-militar-apreende-nove-armas-de-fogo-na-regiao-metropolitana-da-capital\/","name":"Pol\u00edcia Militar apreende nove armas de fogo na regi\u00e3o metropolitana da Capital - Pol\u00edcia Militar da Para\u00edba","isPartOf":{"@id":"https:\/\/www.pm.pb.gov.br\/portal\/#website"},"datePublished":"2023-11-22T02:14:14+00:00","dateModified":"2023-11-22T02:14:16+00:00","description":"Pistolas, rev\u00f3lveres e espingarda que estavam nas m\u00e3os de criminosos foram apreendidas ap\u00f3s confrontos, pris\u00e3o de suspeitos e apreens\u00e3o de adolescente, ocorr\u00eancias desta \u00faltima ter\u00e7a-feira (21).","breadcrumb":{"@id":"https:\/\/www.pm.pb.gov.br\/portal\/2023\/11\/21\/policia-militar-apreende-nove-armas-de-fogo-na-regiao-metropolitana-da-capital\/#breadcrumb"},"inLanguage":"pt-BR","potentialAction":[{"@type":"ReadAction","target":["https:\/\/www.pm.pb.gov.br\/portal\/2023\/11\/21\/policia-militar-apreende-nove-armas-de-fogo-na-regiao-metropolitana-da-capital\/"]}]},{"@type":"BreadcrumbList","@id":"https:\/\/www.pm.pb.gov.br\/portal\/2023\/11\/21\/policia-militar-apreende-nove-armas-de-fogo-na-regiao-metropolitana-da-capital\/#breadcrumb","itemListElement":[{"@type":"ListItem","position":1,"name":"In\u00edcio","item":"https:\/\/www.pm.pb.gov.br\/portal\/"},{"@type":"ListItem","position":2,"name":"Pol\u00edcia Militar apreende nove armas de fogo na regi\u00e3o metropolitana da Capital"}]},{"@type":"WebSite","@id":"https:\/\/www.pm.pb.gov.br\/portal\/#website","url":"https:\/\/www.pm.pb.gov.br\/portal\/","name":"Pol\u00edcia Militar da Para\u00edba","description":"","publisher":{"@id":"https:\/\/www.pm.pb.gov.br\/portal\/#organization"},"potentialAction":[{"@type":"SearchAction","target":{"@type":"EntryPoint","urlTemplate":"https:\/\/www.pm.pb.gov.br\/portal\/?s={search_term_string}"},"query-input":"required name=search_term_string"}],"inLanguage":"pt-BR"},{"@type":"Organization","@id":"https:\/\/www.pm.pb.gov.br\/portal\/#organization","name":"Pol\u00edcia Militar da Para\u00edba","url":"https:\/\/www.pm.pb.gov.br\/portal\/","logo":{"@type":"ImageObject","inLanguage":"pt-BR","@id":"https:\/\/www.pm.pb.gov.br\/portal\/#\/schema\/logo\/image\/","url":"https:\/\/www.pm.pb.gov.br\/portal\/wp-content\/uploads\/2025\/03\/cropped-logo-site-mag2-1.png","contentUrl":"https:\/\/www.pm.pb.gov.br\/portal\/wp-content\/uploads\/2025\/03\/cropped-logo-site-mag2-1.png","width":320,"height":90,"caption":"Pol\u00edcia Militar da Para\u00edba"},"image":{"@id":"https:\/\/www.pm.pb.gov.br\/portal\/#\/schema\/logo\/image\/"}},{"@type":"Person","@id":"https:\/\/www.pm.pb.gov.br\/portal\/#\/schema\/person\/f84f56dcc78ce4357054da888b8247fd","name":"Tarcisio Oliveira","image":{"@type":"ImageObject","inLanguage":"pt-BR","@id":"https:\/\/www.pm.pb.gov.br\/portal\/#\/schema\/person\/image\/","url":"https:\/\/secure.gravatar.com\/avatar\/72917b630b69d31cd0297507f34bac97?s=96&d=mm&r=g","contentUrl":"https:\/\/secure.gravatar.com\/avatar\/72917b630b69d31cd0297507f34bac97?s=96&d=mm&r=g","caption":"Tarcisio Oliveira"},"url":"https:\/\/www.pm.pb.gov.br\/portal\/author\/tarcisio\/"}]}},"_links":{"self":[{"href":"https:\/\/www.pm.pb.gov.br\/portal\/wp-json\/wp\/v2\/posts\/919298"}],"collection":[{"href":"https:\/\/www.pm.pb.gov.br\/portal\/wp-json\/wp\/v2\/posts"}],"about":[{"href":"https:\/\/www.pm.pb.gov.br\/portal\/wp-json\/wp\/v2\/types\/post"}],"author":[{"embeddable":true,"href":"https:\/\/www.pm.pb.gov.br\/portal\/wp-json\/wp\/v2\/users\/12"}],"replies":[{"embeddable":true,"href":"https:\/\/www.pm.pb.gov.br\/portal\/wp-json\/wp\/v2\/comments?post=919298"}],"version-history":[{"count":1,"href":"https:\/\/www.pm.pb.gov.br\/portal\/wp-json\/wp\/v2\/posts\/919298\/revisions"}],"predecessor-version":[{"id":919305,"href":"https:\/\/www.pm.pb.gov.br\/portal\/wp-json\/wp\/v2\/posts\/919298\/revisions\/919305"}],"wp:featuredmedia":[{"embeddable":true,"href":"https:\/\/www.pm.pb.gov.br\/portal\/wp-json\/wp\/v2\/media\/919299"}],"wp:attachment":[{"href":"https:\/\/www.pm.pb.gov.br\/portal\/wp-json\/wp\/v2\/media?parent=919298"}],"wp:term":[{"taxonomy":"category","embeddable":true,"href":"https:\/\/www.pm.pb.gov.br\/portal\/wp-json\/wp\/v2\/categories?post=919298"},{"taxonomy":"post_tag","embeddable":true,"href":"https:\/\/www.pm.pb.gov.br\/portal\/wp-json\/wp\/v2\/tags?post=919298"}],"curies":[{"name":"wp","href":"https:\/\/api.w.org\/{rel}","templated":true}]}}