{"id":919293,"date":"2023-11-21T15:03:00","date_gmt":"2023-11-21T18:03:00","guid":{"rendered":"https:\/\/www.pm.pb.gov.br\/portal\/?p=919293"},"modified":"2023-11-21T19:26:34","modified_gmt":"2023-11-21T22:26:34","slug":"capitaes-concluem-curso-de-especializacao-em-seguranca-publica-na-pmpb-e-instituicao-homenageia-autores-de-artigos-em-revista-academica","status":"publish","type":"post","link":"https:\/\/www.pm.pb.gov.br\/portal\/2023\/11\/21\/capitaes-concluem-curso-de-especializacao-em-seguranca-publica-na-pmpb-e-instituicao-homenageia-autores-de-artigos-em-revista-academica\/","title":{"rendered":"Capit\u00e3es concluem Curso de Especializa\u00e7\u00e3o em Seguran\u00e7a P\u00fablica na PMPB e institui\u00e7\u00e3o homenageia autores de artigos em revista acad\u00eamica"},"content":{"rendered":"\n<p>A produ\u00e7\u00e3o de trabalhos acad\u00eamicos sobre seguran\u00e7a p\u00fablica e a forma\u00e7\u00e3o dos policiais militares est\u00e1 fortalecida na PMPB. Na manh\u00e3 desta ter\u00e7a-feira (21), mais de 20 capit\u00e3es da corpora\u00e7\u00e3o conclu\u00edram oficialmente o Curso de Especializa\u00e7\u00e3o Latu Sensu em Seguran\u00e7a P\u00fablica (Cesp). A atividade come\u00e7ou em abril e contou com 18 disciplinas, em 450 horas-aulas. Al\u00e9m disso, a corpora\u00e7\u00e3o lan\u00e7ou oficialmente a publica\u00e7\u00e3o: \u201cSeguran\u00e7a P\u00fablica em Revista\u201d.<\/p>\n<p>A formatura desta ter\u00e7a aconteceu no audit\u00f3rio do Centro Cultural Ariano Suassuna, do Tribunal de Contas do Estado, em Jo\u00e3o Pessoa (foto acima), e contou com a presen\u00e7a de oficiais do alto comando da PMPB, al\u00e9m do comandante-geral da institui\u00e7\u00e3o, coronel S\u00e9rgio Fonseca. A primeira coloca\u00e7\u00e3o no Cesp foi da capit\u00e3 Mar\u00edlia Figueiredo Paulino Monteiro, que recebeu do pr\u00f3prio coronel S\u00e9rgio a Medalha do M\u00e9rito Acad\u00eamico \u201cAdemar Naziazene\u201d, destinada a homenagear os primeiros colocados nos cursos da institui\u00e7\u00e3o (foto abaixo).<\/p>\n<p><img loading=\"lazy\" decoding=\"async\" class=\" wp-image-919296 aligncenter\" src=\"http:\/\/www.pm.pb.gov.br\/portal\/wp-content\/uploads\/2023\/11\/WhatsApp-Image-2023-11-21-at-10.46.30-665x445.jpeg\" alt=\"\" width=\"580\" height=\"388\" srcset=\"https:\/\/www.pm.pb.gov.br\/portal\/wp-content\/uploads\/2023\/11\/WhatsApp-Image-2023-11-21-at-10.46.30-665x445.jpeg 665w, https:\/\/www.pm.pb.gov.br\/portal\/wp-content\/uploads\/2023\/11\/WhatsApp-Image-2023-11-21-at-10.46.30-852x570.jpeg 852w, https:\/\/www.pm.pb.gov.br\/portal\/wp-content\/uploads\/2023\/11\/WhatsApp-Image-2023-11-21-at-10.46.30-768x514.jpeg 768w, https:\/\/www.pm.pb.gov.br\/portal\/wp-content\/uploads\/2023\/11\/WhatsApp-Image-2023-11-21-at-10.46.30-272x182.jpeg 272w, https:\/\/www.pm.pb.gov.br\/portal\/wp-content\/uploads\/2023\/11\/WhatsApp-Image-2023-11-21-at-10.46.30.jpeg 1280w\" sizes=\"(max-width: 580px) 100vw, 580px\" \/><\/p>\n<p>\u201cQuero parabenizar a todos voc\u00eas que persistiram e alcan\u00e7aram este marco do Cesp. O caminho n\u00e3o foi f\u00e1cil, mas o esfor\u00e7o dos senhores e senhoras valeu a pena para qualificar e fortalecer ainda mais a gest\u00e3o da PMPB e da seguran\u00e7a p\u00fablica.\u201d, disse o comandante-geral, que tamb\u00e9m parabenizou professores e o Centro de Educa\u00e7\u00e3o pela condu\u00e7\u00e3o do Curso.<\/p>\n<p><strong>Conhecimento &#8211;<\/strong> A produ\u00e7\u00e3o acad\u00eamica de outros policiais da corpora\u00e7\u00e3o e civis tamb\u00e9m teve destaque na cerim\u00f4nia, quando o CE homenageou os autores pela produ\u00e7\u00e3o de artigos e resenhas divulgados na 1\u00aa edi\u00e7\u00e3o da \u201cSeguran\u00e7a P\u00fablica em Revista\u201d, publica\u00e7\u00e3o digital lan\u00e7ada neste segundo semestre de 2023, que traz estudos que abordam Direito, for\u00e7as policiais, e outros campos do conhecimento da seguran\u00e7a e defesa social.<\/p>\n<p>A revista est\u00e1 dispon\u00edvel no link: <a href=\"https:\/\/ce.pm.pb.gov.br\/revista\/\">https:\/\/ce.pm.pb.gov.br\/revista\/<\/a><\/p>\n<p><img loading=\"lazy\" decoding=\"async\" class=\" wp-image-919294 aligncenter\" src=\"http:\/\/www.pm.pb.gov.br\/portal\/wp-content\/uploads\/2023\/11\/WhatsApp-Image-2023-11-21-at-18.04.32-338x445.jpeg\" alt=\"\" width=\"327\" height=\"431\" srcset=\"https:\/\/www.pm.pb.gov.br\/portal\/wp-content\/uploads\/2023\/11\/WhatsApp-Image-2023-11-21-at-18.04.32-338x445.jpeg 338w, https:\/\/www.pm.pb.gov.br\/portal\/wp-content\/uploads\/2023\/11\/WhatsApp-Image-2023-11-21-at-18.04.32-433x570.jpeg 433w, https:\/\/www.pm.pb.gov.br\/portal\/wp-content\/uploads\/2023\/11\/WhatsApp-Image-2023-11-21-at-18.04.32.jpeg 535w\" sizes=\"(max-width: 327px) 100vw, 327px\" \/><\/p>\n","protected":false},"excerpt":{"rendered":"<p>A produ\u00e7\u00e3o de trabalhos acad\u00eamicos sobre seguran\u00e7a p\u00fablica e a forma\u00e7\u00e3o dos policiais militares est\u00e1 fortalecida na PMPB. Na manh\u00e3<\/p>\n","protected":false},"author":12,"featured_media":919295,"comment_status":"closed","ping_status":"closed","sticky":false,"template":"","format":"standard","meta":{"_exactmetrics_skip_tracking":false,"_exactmetrics_sitenote_active":false,"_exactmetrics_sitenote_note":"","_exactmetrics_sitenote_category":0,"footnotes":""},"categories":[6],"tags":[],"yoast_head":"<!-- This site is optimized with the Yoast SEO plugin v22.0 - https:\/\/yoast.com\/wordpress\/plugins\/seo\/ -->\n<title>Capit\u00e3es concluem Curso de Especializa\u00e7\u00e3o em Seguran\u00e7a P\u00fablica na PMPB e institui\u00e7\u00e3o homenageia autores de artigos em revista acad\u00eamica - Pol\u00edcia Militar da Para\u00edba<\/title>\n<meta name=\"robots\" content=\"index, follow, max-snippet:-1, max-image-preview:large, max-video-preview:-1\" \/>\n<link rel=\"canonical\" href=\"https:\/\/www.pm.pb.gov.br\/portal\/2023\/11\/21\/capitaes-concluem-curso-de-especializacao-em-seguranca-publica-na-pmpb-e-instituicao-homenageia-autores-de-artigos-em-revista-academica\/\" \/>\n<meta property=\"og:locale\" content=\"pt_BR\" \/>\n<meta property=\"og:type\" content=\"article\" \/>\n<meta property=\"og:title\" content=\"Capit\u00e3es concluem Curso de Especializa\u00e7\u00e3o em Seguran\u00e7a P\u00fablica na PMPB e institui\u00e7\u00e3o homenageia autores de artigos em revista acad\u00eamica - Pol\u00edcia Militar da Para\u00edba\" \/>\n<meta property=\"og:description\" content=\"A produ\u00e7\u00e3o de trabalhos acad\u00eamicos sobre seguran\u00e7a p\u00fablica e a forma\u00e7\u00e3o dos policiais militares est\u00e1 fortalecida na PMPB. Na manh\u00e3\" \/>\n<meta property=\"og:url\" content=\"https:\/\/www.pm.pb.gov.br\/portal\/2023\/11\/21\/capitaes-concluem-curso-de-especializacao-em-seguranca-publica-na-pmpb-e-instituicao-homenageia-autores-de-artigos-em-revista-academica\/\" \/>\n<meta property=\"og:site_name\" content=\"Pol\u00edcia Militar da Para\u00edba\" \/>\n<meta property=\"article:published_time\" content=\"2023-11-21T18:03:00+00:00\" \/>\n<meta property=\"article:modified_time\" content=\"2023-11-21T22:26:34+00:00\" \/>\n<meta property=\"og:image\" content=\"http:\/\/www.pm.pb.gov.br\/portal\/wp-content\/uploads\/2023\/11\/WhatsApp-Image-2023-11-21-at-10.45.36.jpeg\" \/>\n\t<meta property=\"og:image:width\" content=\"800\" \/>\n\t<meta property=\"og:image:height\" content=\"445\" \/>\n\t<meta property=\"og:image:type\" content=\"image\/jpeg\" \/>\n<meta name=\"author\" content=\"Tarcisio Oliveira\" \/>\n<meta name=\"twitter:card\" content=\"summary_large_image\" \/>\n<meta name=\"twitter:label1\" content=\"Escrito por\" \/>\n\t<meta name=\"twitter:data1\" content=\"Tarcisio Oliveira\" \/>\n\t<meta name=\"twitter:label2\" content=\"Est. tempo de leitura\" \/>\n\t<meta name=\"twitter:data2\" content=\"2 minutos\" \/>\n<script type=\"application\/ld+json\" class=\"yoast-schema-graph\">{\"@context\":\"https:\/\/schema.org\",\"@graph\":[{\"@type\":\"Article\",\"@id\":\"https:\/\/www.pm.pb.gov.br\/portal\/2023\/11\/21\/capitaes-concluem-curso-de-especializacao-em-seguranca-publica-na-pmpb-e-instituicao-homenageia-autores-de-artigos-em-revista-academica\/#article\",\"isPartOf\":{\"@id\":\"https:\/\/www.pm.pb.gov.br\/portal\/2023\/11\/21\/capitaes-concluem-curso-de-especializacao-em-seguranca-publica-na-pmpb-e-instituicao-homenageia-autores-de-artigos-em-revista-academica\/\"},\"author\":{\"name\":\"Tarcisio Oliveira\",\"@id\":\"https:\/\/www.pm.pb.gov.br\/portal\/#\/schema\/person\/f84f56dcc78ce4357054da888b8247fd\"},\"headline\":\"Capit\u00e3es concluem Curso de Especializa\u00e7\u00e3o em Seguran\u00e7a P\u00fablica na PMPB e institui\u00e7\u00e3o homenageia autores de artigos em revista acad\u00eamica\",\"datePublished\":\"2023-11-21T18:03:00+00:00\",\"dateModified\":\"2023-11-21T22:26:34+00:00\",\"mainEntityOfPage\":{\"@id\":\"https:\/\/www.pm.pb.gov.br\/portal\/2023\/11\/21\/capitaes-concluem-curso-de-especializacao-em-seguranca-publica-na-pmpb-e-instituicao-homenageia-autores-de-artigos-em-revista-academica\/\"},\"wordCount\":358,\"publisher\":{\"@id\":\"https:\/\/www.pm.pb.gov.br\/portal\/#organization\"},\"articleSection\":[\"Cursos\"],\"inLanguage\":\"pt-BR\"},{\"@type\":\"WebPage\",\"@id\":\"https:\/\/www.pm.pb.gov.br\/portal\/2023\/11\/21\/capitaes-concluem-curso-de-especializacao-em-seguranca-publica-na-pmpb-e-instituicao-homenageia-autores-de-artigos-em-revista-academica\/\",\"url\":\"https:\/\/www.pm.pb.gov.br\/portal\/2023\/11\/21\/capitaes-concluem-curso-de-especializacao-em-seguranca-publica-na-pmpb-e-instituicao-homenageia-autores-de-artigos-em-revista-academica\/\",\"name\":\"Capit\u00e3es concluem Curso de Especializa\u00e7\u00e3o em Seguran\u00e7a P\u00fablica na PMPB e institui\u00e7\u00e3o homenageia autores de artigos em revista acad\u00eamica - Pol\u00edcia Militar da Para\u00edba\",\"isPartOf\":{\"@id\":\"https:\/\/www.pm.pb.gov.br\/portal\/#website\"},\"datePublished\":\"2023-11-21T18:03:00+00:00\",\"dateModified\":\"2023-11-21T22:26:34+00:00\",\"breadcrumb\":{\"@id\":\"https:\/\/www.pm.pb.gov.br\/portal\/2023\/11\/21\/capitaes-concluem-curso-de-especializacao-em-seguranca-publica-na-pmpb-e-instituicao-homenageia-autores-de-artigos-em-revista-academica\/#breadcrumb\"},\"inLanguage\":\"pt-BR\",\"potentialAction\":[{\"@type\":\"ReadAction\",\"target\":[\"https:\/\/www.pm.pb.gov.br\/portal\/2023\/11\/21\/capitaes-concluem-curso-de-especializacao-em-seguranca-publica-na-pmpb-e-instituicao-homenageia-autores-de-artigos-em-revista-academica\/\"]}]},{\"@type\":\"BreadcrumbList\",\"@id\":\"https:\/\/www.pm.pb.gov.br\/portal\/2023\/11\/21\/capitaes-concluem-curso-de-especializacao-em-seguranca-publica-na-pmpb-e-instituicao-homenageia-autores-de-artigos-em-revista-academica\/#breadcrumb\",\"itemListElement\":[{\"@type\":\"ListItem\",\"position\":1,\"name\":\"In\u00edcio\",\"item\":\"https:\/\/www.pm.pb.gov.br\/portal\/\"},{\"@type\":\"ListItem\",\"position\":2,\"name\":\"Capit\u00e3es concluem Curso de Especializa\u00e7\u00e3o em Seguran\u00e7a P\u00fablica na PMPB e institui\u00e7\u00e3o homenageia autores de artigos em revista acad\u00eamica\"}]},{\"@type\":\"WebSite\",\"@id\":\"https:\/\/www.pm.pb.gov.br\/portal\/#website\",\"url\":\"https:\/\/www.pm.pb.gov.br\/portal\/\",\"name\":\"Pol\u00edcia Militar da Para\u00edba\",\"description\":\"\",\"publisher\":{\"@id\":\"https:\/\/www.pm.pb.gov.br\/portal\/#organization\"},\"potentialAction\":[{\"@type\":\"SearchAction\",\"target\":{\"@type\":\"EntryPoint\",\"urlTemplate\":\"https:\/\/www.pm.pb.gov.br\/portal\/?s={search_term_string}\"},\"query-input\":\"required name=search_term_string\"}],\"inLanguage\":\"pt-BR\"},{\"@type\":\"Organization\",\"@id\":\"https:\/\/www.pm.pb.gov.br\/portal\/#organization\",\"name\":\"Pol\u00edcia Militar da Para\u00edba\",\"url\":\"https:\/\/www.pm.pb.gov.br\/portal\/\",\"logo\":{\"@type\":\"ImageObject\",\"inLanguage\":\"pt-BR\",\"@id\":\"https:\/\/www.pm.pb.gov.br\/portal\/#\/schema\/logo\/image\/\",\"url\":\"https:\/\/www.pm.pb.gov.br\/portal\/wp-content\/uploads\/2025\/03\/cropped-logo-site-mag2-1.png\",\"contentUrl\":\"https:\/\/www.pm.pb.gov.br\/portal\/wp-content\/uploads\/2025\/03\/cropped-logo-site-mag2-1.png\",\"width\":320,\"height\":90,\"caption\":\"Pol\u00edcia Militar da Para\u00edba\"},\"image\":{\"@id\":\"https:\/\/www.pm.pb.gov.br\/portal\/#\/schema\/logo\/image\/\"}},{\"@type\":\"Person\",\"@id\":\"https:\/\/www.pm.pb.gov.br\/portal\/#\/schema\/person\/f84f56dcc78ce4357054da888b8247fd\",\"name\":\"Tarcisio Oliveira\",\"image\":{\"@type\":\"ImageObject\",\"inLanguage\":\"pt-BR\",\"@id\":\"https:\/\/www.pm.pb.gov.br\/portal\/#\/schema\/person\/image\/\",\"url\":\"https:\/\/secure.gravatar.com\/avatar\/72917b630b69d31cd0297507f34bac97?s=96&d=mm&r=g\",\"contentUrl\":\"https:\/\/secure.gravatar.com\/avatar\/72917b630b69d31cd0297507f34bac97?s=96&d=mm&r=g\",\"caption\":\"Tarcisio Oliveira\"},\"url\":\"https:\/\/www.pm.pb.gov.br\/portal\/author\/tarcisio\/\"}]}<\/script>\n<!-- \/ Yoast SEO plugin. -->","yoast_head_json":{"title":"Capit\u00e3es concluem Curso de Especializa\u00e7\u00e3o em Seguran\u00e7a P\u00fablica na PMPB e institui\u00e7\u00e3o homenageia autores de artigos em revista acad\u00eamica - Pol\u00edcia Militar da Para\u00edba","robots":{"index":"index","follow":"follow","max-snippet":"max-snippet:-1","max-image-preview":"max-image-preview:large","max-video-preview":"max-video-preview:-1"},"canonical":"https:\/\/www.pm.pb.gov.br\/portal\/2023\/11\/21\/capitaes-concluem-curso-de-especializacao-em-seguranca-publica-na-pmpb-e-instituicao-homenageia-autores-de-artigos-em-revista-academica\/","og_locale":"pt_BR","og_type":"article","og_title":"Capit\u00e3es concluem Curso de Especializa\u00e7\u00e3o em Seguran\u00e7a P\u00fablica na PMPB e institui\u00e7\u00e3o homenageia autores de artigos em revista acad\u00eamica - Pol\u00edcia Militar da Para\u00edba","og_description":"A produ\u00e7\u00e3o de trabalhos acad\u00eamicos sobre seguran\u00e7a p\u00fablica e a forma\u00e7\u00e3o dos policiais militares est\u00e1 fortalecida na PMPB. Na manh\u00e3","og_url":"https:\/\/www.pm.pb.gov.br\/portal\/2023\/11\/21\/capitaes-concluem-curso-de-especializacao-em-seguranca-publica-na-pmpb-e-instituicao-homenageia-autores-de-artigos-em-revista-academica\/","og_site_name":"Pol\u00edcia Militar da Para\u00edba","article_published_time":"2023-11-21T18:03:00+00:00","article_modified_time":"2023-11-21T22:26:34+00:00","og_image":[{"width":800,"height":445,"url":"http:\/\/www.pm.pb.gov.br\/portal\/wp-content\/uploads\/2023\/11\/WhatsApp-Image-2023-11-21-at-10.45.36.jpeg","type":"image\/jpeg"}],"author":"Tarcisio Oliveira","twitter_card":"summary_large_image","twitter_misc":{"Escrito por":"Tarcisio Oliveira","Est. tempo de leitura":"2 minutos"},"schema":{"@context":"https:\/\/schema.org","@graph":[{"@type":"Article","@id":"https:\/\/www.pm.pb.gov.br\/portal\/2023\/11\/21\/capitaes-concluem-curso-de-especializacao-em-seguranca-publica-na-pmpb-e-instituicao-homenageia-autores-de-artigos-em-revista-academica\/#article","isPartOf":{"@id":"https:\/\/www.pm.pb.gov.br\/portal\/2023\/11\/21\/capitaes-concluem-curso-de-especializacao-em-seguranca-publica-na-pmpb-e-instituicao-homenageia-autores-de-artigos-em-revista-academica\/"},"author":{"name":"Tarcisio Oliveira","@id":"https:\/\/www.pm.pb.gov.br\/portal\/#\/schema\/person\/f84f56dcc78ce4357054da888b8247fd"},"headline":"Capit\u00e3es concluem Curso de Especializa\u00e7\u00e3o em Seguran\u00e7a P\u00fablica na PMPB e institui\u00e7\u00e3o homenageia autores de artigos em revista acad\u00eamica","datePublished":"2023-11-21T18:03:00+00:00","dateModified":"2023-11-21T22:26:34+00:00","mainEntityOfPage":{"@id":"https:\/\/www.pm.pb.gov.br\/portal\/2023\/11\/21\/capitaes-concluem-curso-de-especializacao-em-seguranca-publica-na-pmpb-e-instituicao-homenageia-autores-de-artigos-em-revista-academica\/"},"wordCount":358,"publisher":{"@id":"https:\/\/www.pm.pb.gov.br\/portal\/#organization"},"articleSection":["Cursos"],"inLanguage":"pt-BR"},{"@type":"WebPage","@id":"https:\/\/www.pm.pb.gov.br\/portal\/2023\/11\/21\/capitaes-concluem-curso-de-especializacao-em-seguranca-publica-na-pmpb-e-instituicao-homenageia-autores-de-artigos-em-revista-academica\/","url":"https:\/\/www.pm.pb.gov.br\/portal\/2023\/11\/21\/capitaes-concluem-curso-de-especializacao-em-seguranca-publica-na-pmpb-e-instituicao-homenageia-autores-de-artigos-em-revista-academica\/","name":"Capit\u00e3es concluem Curso de Especializa\u00e7\u00e3o em Seguran\u00e7a P\u00fablica na PMPB e institui\u00e7\u00e3o homenageia autores de artigos em revista acad\u00eamica - Pol\u00edcia Militar da Para\u00edba","isPartOf":{"@id":"https:\/\/www.pm.pb.gov.br\/portal\/#website"},"datePublished":"2023-11-21T18:03:00+00:00","dateModified":"2023-11-21T22:26:34+00:00","breadcrumb":{"@id":"https:\/\/www.pm.pb.gov.br\/portal\/2023\/11\/21\/capitaes-concluem-curso-de-especializacao-em-seguranca-publica-na-pmpb-e-instituicao-homenageia-autores-de-artigos-em-revista-academica\/#breadcrumb"},"inLanguage":"pt-BR","potentialAction":[{"@type":"ReadAction","target":["https:\/\/www.pm.pb.gov.br\/portal\/2023\/11\/21\/capitaes-concluem-curso-de-especializacao-em-seguranca-publica-na-pmpb-e-instituicao-homenageia-autores-de-artigos-em-revista-academica\/"]}]},{"@type":"BreadcrumbList","@id":"https:\/\/www.pm.pb.gov.br\/portal\/2023\/11\/21\/capitaes-concluem-curso-de-especializacao-em-seguranca-publica-na-pmpb-e-instituicao-homenageia-autores-de-artigos-em-revista-academica\/#breadcrumb","itemListElement":[{"@type":"ListItem","position":1,"name":"In\u00edcio","item":"https:\/\/www.pm.pb.gov.br\/portal\/"},{"@type":"ListItem","position":2,"name":"Capit\u00e3es concluem Curso de Especializa\u00e7\u00e3o em Seguran\u00e7a P\u00fablica na PMPB e institui\u00e7\u00e3o homenageia autores de artigos em revista acad\u00eamica"}]},{"@type":"WebSite","@id":"https:\/\/www.pm.pb.gov.br\/portal\/#website","url":"https:\/\/www.pm.pb.gov.br\/portal\/","name":"Pol\u00edcia Militar da Para\u00edba","description":"","publisher":{"@id":"https:\/\/www.pm.pb.gov.br\/portal\/#organization"},"potentialAction":[{"@type":"SearchAction","target":{"@type":"EntryPoint","urlTemplate":"https:\/\/www.pm.pb.gov.br\/portal\/?s={search_term_string}"},"query-input":"required name=search_term_string"}],"inLanguage":"pt-BR"},{"@type":"Organization","@id":"https:\/\/www.pm.pb.gov.br\/portal\/#organization","name":"Pol\u00edcia Militar da Para\u00edba","url":"https:\/\/www.pm.pb.gov.br\/portal\/","logo":{"@type":"ImageObject","inLanguage":"pt-BR","@id":"https:\/\/www.pm.pb.gov.br\/portal\/#\/schema\/logo\/image\/","url":"https:\/\/www.pm.pb.gov.br\/portal\/wp-content\/uploads\/2025\/03\/cropped-logo-site-mag2-1.png","contentUrl":"https:\/\/www.pm.pb.gov.br\/portal\/wp-content\/uploads\/2025\/03\/cropped-logo-site-mag2-1.png","width":320,"height":90,"caption":"Pol\u00edcia Militar da Para\u00edba"},"image":{"@id":"https:\/\/www.pm.pb.gov.br\/portal\/#\/schema\/logo\/image\/"}},{"@type":"Person","@id":"https:\/\/www.pm.pb.gov.br\/portal\/#\/schema\/person\/f84f56dcc78ce4357054da888b8247fd","name":"Tarcisio Oliveira","image":{"@type":"ImageObject","inLanguage":"pt-BR","@id":"https:\/\/www.pm.pb.gov.br\/portal\/#\/schema\/person\/image\/","url":"https:\/\/secure.gravatar.com\/avatar\/72917b630b69d31cd0297507f34bac97?s=96&d=mm&r=g","contentUrl":"https:\/\/secure.gravatar.com\/avatar\/72917b630b69d31cd0297507f34bac97?s=96&d=mm&r=g","caption":"Tarcisio Oliveira"},"url":"https:\/\/www.pm.pb.gov.br\/portal\/author\/tarcisio\/"}]}},"_links":{"self":[{"href":"https:\/\/www.pm.pb.gov.br\/portal\/wp-json\/wp\/v2\/posts\/919293"}],"collection":[{"href":"https:\/\/www.pm.pb.gov.br\/portal\/wp-json\/wp\/v2\/posts"}],"about":[{"href":"https:\/\/www.pm.pb.gov.br\/portal\/wp-json\/wp\/v2\/types\/post"}],"author":[{"embeddable":true,"href":"https:\/\/www.pm.pb.gov.br\/portal\/wp-json\/wp\/v2\/users\/12"}],"replies":[{"embeddable":true,"href":"https:\/\/www.pm.pb.gov.br\/portal\/wp-json\/wp\/v2\/comments?post=919293"}],"version-history":[{"count":1,"href":"https:\/\/www.pm.pb.gov.br\/portal\/wp-json\/wp\/v2\/posts\/919293\/revisions"}],"predecessor-version":[{"id":919297,"href":"https:\/\/www.pm.pb.gov.br\/portal\/wp-json\/wp\/v2\/posts\/919293\/revisions\/919297"}],"wp:featuredmedia":[{"embeddable":true,"href":"https:\/\/www.pm.pb.gov.br\/portal\/wp-json\/wp\/v2\/media\/919295"}],"wp:attachment":[{"href":"https:\/\/www.pm.pb.gov.br\/portal\/wp-json\/wp\/v2\/media?parent=919293"}],"wp:term":[{"taxonomy":"category","embeddable":true,"href":"https:\/\/www.pm.pb.gov.br\/portal\/wp-json\/wp\/v2\/categories?post=919293"},{"taxonomy":"post_tag","embeddable":true,"href":"https:\/\/www.pm.pb.gov.br\/portal\/wp-json\/wp\/v2\/tags?post=919293"}],"curies":[{"name":"wp","href":"https:\/\/api.w.org\/{rel}","templated":true}]}}