{"id":919276,"date":"2023-11-21T09:28:28","date_gmt":"2023-11-21T12:28:28","guid":{"rendered":"https:\/\/www.pm.pb.gov.br\/portal\/?p=919276"},"modified":"2023-11-21T09:28:31","modified_gmt":"2023-11-21T12:28:31","slug":"reincidencia-pela-2a-vez-em-uma-semana-policia-militar-prende-acusado-de-assalto-na-capital","status":"publish","type":"post","link":"https:\/\/www.pm.pb.gov.br\/portal\/2023\/11\/21\/reincidencia-pela-2a-vez-em-uma-semana-policia-militar-prende-acusado-de-assalto-na-capital\/","title":{"rendered":"REINCID\u00caNCIA: Pela 2\u00aa vez em uma semana, Pol\u00edcia Militar prende acusado de assalto na Capital"},"content":{"rendered":"\n<p>A Pol\u00edcia Militar prendeu, pela segunda vez em menos de uma semana, um homem que tentava cometer assaltos na orla de Jo\u00e3o Pessoa (foto acima ilustrativa). Nesta \u00faltima pris\u00e3o que aconteceu na noite da segunda-feira (20), o acusado foi localizado com mais dois comparsas e uma r\u00e9plica de pistola. As v\u00edtimas reconheceram o trio.<\/p>\n<p>De acordo com o Batalh\u00e3o Especializado em Policiamento Tur\u00edstico (BEPTur), os tr\u00eas acusados tentaram assaltar pessoas na faixa de areia em Mana\u00edra mas, na fuga para o Bessa, foram interceptados pelos policiais. Dois dos presos tinham 18 anos de idade e um deles tinha 23 anos.<\/p>\n<p>\u201cAp\u00f3s consulta processual foi verificado que um dos presos, de 18 anos, j\u00e1 havia sido preso dia 13 do corrente m\u00eas, na \u00faltima segunda-feira, pelo crime de porte ilegal de arma de fogo. Ele deveria estar recolhido em sua resid\u00eancia a partir das 22 horas, algo que ele violou para poder cometer novos delitos\u201d, explicou o major Bruno, comandante do BEPTur.<\/p>\n<p><img loading=\"lazy\" decoding=\"async\" class=\" wp-image-919277 aligncenter\" src=\"http:\/\/www.pm.pb.gov.br\/portal\/wp-content\/uploads\/2023\/11\/replica_pistola-606x445.jpeg\" alt=\"\" width=\"541\" height=\"397\" srcset=\"https:\/\/www.pm.pb.gov.br\/portal\/wp-content\/uploads\/2023\/11\/replica_pistola-606x445.jpeg 606w, https:\/\/www.pm.pb.gov.br\/portal\/wp-content\/uploads\/2023\/11\/replica_pistola-776x570.jpeg 776w, https:\/\/www.pm.pb.gov.br\/portal\/wp-content\/uploads\/2023\/11\/replica_pistola-768x564.jpeg 768w, https:\/\/www.pm.pb.gov.br\/portal\/wp-content\/uploads\/2023\/11\/replica_pistola.jpeg 1024w\" sizes=\"(max-width: 541px) 100vw, 541px\" \/><\/p>\n<p>Junto com a r\u00e9plica de pistola, os tr\u00eas homens foram encaminhados para a Central de Flagrantes para os procedimentos cab\u00edveis e devida autua\u00e7\u00e3o.<\/p>\n\n\n","protected":false},"excerpt":{"rendered":"<p>A Pol\u00edcia Militar prendeu, pela segunda vez em menos de uma semana, um homem que tentava cometer assaltos na orla<\/p>\n","protected":false},"author":12,"featured_media":917312,"comment_status":"closed","ping_status":"closed","sticky":false,"template":"","format":"standard","meta":{"_exactmetrics_skip_tracking":false,"_exactmetrics_sitenote_active":false,"_exactmetrics_sitenote_note":"","_exactmetrics_sitenote_category":0,"footnotes":""},"categories":[4],"tags":[],"yoast_head":"<!-- This site is optimized with the Yoast SEO plugin v22.0 - https:\/\/yoast.com\/wordpress\/plugins\/seo\/ -->\n<title>REINCID\u00caNCIA: Pela 2\u00aa vez em uma semana, Pol\u00edcia Militar prende acusado de assalto na Capital - Pol\u00edcia Militar da Para\u00edba<\/title>\n<meta name=\"description\" content=\"O acusado j\u00e1 havia sido preso na \u00faltima segunda-feira (13) com arma de fogo e deveria estar recolhido \u00e0s 22h, algo que ele violou para cometer novos delitos.\" \/>\n<meta name=\"robots\" content=\"index, follow, max-snippet:-1, max-image-preview:large, max-video-preview:-1\" \/>\n<link rel=\"canonical\" href=\"https:\/\/www.pm.pb.gov.br\/portal\/2023\/11\/21\/reincidencia-pela-2a-vez-em-uma-semana-policia-militar-prende-acusado-de-assalto-na-capital\/\" \/>\n<meta property=\"og:locale\" content=\"pt_BR\" \/>\n<meta property=\"og:type\" content=\"article\" \/>\n<meta property=\"og:title\" content=\"REINCID\u00caNCIA: Pela 2\u00aa vez em uma semana, Pol\u00edcia Militar prende acusado de assalto na Capital - Pol\u00edcia Militar da Para\u00edba\" \/>\n<meta property=\"og:description\" content=\"O acusado j\u00e1 havia sido preso na \u00faltima segunda-feira (13) com arma de fogo e deveria estar recolhido \u00e0s 22h, algo que ele violou para cometer novos delitos.\" \/>\n<meta property=\"og:url\" content=\"https:\/\/www.pm.pb.gov.br\/portal\/2023\/11\/21\/reincidencia-pela-2a-vez-em-uma-semana-policia-militar-prende-acusado-de-assalto-na-capital\/\" \/>\n<meta property=\"og:site_name\" content=\"Pol\u00edcia Militar da Para\u00edba\" \/>\n<meta property=\"article:published_time\" content=\"2023-11-21T12:28:28+00:00\" \/>\n<meta property=\"article:modified_time\" content=\"2023-11-21T12:28:31+00:00\" \/>\n<meta property=\"og:image\" content=\"http:\/\/www.pm.pb.gov.br\/portal\/wp-content\/uploads\/2023\/07\/beptur.jpeg\" \/>\n\t<meta property=\"og:image:width\" content=\"800\" \/>\n\t<meta property=\"og:image:height\" content=\"445\" \/>\n\t<meta property=\"og:image:type\" content=\"image\/jpeg\" \/>\n<meta name=\"author\" content=\"Tarcisio Oliveira\" \/>\n<meta name=\"twitter:card\" content=\"summary_large_image\" \/>\n<meta name=\"twitter:label1\" content=\"Escrito por\" \/>\n\t<meta name=\"twitter:data1\" content=\"Tarcisio Oliveira\" \/>\n\t<meta name=\"twitter:label2\" content=\"Est. tempo de leitura\" \/>\n\t<meta name=\"twitter:data2\" content=\"2 minutos\" \/>\n<script type=\"application\/ld+json\" class=\"yoast-schema-graph\">{\"@context\":\"https:\/\/schema.org\",\"@graph\":[{\"@type\":\"Article\",\"@id\":\"https:\/\/www.pm.pb.gov.br\/portal\/2023\/11\/21\/reincidencia-pela-2a-vez-em-uma-semana-policia-militar-prende-acusado-de-assalto-na-capital\/#article\",\"isPartOf\":{\"@id\":\"https:\/\/www.pm.pb.gov.br\/portal\/2023\/11\/21\/reincidencia-pela-2a-vez-em-uma-semana-policia-militar-prende-acusado-de-assalto-na-capital\/\"},\"author\":{\"name\":\"Tarcisio Oliveira\",\"@id\":\"https:\/\/www.pm.pb.gov.br\/portal\/#\/schema\/person\/f84f56dcc78ce4357054da888b8247fd\"},\"headline\":\"REINCID\u00caNCIA: Pela 2\u00aa vez em uma semana, Pol\u00edcia Militar prende acusado de assalto na Capital\",\"datePublished\":\"2023-11-21T12:28:28+00:00\",\"dateModified\":\"2023-11-21T12:28:31+00:00\",\"mainEntityOfPage\":{\"@id\":\"https:\/\/www.pm.pb.gov.br\/portal\/2023\/11\/21\/reincidencia-pela-2a-vez-em-uma-semana-policia-militar-prende-acusado-de-assalto-na-capital\/\"},\"wordCount\":210,\"publisher\":{\"@id\":\"https:\/\/www.pm.pb.gov.br\/portal\/#organization\"},\"articleSection\":[\"A\u00e7\u00f5es Policiais\"],\"inLanguage\":\"pt-BR\"},{\"@type\":\"WebPage\",\"@id\":\"https:\/\/www.pm.pb.gov.br\/portal\/2023\/11\/21\/reincidencia-pela-2a-vez-em-uma-semana-policia-militar-prende-acusado-de-assalto-na-capital\/\",\"url\":\"https:\/\/www.pm.pb.gov.br\/portal\/2023\/11\/21\/reincidencia-pela-2a-vez-em-uma-semana-policia-militar-prende-acusado-de-assalto-na-capital\/\",\"name\":\"REINCID\u00caNCIA: Pela 2\u00aa vez em uma semana, Pol\u00edcia Militar prende acusado de assalto na Capital - Pol\u00edcia Militar da Para\u00edba\",\"isPartOf\":{\"@id\":\"https:\/\/www.pm.pb.gov.br\/portal\/#website\"},\"datePublished\":\"2023-11-21T12:28:28+00:00\",\"dateModified\":\"2023-11-21T12:28:31+00:00\",\"description\":\"O acusado j\u00e1 havia sido preso na \u00faltima segunda-feira (13) com arma de fogo e deveria estar recolhido \u00e0s 22h, algo que ele violou para cometer novos delitos.\",\"breadcrumb\":{\"@id\":\"https:\/\/www.pm.pb.gov.br\/portal\/2023\/11\/21\/reincidencia-pela-2a-vez-em-uma-semana-policia-militar-prende-acusado-de-assalto-na-capital\/#breadcrumb\"},\"inLanguage\":\"pt-BR\",\"potentialAction\":[{\"@type\":\"ReadAction\",\"target\":[\"https:\/\/www.pm.pb.gov.br\/portal\/2023\/11\/21\/reincidencia-pela-2a-vez-em-uma-semana-policia-militar-prende-acusado-de-assalto-na-capital\/\"]}]},{\"@type\":\"BreadcrumbList\",\"@id\":\"https:\/\/www.pm.pb.gov.br\/portal\/2023\/11\/21\/reincidencia-pela-2a-vez-em-uma-semana-policia-militar-prende-acusado-de-assalto-na-capital\/#breadcrumb\",\"itemListElement\":[{\"@type\":\"ListItem\",\"position\":1,\"name\":\"In\u00edcio\",\"item\":\"https:\/\/www.pm.pb.gov.br\/portal\/\"},{\"@type\":\"ListItem\",\"position\":2,\"name\":\"REINCID\u00caNCIA: Pela 2\u00aa vez em uma semana, Pol\u00edcia Militar prende acusado de assalto na Capital\"}]},{\"@type\":\"WebSite\",\"@id\":\"https:\/\/www.pm.pb.gov.br\/portal\/#website\",\"url\":\"https:\/\/www.pm.pb.gov.br\/portal\/\",\"name\":\"Pol\u00edcia Militar da Para\u00edba\",\"description\":\"\",\"publisher\":{\"@id\":\"https:\/\/www.pm.pb.gov.br\/portal\/#organization\"},\"potentialAction\":[{\"@type\":\"SearchAction\",\"target\":{\"@type\":\"EntryPoint\",\"urlTemplate\":\"https:\/\/www.pm.pb.gov.br\/portal\/?s={search_term_string}\"},\"query-input\":\"required name=search_term_string\"}],\"inLanguage\":\"pt-BR\"},{\"@type\":\"Organization\",\"@id\":\"https:\/\/www.pm.pb.gov.br\/portal\/#organization\",\"name\":\"Pol\u00edcia Militar da Para\u00edba\",\"url\":\"https:\/\/www.pm.pb.gov.br\/portal\/\",\"logo\":{\"@type\":\"ImageObject\",\"inLanguage\":\"pt-BR\",\"@id\":\"https:\/\/www.pm.pb.gov.br\/portal\/#\/schema\/logo\/image\/\",\"url\":\"https:\/\/www.pm.pb.gov.br\/portal\/wp-content\/uploads\/2025\/03\/cropped-logo-site-mag2-1.png\",\"contentUrl\":\"https:\/\/www.pm.pb.gov.br\/portal\/wp-content\/uploads\/2025\/03\/cropped-logo-site-mag2-1.png\",\"width\":320,\"height\":90,\"caption\":\"Pol\u00edcia Militar da Para\u00edba\"},\"image\":{\"@id\":\"https:\/\/www.pm.pb.gov.br\/portal\/#\/schema\/logo\/image\/\"}},{\"@type\":\"Person\",\"@id\":\"https:\/\/www.pm.pb.gov.br\/portal\/#\/schema\/person\/f84f56dcc78ce4357054da888b8247fd\",\"name\":\"Tarcisio Oliveira\",\"image\":{\"@type\":\"ImageObject\",\"inLanguage\":\"pt-BR\",\"@id\":\"https:\/\/www.pm.pb.gov.br\/portal\/#\/schema\/person\/image\/\",\"url\":\"https:\/\/secure.gravatar.com\/avatar\/72917b630b69d31cd0297507f34bac97?s=96&d=mm&r=g\",\"contentUrl\":\"https:\/\/secure.gravatar.com\/avatar\/72917b630b69d31cd0297507f34bac97?s=96&d=mm&r=g\",\"caption\":\"Tarcisio Oliveira\"},\"url\":\"https:\/\/www.pm.pb.gov.br\/portal\/author\/tarcisio\/\"}]}<\/script>\n<!-- \/ Yoast SEO plugin. -->","yoast_head_json":{"title":"REINCID\u00caNCIA: Pela 2\u00aa vez em uma semana, Pol\u00edcia Militar prende acusado de assalto na Capital - Pol\u00edcia Militar da Para\u00edba","description":"O acusado j\u00e1 havia sido preso na \u00faltima segunda-feira (13) com arma de fogo e deveria estar recolhido \u00e0s 22h, algo que ele violou para cometer novos delitos.","robots":{"index":"index","follow":"follow","max-snippet":"max-snippet:-1","max-image-preview":"max-image-preview:large","max-video-preview":"max-video-preview:-1"},"canonical":"https:\/\/www.pm.pb.gov.br\/portal\/2023\/11\/21\/reincidencia-pela-2a-vez-em-uma-semana-policia-militar-prende-acusado-de-assalto-na-capital\/","og_locale":"pt_BR","og_type":"article","og_title":"REINCID\u00caNCIA: Pela 2\u00aa vez em uma semana, Pol\u00edcia Militar prende acusado de assalto na Capital - Pol\u00edcia Militar da Para\u00edba","og_description":"O acusado j\u00e1 havia sido preso na \u00faltima segunda-feira (13) com arma de fogo e deveria estar recolhido \u00e0s 22h, algo que ele violou para cometer novos delitos.","og_url":"https:\/\/www.pm.pb.gov.br\/portal\/2023\/11\/21\/reincidencia-pela-2a-vez-em-uma-semana-policia-militar-prende-acusado-de-assalto-na-capital\/","og_site_name":"Pol\u00edcia Militar da Para\u00edba","article_published_time":"2023-11-21T12:28:28+00:00","article_modified_time":"2023-11-21T12:28:31+00:00","og_image":[{"width":800,"height":445,"url":"http:\/\/www.pm.pb.gov.br\/portal\/wp-content\/uploads\/2023\/07\/beptur.jpeg","type":"image\/jpeg"}],"author":"Tarcisio Oliveira","twitter_card":"summary_large_image","twitter_misc":{"Escrito por":"Tarcisio Oliveira","Est. tempo de leitura":"2 minutos"},"schema":{"@context":"https:\/\/schema.org","@graph":[{"@type":"Article","@id":"https:\/\/www.pm.pb.gov.br\/portal\/2023\/11\/21\/reincidencia-pela-2a-vez-em-uma-semana-policia-militar-prende-acusado-de-assalto-na-capital\/#article","isPartOf":{"@id":"https:\/\/www.pm.pb.gov.br\/portal\/2023\/11\/21\/reincidencia-pela-2a-vez-em-uma-semana-policia-militar-prende-acusado-de-assalto-na-capital\/"},"author":{"name":"Tarcisio Oliveira","@id":"https:\/\/www.pm.pb.gov.br\/portal\/#\/schema\/person\/f84f56dcc78ce4357054da888b8247fd"},"headline":"REINCID\u00caNCIA: Pela 2\u00aa vez em uma semana, Pol\u00edcia Militar prende acusado de assalto na Capital","datePublished":"2023-11-21T12:28:28+00:00","dateModified":"2023-11-21T12:28:31+00:00","mainEntityOfPage":{"@id":"https:\/\/www.pm.pb.gov.br\/portal\/2023\/11\/21\/reincidencia-pela-2a-vez-em-uma-semana-policia-militar-prende-acusado-de-assalto-na-capital\/"},"wordCount":210,"publisher":{"@id":"https:\/\/www.pm.pb.gov.br\/portal\/#organization"},"articleSection":["A\u00e7\u00f5es Policiais"],"inLanguage":"pt-BR"},{"@type":"WebPage","@id":"https:\/\/www.pm.pb.gov.br\/portal\/2023\/11\/21\/reincidencia-pela-2a-vez-em-uma-semana-policia-militar-prende-acusado-de-assalto-na-capital\/","url":"https:\/\/www.pm.pb.gov.br\/portal\/2023\/11\/21\/reincidencia-pela-2a-vez-em-uma-semana-policia-militar-prende-acusado-de-assalto-na-capital\/","name":"REINCID\u00caNCIA: Pela 2\u00aa vez em uma semana, Pol\u00edcia Militar prende acusado de assalto na Capital - Pol\u00edcia Militar da Para\u00edba","isPartOf":{"@id":"https:\/\/www.pm.pb.gov.br\/portal\/#website"},"datePublished":"2023-11-21T12:28:28+00:00","dateModified":"2023-11-21T12:28:31+00:00","description":"O acusado j\u00e1 havia sido preso na \u00faltima segunda-feira (13) com arma de fogo e deveria estar recolhido \u00e0s 22h, algo que ele violou para cometer novos delitos.","breadcrumb":{"@id":"https:\/\/www.pm.pb.gov.br\/portal\/2023\/11\/21\/reincidencia-pela-2a-vez-em-uma-semana-policia-militar-prende-acusado-de-assalto-na-capital\/#breadcrumb"},"inLanguage":"pt-BR","potentialAction":[{"@type":"ReadAction","target":["https:\/\/www.pm.pb.gov.br\/portal\/2023\/11\/21\/reincidencia-pela-2a-vez-em-uma-semana-policia-militar-prende-acusado-de-assalto-na-capital\/"]}]},{"@type":"BreadcrumbList","@id":"https:\/\/www.pm.pb.gov.br\/portal\/2023\/11\/21\/reincidencia-pela-2a-vez-em-uma-semana-policia-militar-prende-acusado-de-assalto-na-capital\/#breadcrumb","itemListElement":[{"@type":"ListItem","position":1,"name":"In\u00edcio","item":"https:\/\/www.pm.pb.gov.br\/portal\/"},{"@type":"ListItem","position":2,"name":"REINCID\u00caNCIA: Pela 2\u00aa vez em uma semana, Pol\u00edcia Militar prende acusado de assalto na Capital"}]},{"@type":"WebSite","@id":"https:\/\/www.pm.pb.gov.br\/portal\/#website","url":"https:\/\/www.pm.pb.gov.br\/portal\/","name":"Pol\u00edcia Militar da Para\u00edba","description":"","publisher":{"@id":"https:\/\/www.pm.pb.gov.br\/portal\/#organization"},"potentialAction":[{"@type":"SearchAction","target":{"@type":"EntryPoint","urlTemplate":"https:\/\/www.pm.pb.gov.br\/portal\/?s={search_term_string}"},"query-input":"required name=search_term_string"}],"inLanguage":"pt-BR"},{"@type":"Organization","@id":"https:\/\/www.pm.pb.gov.br\/portal\/#organization","name":"Pol\u00edcia Militar da Para\u00edba","url":"https:\/\/www.pm.pb.gov.br\/portal\/","logo":{"@type":"ImageObject","inLanguage":"pt-BR","@id":"https:\/\/www.pm.pb.gov.br\/portal\/#\/schema\/logo\/image\/","url":"https:\/\/www.pm.pb.gov.br\/portal\/wp-content\/uploads\/2025\/03\/cropped-logo-site-mag2-1.png","contentUrl":"https:\/\/www.pm.pb.gov.br\/portal\/wp-content\/uploads\/2025\/03\/cropped-logo-site-mag2-1.png","width":320,"height":90,"caption":"Pol\u00edcia Militar da Para\u00edba"},"image":{"@id":"https:\/\/www.pm.pb.gov.br\/portal\/#\/schema\/logo\/image\/"}},{"@type":"Person","@id":"https:\/\/www.pm.pb.gov.br\/portal\/#\/schema\/person\/f84f56dcc78ce4357054da888b8247fd","name":"Tarcisio Oliveira","image":{"@type":"ImageObject","inLanguage":"pt-BR","@id":"https:\/\/www.pm.pb.gov.br\/portal\/#\/schema\/person\/image\/","url":"https:\/\/secure.gravatar.com\/avatar\/72917b630b69d31cd0297507f34bac97?s=96&d=mm&r=g","contentUrl":"https:\/\/secure.gravatar.com\/avatar\/72917b630b69d31cd0297507f34bac97?s=96&d=mm&r=g","caption":"Tarcisio Oliveira"},"url":"https:\/\/www.pm.pb.gov.br\/portal\/author\/tarcisio\/"}]}},"_links":{"self":[{"href":"https:\/\/www.pm.pb.gov.br\/portal\/wp-json\/wp\/v2\/posts\/919276"}],"collection":[{"href":"https:\/\/www.pm.pb.gov.br\/portal\/wp-json\/wp\/v2\/posts"}],"about":[{"href":"https:\/\/www.pm.pb.gov.br\/portal\/wp-json\/wp\/v2\/types\/post"}],"author":[{"embeddable":true,"href":"https:\/\/www.pm.pb.gov.br\/portal\/wp-json\/wp\/v2\/users\/12"}],"replies":[{"embeddable":true,"href":"https:\/\/www.pm.pb.gov.br\/portal\/wp-json\/wp\/v2\/comments?post=919276"}],"version-history":[{"count":1,"href":"https:\/\/www.pm.pb.gov.br\/portal\/wp-json\/wp\/v2\/posts\/919276\/revisions"}],"predecessor-version":[{"id":919278,"href":"https:\/\/www.pm.pb.gov.br\/portal\/wp-json\/wp\/v2\/posts\/919276\/revisions\/919278"}],"wp:featuredmedia":[{"embeddable":true,"href":"https:\/\/www.pm.pb.gov.br\/portal\/wp-json\/wp\/v2\/media\/917312"}],"wp:attachment":[{"href":"https:\/\/www.pm.pb.gov.br\/portal\/wp-json\/wp\/v2\/media?parent=919276"}],"wp:term":[{"taxonomy":"category","embeddable":true,"href":"https:\/\/www.pm.pb.gov.br\/portal\/wp-json\/wp\/v2\/categories?post=919276"},{"taxonomy":"post_tag","embeddable":true,"href":"https:\/\/www.pm.pb.gov.br\/portal\/wp-json\/wp\/v2\/tags?post=919276"}],"curies":[{"name":"wp","href":"https:\/\/api.w.org\/{rel}","templated":true}]}}