{"id":919260,"date":"2023-11-17T08:38:00","date_gmt":"2023-11-17T11:38:00","guid":{"rendered":"https:\/\/www.pm.pb.gov.br\/portal\/?p=919260"},"modified":"2023-11-20T17:04:49","modified_gmt":"2023-11-20T20:04:49","slug":"comandante-geral-da-pm-e-policiais-miliares-recebem-homenagem-do-geosac","status":"publish","type":"post","link":"https:\/\/www.pm.pb.gov.br\/portal\/2023\/11\/17\/comandante-geral-da-pm-e-policiais-miliares-recebem-homenagem-do-geosac\/","title":{"rendered":"Comandante-geral da PM e policiais miliares recebem homenagem do GEOsAC"},"content":{"rendered":"\n<p>O comandante-geral da Pol\u00edcia Militar, o coronel S\u00e9rgio Fonseca, foi homenageado com o s\u00edmbolo m\u00e1ximo dos guerreiros de caatinga da Para\u00edba. O coronel recebeu o Fac\u00e3o Tarairi\u00fas, honraria exclusiva que \u00e9 outorgada a policiais militares que tenham contribu\u00eddo com a formata\u00e7\u00e3o e continuidade da m\u00edstica, doutrina e o desenvolvimento do Grupamento Especializado de Opera\u00e7\u00f5es em \u00c1rea de Caatinga (GEOsAC).<\/p>\n<p>A homenagem foi entregue na noite da \u00faltima quinta-feira (16), na sede do Grupamento, em Pocinhos, ap\u00f3s o t\u00e9rmino oficial do 8\u00ba Est\u00e1gio de Patrulha Rural (EPaR), atividade realizada com os cadetes da Academia de Pol\u00edcia Militar do Cabo Branco (foto abaixo).<\/p>\n<p><img loading=\"lazy\" decoding=\"async\" class=\"size-medium wp-image-919263 aligncenter\" src=\"http:\/\/www.pm.pb.gov.br\/portal\/wp-content\/uploads\/2023\/11\/WhatsApp-Image-2023-11-20-at-13.28.35-1-593x445.jpeg\" alt=\"\" width=\"593\" height=\"445\" srcset=\"https:\/\/www.pm.pb.gov.br\/portal\/wp-content\/uploads\/2023\/11\/WhatsApp-Image-2023-11-20-at-13.28.35-1-593x445.jpeg 593w, https:\/\/www.pm.pb.gov.br\/portal\/wp-content\/uploads\/2023\/11\/WhatsApp-Image-2023-11-20-at-13.28.35-1-760x570.jpeg 760w, https:\/\/www.pm.pb.gov.br\/portal\/wp-content\/uploads\/2023\/11\/WhatsApp-Image-2023-11-20-at-13.28.35-1-768x576.jpeg 768w, https:\/\/www.pm.pb.gov.br\/portal\/wp-content\/uploads\/2023\/11\/WhatsApp-Image-2023-11-20-at-13.28.35-1-1536x1152.jpeg 1536w, https:\/\/www.pm.pb.gov.br\/portal\/wp-content\/uploads\/2023\/11\/WhatsApp-Image-2023-11-20-at-13.28.35-1.jpeg 1600w\" sizes=\"(max-width: 593px) 100vw, 593px\" \/><\/p>\n<p>O Fac\u00e3o Tarairi\u00fas tamb\u00e9m foi entregue solenemente ao coordenador de Intelig\u00eancia da PM, coronel Tib\u00e9rio Leite, e mais 15 policiais que conclu\u00edram o Curso de Opera\u00e7\u00f5es e Sobreviv\u00eancia em \u00c1rea de Caatinga (Cosac). De acordo com o comando do Grupamento, a entrega da honraria refor\u00e7a e mant\u00e9m as tradi\u00e7\u00f5es e a m\u00edstica da unidade, respons\u00e1vel pelo combate a grupos criminosos e pela doutrina de patrulha rural.<\/p>\n<p><img loading=\"lazy\" decoding=\"async\" class=\" wp-image-919262 aligncenter\" src=\"http:\/\/www.pm.pb.gov.br\/portal\/wp-content\/uploads\/2023\/11\/DSC01257-666x445.jpg\" alt=\"\" width=\"647\" height=\"432\" srcset=\"https:\/\/www.pm.pb.gov.br\/portal\/wp-content\/uploads\/2023\/11\/DSC01257-666x445.jpg 666w, https:\/\/www.pm.pb.gov.br\/portal\/wp-content\/uploads\/2023\/11\/DSC01257-853x570.jpg 853w, https:\/\/www.pm.pb.gov.br\/portal\/wp-content\/uploads\/2023\/11\/DSC01257-768x513.jpg 768w, https:\/\/www.pm.pb.gov.br\/portal\/wp-content\/uploads\/2023\/11\/DSC01257-1536x1027.jpg 1536w, https:\/\/www.pm.pb.gov.br\/portal\/wp-content\/uploads\/2023\/11\/DSC01257-272x182.jpg 272w, https:\/\/www.pm.pb.gov.br\/portal\/wp-content\/uploads\/2023\/11\/DSC01257.jpg 1616w\" sizes=\"(max-width: 647px) 100vw, 647px\" \/><\/p>\n<p><em>Atualizado \u00e0s 17h17.<\/em><\/p>\n\n\n","protected":false},"excerpt":{"rendered":"<p>O comandante-geral da Pol\u00edcia Militar, o coronel S\u00e9rgio Fonseca, foi homenageado com o s\u00edmbolo m\u00e1ximo dos guerreiros de caatinga da<\/p>\n","protected":false},"author":12,"featured_media":919261,"comment_status":"closed","ping_status":"closed","sticky":false,"template":"","format":"standard","meta":{"_exactmetrics_skip_tracking":false,"_exactmetrics_sitenote_active":false,"_exactmetrics_sitenote_note":"","_exactmetrics_sitenote_category":0,"footnotes":""},"categories":[5],"tags":[],"yoast_head":"<!-- This site is optimized with the Yoast SEO plugin v22.0 - https:\/\/yoast.com\/wordpress\/plugins\/seo\/ -->\n<title>Comandante-geral da PM e policiais miliares recebem homenagem do GEOsAC - Pol\u00edcia Militar da Para\u00edba<\/title>\n<meta name=\"robots\" content=\"index, follow, max-snippet:-1, max-image-preview:large, max-video-preview:-1\" \/>\n<link rel=\"canonical\" href=\"https:\/\/www.pm.pb.gov.br\/portal\/2023\/11\/17\/comandante-geral-da-pm-e-policiais-miliares-recebem-homenagem-do-geosac\/\" \/>\n<meta property=\"og:locale\" content=\"pt_BR\" \/>\n<meta property=\"og:type\" content=\"article\" \/>\n<meta property=\"og:title\" content=\"Comandante-geral da PM e policiais miliares recebem homenagem do GEOsAC - Pol\u00edcia Militar da Para\u00edba\" \/>\n<meta property=\"og:description\" content=\"O comandante-geral da Pol\u00edcia Militar, o coronel S\u00e9rgio Fonseca, foi homenageado com o s\u00edmbolo m\u00e1ximo dos guerreiros de caatinga da\" \/>\n<meta property=\"og:url\" content=\"https:\/\/www.pm.pb.gov.br\/portal\/2023\/11\/17\/comandante-geral-da-pm-e-policiais-miliares-recebem-homenagem-do-geosac\/\" \/>\n<meta property=\"og:site_name\" content=\"Pol\u00edcia Militar da Para\u00edba\" \/>\n<meta property=\"article:published_time\" content=\"2023-11-17T11:38:00+00:00\" \/>\n<meta property=\"article:modified_time\" content=\"2023-11-20T20:04:49+00:00\" \/>\n<meta property=\"og:image\" content=\"http:\/\/www.pm.pb.gov.br\/portal\/wp-content\/uploads\/2023\/11\/WhatsApp-Image-2023-11-20-at-13.28.35.jpeg\" \/>\n\t<meta property=\"og:image:width\" content=\"800\" \/>\n\t<meta property=\"og:image:height\" content=\"445\" \/>\n\t<meta property=\"og:image:type\" content=\"image\/jpeg\" \/>\n<meta name=\"author\" content=\"Tarcisio Oliveira\" \/>\n<meta name=\"twitter:card\" content=\"summary_large_image\" \/>\n<meta name=\"twitter:label1\" content=\"Escrito por\" \/>\n\t<meta name=\"twitter:data1\" content=\"Tarcisio Oliveira\" \/>\n\t<meta name=\"twitter:label2\" content=\"Est. tempo de leitura\" \/>\n\t<meta name=\"twitter:data2\" content=\"2 minutos\" \/>\n<script type=\"application\/ld+json\" class=\"yoast-schema-graph\">{\"@context\":\"https:\/\/schema.org\",\"@graph\":[{\"@type\":\"Article\",\"@id\":\"https:\/\/www.pm.pb.gov.br\/portal\/2023\/11\/17\/comandante-geral-da-pm-e-policiais-miliares-recebem-homenagem-do-geosac\/#article\",\"isPartOf\":{\"@id\":\"https:\/\/www.pm.pb.gov.br\/portal\/2023\/11\/17\/comandante-geral-da-pm-e-policiais-miliares-recebem-homenagem-do-geosac\/\"},\"author\":{\"name\":\"Tarcisio Oliveira\",\"@id\":\"https:\/\/www.pm.pb.gov.br\/portal\/#\/schema\/person\/f84f56dcc78ce4357054da888b8247fd\"},\"headline\":\"Comandante-geral da PM e policiais miliares recebem homenagem do GEOsAC\",\"datePublished\":\"2023-11-17T11:38:00+00:00\",\"dateModified\":\"2023-11-20T20:04:49+00:00\",\"mainEntityOfPage\":{\"@id\":\"https:\/\/www.pm.pb.gov.br\/portal\/2023\/11\/17\/comandante-geral-da-pm-e-policiais-miliares-recebem-homenagem-do-geosac\/\"},\"wordCount\":204,\"publisher\":{\"@id\":\"https:\/\/www.pm.pb.gov.br\/portal\/#organization\"},\"articleSection\":[\"Homenagens\"],\"inLanguage\":\"pt-BR\"},{\"@type\":\"WebPage\",\"@id\":\"https:\/\/www.pm.pb.gov.br\/portal\/2023\/11\/17\/comandante-geral-da-pm-e-policiais-miliares-recebem-homenagem-do-geosac\/\",\"url\":\"https:\/\/www.pm.pb.gov.br\/portal\/2023\/11\/17\/comandante-geral-da-pm-e-policiais-miliares-recebem-homenagem-do-geosac\/\",\"name\":\"Comandante-geral da PM e policiais miliares recebem homenagem do GEOsAC - Pol\u00edcia Militar da Para\u00edba\",\"isPartOf\":{\"@id\":\"https:\/\/www.pm.pb.gov.br\/portal\/#website\"},\"datePublished\":\"2023-11-17T11:38:00+00:00\",\"dateModified\":\"2023-11-20T20:04:49+00:00\",\"breadcrumb\":{\"@id\":\"https:\/\/www.pm.pb.gov.br\/portal\/2023\/11\/17\/comandante-geral-da-pm-e-policiais-miliares-recebem-homenagem-do-geosac\/#breadcrumb\"},\"inLanguage\":\"pt-BR\",\"potentialAction\":[{\"@type\":\"ReadAction\",\"target\":[\"https:\/\/www.pm.pb.gov.br\/portal\/2023\/11\/17\/comandante-geral-da-pm-e-policiais-miliares-recebem-homenagem-do-geosac\/\"]}]},{\"@type\":\"BreadcrumbList\",\"@id\":\"https:\/\/www.pm.pb.gov.br\/portal\/2023\/11\/17\/comandante-geral-da-pm-e-policiais-miliares-recebem-homenagem-do-geosac\/#breadcrumb\",\"itemListElement\":[{\"@type\":\"ListItem\",\"position\":1,\"name\":\"In\u00edcio\",\"item\":\"https:\/\/www.pm.pb.gov.br\/portal\/\"},{\"@type\":\"ListItem\",\"position\":2,\"name\":\"Comandante-geral da PM e policiais miliares recebem homenagem do GEOsAC\"}]},{\"@type\":\"WebSite\",\"@id\":\"https:\/\/www.pm.pb.gov.br\/portal\/#website\",\"url\":\"https:\/\/www.pm.pb.gov.br\/portal\/\",\"name\":\"Pol\u00edcia Militar da Para\u00edba\",\"description\":\"\",\"publisher\":{\"@id\":\"https:\/\/www.pm.pb.gov.br\/portal\/#organization\"},\"potentialAction\":[{\"@type\":\"SearchAction\",\"target\":{\"@type\":\"EntryPoint\",\"urlTemplate\":\"https:\/\/www.pm.pb.gov.br\/portal\/?s={search_term_string}\"},\"query-input\":\"required name=search_term_string\"}],\"inLanguage\":\"pt-BR\"},{\"@type\":\"Organization\",\"@id\":\"https:\/\/www.pm.pb.gov.br\/portal\/#organization\",\"name\":\"Pol\u00edcia Militar da Para\u00edba\",\"url\":\"https:\/\/www.pm.pb.gov.br\/portal\/\",\"logo\":{\"@type\":\"ImageObject\",\"inLanguage\":\"pt-BR\",\"@id\":\"https:\/\/www.pm.pb.gov.br\/portal\/#\/schema\/logo\/image\/\",\"url\":\"https:\/\/www.pm.pb.gov.br\/portal\/wp-content\/uploads\/2025\/03\/cropped-logo-site-mag2-1.png\",\"contentUrl\":\"https:\/\/www.pm.pb.gov.br\/portal\/wp-content\/uploads\/2025\/03\/cropped-logo-site-mag2-1.png\",\"width\":320,\"height\":90,\"caption\":\"Pol\u00edcia Militar da Para\u00edba\"},\"image\":{\"@id\":\"https:\/\/www.pm.pb.gov.br\/portal\/#\/schema\/logo\/image\/\"}},{\"@type\":\"Person\",\"@id\":\"https:\/\/www.pm.pb.gov.br\/portal\/#\/schema\/person\/f84f56dcc78ce4357054da888b8247fd\",\"name\":\"Tarcisio Oliveira\",\"image\":{\"@type\":\"ImageObject\",\"inLanguage\":\"pt-BR\",\"@id\":\"https:\/\/www.pm.pb.gov.br\/portal\/#\/schema\/person\/image\/\",\"url\":\"https:\/\/secure.gravatar.com\/avatar\/72917b630b69d31cd0297507f34bac97?s=96&d=mm&r=g\",\"contentUrl\":\"https:\/\/secure.gravatar.com\/avatar\/72917b630b69d31cd0297507f34bac97?s=96&d=mm&r=g\",\"caption\":\"Tarcisio Oliveira\"},\"url\":\"https:\/\/www.pm.pb.gov.br\/portal\/author\/tarcisio\/\"}]}<\/script>\n<!-- \/ Yoast SEO plugin. -->","yoast_head_json":{"title":"Comandante-geral da PM e policiais miliares recebem homenagem do GEOsAC - Pol\u00edcia Militar da Para\u00edba","robots":{"index":"index","follow":"follow","max-snippet":"max-snippet:-1","max-image-preview":"max-image-preview:large","max-video-preview":"max-video-preview:-1"},"canonical":"https:\/\/www.pm.pb.gov.br\/portal\/2023\/11\/17\/comandante-geral-da-pm-e-policiais-miliares-recebem-homenagem-do-geosac\/","og_locale":"pt_BR","og_type":"article","og_title":"Comandante-geral da PM e policiais miliares recebem homenagem do GEOsAC - Pol\u00edcia Militar da Para\u00edba","og_description":"O comandante-geral da Pol\u00edcia Militar, o coronel S\u00e9rgio Fonseca, foi homenageado com o s\u00edmbolo m\u00e1ximo dos guerreiros de caatinga da","og_url":"https:\/\/www.pm.pb.gov.br\/portal\/2023\/11\/17\/comandante-geral-da-pm-e-policiais-miliares-recebem-homenagem-do-geosac\/","og_site_name":"Pol\u00edcia Militar da Para\u00edba","article_published_time":"2023-11-17T11:38:00+00:00","article_modified_time":"2023-11-20T20:04:49+00:00","og_image":[{"width":800,"height":445,"url":"http:\/\/www.pm.pb.gov.br\/portal\/wp-content\/uploads\/2023\/11\/WhatsApp-Image-2023-11-20-at-13.28.35.jpeg","type":"image\/jpeg"}],"author":"Tarcisio Oliveira","twitter_card":"summary_large_image","twitter_misc":{"Escrito por":"Tarcisio Oliveira","Est. tempo de leitura":"2 minutos"},"schema":{"@context":"https:\/\/schema.org","@graph":[{"@type":"Article","@id":"https:\/\/www.pm.pb.gov.br\/portal\/2023\/11\/17\/comandante-geral-da-pm-e-policiais-miliares-recebem-homenagem-do-geosac\/#article","isPartOf":{"@id":"https:\/\/www.pm.pb.gov.br\/portal\/2023\/11\/17\/comandante-geral-da-pm-e-policiais-miliares-recebem-homenagem-do-geosac\/"},"author":{"name":"Tarcisio Oliveira","@id":"https:\/\/www.pm.pb.gov.br\/portal\/#\/schema\/person\/f84f56dcc78ce4357054da888b8247fd"},"headline":"Comandante-geral da PM e policiais miliares recebem homenagem do GEOsAC","datePublished":"2023-11-17T11:38:00+00:00","dateModified":"2023-11-20T20:04:49+00:00","mainEntityOfPage":{"@id":"https:\/\/www.pm.pb.gov.br\/portal\/2023\/11\/17\/comandante-geral-da-pm-e-policiais-miliares-recebem-homenagem-do-geosac\/"},"wordCount":204,"publisher":{"@id":"https:\/\/www.pm.pb.gov.br\/portal\/#organization"},"articleSection":["Homenagens"],"inLanguage":"pt-BR"},{"@type":"WebPage","@id":"https:\/\/www.pm.pb.gov.br\/portal\/2023\/11\/17\/comandante-geral-da-pm-e-policiais-miliares-recebem-homenagem-do-geosac\/","url":"https:\/\/www.pm.pb.gov.br\/portal\/2023\/11\/17\/comandante-geral-da-pm-e-policiais-miliares-recebem-homenagem-do-geosac\/","name":"Comandante-geral da PM e policiais miliares recebem homenagem do GEOsAC - Pol\u00edcia Militar da Para\u00edba","isPartOf":{"@id":"https:\/\/www.pm.pb.gov.br\/portal\/#website"},"datePublished":"2023-11-17T11:38:00+00:00","dateModified":"2023-11-20T20:04:49+00:00","breadcrumb":{"@id":"https:\/\/www.pm.pb.gov.br\/portal\/2023\/11\/17\/comandante-geral-da-pm-e-policiais-miliares-recebem-homenagem-do-geosac\/#breadcrumb"},"inLanguage":"pt-BR","potentialAction":[{"@type":"ReadAction","target":["https:\/\/www.pm.pb.gov.br\/portal\/2023\/11\/17\/comandante-geral-da-pm-e-policiais-miliares-recebem-homenagem-do-geosac\/"]}]},{"@type":"BreadcrumbList","@id":"https:\/\/www.pm.pb.gov.br\/portal\/2023\/11\/17\/comandante-geral-da-pm-e-policiais-miliares-recebem-homenagem-do-geosac\/#breadcrumb","itemListElement":[{"@type":"ListItem","position":1,"name":"In\u00edcio","item":"https:\/\/www.pm.pb.gov.br\/portal\/"},{"@type":"ListItem","position":2,"name":"Comandante-geral da PM e policiais miliares recebem homenagem do GEOsAC"}]},{"@type":"WebSite","@id":"https:\/\/www.pm.pb.gov.br\/portal\/#website","url":"https:\/\/www.pm.pb.gov.br\/portal\/","name":"Pol\u00edcia Militar da Para\u00edba","description":"","publisher":{"@id":"https:\/\/www.pm.pb.gov.br\/portal\/#organization"},"potentialAction":[{"@type":"SearchAction","target":{"@type":"EntryPoint","urlTemplate":"https:\/\/www.pm.pb.gov.br\/portal\/?s={search_term_string}"},"query-input":"required name=search_term_string"}],"inLanguage":"pt-BR"},{"@type":"Organization","@id":"https:\/\/www.pm.pb.gov.br\/portal\/#organization","name":"Pol\u00edcia Militar da Para\u00edba","url":"https:\/\/www.pm.pb.gov.br\/portal\/","logo":{"@type":"ImageObject","inLanguage":"pt-BR","@id":"https:\/\/www.pm.pb.gov.br\/portal\/#\/schema\/logo\/image\/","url":"https:\/\/www.pm.pb.gov.br\/portal\/wp-content\/uploads\/2025\/03\/cropped-logo-site-mag2-1.png","contentUrl":"https:\/\/www.pm.pb.gov.br\/portal\/wp-content\/uploads\/2025\/03\/cropped-logo-site-mag2-1.png","width":320,"height":90,"caption":"Pol\u00edcia Militar da Para\u00edba"},"image":{"@id":"https:\/\/www.pm.pb.gov.br\/portal\/#\/schema\/logo\/image\/"}},{"@type":"Person","@id":"https:\/\/www.pm.pb.gov.br\/portal\/#\/schema\/person\/f84f56dcc78ce4357054da888b8247fd","name":"Tarcisio Oliveira","image":{"@type":"ImageObject","inLanguage":"pt-BR","@id":"https:\/\/www.pm.pb.gov.br\/portal\/#\/schema\/person\/image\/","url":"https:\/\/secure.gravatar.com\/avatar\/72917b630b69d31cd0297507f34bac97?s=96&d=mm&r=g","contentUrl":"https:\/\/secure.gravatar.com\/avatar\/72917b630b69d31cd0297507f34bac97?s=96&d=mm&r=g","caption":"Tarcisio Oliveira"},"url":"https:\/\/www.pm.pb.gov.br\/portal\/author\/tarcisio\/"}]}},"_links":{"self":[{"href":"https:\/\/www.pm.pb.gov.br\/portal\/wp-json\/wp\/v2\/posts\/919260"}],"collection":[{"href":"https:\/\/www.pm.pb.gov.br\/portal\/wp-json\/wp\/v2\/posts"}],"about":[{"href":"https:\/\/www.pm.pb.gov.br\/portal\/wp-json\/wp\/v2\/types\/post"}],"author":[{"embeddable":true,"href":"https:\/\/www.pm.pb.gov.br\/portal\/wp-json\/wp\/v2\/users\/12"}],"replies":[{"embeddable":true,"href":"https:\/\/www.pm.pb.gov.br\/portal\/wp-json\/wp\/v2\/comments?post=919260"}],"version-history":[{"count":2,"href":"https:\/\/www.pm.pb.gov.br\/portal\/wp-json\/wp\/v2\/posts\/919260\/revisions"}],"predecessor-version":[{"id":919265,"href":"https:\/\/www.pm.pb.gov.br\/portal\/wp-json\/wp\/v2\/posts\/919260\/revisions\/919265"}],"wp:featuredmedia":[{"embeddable":true,"href":"https:\/\/www.pm.pb.gov.br\/portal\/wp-json\/wp\/v2\/media\/919261"}],"wp:attachment":[{"href":"https:\/\/www.pm.pb.gov.br\/portal\/wp-json\/wp\/v2\/media?parent=919260"}],"wp:term":[{"taxonomy":"category","embeddable":true,"href":"https:\/\/www.pm.pb.gov.br\/portal\/wp-json\/wp\/v2\/categories?post=919260"},{"taxonomy":"post_tag","embeddable":true,"href":"https:\/\/www.pm.pb.gov.br\/portal\/wp-json\/wp\/v2\/tags?post=919260"}],"curies":[{"name":"wp","href":"https:\/\/api.w.org\/{rel}","templated":true}]}}