{"id":919178,"date":"2023-11-17T16:46:38","date_gmt":"2023-11-17T19:46:38","guid":{"rendered":"https:\/\/www.pm.pb.gov.br\/portal\/?p=919178"},"modified":"2023-11-17T16:46:40","modified_gmt":"2023-11-17T19:46:40","slug":"policia-militar-realiza-solenidade-alusiva-ao-dia-da-bandeira","status":"publish","type":"post","link":"https:\/\/www.pm.pb.gov.br\/portal\/2023\/11\/17\/policia-militar-realiza-solenidade-alusiva-ao-dia-da-bandeira\/","title":{"rendered":"Pol\u00edcia Militar realiza solenidade alusiva ao Dia da Bandeira"},"content":{"rendered":"\n<p>S\u00edmbolos, tradi\u00e7\u00f5es e P\u00e1tria! A Pol\u00edcia Militar da Para\u00edba realizou, nesta sexta-feira (17), a solenidade alusiva ao Dia da Bandeira, ocasi\u00e3o que aconteceu no Centro de Educa\u00e7\u00e3o da institui\u00e7\u00e3o, reunindo oficiais, pra\u00e7as e alunos da unidade de forma\u00e7\u00e3o.<\/p>\n<p><img loading=\"lazy\" decoding=\"async\" class=\" wp-image-919182 aligncenter\" src=\"http:\/\/www.pm.pb.gov.br\/portal\/wp-content\/uploads\/2023\/11\/WhatsApp-Image-2023-11-17-at-12.33.31-665x445.jpeg\" alt=\"\" width=\"587\" height=\"393\" srcset=\"https:\/\/www.pm.pb.gov.br\/portal\/wp-content\/uploads\/2023\/11\/WhatsApp-Image-2023-11-17-at-12.33.31-665x445.jpeg 665w, https:\/\/www.pm.pb.gov.br\/portal\/wp-content\/uploads\/2023\/11\/WhatsApp-Image-2023-11-17-at-12.33.31-852x570.jpeg 852w, https:\/\/www.pm.pb.gov.br\/portal\/wp-content\/uploads\/2023\/11\/WhatsApp-Image-2023-11-17-at-12.33.31-768x514.jpeg 768w, https:\/\/www.pm.pb.gov.br\/portal\/wp-content\/uploads\/2023\/11\/WhatsApp-Image-2023-11-17-at-12.33.31-272x182.jpeg 272w, https:\/\/www.pm.pb.gov.br\/portal\/wp-content\/uploads\/2023\/11\/WhatsApp-Image-2023-11-17-at-12.33.31.jpeg 1280w\" sizes=\"(max-width: 587px) 100vw, 587px\" \/><\/p>\n<p>A Bandeira \u00e9 um dos S\u00edmbolos Nacionais e, conforme prev\u00ea a Lei Federal n\u00b0 5.700\/71, para celebrar o dia dela, a corpora\u00e7\u00e3o realizou a tradicional solenidade com hasteamento \u00e0s 12h, al\u00e9m da incinera\u00e7\u00e3o das bandeiras inserv\u00edveis (foto abaixo). O ato foi acompanhado por comandantes e por tropas da regi\u00e3o metropolitana de Jo\u00e3o Pessoa.<\/p>\n<p><img loading=\"lazy\" decoding=\"async\" class=\" wp-image-919181 aligncenter\" src=\"http:\/\/www.pm.pb.gov.br\/portal\/wp-content\/uploads\/2023\/11\/WhatsApp-Image-2023-11-17-at-12.34.05-665x445.jpeg\" alt=\"\" width=\"581\" height=\"389\" srcset=\"https:\/\/www.pm.pb.gov.br\/portal\/wp-content\/uploads\/2023\/11\/WhatsApp-Image-2023-11-17-at-12.34.05-665x445.jpeg 665w, https:\/\/www.pm.pb.gov.br\/portal\/wp-content\/uploads\/2023\/11\/WhatsApp-Image-2023-11-17-at-12.34.05-852x570.jpeg 852w, https:\/\/www.pm.pb.gov.br\/portal\/wp-content\/uploads\/2023\/11\/WhatsApp-Image-2023-11-17-at-12.34.05-768x514.jpeg 768w, https:\/\/www.pm.pb.gov.br\/portal\/wp-content\/uploads\/2023\/11\/WhatsApp-Image-2023-11-17-at-12.34.05-1536x1027.jpeg 1536w, https:\/\/www.pm.pb.gov.br\/portal\/wp-content\/uploads\/2023\/11\/WhatsApp-Image-2023-11-17-at-12.34.05-272x182.jpeg 272w, https:\/\/www.pm.pb.gov.br\/portal\/wp-content\/uploads\/2023\/11\/WhatsApp-Image-2023-11-17-at-12.34.05.jpeg 1600w\" sizes=\"(max-width: 581px) 100vw, 581px\" \/><\/p>\n<p>O comandante-geral da PM, o coronel S\u00e9rgio Fonseca, esteve representado pelo Comandante de Policiamento Regional Metropolitano (CPRM), coronel Pablo Nascimento (na foto abaixo, hasteando a Bandeira).\u00a0 O hasteamento tamb\u00e9m foi acompanhado pelo diretor do Centro de Educa\u00e7\u00e3o, o tenente-coronel Ferreira.<\/p>\n<p><img loading=\"lazy\" decoding=\"async\" class=\" wp-image-919180 aligncenter\" src=\"http:\/\/www.pm.pb.gov.br\/portal\/wp-content\/uploads\/2023\/11\/WhatsApp-Image-2023-11-17-at-12.33.36-1-665x445.jpeg\" alt=\"\" width=\"572\" height=\"383\" srcset=\"https:\/\/www.pm.pb.gov.br\/portal\/wp-content\/uploads\/2023\/11\/WhatsApp-Image-2023-11-17-at-12.33.36-1-665x445.jpeg 665w, https:\/\/www.pm.pb.gov.br\/portal\/wp-content\/uploads\/2023\/11\/WhatsApp-Image-2023-11-17-at-12.33.36-1-852x570.jpeg 852w, https:\/\/www.pm.pb.gov.br\/portal\/wp-content\/uploads\/2023\/11\/WhatsApp-Image-2023-11-17-at-12.33.36-1-768x514.jpeg 768w, https:\/\/www.pm.pb.gov.br\/portal\/wp-content\/uploads\/2023\/11\/WhatsApp-Image-2023-11-17-at-12.33.36-1-272x182.jpeg 272w, https:\/\/www.pm.pb.gov.br\/portal\/wp-content\/uploads\/2023\/11\/WhatsApp-Image-2023-11-17-at-12.33.36-1.jpeg 1280w\" sizes=\"(max-width: 572px) 100vw, 572px\" \/><\/p>\n\n\n","protected":false},"excerpt":{"rendered":"<p>S\u00edmbolos, tradi\u00e7\u00f5es e P\u00e1tria! A Pol\u00edcia Militar da Para\u00edba realizou, nesta sexta-feira (17), a solenidade alusiva ao Dia da Bandeira,<\/p>\n","protected":false},"author":12,"featured_media":919179,"comment_status":"closed","ping_status":"closed","sticky":false,"template":"","format":"standard","meta":{"_exactmetrics_skip_tracking":false,"_exactmetrics_sitenote_active":false,"_exactmetrics_sitenote_note":"","_exactmetrics_sitenote_category":0,"footnotes":""},"categories":[9],"tags":[],"yoast_head":"<!-- This site is optimized with the Yoast SEO plugin v22.0 - https:\/\/yoast.com\/wordpress\/plugins\/seo\/ -->\n<title>Pol\u00edcia Militar realiza solenidade alusiva ao Dia da Bandeira - Pol\u00edcia Militar da Para\u00edba<\/title>\n<meta name=\"description\" content=\"Ocasi\u00e3o aconteceu no Centro de Educa\u00e7\u00e3o, reunindo oficiais, pra\u00e7as e alunos da unidade de forma\u00e7\u00e3o.\" \/>\n<meta name=\"robots\" content=\"index, follow, max-snippet:-1, max-image-preview:large, max-video-preview:-1\" \/>\n<link rel=\"canonical\" href=\"https:\/\/www.pm.pb.gov.br\/portal\/2023\/11\/17\/policia-militar-realiza-solenidade-alusiva-ao-dia-da-bandeira\/\" \/>\n<meta property=\"og:locale\" content=\"pt_BR\" \/>\n<meta property=\"og:type\" content=\"article\" \/>\n<meta property=\"og:title\" content=\"Pol\u00edcia Militar realiza solenidade alusiva ao Dia da Bandeira - Pol\u00edcia Militar da Para\u00edba\" \/>\n<meta property=\"og:description\" content=\"Ocasi\u00e3o aconteceu no Centro de Educa\u00e7\u00e3o, reunindo oficiais, pra\u00e7as e alunos da unidade de forma\u00e7\u00e3o.\" \/>\n<meta property=\"og:url\" content=\"https:\/\/www.pm.pb.gov.br\/portal\/2023\/11\/17\/policia-militar-realiza-solenidade-alusiva-ao-dia-da-bandeira\/\" \/>\n<meta property=\"og:site_name\" content=\"Pol\u00edcia Militar da Para\u00edba\" \/>\n<meta property=\"article:published_time\" content=\"2023-11-17T19:46:38+00:00\" \/>\n<meta property=\"article:modified_time\" content=\"2023-11-17T19:46:40+00:00\" \/>\n<meta property=\"og:image\" content=\"http:\/\/www.pm.pb.gov.br\/portal\/wp-content\/uploads\/2023\/11\/WhatsApp-Image-2023-11-17-at-12.33.36.jpeg\" \/>\n\t<meta property=\"og:image:width\" content=\"800\" \/>\n\t<meta property=\"og:image:height\" content=\"445\" \/>\n\t<meta property=\"og:image:type\" content=\"image\/jpeg\" \/>\n<meta name=\"author\" content=\"Tarcisio Oliveira\" \/>\n<meta name=\"twitter:card\" content=\"summary_large_image\" \/>\n<meta name=\"twitter:label1\" content=\"Escrito por\" \/>\n\t<meta name=\"twitter:data1\" content=\"Tarcisio Oliveira\" \/>\n\t<meta name=\"twitter:label2\" content=\"Est. tempo de leitura\" \/>\n\t<meta name=\"twitter:data2\" content=\"2 minutos\" \/>\n<script type=\"application\/ld+json\" class=\"yoast-schema-graph\">{\"@context\":\"https:\/\/schema.org\",\"@graph\":[{\"@type\":\"Article\",\"@id\":\"https:\/\/www.pm.pb.gov.br\/portal\/2023\/11\/17\/policia-militar-realiza-solenidade-alusiva-ao-dia-da-bandeira\/#article\",\"isPartOf\":{\"@id\":\"https:\/\/www.pm.pb.gov.br\/portal\/2023\/11\/17\/policia-militar-realiza-solenidade-alusiva-ao-dia-da-bandeira\/\"},\"author\":{\"name\":\"Tarcisio Oliveira\",\"@id\":\"https:\/\/www.pm.pb.gov.br\/portal\/#\/schema\/person\/f84f56dcc78ce4357054da888b8247fd\"},\"headline\":\"Pol\u00edcia Militar realiza solenidade alusiva ao Dia da Bandeira\",\"datePublished\":\"2023-11-17T19:46:38+00:00\",\"dateModified\":\"2023-11-17T19:46:40+00:00\",\"mainEntityOfPage\":{\"@id\":\"https:\/\/www.pm.pb.gov.br\/portal\/2023\/11\/17\/policia-militar-realiza-solenidade-alusiva-ao-dia-da-bandeira\/\"},\"wordCount\":158,\"publisher\":{\"@id\":\"https:\/\/www.pm.pb.gov.br\/portal\/#organization\"},\"articleSection\":[\"Eventos\"],\"inLanguage\":\"pt-BR\"},{\"@type\":\"WebPage\",\"@id\":\"https:\/\/www.pm.pb.gov.br\/portal\/2023\/11\/17\/policia-militar-realiza-solenidade-alusiva-ao-dia-da-bandeira\/\",\"url\":\"https:\/\/www.pm.pb.gov.br\/portal\/2023\/11\/17\/policia-militar-realiza-solenidade-alusiva-ao-dia-da-bandeira\/\",\"name\":\"Pol\u00edcia Militar realiza solenidade alusiva ao Dia da Bandeira - Pol\u00edcia Militar da Para\u00edba\",\"isPartOf\":{\"@id\":\"https:\/\/www.pm.pb.gov.br\/portal\/#website\"},\"datePublished\":\"2023-11-17T19:46:38+00:00\",\"dateModified\":\"2023-11-17T19:46:40+00:00\",\"description\":\"Ocasi\u00e3o aconteceu no Centro de Educa\u00e7\u00e3o, reunindo oficiais, pra\u00e7as e alunos da unidade de forma\u00e7\u00e3o.\",\"breadcrumb\":{\"@id\":\"https:\/\/www.pm.pb.gov.br\/portal\/2023\/11\/17\/policia-militar-realiza-solenidade-alusiva-ao-dia-da-bandeira\/#breadcrumb\"},\"inLanguage\":\"pt-BR\",\"potentialAction\":[{\"@type\":\"ReadAction\",\"target\":[\"https:\/\/www.pm.pb.gov.br\/portal\/2023\/11\/17\/policia-militar-realiza-solenidade-alusiva-ao-dia-da-bandeira\/\"]}]},{\"@type\":\"BreadcrumbList\",\"@id\":\"https:\/\/www.pm.pb.gov.br\/portal\/2023\/11\/17\/policia-militar-realiza-solenidade-alusiva-ao-dia-da-bandeira\/#breadcrumb\",\"itemListElement\":[{\"@type\":\"ListItem\",\"position\":1,\"name\":\"In\u00edcio\",\"item\":\"https:\/\/www.pm.pb.gov.br\/portal\/\"},{\"@type\":\"ListItem\",\"position\":2,\"name\":\"Pol\u00edcia Militar realiza solenidade alusiva ao Dia da Bandeira\"}]},{\"@type\":\"WebSite\",\"@id\":\"https:\/\/www.pm.pb.gov.br\/portal\/#website\",\"url\":\"https:\/\/www.pm.pb.gov.br\/portal\/\",\"name\":\"Pol\u00edcia Militar da Para\u00edba\",\"description\":\"\",\"publisher\":{\"@id\":\"https:\/\/www.pm.pb.gov.br\/portal\/#organization\"},\"potentialAction\":[{\"@type\":\"SearchAction\",\"target\":{\"@type\":\"EntryPoint\",\"urlTemplate\":\"https:\/\/www.pm.pb.gov.br\/portal\/?s={search_term_string}\"},\"query-input\":\"required name=search_term_string\"}],\"inLanguage\":\"pt-BR\"},{\"@type\":\"Organization\",\"@id\":\"https:\/\/www.pm.pb.gov.br\/portal\/#organization\",\"name\":\"Pol\u00edcia Militar da Para\u00edba\",\"url\":\"https:\/\/www.pm.pb.gov.br\/portal\/\",\"logo\":{\"@type\":\"ImageObject\",\"inLanguage\":\"pt-BR\",\"@id\":\"https:\/\/www.pm.pb.gov.br\/portal\/#\/schema\/logo\/image\/\",\"url\":\"https:\/\/www.pm.pb.gov.br\/portal\/wp-content\/uploads\/2025\/03\/cropped-logo-site-mag2-1.png\",\"contentUrl\":\"https:\/\/www.pm.pb.gov.br\/portal\/wp-content\/uploads\/2025\/03\/cropped-logo-site-mag2-1.png\",\"width\":320,\"height\":90,\"caption\":\"Pol\u00edcia Militar da Para\u00edba\"},\"image\":{\"@id\":\"https:\/\/www.pm.pb.gov.br\/portal\/#\/schema\/logo\/image\/\"}},{\"@type\":\"Person\",\"@id\":\"https:\/\/www.pm.pb.gov.br\/portal\/#\/schema\/person\/f84f56dcc78ce4357054da888b8247fd\",\"name\":\"Tarcisio Oliveira\",\"image\":{\"@type\":\"ImageObject\",\"inLanguage\":\"pt-BR\",\"@id\":\"https:\/\/www.pm.pb.gov.br\/portal\/#\/schema\/person\/image\/\",\"url\":\"https:\/\/secure.gravatar.com\/avatar\/72917b630b69d31cd0297507f34bac97?s=96&d=mm&r=g\",\"contentUrl\":\"https:\/\/secure.gravatar.com\/avatar\/72917b630b69d31cd0297507f34bac97?s=96&d=mm&r=g\",\"caption\":\"Tarcisio Oliveira\"},\"url\":\"https:\/\/www.pm.pb.gov.br\/portal\/author\/tarcisio\/\"}]}<\/script>\n<!-- \/ Yoast SEO plugin. -->","yoast_head_json":{"title":"Pol\u00edcia Militar realiza solenidade alusiva ao Dia da Bandeira - Pol\u00edcia Militar da Para\u00edba","description":"Ocasi\u00e3o aconteceu no Centro de Educa\u00e7\u00e3o, reunindo oficiais, pra\u00e7as e alunos da unidade de forma\u00e7\u00e3o.","robots":{"index":"index","follow":"follow","max-snippet":"max-snippet:-1","max-image-preview":"max-image-preview:large","max-video-preview":"max-video-preview:-1"},"canonical":"https:\/\/www.pm.pb.gov.br\/portal\/2023\/11\/17\/policia-militar-realiza-solenidade-alusiva-ao-dia-da-bandeira\/","og_locale":"pt_BR","og_type":"article","og_title":"Pol\u00edcia Militar realiza solenidade alusiva ao Dia da Bandeira - Pol\u00edcia Militar da Para\u00edba","og_description":"Ocasi\u00e3o aconteceu no Centro de Educa\u00e7\u00e3o, reunindo oficiais, pra\u00e7as e alunos da unidade de forma\u00e7\u00e3o.","og_url":"https:\/\/www.pm.pb.gov.br\/portal\/2023\/11\/17\/policia-militar-realiza-solenidade-alusiva-ao-dia-da-bandeira\/","og_site_name":"Pol\u00edcia Militar da Para\u00edba","article_published_time":"2023-11-17T19:46:38+00:00","article_modified_time":"2023-11-17T19:46:40+00:00","og_image":[{"width":800,"height":445,"url":"http:\/\/www.pm.pb.gov.br\/portal\/wp-content\/uploads\/2023\/11\/WhatsApp-Image-2023-11-17-at-12.33.36.jpeg","type":"image\/jpeg"}],"author":"Tarcisio Oliveira","twitter_card":"summary_large_image","twitter_misc":{"Escrito por":"Tarcisio Oliveira","Est. tempo de leitura":"2 minutos"},"schema":{"@context":"https:\/\/schema.org","@graph":[{"@type":"Article","@id":"https:\/\/www.pm.pb.gov.br\/portal\/2023\/11\/17\/policia-militar-realiza-solenidade-alusiva-ao-dia-da-bandeira\/#article","isPartOf":{"@id":"https:\/\/www.pm.pb.gov.br\/portal\/2023\/11\/17\/policia-militar-realiza-solenidade-alusiva-ao-dia-da-bandeira\/"},"author":{"name":"Tarcisio Oliveira","@id":"https:\/\/www.pm.pb.gov.br\/portal\/#\/schema\/person\/f84f56dcc78ce4357054da888b8247fd"},"headline":"Pol\u00edcia Militar realiza solenidade alusiva ao Dia da Bandeira","datePublished":"2023-11-17T19:46:38+00:00","dateModified":"2023-11-17T19:46:40+00:00","mainEntityOfPage":{"@id":"https:\/\/www.pm.pb.gov.br\/portal\/2023\/11\/17\/policia-militar-realiza-solenidade-alusiva-ao-dia-da-bandeira\/"},"wordCount":158,"publisher":{"@id":"https:\/\/www.pm.pb.gov.br\/portal\/#organization"},"articleSection":["Eventos"],"inLanguage":"pt-BR"},{"@type":"WebPage","@id":"https:\/\/www.pm.pb.gov.br\/portal\/2023\/11\/17\/policia-militar-realiza-solenidade-alusiva-ao-dia-da-bandeira\/","url":"https:\/\/www.pm.pb.gov.br\/portal\/2023\/11\/17\/policia-militar-realiza-solenidade-alusiva-ao-dia-da-bandeira\/","name":"Pol\u00edcia Militar realiza solenidade alusiva ao Dia da Bandeira - Pol\u00edcia Militar da Para\u00edba","isPartOf":{"@id":"https:\/\/www.pm.pb.gov.br\/portal\/#website"},"datePublished":"2023-11-17T19:46:38+00:00","dateModified":"2023-11-17T19:46:40+00:00","description":"Ocasi\u00e3o aconteceu no Centro de Educa\u00e7\u00e3o, reunindo oficiais, pra\u00e7as e alunos da unidade de forma\u00e7\u00e3o.","breadcrumb":{"@id":"https:\/\/www.pm.pb.gov.br\/portal\/2023\/11\/17\/policia-militar-realiza-solenidade-alusiva-ao-dia-da-bandeira\/#breadcrumb"},"inLanguage":"pt-BR","potentialAction":[{"@type":"ReadAction","target":["https:\/\/www.pm.pb.gov.br\/portal\/2023\/11\/17\/policia-militar-realiza-solenidade-alusiva-ao-dia-da-bandeira\/"]}]},{"@type":"BreadcrumbList","@id":"https:\/\/www.pm.pb.gov.br\/portal\/2023\/11\/17\/policia-militar-realiza-solenidade-alusiva-ao-dia-da-bandeira\/#breadcrumb","itemListElement":[{"@type":"ListItem","position":1,"name":"In\u00edcio","item":"https:\/\/www.pm.pb.gov.br\/portal\/"},{"@type":"ListItem","position":2,"name":"Pol\u00edcia Militar realiza solenidade alusiva ao Dia da Bandeira"}]},{"@type":"WebSite","@id":"https:\/\/www.pm.pb.gov.br\/portal\/#website","url":"https:\/\/www.pm.pb.gov.br\/portal\/","name":"Pol\u00edcia Militar da Para\u00edba","description":"","publisher":{"@id":"https:\/\/www.pm.pb.gov.br\/portal\/#organization"},"potentialAction":[{"@type":"SearchAction","target":{"@type":"EntryPoint","urlTemplate":"https:\/\/www.pm.pb.gov.br\/portal\/?s={search_term_string}"},"query-input":"required name=search_term_string"}],"inLanguage":"pt-BR"},{"@type":"Organization","@id":"https:\/\/www.pm.pb.gov.br\/portal\/#organization","name":"Pol\u00edcia Militar da Para\u00edba","url":"https:\/\/www.pm.pb.gov.br\/portal\/","logo":{"@type":"ImageObject","inLanguage":"pt-BR","@id":"https:\/\/www.pm.pb.gov.br\/portal\/#\/schema\/logo\/image\/","url":"https:\/\/www.pm.pb.gov.br\/portal\/wp-content\/uploads\/2025\/03\/cropped-logo-site-mag2-1.png","contentUrl":"https:\/\/www.pm.pb.gov.br\/portal\/wp-content\/uploads\/2025\/03\/cropped-logo-site-mag2-1.png","width":320,"height":90,"caption":"Pol\u00edcia Militar da Para\u00edba"},"image":{"@id":"https:\/\/www.pm.pb.gov.br\/portal\/#\/schema\/logo\/image\/"}},{"@type":"Person","@id":"https:\/\/www.pm.pb.gov.br\/portal\/#\/schema\/person\/f84f56dcc78ce4357054da888b8247fd","name":"Tarcisio Oliveira","image":{"@type":"ImageObject","inLanguage":"pt-BR","@id":"https:\/\/www.pm.pb.gov.br\/portal\/#\/schema\/person\/image\/","url":"https:\/\/secure.gravatar.com\/avatar\/72917b630b69d31cd0297507f34bac97?s=96&d=mm&r=g","contentUrl":"https:\/\/secure.gravatar.com\/avatar\/72917b630b69d31cd0297507f34bac97?s=96&d=mm&r=g","caption":"Tarcisio Oliveira"},"url":"https:\/\/www.pm.pb.gov.br\/portal\/author\/tarcisio\/"}]}},"_links":{"self":[{"href":"https:\/\/www.pm.pb.gov.br\/portal\/wp-json\/wp\/v2\/posts\/919178"}],"collection":[{"href":"https:\/\/www.pm.pb.gov.br\/portal\/wp-json\/wp\/v2\/posts"}],"about":[{"href":"https:\/\/www.pm.pb.gov.br\/portal\/wp-json\/wp\/v2\/types\/post"}],"author":[{"embeddable":true,"href":"https:\/\/www.pm.pb.gov.br\/portal\/wp-json\/wp\/v2\/users\/12"}],"replies":[{"embeddable":true,"href":"https:\/\/www.pm.pb.gov.br\/portal\/wp-json\/wp\/v2\/comments?post=919178"}],"version-history":[{"count":1,"href":"https:\/\/www.pm.pb.gov.br\/portal\/wp-json\/wp\/v2\/posts\/919178\/revisions"}],"predecessor-version":[{"id":919183,"href":"https:\/\/www.pm.pb.gov.br\/portal\/wp-json\/wp\/v2\/posts\/919178\/revisions\/919183"}],"wp:featuredmedia":[{"embeddable":true,"href":"https:\/\/www.pm.pb.gov.br\/portal\/wp-json\/wp\/v2\/media\/919179"}],"wp:attachment":[{"href":"https:\/\/www.pm.pb.gov.br\/portal\/wp-json\/wp\/v2\/media?parent=919178"}],"wp:term":[{"taxonomy":"category","embeddable":true,"href":"https:\/\/www.pm.pb.gov.br\/portal\/wp-json\/wp\/v2\/categories?post=919178"},{"taxonomy":"post_tag","embeddable":true,"href":"https:\/\/www.pm.pb.gov.br\/portal\/wp-json\/wp\/v2\/tags?post=919178"}],"curies":[{"name":"wp","href":"https:\/\/api.w.org\/{rel}","templated":true}]}}